{"id":57334,"date":"2017-02-10T00:00:00","date_gmt":"2017-02-09T23:00:00","guid":{"rendered":"https:\/\/www.gossip.it\/senza-categoria\/michelle-hunziker-milano-in-incognito\/"},"modified":"2017-02-10T00:00:00","modified_gmt":"2017-02-09T23:00:00","slug":"michelle-hunziker-milano-in-incognito","status":"publish","type":"post","link":"https:\/\/www.gossip.it\/news\/michelle-hunziker-milano-in-incognito\/","title":{"rendered":"Michelle Hunziker 'in incognito' a Milano: foto"},"content":{"rendered":"<p><a href=\"\/vip\/michelle-hunziker\/\">Michelle Hunziker<\/a> <strong>in incognito<\/strong> a Milano? La bionda svizzera della tv italiana ha cercato forse di non dare troppo nell'occhio indossando un copricapo nero e un paio di grandi occhiali da sole. Ma non ci \u00e8 riuscita ed \u00e8 stata paparazzata per le vie del capoluogo meneghino in compagnia della sua guardia del corpo.<\/p>\n<figure class=\"caption\"><img decoding=\"async\" alt=\"\" src=\"http:\/\/files.gossip.it\/immagini_news\/2017\/02\/1486728101_hunziker_1.jpg\" \/><figcaption>Michelle Hunziker sorride ai fotografi che l'hanno riconosciuta<\/figcaption><\/figure>\n<p><strong>Michelle<\/strong> nelle foto indossa un cappotto grigio abbinato a pantaloni attillati e stivaletti neri. Sembra quasi <strong>in incognito <\/strong>con cappellino e occhiali scuri ma alla vista dei fotografi sorride\u00a0 come sempre. Quando esce per le strade di <strong>Milano<\/strong>\u00a0non farsi notare per lei \u00e8 praticamente impossibile.<\/p>\n<p><strong>In incognito<\/strong> o meno, la <strong>Hunziker <\/strong>sfoggia anche in questo caso un abbigliamento curato e alla moda. Un outfit invernale corredato da una borsa glamour che porta con disinvoltura. Il volto noto della tv tiene in mano il suo smartphone, rimanere collegata con il mondo per lei \u00e8 molto importante. Sul suo profilo social, per\u00f2, ha scritto un post sul telefono di una volta e quanto fosse pi\u00f9 romantico.<\/p>\n<figure class=\"caption\"><img decoding=\"async\" alt=\"\" width=\"640\" height=\"792\" src=\"http:\/\/files.gossip.it\/immagini_news\/2017\/02\/1486728161_hunziker_2.jpg\" \/><figcaption>La conduttrice sul social ha scritto un post sui telefoni di una volta<\/figcaption><\/figure>\n<p><em>\"Pronto...mi ami? Ma quanto mi ami? Ma ve lo ricordate il telefono di \"qualche\" anno fa? Dopo ogni numero dovevi aspettare il ritorno della rotella che tornasse al suo posto... se avevi la sfortuna di dover digitare un numero di telefono con tanti 9 stavi l\u00ec delle ore!!! Per non parlare di quando sbagliavi proprio alla fine del numero!!! Comunque era super romantico... ci si dava appuntamento ad una certa ora e aspettavi con quell'emozione e quell'aspettativa che squillasse... oggi se non rispondi dopo due secondi ad un WhatsApp la gente \"sbarella\" e pensano subito che ci sia qualcosa che non va... se poi vedono il doppio \"Flag\" blu e sanno che l'hai letto ma non rispondi peggio ancora! Che due maroniiiiii! Hahahahaha!\"<\/em>, ha scritto <strong>Michelle <\/strong>su <a href=\"\/vip\/instagram\/\">Instagram<\/a>.<\/p>\n<p><em>\u00a0\"Io sono per il progresso e adoro la tecnologia avanzata di oggi,ma sicuramente i tempi per vivere delle emozioni e di trovare il tempo di riflettere su tante cose si sono nettamente accorciati. Bisogna rubarli e andare contro corrente qualche volta\"<\/em>, ha concluso la <strong>Hunziker<\/strong> e molti <a href=\"\/vip\/follower\/\">follower<\/a> che la seguono sul social sono d'accordo con lei.<\/p>\n<p>\u00a0<\/p>\n","protected":false},"excerpt":{"rendered":"<p>Michelle Hunziker in incognito a Milano? La bionda svizzera della tv italiana ha cercato forse di non dare troppo nell'occhio indossando un copricapo nero e un paio di grandi occhiali da sole. Ma non ci \u00e8 riuscita ed \u00e8 stata paparazzata per le vie del capoluogo meneghino in compagnia della sua guardia del corpo. Michelle [&hellip;]<\/p>\n","protected":false},"author":1,"featured_media":113380,"comment_status":"closed","ping_status":"closed","sticky":false,"template":"","format":"standard","meta":{"footnotes":""},"categories":[54],"tags":[1992,6860,55851,2121,1979,2110,1923,10950],"vip":[1351],"class_list":["post-57334","post","type-post","status-publish","format-standard","has-post-thumbnail","hentry","category-news","tag-conduttrice","tag-guardia-del-corpo","tag-in-incognito","tag-instagram","tag-milano","tag-paparazzata","tag-social","tag-telefono","vip-michelle_hunziker"],"yoast_head":"<title>Michelle Hunziker &#039;in incognito&#039; a Milano: foto - Gossip.it | News sul Gossip e VIP<\/title>\n<meta name=\"description\" content=\"Michelle Hunziker in incognito a Milano? La bionda svizzera della tv italiana ha cercato forse di non dare troppo nell&#039;occhio indossando un copricapo nero\" \/>\n<meta name=\"robots\" content=\"index, follow, max-snippet:-1, max-image-preview:large, max-video-preview:-1\" \/>\n<link rel=\"canonical\" href=\"https:\/\/www.gossip.it\/news\/michelle-hunziker-milano-in-incognito\/\" \/>\n<meta property=\"og:locale\" content=\"it_IT\" \/>\n<meta property=\"og:type\" content=\"article\" \/>\n<meta property=\"og:title\" content=\"Michelle Hunziker &#039;in incognito&#039; a Milano: foto - Gossip.it | News sul Gossip e VIP\" \/>\n<meta property=\"og:description\" content=\"Michelle Hunziker in incognito a Milano? La bionda svizzera della tv italiana ha cercato forse di non dare troppo nell&#039;occhio indossando un copricapo nero\" \/>\n<meta property=\"og:url\" content=\"https:\/\/www.gossip.it\/news\/michelle-hunziker-milano-in-incognito\/\" \/>\n<meta property=\"og:site_name\" content=\"Gossip.it | News sul Gossip e VIP\" \/>\n<meta property=\"article:publisher\" content=\"https:\/\/www.facebook.com\/GossipIT\" \/>\n<meta property=\"article:published_time\" content=\"2017-02-09T23:00:00+00:00\" \/>\n<meta property=\"og:image\" content=\"http:\/\/files.gossip.it\/immagini_news\/2017\/02\/1486728101_hunziker_1.jpg\" \/>\n<meta name=\"author\" content=\"La Redazione\" \/>\n<meta name=\"twitter:card\" content=\"summary_large_image\" \/>\n<meta name=\"twitter:image\" content=\"http:\/\/files.gossip.it\/immagini_news\/2017\/02\/1486728101_hunziker_1.jpg\" \/>\n<meta name=\"twitter:creator\" content=\"@gossinews_it\" \/>\n<meta name=\"twitter:site\" content=\"@gossinews_it\" \/>\n<meta name=\"twitter:label1\" content=\"Scritto da\" \/>\n\t<meta name=\"twitter:data1\" content=\"Francesca Romana Domenici\" \/>\n\t<meta name=\"twitter:label2\" content=\"Tempo di lettura stimato\" \/>\n\t<meta name=\"twitter:data2\" content=\"2 minuti\" \/>","yoast_head_json":{"title":"Michelle Hunziker 'in incognito' a Milano: foto - Gossip.it | News sul Gossip e VIP","description":"Michelle Hunziker in incognito a Milano? La bionda svizzera della tv italiana ha cercato forse di non dare troppo nell'occhio indossando un copricapo nero","robots":{"index":"index","follow":"follow","max-snippet":"max-snippet:-1","max-image-preview":"max-image-preview:large","max-video-preview":"max-video-preview:-1"},"canonical":"https:\/\/www.gossip.it\/news\/michelle-hunziker-milano-in-incognito\/","og_locale":"it_IT","og_type":"article","og_title":"Michelle Hunziker 'in incognito' a Milano: foto - Gossip.it | News sul Gossip e VIP","og_description":"Michelle Hunziker in incognito a Milano? La bionda svizzera della tv italiana ha cercato forse di non dare troppo nell'occhio indossando un copricapo nero","og_url":"https:\/\/www.gossip.it\/news\/michelle-hunziker-milano-in-incognito\/","og_site_name":"Gossip.it | News sul Gossip e VIP","article_publisher":"https:\/\/www.facebook.com\/GossipIT","article_published_time":"2017-02-09T23:00:00+00:00","og_image":[{"url":"http:\/\/files.gossip.it\/immagini_news\/2017\/02\/1486728101_hunziker_1.jpg"}],"author":"La Redazione","twitter_card":"summary_large_image","twitter_image":"http:\/\/files.gossip.it\/immagini_news\/2017\/02\/1486728101_hunziker_1.jpg","twitter_creator":"@gossinews_it","twitter_site":"@gossinews_it","twitter_misc":{"Scritto da":"Francesca Romana Domenici","Tempo di lettura stimato":"2 minuti"},"schema":{"@context":"https:\/\/schema.org","@graph":[{"@type":"Article","@id":"https:\/\/www.gossip.it\/news\/michelle-hunziker-milano-in-incognito\/#article","isPartOf":{"@id":"https:\/\/www.gossip.it\/news\/michelle-hunziker-milano-in-incognito\/"},"author":{"name":"La Redazione","@id":"https:\/\/www.gossip.it\/#\/schema\/person\/488896f75158bff1cc83c6c39d141110"},"headline":"Michelle Hunziker 'in incognito' a Milano: foto","datePublished":"2017-02-09T23:00:00+00:00","dateModified":"2017-02-09T23:00:00+00:00","mainEntityOfPage":{"@id":"https:\/\/www.gossip.it\/news\/michelle-hunziker-milano-in-incognito\/"},"wordCount":385,"publisher":{"@id":"https:\/\/www.gossip.it\/#organization"},"image":{"@id":"https:\/\/www.gossip.it\/news\/michelle-hunziker-milano-in-incognito\/#primaryimage"},"thumbnailUrl":"http:\/\/files.gossip.it\/immagini_news\/2017\/02\/1486728101_hunziker_1.jpg","keywords":["conduttrice","guardia del corpo","in incognito","instagram","milano","paparazzata","social","telefono"],"articleSection":["News"],"inLanguage":"it-IT"},{"@type":"WebPage","@id":"https:\/\/www.gossip.it\/news\/michelle-hunziker-milano-in-incognito\/","url":"https:\/\/www.gossip.it\/news\/michelle-hunziker-milano-in-incognito\/","name":"Michelle Hunziker 'in incognito' a Milano: foto - Gossip.it | News sul Gossip e VIP","isPartOf":{"@id":"https:\/\/www.gossip.it\/#website"},"primaryImageOfPage":{"@id":"https:\/\/www.gossip.it\/news\/michelle-hunziker-milano-in-incognito\/#primaryimage"},"image":{"@id":"https:\/\/www.gossip.it\/news\/michelle-hunziker-milano-in-incognito\/#primaryimage"},"thumbnailUrl":"http:\/\/files.gossip.it\/immagini_news\/2017\/02\/1486728101_hunziker_1.jpg","datePublished":"2017-02-09T23:00:00+00:00","dateModified":"2017-02-09T23:00:00+00:00","description":"Michelle Hunziker in incognito a Milano? La bionda svizzera della tv italiana ha cercato forse di non dare troppo nell'occhio indossando un copricapo nero","breadcrumb":{"@id":"https:\/\/www.gossip.it\/news\/michelle-hunziker-milano-in-incognito\/#breadcrumb"},"inLanguage":"it-IT","potentialAction":[{"@type":"ReadAction","target":["https:\/\/www.gossip.it\/news\/michelle-hunziker-milano-in-incognito\/"]}]},{"@type":"ImageObject","inLanguage":"it-IT","@id":"https:\/\/www.gossip.it\/news\/michelle-hunziker-milano-in-incognito\/#primaryimage","url":"http:\/\/files.gossip.it\/immagini_news\/2017\/02\/1486728101_hunziker_1.jpg","contentUrl":"http:\/\/files.gossip.it\/immagini_news\/2017\/02\/1486728101_hunziker_1.jpg"},{"@type":"BreadcrumbList","@id":"https:\/\/www.gossip.it\/news\/michelle-hunziker-milano-in-incognito\/#breadcrumb","itemListElement":[{"@type":"ListItem","position":1,"name":"Home","item":"https:\/\/www.gossip.it\/"},{"@type":"ListItem","position":2,"name":"Michelle Hunziker 'in incognito' a Milano: foto"}]},{"@type":"WebSite","@id":"https:\/\/www.gossip.it\/#website","url":"https:\/\/www.gossip.it\/","name":"Gossip and VIP News","description":"Quotidiano di cronaca rosa, costume e societ\u00e0","publisher":{"@id":"https:\/\/www.gossip.it\/#organization"},"alternateName":"Gossip and VIP News","potentialAction":[{"@type":"SearchAction","target":{"@type":"EntryPoint","urlTemplate":"https:\/\/www.gossip.it\/?s={search_term_string}"},"query-input":{"@type":"PropertyValueSpecification","valueRequired":true,"valueName":"search_term_string"}}],"inLanguage":"it-IT"},{"@type":"Organization","@id":"https:\/\/www.gossip.it\/#organization","name":"Gossip and VIP News","alternateName":"Gossip News","url":"https:\/\/www.gossip.it\/","logo":{"@type":"ImageObject","inLanguage":"it-IT","@id":"https:\/\/www.gossip.it\/#\/schema\/logo\/image\/","url":"https:\/\/www.gossip.it\/wp-content\/uploads\/2022\/04\/cropped-corna-alta-tiny.png","contentUrl":"https:\/\/www.gossip.it\/wp-content\/uploads\/2022\/04\/cropped-corna-alta-tiny.png","width":512,"height":512,"caption":"Gossip and VIP News"},"image":{"@id":"https:\/\/www.gossip.it\/#\/schema\/logo\/image\/"},"sameAs":["https:\/\/www.facebook.com\/GossipIT","https:\/\/x.com\/gossinews_it","https:\/\/instagram.com\/gossip_it"]},{"@type":"Person","@id":"https:\/\/www.gossip.it\/#\/schema\/person\/488896f75158bff1cc83c6c39d141110","name":"La Redazione","image":{"@type":"ImageObject","inLanguage":"it-IT","@id":"https:\/\/www.gossip.it\/#\/schema\/person\/image\/","url":"https:\/\/secure.gravatar.com\/avatar\/5a5f5c6fa3e6700e4249abdad0263a1e94e927d9e0499b1cb09c1cd29c044d80?s=96&d=mm&r=g","contentUrl":"https:\/\/secure.gravatar.com\/avatar\/5a5f5c6fa3e6700e4249abdad0263a1e94e927d9e0499b1cb09c1cd29c044d80?s=96&d=mm&r=g","caption":"La Redazione"},"sameAs":["https:\/\/www.gossip.it"]}]}},"amp_enabled":true,"_links":{"self":[{"href":"https:\/\/www.gossip.it\/api\/wp\/v2\/posts\/57334","targetHints":{"allow":["GET"]}}],"collection":[{"href":"https:\/\/www.gossip.it\/api\/wp\/v2\/posts"}],"about":[{"href":"https:\/\/www.gossip.it\/api\/wp\/v2\/types\/post"}],"author":[{"embeddable":true,"href":"https:\/\/www.gossip.it\/api\/wp\/v2\/users\/1"}],"replies":[{"embeddable":true,"href":"https:\/\/www.gossip.it\/api\/wp\/v2\/comments?post=57334"}],"version-history":[{"count":0,"href":"https:\/\/www.gossip.it\/api\/wp\/v2\/posts\/57334\/revisions"}],"wp:featuredmedia":[{"embeddable":true,"href":"https:\/\/www.gossip.it\/api\/wp\/v2\/media\/113380"}],"wp:attachment":[{"href":"https:\/\/www.gossip.it\/api\/wp\/v2\/media?parent=57334"}],"wp:term":[{"taxonomy":"category","embeddable":true,"href":"https:\/\/www.gossip.it\/api\/wp\/v2\/categories?post=57334"},{"taxonomy":"post_tag","embeddable":true,"href":"https:\/\/www.gossip.it\/api\/wp\/v2\/tags?post=57334"},{"taxonomy":"vip","embeddable":true,"href":"https:\/\/www.gossip.it\/api\/wp\/v2\/vip?post=57334"}],"curies":[{"name":"wp","href":"https:\/\/api.w.org\/{rel}","templated":true}]}}