{"id":57368,"date":"2017-02-14T00:00:00","date_gmt":"2017-02-13T23:00:00","guid":{"rendered":"https:\/\/www.gossip.it\/senza-categoria\/giorgio-armani-milano-nuova-capitale\/"},"modified":"2017-02-14T00:00:00","modified_gmt":"2017-02-13T23:00:00","slug":"giorgio-armani-milano-nuova-capitale","status":"publish","type":"post","link":"https:\/\/www.gossip.it\/news\/giorgio-armani-milano-nuova-capitale\/","title":{"rendered":"Giorgio Armani: 'Milano \u00e8 la nuova capitale d'Italia'"},"content":{"rendered":"<p><a href=\"\/vip\/giorgio-armani\/\">Giorgio Armani<\/a>, intervistato da <em>Libero Quotidiano<\/em>, parla del mondo e del suo mondo, quello della <a href=\"\/vip\/moda\/\">moda<\/a>. Parla anche di <strong>Milano<\/strong>, per lo stilista 82enne la <strong>nuova capitale<\/strong> d'Italia.<\/p>\n<figure class=\"caption\"><img decoding=\"async\" alt=\"\" width=\"640\" height=\"378\" src=\"http:\/\/files.gossip.it\/immagini_news\/2017\/02\/1487074091_armani_1.jpg\" \/><figcaption>Giorgio Armani non ha dubbi: Milano \u00e8 la nuova capitale d'Italia<\/figcaption><\/figure>\n<p><em>\"E la citt\u00e0 che ho scelto per vivere e lavorare, che ha accolto me e la mia famiglia nel primo dopoguerra. E' una citt\u00e0 dura, ma generosa. Difficile, ma con enormi possibilit\u00e0. Sempre proiettata verso il futuro, sempre attenta a quello che succede nel mondo, e che cerca di essere perfetta. E' la sua ambizione, e quando non ci riesce, soffre\"<\/em>, dice <strong>Giorgio Armani<\/strong> raccontando <strong>Milano<\/strong>.<\/p>\n<p>Gli viene chiesto se il capoluogo lombardo sia tornato a essere la <strong>capitale<\/strong> morale. Giorgio Armani spiega: <em>\"Non mi \u00e8 mai piaciuta questa definizione perch\u00e9 sembra creata apposta per inasprire il confronto con Roma. Direi che <strong>Milano <\/strong>\u00e8 la nuova capitale anche perch\u00e9 in questi anni ha ritrovato energie e slancio e la spinta a progettare il proprio futuro. Mentre Roma mi sembra sotto choc\"<\/em>.<\/p>\n<p>Non ci sono dubbi, Per <strong>Giorgio Armani<\/strong>, che ne ha fatto la propria casa, <strong>Milano<\/strong> \u00e8 la <strong>nuova capitale<\/strong> d'Italia, o forse lo \u00e8 sempre stata.<\/p>\n<figure class=\"caption\"><img decoding=\"async\" alt=\"\" width=\"640\" height=\"320\" src=\"http:\/\/files.gossip.it\/immagini_news\/2017\/02\/1487074124_armani_2.jpg\" \/><figcaption>Lo stilista 82enne con l'amica Franca Sozzani, scomparsa a dicembre scorso, della quale sente la mancanza<\/figcaption><\/figure>\n<p>Geniale, amato in tutto il mondo per i suoi capi tagliati alla perfezione, ricchi di stile e sobriet\u00e0, <strong>Giorgio Armani<\/strong> si gode un successo che sembra eterno. Ricorda pure l'amica <a href=\"\/vip\/franca-sozzani\/\">Franca Sozzani<\/a>, scomparsa il 22 dicembre scorso.<br \/><em>\"Franca Sozzani \u00e8 stata l' importante direttrice di una testata prestigiosa, in una casa editrice che ha accompagnato e determinato la grande moda. La sua opinione aveva una grande influenza, ma il resto sono leggende\"<\/em>, sottolinea. Di lei, a capo di Vogue Italia, si diceva potesse decretare la fortuna o la sfortuna di uno stilista.<\/p>\n<p><a href=\"\/vip\/re-giorgio\/\">Re Giorgio<\/a> ne sente molto la mancanza: <em>\"Come ho gi\u00e0 avuto modo di dichiarare, nessuno come Franca Sozzani ha saputo immaginare una realt\u00e0 diversa e raccontarla attraverso un esercizio continuo di gusto e di fantasia. Ha dato al suo destino la forma che ha voluto e che non ha mai lasciato nessuno indifferente. Mi manca cercare la sua presenza nel buio della sala\"<\/em>.<\/p>\n<p>\u00a0<\/p>\n","protected":false},"excerpt":{"rendered":"<p>Giorgio Armani, intervistato da Libero Quotidiano, parla del mondo e del suo mondo, quello della moda. Parla anche di Milano, per lo stilista 82enne la nuova capitale d'Italia. Giorgio Armani non ha dubbi: Milano \u00e8 la nuova capitale d'Italia \"E la citt\u00e0 che ho scelto per vivere e lavorare, che ha accolto me e la [&hellip;]<\/p>\n","protected":false},"author":1,"featured_media":113414,"comment_status":"closed","ping_status":"closed","sticky":false,"template":"","format":"standard","meta":{"footnotes":""},"categories":[54],"tags":[2711,2102,5611,2103,9641,55869,1979,3099,55868,6851,1879,2360],"vip":[770],"class_list":["post-57368","post","type-post","status-publish","format-standard","has-post-thumbnail","hentry","category-news","tag-capitale","tag-dichiarazioni","tag-giorgio-armani","tag-intervista","tag-libero","tag-libero-quotidiano","tag-milano","tag-moda","tag-nuova-capitale","tag-re-giorgio","tag-roma","tag-stilista","vip-franca_sozzani"],"yoast_head":"<title>Giorgio Armani: &#039;Milano \u00e8 la nuova capitale d&#039;Italia&#039; - Gossip.it | News sul Gossip e VIP<\/title>\n<meta name=\"description\" content=\"Giorgio Armani, intervistato da Libero Quotidiano, parla del mondo e del suo mondo, quello della moda. Parla anche di Milano, per lo stilista 82enne la\" \/>\n<meta name=\"robots\" content=\"index, follow, max-snippet:-1, max-image-preview:large, max-video-preview:-1\" \/>\n<link rel=\"canonical\" href=\"https:\/\/www.gossip.it\/news\/giorgio-armani-milano-nuova-capitale\/\" \/>\n<meta property=\"og:locale\" content=\"it_IT\" \/>\n<meta property=\"og:type\" content=\"article\" \/>\n<meta property=\"og:title\" content=\"Giorgio Armani: &#039;Milano \u00e8 la nuova capitale d&#039;Italia&#039; - Gossip.it | News sul Gossip e VIP\" \/>\n<meta property=\"og:description\" content=\"Giorgio Armani, intervistato da Libero Quotidiano, parla del mondo e del suo mondo, quello della moda. Parla anche di Milano, per lo stilista 82enne la\" \/>\n<meta property=\"og:url\" content=\"https:\/\/www.gossip.it\/news\/giorgio-armani-milano-nuova-capitale\/\" \/>\n<meta property=\"og:site_name\" content=\"Gossip.it | News sul Gossip e VIP\" \/>\n<meta property=\"article:publisher\" content=\"https:\/\/www.facebook.com\/GossipIT\" \/>\n<meta property=\"article:published_time\" content=\"2017-02-13T23:00:00+00:00\" \/>\n<meta property=\"og:image\" content=\"http:\/\/files.gossip.it\/immagini_news\/2017\/02\/1487074091_armani_1.jpg\" \/>\n<meta name=\"author\" content=\"La Redazione\" \/>\n<meta name=\"twitter:card\" content=\"summary_large_image\" \/>\n<meta name=\"twitter:image\" content=\"http:\/\/files.gossip.it\/immagini_news\/2017\/02\/1487074091_armani_1.jpg\" \/>\n<meta name=\"twitter:creator\" content=\"@gossinews_it\" \/>\n<meta name=\"twitter:site\" content=\"@gossinews_it\" \/>\n<meta name=\"twitter:label1\" content=\"Scritto da\" \/>\n\t<meta name=\"twitter:data1\" content=\"Annamaria Capozzi\" \/>\n\t<meta name=\"twitter:label2\" content=\"Tempo di lettura stimato\" \/>\n\t<meta name=\"twitter:data2\" content=\"2 minuti\" \/>","yoast_head_json":{"title":"Giorgio Armani: 'Milano \u00e8 la nuova capitale d'Italia' - Gossip.it | News sul Gossip e VIP","description":"Giorgio Armani, intervistato da Libero Quotidiano, parla del mondo e del suo mondo, quello della moda. Parla anche di Milano, per lo stilista 82enne la","robots":{"index":"index","follow":"follow","max-snippet":"max-snippet:-1","max-image-preview":"max-image-preview:large","max-video-preview":"max-video-preview:-1"},"canonical":"https:\/\/www.gossip.it\/news\/giorgio-armani-milano-nuova-capitale\/","og_locale":"it_IT","og_type":"article","og_title":"Giorgio Armani: 'Milano \u00e8 la nuova capitale d'Italia' - Gossip.it | News sul Gossip e VIP","og_description":"Giorgio Armani, intervistato da Libero Quotidiano, parla del mondo e del suo mondo, quello della moda. Parla anche di Milano, per lo stilista 82enne la","og_url":"https:\/\/www.gossip.it\/news\/giorgio-armani-milano-nuova-capitale\/","og_site_name":"Gossip.it | News sul Gossip e VIP","article_publisher":"https:\/\/www.facebook.com\/GossipIT","article_published_time":"2017-02-13T23:00:00+00:00","og_image":[{"url":"http:\/\/files.gossip.it\/immagini_news\/2017\/02\/1487074091_armani_1.jpg"}],"author":"La Redazione","twitter_card":"summary_large_image","twitter_image":"http:\/\/files.gossip.it\/immagini_news\/2017\/02\/1487074091_armani_1.jpg","twitter_creator":"@gossinews_it","twitter_site":"@gossinews_it","twitter_misc":{"Scritto da":"Annamaria Capozzi","Tempo di lettura stimato":"2 minuti"},"schema":{"@context":"https:\/\/schema.org","@graph":[{"@type":"Article","@id":"https:\/\/www.gossip.it\/news\/giorgio-armani-milano-nuova-capitale\/#article","isPartOf":{"@id":"https:\/\/www.gossip.it\/news\/giorgio-armani-milano-nuova-capitale\/"},"author":{"name":"La Redazione","@id":"https:\/\/www.gossip.it\/#\/schema\/person\/488896f75158bff1cc83c6c39d141110"},"headline":"Giorgio Armani: 'Milano \u00e8 la nuova capitale d'Italia'","datePublished":"2017-02-13T23:00:00+00:00","dateModified":"2017-02-13T23:00:00+00:00","mainEntityOfPage":{"@id":"https:\/\/www.gossip.it\/news\/giorgio-armani-milano-nuova-capitale\/"},"wordCount":373,"publisher":{"@id":"https:\/\/www.gossip.it\/#organization"},"image":{"@id":"https:\/\/www.gossip.it\/news\/giorgio-armani-milano-nuova-capitale\/#primaryimage"},"thumbnailUrl":"http:\/\/files.gossip.it\/immagini_news\/2017\/02\/1487074091_armani_1.jpg","keywords":["capitale","dichiarazioni","giorgio armani","intervista","libero","libero quotidiano","milano","moda","nuova capitale","re giorgio","roma","stilista"],"articleSection":["News"],"inLanguage":"it-IT"},{"@type":"WebPage","@id":"https:\/\/www.gossip.it\/news\/giorgio-armani-milano-nuova-capitale\/","url":"https:\/\/www.gossip.it\/news\/giorgio-armani-milano-nuova-capitale\/","name":"Giorgio Armani: 'Milano \u00e8 la nuova capitale d'Italia' - Gossip.it | News sul Gossip e VIP","isPartOf":{"@id":"https:\/\/www.gossip.it\/#website"},"primaryImageOfPage":{"@id":"https:\/\/www.gossip.it\/news\/giorgio-armani-milano-nuova-capitale\/#primaryimage"},"image":{"@id":"https:\/\/www.gossip.it\/news\/giorgio-armani-milano-nuova-capitale\/#primaryimage"},"thumbnailUrl":"http:\/\/files.gossip.it\/immagini_news\/2017\/02\/1487074091_armani_1.jpg","datePublished":"2017-02-13T23:00:00+00:00","dateModified":"2017-02-13T23:00:00+00:00","description":"Giorgio Armani, intervistato da Libero Quotidiano, parla del mondo e del suo mondo, quello della moda. Parla anche di Milano, per lo stilista 82enne la","breadcrumb":{"@id":"https:\/\/www.gossip.it\/news\/giorgio-armani-milano-nuova-capitale\/#breadcrumb"},"inLanguage":"it-IT","potentialAction":[{"@type":"ReadAction","target":["https:\/\/www.gossip.it\/news\/giorgio-armani-milano-nuova-capitale\/"]}]},{"@type":"ImageObject","inLanguage":"it-IT","@id":"https:\/\/www.gossip.it\/news\/giorgio-armani-milano-nuova-capitale\/#primaryimage","url":"http:\/\/files.gossip.it\/immagini_news\/2017\/02\/1487074091_armani_1.jpg","contentUrl":"http:\/\/files.gossip.it\/immagini_news\/2017\/02\/1487074091_armani_1.jpg"},{"@type":"BreadcrumbList","@id":"https:\/\/www.gossip.it\/news\/giorgio-armani-milano-nuova-capitale\/#breadcrumb","itemListElement":[{"@type":"ListItem","position":1,"name":"Home","item":"https:\/\/www.gossip.it\/"},{"@type":"ListItem","position":2,"name":"Giorgio Armani: 'Milano \u00e8 la nuova capitale d'Italia'"}]},{"@type":"WebSite","@id":"https:\/\/www.gossip.it\/#website","url":"https:\/\/www.gossip.it\/","name":"Gossip and VIP News","description":"Quotidiano di cronaca rosa, costume e societ\u00e0","publisher":{"@id":"https:\/\/www.gossip.it\/#organization"},"alternateName":"Gossip and VIP News","potentialAction":[{"@type":"SearchAction","target":{"@type":"EntryPoint","urlTemplate":"https:\/\/www.gossip.it\/?s={search_term_string}"},"query-input":{"@type":"PropertyValueSpecification","valueRequired":true,"valueName":"search_term_string"}}],"inLanguage":"it-IT"},{"@type":"Organization","@id":"https:\/\/www.gossip.it\/#organization","name":"Gossip and VIP News","alternateName":"Gossip News","url":"https:\/\/www.gossip.it\/","logo":{"@type":"ImageObject","inLanguage":"it-IT","@id":"https:\/\/www.gossip.it\/#\/schema\/logo\/image\/","url":"https:\/\/www.gossip.it\/wp-content\/uploads\/2022\/04\/cropped-corna-alta-tiny.png","contentUrl":"https:\/\/www.gossip.it\/wp-content\/uploads\/2022\/04\/cropped-corna-alta-tiny.png","width":512,"height":512,"caption":"Gossip and VIP News"},"image":{"@id":"https:\/\/www.gossip.it\/#\/schema\/logo\/image\/"},"sameAs":["https:\/\/www.facebook.com\/GossipIT","https:\/\/x.com\/gossinews_it","https:\/\/instagram.com\/gossip_it"]},{"@type":"Person","@id":"https:\/\/www.gossip.it\/#\/schema\/person\/488896f75158bff1cc83c6c39d141110","name":"La Redazione","image":{"@type":"ImageObject","inLanguage":"it-IT","@id":"https:\/\/www.gossip.it\/#\/schema\/person\/image\/","url":"https:\/\/secure.gravatar.com\/avatar\/5a5f5c6fa3e6700e4249abdad0263a1e94e927d9e0499b1cb09c1cd29c044d80?s=96&d=mm&r=g","contentUrl":"https:\/\/secure.gravatar.com\/avatar\/5a5f5c6fa3e6700e4249abdad0263a1e94e927d9e0499b1cb09c1cd29c044d80?s=96&d=mm&r=g","caption":"La Redazione"},"sameAs":["https:\/\/www.gossip.it"]}]}},"amp_enabled":true,"_links":{"self":[{"href":"https:\/\/www.gossip.it\/api\/wp\/v2\/posts\/57368","targetHints":{"allow":["GET"]}}],"collection":[{"href":"https:\/\/www.gossip.it\/api\/wp\/v2\/posts"}],"about":[{"href":"https:\/\/www.gossip.it\/api\/wp\/v2\/types\/post"}],"author":[{"embeddable":true,"href":"https:\/\/www.gossip.it\/api\/wp\/v2\/users\/1"}],"replies":[{"embeddable":true,"href":"https:\/\/www.gossip.it\/api\/wp\/v2\/comments?post=57368"}],"version-history":[{"count":0,"href":"https:\/\/www.gossip.it\/api\/wp\/v2\/posts\/57368\/revisions"}],"wp:featuredmedia":[{"embeddable":true,"href":"https:\/\/www.gossip.it\/api\/wp\/v2\/media\/113414"}],"wp:attachment":[{"href":"https:\/\/www.gossip.it\/api\/wp\/v2\/media?parent=57368"}],"wp:term":[{"taxonomy":"category","embeddable":true,"href":"https:\/\/www.gossip.it\/api\/wp\/v2\/categories?post=57368"},{"taxonomy":"post_tag","embeddable":true,"href":"https:\/\/www.gossip.it\/api\/wp\/v2\/tags?post=57368"},{"taxonomy":"vip","embeddable":true,"href":"https:\/\/www.gossip.it\/api\/wp\/v2\/vip?post=57368"}],"curies":[{"name":"wp","href":"https:\/\/api.w.org\/{rel}","templated":true}]}}