{"id":57373,"date":"2017-02-14T00:00:00","date_gmt":"2017-02-13T23:00:00","guid":{"rendered":"https:\/\/www.gossip.it\/senza-categoria\/belen-rodriguez-andrea-iannone-primo-san-valentino\/"},"modified":"2017-02-14T00:00:00","modified_gmt":"2017-02-13T23:00:00","slug":"belen-rodriguez-andrea-iannone-primo-san-valentino","status":"publish","type":"post","link":"https:\/\/www.gossip.it\/news\/belen-rodriguez-andrea-iannone-primo-san-valentino\/","title":{"rendered":"Belen Rodriguez e Andrea Iannone, primo San Valentino insieme: video"},"content":{"rendered":"<p><a href=\"\/vip\/andrea-iannone\/\">Andrea Iannone<\/a>, 27 anni, e <a href=\"\/vip\/belen-rodriguez\/\">Belen Rodriguez<\/a>, 32, festeggiano il loro <strong>primo San Valentino<\/strong> insieme in Australia. Il campione di MotoGp pubblica sul social uno scatto insieme alla celebre fidanzata e accanto scrive: <em>\"Come non poterti amare!!!\"<\/em>.<\/p>\n<figure class=\"caption\"><img decoding=\"async\" alt=\"\" width=\"640\" height=\"730\" src=\"http:\/\/files.gossip.it\/immagini_news\/2017\/02\/1487082482_belen_iannone_1.jpg\" \/><figcaption>Belen Rodriguez e Andrea Iannone festeggiano il primo San Valentino insieme<\/figcaption><\/figure>\n<p><strong>Andrea<\/strong>\u00a0regala a<strong> Belen<\/strong> un girasole. La showgirl argentina su <a href=\"\/vip\/instagram\/\">Instagram<\/a> risponde agli auguri della dolce met\u00e0 con un'altra foto, stavolta in bianco e nero<em>: \"Ti rid\u00f2 la tuta solo perch\u00e9 vai pi\u00f9 forte!!! Bello sei tu! Buon<strong> San Valentino<\/strong>\"<\/em>, si legge nella didascalia che accompagna lo scatto.<br \/>La <strong>Rodriguez<\/strong> pubblica pure un video in cui bacia appassionatamente<strong> Iannone<\/strong>. <em>\"Grazie perch\u00e9 cos\u00ec come i tuoi baci la tua parola \u00e8 sempre una, vera...\"<\/em>, la dedica di <strong>Belen <\/strong>ad <strong>Andrea <\/strong>(guarda il video qui sotto).<\/p>\n<div class=\"banda_video\">VIDEO<\/div>\n<p><iframe src=\"http:\/\/www.gossip.it\/video\/share\/4365\/\" class=\"iframe_video_integrato\" scrolling=\"no\" seamless=\"seamless\"><\/iframe><br \/>L'amore, insomma, procede a gonfie vele e la <strong>Rodriguez<\/strong> con <strong>Iannone <\/strong>non potrebbe essere pi\u00f9 felice. Il<strong> primo San Valentino <\/strong>insieme \u00e8 all'insegna del romanticismo. I due fidanzati hanno deciso di condividere questo momento cos\u00ec speciale con i tanti follower che li seguono sui social.<\/p>\n<p><strong>Belen<\/strong> ha perso la testa per il motociclista. Dopo la fine del matrimonio con <a href=\"\/vip\/stefano-de martino \/\">Stefano De Martino <\/a>ha ritrovato l'amore tra le sue braccia. Intervistata da <em>Sette<\/em>, il magazine del <em>Corriere della Sera<\/em>, ha rivelato che il suo uomo ideale deve essere <em>\"ignorante\"<\/em>: <em>\"L''ignoranza, in senso positivo, mi attrae tanto. Non l'ignoranza di un mancato ragionamento<\/em> - ha spiegato - <em>L'ignoranza che dico io \u00e8 il modo di fare le cose\"<\/em>.<\/p>\n<figure class=\"caption\"><img decoding=\"async\" alt=\"\" width=\"640\" height=\"732\" src=\"http:\/\/files.gossip.it\/immagini_news\/2017\/02\/1487082634_belen_iannone_2.jpg\" \/><figcaption>La coppia \u00e8 sempre pi\u00f9 felice e innamorata<\/figcaption><\/figure>\n<p>La <strong>Rodriguez <\/strong>con <strong>Iannone <\/strong>\u00e8 al settimo cielo e questo <strong>primo San Valentino<\/strong> insieme sicuramente sar\u00e0 indimenticabile. Un momento da portare per sempre nel cuore, festeggiato lontano dall'Italia, in Australia, dove <strong>Andrea<\/strong> \u00e8 impegnato con il MotoGp.<br \/><strong>Belen<\/strong> ha portato con s\u00e9 il piccolo <a href=\"\/vip\/santiago\/\">Santiago<\/a> che si \u00e8 divertito un mondo a giocare con i canguri.<\/p>\n","protected":false},"excerpt":{"rendered":"<p>Andrea Iannone, 27 anni, e Belen Rodriguez, 32, festeggiano il loro primo San Valentino insieme in Australia. Il campione di MotoGp pubblica sul social uno scatto insieme alla celebre fidanzata e accanto scrive: \"Come non poterti amare!!!\". Belen Rodriguez e Andrea Iannone festeggiano il primo San Valentino insieme Andrea\u00a0regala a Belen un girasole. La showgirl [&hellip;]<\/p>\n","protected":false},"author":1,"featured_media":113419,"comment_status":"closed","ping_status":"closed","sticky":false,"template":"","format":"standard","meta":{"footnotes":""},"categories":[54],"tags":[2387,10372,9715,2121,2282,2601,1967,1923],"vip":[396],"class_list":["post-57373","post","type-post","status-publish","format-standard","has-post-thumbnail","hentry","category-news","tag-amore","tag-andrea-iannone","tag-australia","tag-instagram","tag-motogp","tag-san-valentino","tag-showgirl","tag-social","vip-belen_rodriguez"],"yoast_head":"<title>Belen Rodriguez e Andrea Iannone, primo San Valentino insieme: video - Gossip.it | News sul Gossip e VIP<\/title>\n<meta name=\"description\" content=\"Andrea Iannone, 27 anni, e Belen Rodriguez, 32, festeggiano il loro primo San Valentino insieme in Australia. Il campione di MotoGp pubblica sul social\" \/>\n<meta name=\"robots\" content=\"index, follow, max-snippet:-1, max-image-preview:large, max-video-preview:-1\" \/>\n<link rel=\"canonical\" href=\"https:\/\/www.gossip.it\/news\/belen-rodriguez-andrea-iannone-primo-san-valentino\/\" \/>\n<meta property=\"og:locale\" content=\"it_IT\" \/>\n<meta property=\"og:type\" content=\"article\" \/>\n<meta property=\"og:title\" content=\"Belen Rodriguez e Andrea Iannone, primo San Valentino insieme: video - Gossip.it | News sul Gossip e VIP\" \/>\n<meta property=\"og:description\" content=\"Andrea Iannone, 27 anni, e Belen Rodriguez, 32, festeggiano il loro primo San Valentino insieme in Australia. Il campione di MotoGp pubblica sul social\" \/>\n<meta property=\"og:url\" content=\"https:\/\/www.gossip.it\/news\/belen-rodriguez-andrea-iannone-primo-san-valentino\/\" \/>\n<meta property=\"og:site_name\" content=\"Gossip.it | News sul Gossip e VIP\" \/>\n<meta property=\"article:publisher\" content=\"https:\/\/www.facebook.com\/GossipIT\" \/>\n<meta property=\"article:published_time\" content=\"2017-02-13T23:00:00+00:00\" \/>\n<meta property=\"og:image\" content=\"http:\/\/files.gossip.it\/immagini_news\/2017\/02\/1487082482_belen_iannone_1.jpg\" \/>\n<meta name=\"author\" content=\"La Redazione\" \/>\n<meta name=\"twitter:card\" content=\"summary_large_image\" \/>\n<meta name=\"twitter:image\" content=\"http:\/\/files.gossip.it\/immagini_news\/2017\/02\/1487082482_belen_iannone_1.jpg\" \/>\n<meta name=\"twitter:creator\" content=\"@gossinews_it\" \/>\n<meta name=\"twitter:site\" content=\"@gossinews_it\" \/>\n<meta name=\"twitter:label1\" content=\"Scritto da\" \/>\n\t<meta name=\"twitter:data1\" content=\"Francesca Romana Domenici\" \/>\n\t<meta name=\"twitter:label2\" content=\"Tempo di lettura stimato\" \/>\n\t<meta name=\"twitter:data2\" content=\"2 minuti\" \/>","yoast_head_json":{"title":"Belen Rodriguez e Andrea Iannone, primo San Valentino insieme: video - Gossip.it | News sul Gossip e VIP","description":"Andrea Iannone, 27 anni, e Belen Rodriguez, 32, festeggiano il loro primo San Valentino insieme in Australia. Il campione di MotoGp pubblica sul social","robots":{"index":"index","follow":"follow","max-snippet":"max-snippet:-1","max-image-preview":"max-image-preview:large","max-video-preview":"max-video-preview:-1"},"canonical":"https:\/\/www.gossip.it\/news\/belen-rodriguez-andrea-iannone-primo-san-valentino\/","og_locale":"it_IT","og_type":"article","og_title":"Belen Rodriguez e Andrea Iannone, primo San Valentino insieme: video - Gossip.it | News sul Gossip e VIP","og_description":"Andrea Iannone, 27 anni, e Belen Rodriguez, 32, festeggiano il loro primo San Valentino insieme in Australia. Il campione di MotoGp pubblica sul social","og_url":"https:\/\/www.gossip.it\/news\/belen-rodriguez-andrea-iannone-primo-san-valentino\/","og_site_name":"Gossip.it | News sul Gossip e VIP","article_publisher":"https:\/\/www.facebook.com\/GossipIT","article_published_time":"2017-02-13T23:00:00+00:00","og_image":[{"url":"http:\/\/files.gossip.it\/immagini_news\/2017\/02\/1487082482_belen_iannone_1.jpg"}],"author":"La Redazione","twitter_card":"summary_large_image","twitter_image":"http:\/\/files.gossip.it\/immagini_news\/2017\/02\/1487082482_belen_iannone_1.jpg","twitter_creator":"@gossinews_it","twitter_site":"@gossinews_it","twitter_misc":{"Scritto da":"Francesca Romana Domenici","Tempo di lettura stimato":"2 minuti"},"schema":{"@context":"https:\/\/schema.org","@graph":[{"@type":"Article","@id":"https:\/\/www.gossip.it\/news\/belen-rodriguez-andrea-iannone-primo-san-valentino\/#article","isPartOf":{"@id":"https:\/\/www.gossip.it\/news\/belen-rodriguez-andrea-iannone-primo-san-valentino\/"},"author":{"name":"La Redazione","@id":"https:\/\/www.gossip.it\/#\/schema\/person\/488896f75158bff1cc83c6c39d141110"},"headline":"Belen Rodriguez e Andrea Iannone, primo San Valentino insieme: video","datePublished":"2017-02-13T23:00:00+00:00","dateModified":"2017-02-13T23:00:00+00:00","mainEntityOfPage":{"@id":"https:\/\/www.gossip.it\/news\/belen-rodriguez-andrea-iannone-primo-san-valentino\/"},"wordCount":322,"publisher":{"@id":"https:\/\/www.gossip.it\/#organization"},"image":{"@id":"https:\/\/www.gossip.it\/news\/belen-rodriguez-andrea-iannone-primo-san-valentino\/#primaryimage"},"thumbnailUrl":"http:\/\/files.gossip.it\/immagini_news\/2017\/02\/1487082482_belen_iannone_1.jpg","keywords":["amore","andrea iannone","australia","instagram","motogp","san valentino","showgirl","social"],"articleSection":["News"],"inLanguage":"it-IT"},{"@type":"WebPage","@id":"https:\/\/www.gossip.it\/news\/belen-rodriguez-andrea-iannone-primo-san-valentino\/","url":"https:\/\/www.gossip.it\/news\/belen-rodriguez-andrea-iannone-primo-san-valentino\/","name":"Belen Rodriguez e Andrea Iannone, primo San Valentino insieme: video - Gossip.it | News sul Gossip e VIP","isPartOf":{"@id":"https:\/\/www.gossip.it\/#website"},"primaryImageOfPage":{"@id":"https:\/\/www.gossip.it\/news\/belen-rodriguez-andrea-iannone-primo-san-valentino\/#primaryimage"},"image":{"@id":"https:\/\/www.gossip.it\/news\/belen-rodriguez-andrea-iannone-primo-san-valentino\/#primaryimage"},"thumbnailUrl":"http:\/\/files.gossip.it\/immagini_news\/2017\/02\/1487082482_belen_iannone_1.jpg","datePublished":"2017-02-13T23:00:00+00:00","dateModified":"2017-02-13T23:00:00+00:00","description":"Andrea Iannone, 27 anni, e Belen Rodriguez, 32, festeggiano il loro primo San Valentino insieme in Australia. Il campione di MotoGp pubblica sul social","breadcrumb":{"@id":"https:\/\/www.gossip.it\/news\/belen-rodriguez-andrea-iannone-primo-san-valentino\/#breadcrumb"},"inLanguage":"it-IT","potentialAction":[{"@type":"ReadAction","target":["https:\/\/www.gossip.it\/news\/belen-rodriguez-andrea-iannone-primo-san-valentino\/"]}]},{"@type":"ImageObject","inLanguage":"it-IT","@id":"https:\/\/www.gossip.it\/news\/belen-rodriguez-andrea-iannone-primo-san-valentino\/#primaryimage","url":"http:\/\/files.gossip.it\/immagini_news\/2017\/02\/1487082482_belen_iannone_1.jpg","contentUrl":"http:\/\/files.gossip.it\/immagini_news\/2017\/02\/1487082482_belen_iannone_1.jpg"},{"@type":"BreadcrumbList","@id":"https:\/\/www.gossip.it\/news\/belen-rodriguez-andrea-iannone-primo-san-valentino\/#breadcrumb","itemListElement":[{"@type":"ListItem","position":1,"name":"Home","item":"https:\/\/www.gossip.it\/"},{"@type":"ListItem","position":2,"name":"Belen Rodriguez e Andrea Iannone, primo San Valentino insieme: video"}]},{"@type":"WebSite","@id":"https:\/\/www.gossip.it\/#website","url":"https:\/\/www.gossip.it\/","name":"Gossip and VIP News","description":"Quotidiano di cronaca rosa, costume e societ\u00e0","publisher":{"@id":"https:\/\/www.gossip.it\/#organization"},"alternateName":"Gossip and VIP News","potentialAction":[{"@type":"SearchAction","target":{"@type":"EntryPoint","urlTemplate":"https:\/\/www.gossip.it\/?s={search_term_string}"},"query-input":{"@type":"PropertyValueSpecification","valueRequired":true,"valueName":"search_term_string"}}],"inLanguage":"it-IT"},{"@type":"Organization","@id":"https:\/\/www.gossip.it\/#organization","name":"Gossip and VIP News","alternateName":"Gossip News","url":"https:\/\/www.gossip.it\/","logo":{"@type":"ImageObject","inLanguage":"it-IT","@id":"https:\/\/www.gossip.it\/#\/schema\/logo\/image\/","url":"https:\/\/www.gossip.it\/wp-content\/uploads\/2022\/04\/cropped-corna-alta-tiny.png","contentUrl":"https:\/\/www.gossip.it\/wp-content\/uploads\/2022\/04\/cropped-corna-alta-tiny.png","width":512,"height":512,"caption":"Gossip and VIP News"},"image":{"@id":"https:\/\/www.gossip.it\/#\/schema\/logo\/image\/"},"sameAs":["https:\/\/www.facebook.com\/GossipIT","https:\/\/x.com\/gossinews_it","https:\/\/instagram.com\/gossip_it"]},{"@type":"Person","@id":"https:\/\/www.gossip.it\/#\/schema\/person\/488896f75158bff1cc83c6c39d141110","name":"La Redazione","image":{"@type":"ImageObject","inLanguage":"it-IT","@id":"https:\/\/www.gossip.it\/#\/schema\/person\/image\/","url":"https:\/\/secure.gravatar.com\/avatar\/5a5f5c6fa3e6700e4249abdad0263a1e94e927d9e0499b1cb09c1cd29c044d80?s=96&d=mm&r=g","contentUrl":"https:\/\/secure.gravatar.com\/avatar\/5a5f5c6fa3e6700e4249abdad0263a1e94e927d9e0499b1cb09c1cd29c044d80?s=96&d=mm&r=g","caption":"La Redazione"},"sameAs":["https:\/\/www.gossip.it"]}]}},"amp_enabled":true,"_links":{"self":[{"href":"https:\/\/www.gossip.it\/api\/wp\/v2\/posts\/57373","targetHints":{"allow":["GET"]}}],"collection":[{"href":"https:\/\/www.gossip.it\/api\/wp\/v2\/posts"}],"about":[{"href":"https:\/\/www.gossip.it\/api\/wp\/v2\/types\/post"}],"author":[{"embeddable":true,"href":"https:\/\/www.gossip.it\/api\/wp\/v2\/users\/1"}],"replies":[{"embeddable":true,"href":"https:\/\/www.gossip.it\/api\/wp\/v2\/comments?post=57373"}],"version-history":[{"count":0,"href":"https:\/\/www.gossip.it\/api\/wp\/v2\/posts\/57373\/revisions"}],"wp:featuredmedia":[{"embeddable":true,"href":"https:\/\/www.gossip.it\/api\/wp\/v2\/media\/113419"}],"wp:attachment":[{"href":"https:\/\/www.gossip.it\/api\/wp\/v2\/media?parent=57373"}],"wp:term":[{"taxonomy":"category","embeddable":true,"href":"https:\/\/www.gossip.it\/api\/wp\/v2\/categories?post=57373"},{"taxonomy":"post_tag","embeddable":true,"href":"https:\/\/www.gossip.it\/api\/wp\/v2\/tags?post=57373"},{"taxonomy":"vip","embeddable":true,"href":"https:\/\/www.gossip.it\/api\/wp\/v2\/vip?post=57373"}],"curies":[{"name":"wp","href":"https:\/\/api.w.org\/{rel}","templated":true}]}}