{"id":57417,"date":"2017-02-20T00:00:00","date_gmt":"2017-02-19T23:00:00","guid":{"rendered":"https:\/\/www.gossip.it\/senza-categoria\/david-beckham-harper-neve-canada-famiglia\/"},"modified":"2017-02-20T00:00:00","modified_gmt":"2017-02-19T23:00:00","slug":"david-beckham-harper-neve-canada-famiglia","status":"publish","type":"post","link":"https:\/\/www.gossip.it\/news\/david-beckham-harper-neve-canada-famiglia\/","title":{"rendered":"David Beckham, sulla neve in Canada con Haper e la famiglia"},"content":{"rendered":"<p><a href=\"\/vip\/david-beckham\/\">David Beckham<\/a> sulla<strong> neve<\/strong> in <strong>Canada<\/strong> si \u00e8 goduto il suo coniglietto, <strong>Harper<\/strong>, 5 anni e il resto della <strong>famiglia<\/strong>. L'ex <a href=\"\/vip\/calciatore\/\">calciatore<\/a> 41enne, dopo le fatiche della <a href=\"\/vip\/fashion-week\/\">Fashion Week<\/a> a New York, messosi alle spalle lo scandalo per le mail hackerate, \u00e8 partito con la stilista di casa, <a href=\"\/vip\/victoria-beckham\/\">Victoria Beckham<\/a>, 42 anni, per una settimana ad alta quota a Whistler insieme anche ai figli Romeo, 14 anni, e Cruz, che oggi, luned\u00ec 20 febbraio, ne compie 12, e al maggiore, Brooklyn, 17 anni, che, intento a scendere con lo snowboard, \u00e8 caduto e si \u00e8 rotto la clavicola.<\/p>\n<figure class=\"caption\"><img decoding=\"async\" alt=\"\" width=\"640\" height=\"742\" src=\"http:\/\/files.gossip.it\/immagini_news\/2017\/02\/1487593743_beckham_1.jpg\" \/><figcaption>David Beckham, 41 anni, in posa sulla neve con Haper, la figlia di 5 anni<\/figcaption><\/figure>\n<p>Settimana sulla <strong>neve <\/strong>in <strong>Canada<\/strong> per <strong>David Beckham<\/strong>, <strong>Harper<\/strong>, la pricipessina di pap\u00e0 e tutto il resto della <strong>famiglia<\/strong>. Lo stop rigenerante \u00e8 servito per ricaricare le batterie e portare il sorriso sul volto di ognuno. I giorni di relax tra piste bianche e boschi alla ricerca del contatto con la natura \u00e8 stato assolutamente rigenerante e soprattutto divertente, come \u00e8 facile capire dai tanti scatti postati sui profili <a href=\"\/vip\/social\/\">social<\/a> proprio di David e Vic e dei pargoli pi\u00f9 grandi.<\/p>\n<div class=\"banda_video\">VIDEO<\/div>\n<p><iframe src=\"http:\/\/www.gossip.it\/video\/share\/4381\/\" class=\"iframe_video_integrato\" scrolling=\"no\" seamless=\"seamless\"><\/iframe><\/p>\n<figure class=\"caption\"><img decoding=\"async\" alt=\"\" width=\"640\" height=\"800\" src=\"http:\/\/files.gossip.it\/immagini_news\/2017\/02\/1487593782_beckham_2.jpg\" \/><figcaption>Mamma Victoria Beckham con la piccola<\/figcaption><\/figure>\n<p>In <strong>Canada David Beckham<\/strong>\u00a0ha migliorato il suo stile sullo snowboard, molto pi\u00f9 bravi del padre Brooklyn, nonostante l'incidente di percorso, e Cruz. E' Victoria che ha insegnato a scendere a spazzaneve ad <strong>Harper<\/strong>. L'ex <a href=\"\/vip\/spice-girl\/\">Spice Girl<\/a> ha mostrato il suo stile pure con gli sci.<\/p>\n<figure class=\"caption\"><img decoding=\"async\" alt=\"\" width=\"640\" height=\"639\" src=\"http:\/\/files.gossip.it\/immagini_news\/2017\/02\/1487593808_beckham_3.jpg\" \/><figcaption>L'ex calciatore con Romeo, 14 anni, e Cruz, 12<\/figcaption><\/figure>\n<p>Tutti hanno posato sulla <strong>neve<\/strong> in <strong>famiglia<\/strong> felici come non mai. Brooklym sul social ha voluto pure mostrare a tutti la radiografia della clavicola rotta, annunciando che dovr\u00e0 rimanere fermo per un po', ma niente di grave fortunatamente, i 9 milioni di ammiratori sul network lo consolano parecchio.<\/p>\n<figure class=\"caption\"><img decoding=\"async\" alt=\"\" width=\"640\" height=\"623\" src=\"http:\/\/files.gossip.it\/immagini_news\/2017\/02\/1487593858_beckham_4.jpg\" \/><figcaption>Brooklyn, il maggiore, 17 anni, mostra sul social la radiografia della clavicola rotta: \u00e8 caduto sullo snowboard<\/figcaption><\/figure>\n<p>\u00a0<\/p>\n<p>\u00a0<\/p>\n","protected":false},"excerpt":{"rendered":"<p>David Beckham sulla neve in Canada si \u00e8 goduto il suo coniglietto, Harper, 5 anni e il resto della famiglia. L'ex calciatore 41enne, dopo le fatiche della Fashion Week a New York, messosi alle spalle lo scandalo per le mail hackerate, \u00e8 partito con la stilista di casa, Victoria Beckham, 42 anni, per una settimana [&hellip;]<\/p>\n","protected":false},"author":1,"featured_media":113463,"comment_status":"closed","ping_status":"closed","sticky":false,"template":"","format":"standard","meta":{"footnotes":""},"categories":[54],"tags":[18083,9651,2218,12895,40550,14462,10579,1908,34985,54070,2121,6935,7278,7569,9202,1923,2360,7571],"vip":[573,1825],"class_list":["post-57417","post","type-post","status-publish","format-standard","has-post-thumbnail","hentry","category-news","tag-brooklyn","tag-brooklyn-beckham","tag-calciatore","tag-canada","tag-clavicola","tag-cruz","tag-cruz-beckham","tag-famiglia","tag-harper","tag-harper-beckham","tag-instagram","tag-neve","tag-romeo","tag-romeo-beckham","tag-snowboard","tag-social","tag-stilista","tag-victoria","vip-david_beckham","vip-victoria_beckham"],"yoast_head":"<title>David Beckham, sulla neve in Canada con Haper e la famiglia - Gossip.it | News sul Gossip e VIP<\/title>\n<meta name=\"description\" content=\"David Beckham sulla neve in Canada si \u00e8 goduto il suo coniglietto, Harper, 5 anni e il resto della famiglia. L&#039;ex calciatore 41enne, dopo le fatiche della\" \/>\n<meta name=\"robots\" content=\"index, follow, max-snippet:-1, max-image-preview:large, max-video-preview:-1\" \/>\n<link rel=\"canonical\" href=\"https:\/\/www.gossip.it\/news\/david-beckham-harper-neve-canada-famiglia\/\" \/>\n<meta property=\"og:locale\" content=\"it_IT\" \/>\n<meta property=\"og:type\" content=\"article\" \/>\n<meta property=\"og:title\" content=\"David Beckham, sulla neve in Canada con Haper e la famiglia - Gossip.it | News sul Gossip e VIP\" \/>\n<meta property=\"og:description\" content=\"David Beckham sulla neve in Canada si \u00e8 goduto il suo coniglietto, Harper, 5 anni e il resto della famiglia. L&#039;ex calciatore 41enne, dopo le fatiche della\" \/>\n<meta property=\"og:url\" content=\"https:\/\/www.gossip.it\/news\/david-beckham-harper-neve-canada-famiglia\/\" \/>\n<meta property=\"og:site_name\" content=\"Gossip.it | News sul Gossip e VIP\" \/>\n<meta property=\"article:publisher\" content=\"https:\/\/www.facebook.com\/GossipIT\" \/>\n<meta property=\"article:published_time\" content=\"2017-02-19T23:00:00+00:00\" \/>\n<meta property=\"og:image\" content=\"http:\/\/files.gossip.it\/immagini_news\/2017\/02\/1487593743_beckham_1.jpg\" \/>\n<meta name=\"author\" content=\"La Redazione\" \/>\n<meta name=\"twitter:card\" content=\"summary_large_image\" \/>\n<meta name=\"twitter:image\" content=\"http:\/\/files.gossip.it\/immagini_news\/2017\/02\/1487593743_beckham_1.jpg\" \/>\n<meta name=\"twitter:creator\" content=\"@gossinews_it\" \/>\n<meta name=\"twitter:site\" content=\"@gossinews_it\" \/>\n<meta name=\"twitter:label1\" content=\"Scritto da\" \/>\n\t<meta name=\"twitter:data1\" content=\"Annamaria Capozzi\" \/>\n\t<meta name=\"twitter:label2\" content=\"Tempo di lettura stimato\" \/>\n\t<meta name=\"twitter:data2\" content=\"1 minuto\" \/>","yoast_head_json":{"title":"David Beckham, sulla neve in Canada con Haper e la famiglia - Gossip.it | News sul Gossip e VIP","description":"David Beckham sulla neve in Canada si \u00e8 goduto il suo coniglietto, Harper, 5 anni e il resto della famiglia. L'ex calciatore 41enne, dopo le fatiche della","robots":{"index":"index","follow":"follow","max-snippet":"max-snippet:-1","max-image-preview":"max-image-preview:large","max-video-preview":"max-video-preview:-1"},"canonical":"https:\/\/www.gossip.it\/news\/david-beckham-harper-neve-canada-famiglia\/","og_locale":"it_IT","og_type":"article","og_title":"David Beckham, sulla neve in Canada con Haper e la famiglia - Gossip.it | News sul Gossip e VIP","og_description":"David Beckham sulla neve in Canada si \u00e8 goduto il suo coniglietto, Harper, 5 anni e il resto della famiglia. L'ex calciatore 41enne, dopo le fatiche della","og_url":"https:\/\/www.gossip.it\/news\/david-beckham-harper-neve-canada-famiglia\/","og_site_name":"Gossip.it | News sul Gossip e VIP","article_publisher":"https:\/\/www.facebook.com\/GossipIT","article_published_time":"2017-02-19T23:00:00+00:00","og_image":[{"url":"http:\/\/files.gossip.it\/immagini_news\/2017\/02\/1487593743_beckham_1.jpg"}],"author":"La Redazione","twitter_card":"summary_large_image","twitter_image":"http:\/\/files.gossip.it\/immagini_news\/2017\/02\/1487593743_beckham_1.jpg","twitter_creator":"@gossinews_it","twitter_site":"@gossinews_it","twitter_misc":{"Scritto da":"Annamaria Capozzi","Tempo di lettura stimato":"1 minuto"},"schema":{"@context":"https:\/\/schema.org","@graph":[{"@type":"Article","@id":"https:\/\/www.gossip.it\/news\/david-beckham-harper-neve-canada-famiglia\/#article","isPartOf":{"@id":"https:\/\/www.gossip.it\/news\/david-beckham-harper-neve-canada-famiglia\/"},"author":{"name":"La Redazione","@id":"https:\/\/www.gossip.it\/#\/schema\/person\/488896f75158bff1cc83c6c39d141110"},"headline":"David Beckham, sulla neve in Canada con Haper e la famiglia","datePublished":"2017-02-19T23:00:00+00:00","dateModified":"2017-02-19T23:00:00+00:00","mainEntityOfPage":{"@id":"https:\/\/www.gossip.it\/news\/david-beckham-harper-neve-canada-famiglia\/"},"wordCount":315,"publisher":{"@id":"https:\/\/www.gossip.it\/#organization"},"image":{"@id":"https:\/\/www.gossip.it\/news\/david-beckham-harper-neve-canada-famiglia\/#primaryimage"},"thumbnailUrl":"http:\/\/files.gossip.it\/immagini_news\/2017\/02\/1487593743_beckham_1.jpg","keywords":["brooklyn","brooklyn beckham","calciatore","canada","clavicola","cruz","cruz beckham","famiglia","harper","harper beckham","instagram","neve","romeo","romeo beckham","snowboard","social","stilista","victoria"],"articleSection":["News"],"inLanguage":"it-IT"},{"@type":"WebPage","@id":"https:\/\/www.gossip.it\/news\/david-beckham-harper-neve-canada-famiglia\/","url":"https:\/\/www.gossip.it\/news\/david-beckham-harper-neve-canada-famiglia\/","name":"David Beckham, sulla neve in Canada con Haper e la famiglia - Gossip.it | News sul Gossip e VIP","isPartOf":{"@id":"https:\/\/www.gossip.it\/#website"},"primaryImageOfPage":{"@id":"https:\/\/www.gossip.it\/news\/david-beckham-harper-neve-canada-famiglia\/#primaryimage"},"image":{"@id":"https:\/\/www.gossip.it\/news\/david-beckham-harper-neve-canada-famiglia\/#primaryimage"},"thumbnailUrl":"http:\/\/files.gossip.it\/immagini_news\/2017\/02\/1487593743_beckham_1.jpg","datePublished":"2017-02-19T23:00:00+00:00","dateModified":"2017-02-19T23:00:00+00:00","description":"David Beckham sulla neve in Canada si \u00e8 goduto il suo coniglietto, Harper, 5 anni e il resto della famiglia. L'ex calciatore 41enne, dopo le fatiche della","breadcrumb":{"@id":"https:\/\/www.gossip.it\/news\/david-beckham-harper-neve-canada-famiglia\/#breadcrumb"},"inLanguage":"it-IT","potentialAction":[{"@type":"ReadAction","target":["https:\/\/www.gossip.it\/news\/david-beckham-harper-neve-canada-famiglia\/"]}]},{"@type":"ImageObject","inLanguage":"it-IT","@id":"https:\/\/www.gossip.it\/news\/david-beckham-harper-neve-canada-famiglia\/#primaryimage","url":"http:\/\/files.gossip.it\/immagini_news\/2017\/02\/1487593743_beckham_1.jpg","contentUrl":"http:\/\/files.gossip.it\/immagini_news\/2017\/02\/1487593743_beckham_1.jpg"},{"@type":"BreadcrumbList","@id":"https:\/\/www.gossip.it\/news\/david-beckham-harper-neve-canada-famiglia\/#breadcrumb","itemListElement":[{"@type":"ListItem","position":1,"name":"Home","item":"https:\/\/www.gossip.it\/"},{"@type":"ListItem","position":2,"name":"David Beckham, sulla neve in Canada con Haper e la famiglia"}]},{"@type":"WebSite","@id":"https:\/\/www.gossip.it\/#website","url":"https:\/\/www.gossip.it\/","name":"Gossip and VIP News","description":"Quotidiano di cronaca rosa, costume e societ\u00e0","publisher":{"@id":"https:\/\/www.gossip.it\/#organization"},"alternateName":"Gossip and VIP News","potentialAction":[{"@type":"SearchAction","target":{"@type":"EntryPoint","urlTemplate":"https:\/\/www.gossip.it\/?s={search_term_string}"},"query-input":{"@type":"PropertyValueSpecification","valueRequired":true,"valueName":"search_term_string"}}],"inLanguage":"it-IT"},{"@type":"Organization","@id":"https:\/\/www.gossip.it\/#organization","name":"Gossip and VIP News","alternateName":"Gossip News","url":"https:\/\/www.gossip.it\/","logo":{"@type":"ImageObject","inLanguage":"it-IT","@id":"https:\/\/www.gossip.it\/#\/schema\/logo\/image\/","url":"https:\/\/www.gossip.it\/wp-content\/uploads\/2022\/04\/cropped-corna-alta-tiny.png","contentUrl":"https:\/\/www.gossip.it\/wp-content\/uploads\/2022\/04\/cropped-corna-alta-tiny.png","width":512,"height":512,"caption":"Gossip and VIP News"},"image":{"@id":"https:\/\/www.gossip.it\/#\/schema\/logo\/image\/"},"sameAs":["https:\/\/www.facebook.com\/GossipIT","https:\/\/x.com\/gossinews_it","https:\/\/instagram.com\/gossip_it"]},{"@type":"Person","@id":"https:\/\/www.gossip.it\/#\/schema\/person\/488896f75158bff1cc83c6c39d141110","name":"La Redazione","image":{"@type":"ImageObject","inLanguage":"it-IT","@id":"https:\/\/www.gossip.it\/#\/schema\/person\/image\/","url":"https:\/\/secure.gravatar.com\/avatar\/5a5f5c6fa3e6700e4249abdad0263a1e94e927d9e0499b1cb09c1cd29c044d80?s=96&d=mm&r=g","contentUrl":"https:\/\/secure.gravatar.com\/avatar\/5a5f5c6fa3e6700e4249abdad0263a1e94e927d9e0499b1cb09c1cd29c044d80?s=96&d=mm&r=g","caption":"La Redazione"},"sameAs":["https:\/\/www.gossip.it"]}]}},"amp_enabled":true,"_links":{"self":[{"href":"https:\/\/www.gossip.it\/api\/wp\/v2\/posts\/57417","targetHints":{"allow":["GET"]}}],"collection":[{"href":"https:\/\/www.gossip.it\/api\/wp\/v2\/posts"}],"about":[{"href":"https:\/\/www.gossip.it\/api\/wp\/v2\/types\/post"}],"author":[{"embeddable":true,"href":"https:\/\/www.gossip.it\/api\/wp\/v2\/users\/1"}],"replies":[{"embeddable":true,"href":"https:\/\/www.gossip.it\/api\/wp\/v2\/comments?post=57417"}],"version-history":[{"count":0,"href":"https:\/\/www.gossip.it\/api\/wp\/v2\/posts\/57417\/revisions"}],"wp:featuredmedia":[{"embeddable":true,"href":"https:\/\/www.gossip.it\/api\/wp\/v2\/media\/113463"}],"wp:attachment":[{"href":"https:\/\/www.gossip.it\/api\/wp\/v2\/media?parent=57417"}],"wp:term":[{"taxonomy":"category","embeddable":true,"href":"https:\/\/www.gossip.it\/api\/wp\/v2\/categories?post=57417"},{"taxonomy":"post_tag","embeddable":true,"href":"https:\/\/www.gossip.it\/api\/wp\/v2\/tags?post=57417"},{"taxonomy":"vip","embeddable":true,"href":"https:\/\/www.gossip.it\/api\/wp\/v2\/vip?post=57417"}],"curies":[{"name":"wp","href":"https:\/\/api.w.org\/{rel}","templated":true}]}}