{"id":57435,"date":"2017-02-21T00:00:00","date_gmt":"2017-02-20T23:00:00","guid":{"rendered":"https:\/\/www.gossip.it\/senza-categoria\/valeria-mazza-milano-famiglia\/"},"modified":"2017-02-21T00:00:00","modified_gmt":"2017-02-20T23:00:00","slug":"valeria-mazza-milano-famiglia","status":"publish","type":"post","link":"https:\/\/www.gossip.it\/news\/valeria-mazza-milano-famiglia\/","title":{"rendered":"Valeria Mazza a Milano con la famiglia: foto"},"content":{"rendered":"<p><a href=\"\/vip\/valeria-mazza\/\">Valeria Mazza<\/a> il 17 febbraio ha compiuto 45 anni e a pochi giorni dal suo compleanno la splendida top model argentina \u00e8 stata paparazzata a<strong> Milano<\/strong> insieme alla famiglia: il marito <a href=\"\/vip\/alejandro-gravier \/\">Alejandro Gravier <\/a>e due dei loro quattro figli, Ta\u00ecna, 9 anni, e Benicio, 12, reduce da un incidente, si \u00e8 fatto male a un braccio.<\/p>\n<figure class=\"caption\"><img decoding=\"async\" alt=\"\" width=\"640\" height=\"505\" src=\"http:\/\/files.gossip.it\/immagini_news\/2017\/02\/1487682474_valeria_mazza.jpg\" \/><figcaption>Valeria Mazza a Milano con il marito Alejandro e due dei loro quattro figli, Benicio e Ta\u00ecna<\/figcaption><\/figure>\n<p><strong>Valeria<\/strong> in tutti questi anni ha sempre mantenuto un forte legame con l'Italia e ha scelto <strong>Milano <\/strong>per fare un po' di shopping con la sua<strong> famiglia<\/strong>. La <strong>Mazza<\/strong> in passato ha lavorato tantissimo nel Bel Paese, ha calcato anche il palco dell'<a href=\"\/vip\/ariston\/\">Ariston<\/a> come valletta al fianco di <a href=\"\/vip\/sabrina-ferilli\/\">Sabrina Ferilli<\/a>.<\/p>\n<p>La modella a 45 anni appare ancora al top della forma:<em> \"Non ho mai avuto problemi a dire la mia et\u00e0<\/em> - ha dichiarato <em>Io Donna<\/em> - <em>Quando mi guardo allo specchio vedo la differenza, ma non importa. Adoro festeggiare i compleanni. Ogni stagione della vita vale la pena di essere vissuta. L'importante \u00e8 invecchiare con dignit\u00e0. Uno stile di vita sano, poi, ti aiuta tantissimo<\/em>\".<\/p>\n<p>La <strong>Mazza<\/strong> ha conosciuto il marito quando aveva 18 anni e da allora non si sono pi\u00f9 lasciati: <em>\"Dopo i primi tempi insieme, sono andata a lavorare a Milano<\/em> - ha raccontato - <em>Mi ha raggiunto venti giorni dopo per il mio compleanno: ho festeggiato i 19 anni con lui all'Harry's Bar di Venezia. Che magia... Poi sono andata a New York. E' stato molto paziente con me\"<\/em>.<\/p>\n<p><strong>Valeria<\/strong> e Alejandro si sono sposati nel 1998. L'anno successivo \u00e8 nato il loro primo figlio, Balthazar. Nel 2002 \u00e8 arrivato Tiziano, Benicio nel 2005. Dopo tre maschi, nel 2008 la bionda argentina ha dato alla luce una femminuccia, Ta\u00ecna.<\/p>\n<p>Quattro gravidanze, 45 anni, e un fisico sempre al top. Ma qual \u00e8 il segreto di bellezza di <strong>Valeria Mazza<\/strong>? <em>\"Sto attenta a quello che mangio, cucino senza grassi e faccio molto sport, tennis e palestra principalmente<\/em> - ha rivelato - <em>Ma, soprattutto, cerco di pensare di avere il bikini tutto l'anno: serve a non cedere alle tentazioni\"<\/em>.<\/p>\n","protected":false},"excerpt":{"rendered":"<p>Valeria Mazza il 17 febbraio ha compiuto 45 anni e a pochi giorni dal suo compleanno la splendida top model argentina \u00e8 stata paparazzata a Milano insieme alla famiglia: il marito Alejandro Gravier e due dei loro quattro figli, Ta\u00ecna, 9 anni, e Benicio, 12, reduce da un incidente, si \u00e8 fatto male a un [&hellip;]<\/p>\n","protected":false},"author":1,"featured_media":113481,"comment_status":"closed","ping_status":"closed","sticky":false,"template":"","format":"standard","meta":{"footnotes":""},"categories":[54],"tags":[55912,6435,1908,1979,1997,2110,14401],"vip":[],"class_list":["post-57435","post","type-post","status-publish","format-standard","has-post-thumbnail","hentry","category-news","tag-alejandro-gavier","tag-argentina","tag-famiglia","tag-milano","tag-modella","tag-paparazzata","tag-valeria-mazza"],"yoast_head":"<title>Valeria Mazza a Milano con la famiglia: foto - Gossip.it | News sul Gossip e VIP<\/title>\n<meta name=\"description\" content=\"Valeria Mazza il 17 febbraio ha compiuto 45 anni e a pochi giorni dal suo compleanno la splendida top model argentina \u00e8 stata paparazzata a Milano insieme\" \/>\n<meta name=\"robots\" content=\"index, follow, max-snippet:-1, max-image-preview:large, max-video-preview:-1\" \/>\n<link rel=\"canonical\" href=\"https:\/\/www.gossip.it\/news\/valeria-mazza-milano-famiglia\/\" \/>\n<meta property=\"og:locale\" content=\"it_IT\" \/>\n<meta property=\"og:type\" content=\"article\" \/>\n<meta property=\"og:title\" content=\"Valeria Mazza a Milano con la famiglia: foto - Gossip.it | News sul Gossip e VIP\" \/>\n<meta property=\"og:description\" content=\"Valeria Mazza il 17 febbraio ha compiuto 45 anni e a pochi giorni dal suo compleanno la splendida top model argentina \u00e8 stata paparazzata a Milano insieme\" \/>\n<meta property=\"og:url\" content=\"https:\/\/www.gossip.it\/news\/valeria-mazza-milano-famiglia\/\" \/>\n<meta property=\"og:site_name\" content=\"Gossip.it | News sul Gossip e VIP\" \/>\n<meta property=\"article:publisher\" content=\"https:\/\/www.facebook.com\/GossipIT\" \/>\n<meta property=\"article:published_time\" content=\"2017-02-20T23:00:00+00:00\" \/>\n<meta property=\"og:image\" content=\"http:\/\/files.gossip.it\/immagini_news\/2017\/02\/1487682474_valeria_mazza.jpg\" \/>\n<meta name=\"author\" content=\"La Redazione\" \/>\n<meta name=\"twitter:card\" content=\"summary_large_image\" \/>\n<meta name=\"twitter:image\" content=\"http:\/\/files.gossip.it\/immagini_news\/2017\/02\/1487682474_valeria_mazza.jpg\" \/>\n<meta name=\"twitter:creator\" content=\"@gossinews_it\" \/>\n<meta name=\"twitter:site\" content=\"@gossinews_it\" \/>\n<meta name=\"twitter:label1\" content=\"Scritto da\" \/>\n\t<meta name=\"twitter:data1\" content=\"Francesca Romana Domenici\" \/>\n\t<meta name=\"twitter:label2\" content=\"Tempo di lettura stimato\" \/>\n\t<meta name=\"twitter:data2\" content=\"2 minuti\" \/>","yoast_head_json":{"title":"Valeria Mazza a Milano con la famiglia: foto - Gossip.it | News sul Gossip e VIP","description":"Valeria Mazza il 17 febbraio ha compiuto 45 anni e a pochi giorni dal suo compleanno la splendida top model argentina \u00e8 stata paparazzata a Milano insieme","robots":{"index":"index","follow":"follow","max-snippet":"max-snippet:-1","max-image-preview":"max-image-preview:large","max-video-preview":"max-video-preview:-1"},"canonical":"https:\/\/www.gossip.it\/news\/valeria-mazza-milano-famiglia\/","og_locale":"it_IT","og_type":"article","og_title":"Valeria Mazza a Milano con la famiglia: foto - Gossip.it | News sul Gossip e VIP","og_description":"Valeria Mazza il 17 febbraio ha compiuto 45 anni e a pochi giorni dal suo compleanno la splendida top model argentina \u00e8 stata paparazzata a Milano insieme","og_url":"https:\/\/www.gossip.it\/news\/valeria-mazza-milano-famiglia\/","og_site_name":"Gossip.it | News sul Gossip e VIP","article_publisher":"https:\/\/www.facebook.com\/GossipIT","article_published_time":"2017-02-20T23:00:00+00:00","og_image":[{"url":"http:\/\/files.gossip.it\/immagini_news\/2017\/02\/1487682474_valeria_mazza.jpg"}],"author":"La Redazione","twitter_card":"summary_large_image","twitter_image":"http:\/\/files.gossip.it\/immagini_news\/2017\/02\/1487682474_valeria_mazza.jpg","twitter_creator":"@gossinews_it","twitter_site":"@gossinews_it","twitter_misc":{"Scritto da":"Francesca Romana Domenici","Tempo di lettura stimato":"2 minuti"},"schema":{"@context":"https:\/\/schema.org","@graph":[{"@type":"Article","@id":"https:\/\/www.gossip.it\/news\/valeria-mazza-milano-famiglia\/#article","isPartOf":{"@id":"https:\/\/www.gossip.it\/news\/valeria-mazza-milano-famiglia\/"},"author":{"name":"La Redazione","@id":"https:\/\/www.gossip.it\/#\/schema\/person\/488896f75158bff1cc83c6c39d141110"},"headline":"Valeria Mazza a Milano con la famiglia: foto","datePublished":"2017-02-20T23:00:00+00:00","dateModified":"2017-02-20T23:00:00+00:00","mainEntityOfPage":{"@id":"https:\/\/www.gossip.it\/news\/valeria-mazza-milano-famiglia\/"},"wordCount":355,"publisher":{"@id":"https:\/\/www.gossip.it\/#organization"},"image":{"@id":"https:\/\/www.gossip.it\/news\/valeria-mazza-milano-famiglia\/#primaryimage"},"thumbnailUrl":"http:\/\/files.gossip.it\/immagini_news\/2017\/02\/1487682474_valeria_mazza.jpg","keywords":["alejandro gavier","argentina","famiglia","milano","modella","paparazzata","valeria mazza"],"articleSection":["News"],"inLanguage":"it-IT"},{"@type":"WebPage","@id":"https:\/\/www.gossip.it\/news\/valeria-mazza-milano-famiglia\/","url":"https:\/\/www.gossip.it\/news\/valeria-mazza-milano-famiglia\/","name":"Valeria Mazza a Milano con la famiglia: foto - Gossip.it | News sul Gossip e VIP","isPartOf":{"@id":"https:\/\/www.gossip.it\/#website"},"primaryImageOfPage":{"@id":"https:\/\/www.gossip.it\/news\/valeria-mazza-milano-famiglia\/#primaryimage"},"image":{"@id":"https:\/\/www.gossip.it\/news\/valeria-mazza-milano-famiglia\/#primaryimage"},"thumbnailUrl":"http:\/\/files.gossip.it\/immagini_news\/2017\/02\/1487682474_valeria_mazza.jpg","datePublished":"2017-02-20T23:00:00+00:00","dateModified":"2017-02-20T23:00:00+00:00","description":"Valeria Mazza il 17 febbraio ha compiuto 45 anni e a pochi giorni dal suo compleanno la splendida top model argentina \u00e8 stata paparazzata a Milano insieme","breadcrumb":{"@id":"https:\/\/www.gossip.it\/news\/valeria-mazza-milano-famiglia\/#breadcrumb"},"inLanguage":"it-IT","potentialAction":[{"@type":"ReadAction","target":["https:\/\/www.gossip.it\/news\/valeria-mazza-milano-famiglia\/"]}]},{"@type":"ImageObject","inLanguage":"it-IT","@id":"https:\/\/www.gossip.it\/news\/valeria-mazza-milano-famiglia\/#primaryimage","url":"http:\/\/files.gossip.it\/immagini_news\/2017\/02\/1487682474_valeria_mazza.jpg","contentUrl":"http:\/\/files.gossip.it\/immagini_news\/2017\/02\/1487682474_valeria_mazza.jpg"},{"@type":"BreadcrumbList","@id":"https:\/\/www.gossip.it\/news\/valeria-mazza-milano-famiglia\/#breadcrumb","itemListElement":[{"@type":"ListItem","position":1,"name":"Home","item":"https:\/\/www.gossip.it\/"},{"@type":"ListItem","position":2,"name":"Valeria Mazza a Milano con la famiglia: foto"}]},{"@type":"WebSite","@id":"https:\/\/www.gossip.it\/#website","url":"https:\/\/www.gossip.it\/","name":"Gossip and VIP News","description":"Quotidiano di cronaca rosa, costume e societ\u00e0","publisher":{"@id":"https:\/\/www.gossip.it\/#organization"},"alternateName":"Gossip and VIP News","potentialAction":[{"@type":"SearchAction","target":{"@type":"EntryPoint","urlTemplate":"https:\/\/www.gossip.it\/?s={search_term_string}"},"query-input":{"@type":"PropertyValueSpecification","valueRequired":true,"valueName":"search_term_string"}}],"inLanguage":"it-IT"},{"@type":"Organization","@id":"https:\/\/www.gossip.it\/#organization","name":"Gossip and VIP News","alternateName":"Gossip News","url":"https:\/\/www.gossip.it\/","logo":{"@type":"ImageObject","inLanguage":"it-IT","@id":"https:\/\/www.gossip.it\/#\/schema\/logo\/image\/","url":"https:\/\/www.gossip.it\/wp-content\/uploads\/2022\/04\/cropped-corna-alta-tiny.png","contentUrl":"https:\/\/www.gossip.it\/wp-content\/uploads\/2022\/04\/cropped-corna-alta-tiny.png","width":512,"height":512,"caption":"Gossip and VIP News"},"image":{"@id":"https:\/\/www.gossip.it\/#\/schema\/logo\/image\/"},"sameAs":["https:\/\/www.facebook.com\/GossipIT","https:\/\/x.com\/gossinews_it","https:\/\/instagram.com\/gossip_it"]},{"@type":"Person","@id":"https:\/\/www.gossip.it\/#\/schema\/person\/488896f75158bff1cc83c6c39d141110","name":"La Redazione","image":{"@type":"ImageObject","inLanguage":"it-IT","@id":"https:\/\/www.gossip.it\/#\/schema\/person\/image\/","url":"https:\/\/secure.gravatar.com\/avatar\/5a5f5c6fa3e6700e4249abdad0263a1e94e927d9e0499b1cb09c1cd29c044d80?s=96&d=mm&r=g","contentUrl":"https:\/\/secure.gravatar.com\/avatar\/5a5f5c6fa3e6700e4249abdad0263a1e94e927d9e0499b1cb09c1cd29c044d80?s=96&d=mm&r=g","caption":"La Redazione"},"sameAs":["https:\/\/www.gossip.it"]}]}},"amp_enabled":true,"_links":{"self":[{"href":"https:\/\/www.gossip.it\/api\/wp\/v2\/posts\/57435","targetHints":{"allow":["GET"]}}],"collection":[{"href":"https:\/\/www.gossip.it\/api\/wp\/v2\/posts"}],"about":[{"href":"https:\/\/www.gossip.it\/api\/wp\/v2\/types\/post"}],"author":[{"embeddable":true,"href":"https:\/\/www.gossip.it\/api\/wp\/v2\/users\/1"}],"replies":[{"embeddable":true,"href":"https:\/\/www.gossip.it\/api\/wp\/v2\/comments?post=57435"}],"version-history":[{"count":0,"href":"https:\/\/www.gossip.it\/api\/wp\/v2\/posts\/57435\/revisions"}],"wp:featuredmedia":[{"embeddable":true,"href":"https:\/\/www.gossip.it\/api\/wp\/v2\/media\/113481"}],"wp:attachment":[{"href":"https:\/\/www.gossip.it\/api\/wp\/v2\/media?parent=57435"}],"wp:term":[{"taxonomy":"category","embeddable":true,"href":"https:\/\/www.gossip.it\/api\/wp\/v2\/categories?post=57435"},{"taxonomy":"post_tag","embeddable":true,"href":"https:\/\/www.gossip.it\/api\/wp\/v2\/tags?post=57435"},{"taxonomy":"vip","embeddable":true,"href":"https:\/\/www.gossip.it\/api\/wp\/v2\/vip?post=57435"}],"curies":[{"name":"wp","href":"https:\/\/api.w.org\/{rel}","templated":true}]}}