{"id":57526,"date":"2017-03-03T00:00:00","date_gmt":"2017-03-02T23:00:00","guid":{"rendered":"https:\/\/www.gossip.it\/senza-categoria\/madalina-ghenea-incinta\/"},"modified":"2017-03-03T00:00:00","modified_gmt":"2017-03-02T23:00:00","slug":"madalina-ghenea-incinta","status":"publish","type":"post","link":"https:\/\/www.gossip.it\/news\/madalina-ghenea-incinta\/","title":{"rendered":"Madalina Ghenea \u00e8 incinta: 'E' un vero e proprio miracolo'"},"content":{"rendered":"<p><a href=\"\/vip\/madalina-ghenea\/\">Madalina Ghenea<\/a>, 28 anni, \u00e8 <strong>incinta<\/strong>. La modella rumena aspetta un figlio dal compagno, il ricco connazionale\u00a0<a href=\"\/vip\/-matei stratan\/\">Matei Stratan<\/a>. E' lei stessa a rivelarlo tramite un post pubblicato sul suo profilo <a href=\"\/vip\/social\/\">social<\/a> in cui mostra la cover dell'ultimo numero di <em>Gioia<\/em> che la ritrae bellissima con il pancione.<\/p>\n<figure class=\"caption\"><img decoding=\"async\" alt=\"\" width=\"640\" height=\"310\" src=\"http:\/\/files.gossip.it\/immagini_news\/2017\/03\/1488532765_ghenea_post.jpg\" \/><figcaption>Madalina Ghenea posa con il pancione per la copertina di Gioia\u00a0<\/figcaption><\/figure>\n<p><em>\"Sono felice di condividere con voi questa mia gioia cos\u00ec tanto attesa: il dono di un figlio. Un vero e proprio miracolo\"<\/em>, scrive <strong>Madalina\u00a0<\/strong>ai follower.<\/p>\n<div class=\"video_integrato\" data-videoid=\"4419\" data-autostart=\"true\">\u00a0<\/div>\n<p>La <strong>Ghenea<\/strong> si rivolge direttamente ai fan italiani e ricorda anche la sua esperienza al <a href=\"\/vip\/festival-di sanremo 2016\/\">Festival di Sanremo 2016<\/a>: <em>\"Ci siamo lasciati un anno fa su quel palco che amate tanto e dove mi avete fatto sentire tanto amata. Non potevo che tornare da voi per condividere questo momento cos\u00ec speciale e cos\u00ec tanto desiderato. La maternit\u00e0 \u00e8 un regalo che auguro a tutte le donne\"<\/em>, si legge ancora nel post condiviso su <a href=\"\/vip\/instagram\/\">Instagram<\/a>.<\/p>\n<figure class=\"caption\"><img decoding=\"async\" alt=\"\" width=\"640\" height=\"640\" src=\"http:\/\/files.gossip.it\/immagini_news\/2017\/03\/1488532813_ghenea_2.jpg\" \/><figcaption>La modella con il ricco fidanzato Matei Stratan<\/figcaption><\/figure>\n<p><strong>Madalina<\/strong>\u00a0\u00e8 <strong>incinta <\/strong>e per lei questo \u00e8 un sogno che si avvera. Non potrebbe essere pi\u00f9 felice.<br \/>La relazione tra la<strong> Ghenea<\/strong> e Stratan \u00e8 iniziata nell'estate del 2016. La modella a marzo dello stesso anno era caduta tra le braccia dello stilista\u00a0<a href=\"\/vip\/-philipp plein\/\">Philipp Plein<\/a> ma la liaison \u00e8 durata poco. Subito dopo ha trovato l'amore, quello vero, e ora ha deciso di mettere su famiglia.\u00a0<\/p>\n<figure class=\"caption\"><img decoding=\"async\" alt=\"\" width=\"640\" height=\"640\" src=\"http:\/\/files.gossip.it\/immagini_news\/2017\/03\/1488532862_ghenea_3.jpg\" \/><figcaption>L'amore tra la modella e il milionario rumeno \u00e8 sbocciato meno di un anno fa<\/figcaption><\/figure>\n<p>\u00a0<\/p>\n","protected":false},"excerpt":{"rendered":"<p>Madalina Ghenea, 28 anni, \u00e8 incinta. La modella rumena aspetta un figlio dal compagno, il ricco connazionale\u00a0Matei Stratan. E' lei stessa a rivelarlo tramite un post pubblicato sul suo profilo social in cui mostra la cover dell'ultimo numero di Gioia che la ritrae bellissima con il pancione. Madalina Ghenea posa con il pancione per la [&hellip;]<\/p>\n","protected":false},"author":1,"featured_media":113572,"comment_status":"closed","ping_status":"closed","sticky":false,"template":"","format":"standard","meta":{"footnotes":""},"categories":[54],"tags":[2102,2181,2094,2121,10982,1997,4812,1923],"vip":[1176],"class_list":["post-57526","post","type-post","status-publish","format-standard","has-post-thumbnail","hentry","category-news","tag-dichiarazioni","tag-gravidanza","tag-incinta","tag-instagram","tag-matei-stratan","tag-modella","tag-pancione","tag-social","vip-madalina_ghenea"],"yoast_head":"<title>Madalina Ghenea \u00e8 incinta: &#039;E&#039; un vero e proprio miracolo&#039; - Gossip.it | News sul Gossip e VIP<\/title>\n<meta name=\"description\" content=\"Madalina Ghenea, 28 anni, \u00e8 incinta. La modella rumena aspetta un figlio dal compagno, il ricco connazionale\u00a0Matei Stratan. E&#039; lei stessa a rivelarlo\" \/>\n<meta name=\"robots\" content=\"index, follow, max-snippet:-1, max-image-preview:large, max-video-preview:-1\" \/>\n<link rel=\"canonical\" href=\"https:\/\/www.gossip.it\/news\/madalina-ghenea-incinta\/\" \/>\n<meta property=\"og:locale\" content=\"it_IT\" \/>\n<meta property=\"og:type\" content=\"article\" \/>\n<meta property=\"og:title\" content=\"Madalina Ghenea \u00e8 incinta: &#039;E&#039; un vero e proprio miracolo&#039; - Gossip.it | News sul Gossip e VIP\" \/>\n<meta property=\"og:description\" content=\"Madalina Ghenea, 28 anni, \u00e8 incinta. La modella rumena aspetta un figlio dal compagno, il ricco connazionale\u00a0Matei Stratan. E&#039; lei stessa a rivelarlo\" \/>\n<meta property=\"og:url\" content=\"https:\/\/www.gossip.it\/news\/madalina-ghenea-incinta\/\" \/>\n<meta property=\"og:site_name\" content=\"Gossip.it | News sul Gossip e VIP\" \/>\n<meta property=\"article:publisher\" content=\"https:\/\/www.facebook.com\/GossipIT\" \/>\n<meta property=\"article:published_time\" content=\"2017-03-02T23:00:00+00:00\" \/>\n<meta property=\"og:image\" content=\"http:\/\/files.gossip.it\/immagini_news\/2017\/03\/1488532765_ghenea_post.jpg\" \/>\n<meta name=\"author\" content=\"La Redazione\" \/>\n<meta name=\"twitter:card\" content=\"summary_large_image\" \/>\n<meta name=\"twitter:image\" content=\"http:\/\/files.gossip.it\/immagini_news\/2017\/03\/1488532765_ghenea_post.jpg\" \/>\n<meta name=\"twitter:creator\" content=\"@gossinews_it\" \/>\n<meta name=\"twitter:site\" content=\"@gossinews_it\" \/>\n<meta name=\"twitter:label1\" content=\"Scritto da\" \/>\n\t<meta name=\"twitter:data1\" content=\"Francesca Romana Domenici\" \/>\n\t<meta name=\"twitter:label2\" content=\"Tempo di lettura stimato\" \/>\n\t<meta name=\"twitter:data2\" content=\"1 minuto\" \/>","yoast_head_json":{"title":"Madalina Ghenea \u00e8 incinta: 'E' un vero e proprio miracolo' - Gossip.it | News sul Gossip e VIP","description":"Madalina Ghenea, 28 anni, \u00e8 incinta. La modella rumena aspetta un figlio dal compagno, il ricco connazionale\u00a0Matei Stratan. E' lei stessa a rivelarlo","robots":{"index":"index","follow":"follow","max-snippet":"max-snippet:-1","max-image-preview":"max-image-preview:large","max-video-preview":"max-video-preview:-1"},"canonical":"https:\/\/www.gossip.it\/news\/madalina-ghenea-incinta\/","og_locale":"it_IT","og_type":"article","og_title":"Madalina Ghenea \u00e8 incinta: 'E' un vero e proprio miracolo' - Gossip.it | News sul Gossip e VIP","og_description":"Madalina Ghenea, 28 anni, \u00e8 incinta. La modella rumena aspetta un figlio dal compagno, il ricco connazionale\u00a0Matei Stratan. E' lei stessa a rivelarlo","og_url":"https:\/\/www.gossip.it\/news\/madalina-ghenea-incinta\/","og_site_name":"Gossip.it | News sul Gossip e VIP","article_publisher":"https:\/\/www.facebook.com\/GossipIT","article_published_time":"2017-03-02T23:00:00+00:00","og_image":[{"url":"http:\/\/files.gossip.it\/immagini_news\/2017\/03\/1488532765_ghenea_post.jpg"}],"author":"La Redazione","twitter_card":"summary_large_image","twitter_image":"http:\/\/files.gossip.it\/immagini_news\/2017\/03\/1488532765_ghenea_post.jpg","twitter_creator":"@gossinews_it","twitter_site":"@gossinews_it","twitter_misc":{"Scritto da":"Francesca Romana Domenici","Tempo di lettura stimato":"1 minuto"},"schema":{"@context":"https:\/\/schema.org","@graph":[{"@type":"Article","@id":"https:\/\/www.gossip.it\/news\/madalina-ghenea-incinta\/#article","isPartOf":{"@id":"https:\/\/www.gossip.it\/news\/madalina-ghenea-incinta\/"},"author":{"name":"La Redazione","@id":"https:\/\/www.gossip.it\/#\/schema\/person\/488896f75158bff1cc83c6c39d141110"},"headline":"Madalina Ghenea \u00e8 incinta: 'E' un vero e proprio miracolo'","datePublished":"2017-03-02T23:00:00+00:00","dateModified":"2017-03-02T23:00:00+00:00","mainEntityOfPage":{"@id":"https:\/\/www.gossip.it\/news\/madalina-ghenea-incinta\/"},"wordCount":252,"publisher":{"@id":"https:\/\/www.gossip.it\/#organization"},"image":{"@id":"https:\/\/www.gossip.it\/news\/madalina-ghenea-incinta\/#primaryimage"},"thumbnailUrl":"http:\/\/files.gossip.it\/immagini_news\/2017\/03\/1488532765_ghenea_post.jpg","keywords":["dichiarazioni","gravidanza","incinta","instagram","matei stratan","modella","pancione","social"],"articleSection":["News"],"inLanguage":"it-IT"},{"@type":"WebPage","@id":"https:\/\/www.gossip.it\/news\/madalina-ghenea-incinta\/","url":"https:\/\/www.gossip.it\/news\/madalina-ghenea-incinta\/","name":"Madalina Ghenea \u00e8 incinta: 'E' un vero e proprio miracolo' - Gossip.it | News sul Gossip e VIP","isPartOf":{"@id":"https:\/\/www.gossip.it\/#website"},"primaryImageOfPage":{"@id":"https:\/\/www.gossip.it\/news\/madalina-ghenea-incinta\/#primaryimage"},"image":{"@id":"https:\/\/www.gossip.it\/news\/madalina-ghenea-incinta\/#primaryimage"},"thumbnailUrl":"http:\/\/files.gossip.it\/immagini_news\/2017\/03\/1488532765_ghenea_post.jpg","datePublished":"2017-03-02T23:00:00+00:00","dateModified":"2017-03-02T23:00:00+00:00","description":"Madalina Ghenea, 28 anni, \u00e8 incinta. La modella rumena aspetta un figlio dal compagno, il ricco connazionale\u00a0Matei Stratan. E' lei stessa a rivelarlo","breadcrumb":{"@id":"https:\/\/www.gossip.it\/news\/madalina-ghenea-incinta\/#breadcrumb"},"inLanguage":"it-IT","potentialAction":[{"@type":"ReadAction","target":["https:\/\/www.gossip.it\/news\/madalina-ghenea-incinta\/"]}]},{"@type":"ImageObject","inLanguage":"it-IT","@id":"https:\/\/www.gossip.it\/news\/madalina-ghenea-incinta\/#primaryimage","url":"http:\/\/files.gossip.it\/immagini_news\/2017\/03\/1488532765_ghenea_post.jpg","contentUrl":"http:\/\/files.gossip.it\/immagini_news\/2017\/03\/1488532765_ghenea_post.jpg"},{"@type":"BreadcrumbList","@id":"https:\/\/www.gossip.it\/news\/madalina-ghenea-incinta\/#breadcrumb","itemListElement":[{"@type":"ListItem","position":1,"name":"Home","item":"https:\/\/www.gossip.it\/"},{"@type":"ListItem","position":2,"name":"Madalina Ghenea \u00e8 incinta: 'E' un vero e proprio miracolo'"}]},{"@type":"WebSite","@id":"https:\/\/www.gossip.it\/#website","url":"https:\/\/www.gossip.it\/","name":"Gossip and VIP News","description":"Quotidiano di cronaca rosa, costume e societ\u00e0","publisher":{"@id":"https:\/\/www.gossip.it\/#organization"},"alternateName":"Gossip and VIP News","potentialAction":[{"@type":"SearchAction","target":{"@type":"EntryPoint","urlTemplate":"https:\/\/www.gossip.it\/?s={search_term_string}"},"query-input":{"@type":"PropertyValueSpecification","valueRequired":true,"valueName":"search_term_string"}}],"inLanguage":"it-IT"},{"@type":"Organization","@id":"https:\/\/www.gossip.it\/#organization","name":"Gossip and VIP News","alternateName":"Gossip News","url":"https:\/\/www.gossip.it\/","logo":{"@type":"ImageObject","inLanguage":"it-IT","@id":"https:\/\/www.gossip.it\/#\/schema\/logo\/image\/","url":"https:\/\/www.gossip.it\/wp-content\/uploads\/2022\/04\/cropped-corna-alta-tiny.png","contentUrl":"https:\/\/www.gossip.it\/wp-content\/uploads\/2022\/04\/cropped-corna-alta-tiny.png","width":512,"height":512,"caption":"Gossip and VIP News"},"image":{"@id":"https:\/\/www.gossip.it\/#\/schema\/logo\/image\/"},"sameAs":["https:\/\/www.facebook.com\/GossipIT","https:\/\/x.com\/gossinews_it","https:\/\/instagram.com\/gossip_it"]},{"@type":"Person","@id":"https:\/\/www.gossip.it\/#\/schema\/person\/488896f75158bff1cc83c6c39d141110","name":"La Redazione","image":{"@type":"ImageObject","inLanguage":"it-IT","@id":"https:\/\/www.gossip.it\/#\/schema\/person\/image\/","url":"https:\/\/secure.gravatar.com\/avatar\/5a5f5c6fa3e6700e4249abdad0263a1e94e927d9e0499b1cb09c1cd29c044d80?s=96&d=mm&r=g","contentUrl":"https:\/\/secure.gravatar.com\/avatar\/5a5f5c6fa3e6700e4249abdad0263a1e94e927d9e0499b1cb09c1cd29c044d80?s=96&d=mm&r=g","caption":"La Redazione"},"sameAs":["https:\/\/www.gossip.it"]}]}},"amp_enabled":true,"_links":{"self":[{"href":"https:\/\/www.gossip.it\/api\/wp\/v2\/posts\/57526","targetHints":{"allow":["GET"]}}],"collection":[{"href":"https:\/\/www.gossip.it\/api\/wp\/v2\/posts"}],"about":[{"href":"https:\/\/www.gossip.it\/api\/wp\/v2\/types\/post"}],"author":[{"embeddable":true,"href":"https:\/\/www.gossip.it\/api\/wp\/v2\/users\/1"}],"replies":[{"embeddable":true,"href":"https:\/\/www.gossip.it\/api\/wp\/v2\/comments?post=57526"}],"version-history":[{"count":0,"href":"https:\/\/www.gossip.it\/api\/wp\/v2\/posts\/57526\/revisions"}],"wp:featuredmedia":[{"embeddable":true,"href":"https:\/\/www.gossip.it\/api\/wp\/v2\/media\/113572"}],"wp:attachment":[{"href":"https:\/\/www.gossip.it\/api\/wp\/v2\/media?parent=57526"}],"wp:term":[{"taxonomy":"category","embeddable":true,"href":"https:\/\/www.gossip.it\/api\/wp\/v2\/categories?post=57526"},{"taxonomy":"post_tag","embeddable":true,"href":"https:\/\/www.gossip.it\/api\/wp\/v2\/tags?post=57526"},{"taxonomy":"vip","embeddable":true,"href":"https:\/\/www.gossip.it\/api\/wp\/v2\/vip?post=57526"}],"curies":[{"name":"wp","href":"https:\/\/api.w.org\/{rel}","templated":true}]}}