{"id":57599,"date":"2017-03-13T00:00:00","date_gmt":"2017-03-12T23:00:00","guid":{"rendered":"https:\/\/www.gossip.it\/senza-categoria\/melissa-satta-maddox-amiche-parco-sabato\/"},"modified":"2017-03-13T00:00:00","modified_gmt":"2017-03-12T23:00:00","slug":"melissa-satta-maddox-amiche-parco-sabato","status":"publish","type":"post","link":"https:\/\/www.gossip.it\/news\/melissa-satta-maddox-amiche-parco-sabato\/","title":{"rendered":"Melissa Satta, sabato al parco con le amiche e Maddox"},"content":{"rendered":"<p><a href=\"\/vip\/melissa-satta\/\">Melissa Satta<\/a> ha trascorso un bellissimo e assolato <strong>sabato<\/strong> al <strong>parco<\/strong> con il figlioletto <strong>Maddox<\/strong> e le <strong>amiche<\/strong>. Insieme alla 31enne <a href=\"\/vip\/simona-salvemini\/\">Simona Salvemini<\/a>, da cui quando pu\u00f2 \u00e8 inseparabile, e <a href=\"\/vip\/giorgia-palmas\/\">Giorgia Palmas<\/a>, anche lei con la figlia Sofia, 8 anni, nata dalla sua precedente relazione con l'ex <a href=\"\/vip\/calciatore\/\">calciatore<\/a> <a href=\"\/vip\/davide-bombardini\/\">Davide Bombardini<\/a>.<\/p>\n<figure class=\"caption\"><img decoding=\"async\" alt=\"\" width=\"640\" height=\"450\" src=\"http:\/\/files.gossip.it\/immagini_news\/2017\/03\/1489402904_satta_salvemini_1.jpg\" \/><figcaption>Melissa Satta sabato al parco a Milano con Maddox, Simona Salvemini, Giorgia Palmas e la figlia Sofia<\/figcaption><\/figure>\n<p>Maglione rosso ad hoc, con su scritto <em>\"Saturday\"<\/em>, jeans e cappellino con visiera: <strong>sabato<\/strong> <strong>Melissa Satta<\/strong> al <strong>parco<\/strong> con le sue carissime <strong>amiche<\/strong> e <strong>Maddox<\/strong> si \u00e8 divertita un mondo.<\/p>\n<div data-idgallery=\"5e16a042d264d8ba0376c3357af2ced2\" class=\"galleryintegrata\">\u00a0<\/div>\n<p>Giochi tra bimbi, risate e lunga passeggiata. Il <strong>sabato<\/strong> \u00e8 trascorso in un battibaleno. <em>Melissa Satta<\/em> e le sue <strong>amiche<\/strong> hanno chiacchierato e accudito i bimbi spensierate.\u00a0<\/p>\n<figure class=\"caption\"><img decoding=\"async\" alt=\"\" width=\"640\" height=\"868\" src=\"http:\/\/files.gossip.it\/immagini_news\/2017\/03\/1489402948_satta_salvemini_2.jpg\" \/><figcaption>La 31enne ha approfittato della bella giornata di sole per trascorrere un pomeriggio all'aria aperta<\/figcaption><\/figure>\n<figure class=\"caption\"><img decoding=\"async\" alt=\"\" width=\"640\" height=\"824\" src=\"http:\/\/files.gossip.it\/immagini_news\/2017\/03\/1489403019_satta_salvemini_3.jpg\" \/><figcaption>Look super sportivo per la showgirl e modella<\/figcaption><\/figure>\n<p>L'ex <a href=\"\/vip\/velina\/\">velina<\/a> non ha raggiunto <a href=\"\/vip\/kevin-prince boateng\/\">Kevin Prince Boateng<\/a> a Gran Canaria. Il calciatore del Las Palmas ha da poco festeggiato i 30 anni, ma non c'\u00e8 ancora stata la festa. Gli impegni di lavoro non le hanno permesso di volare via dall'Italia, nonostante tutto, per\u00f2, la <a href=\"\/vip\/showgirl\/\">showgirl<\/a> e <a href=\"\/vip\/modella\/\">modella<\/a> \u00e8 riuscita a ritagliarsi un <strong>sabato<\/strong> perfetto, da trascorrere con <strong>Maddox<\/strong> e le <strong>amiche<\/strong> al<strong> parco<\/strong> a Milano.<\/p>\n<figure class=\"caption\"><img decoding=\"async\" alt=\"\" width=\"640\" height=\"500\" src=\"http:\/\/files.gossip.it\/immagini_news\/2017\/03\/1489403045_satta_salvemini_4.jpg\" \/><figcaption>Melissa osserva Simona con Maddox sulle giostre<\/figcaption><\/figure>\n<figure class=\"caption\"><img decoding=\"async\" alt=\"\" width=\"640\" height=\"824\" src=\"http:\/\/files.gossip.it\/immagini_news\/2017\/03\/1489403115_satta_salvemini_5.jpg\" \/><figcaption>La Satta e la Salvemini, con Maddox in braccio, parlottano<\/figcaption><\/figure>\n<p>Poi, tornata a casa, dopo le ore all'aperto, ha scritto:<em> \"Una meravigliosa giornata fuori con il mio baby ora \u00e8 tempo di dormire Maddox me #monson\".<\/em>\u00a0<\/p>\n<figure class=\"caption\"><img decoding=\"async\" alt=\"\" width=\"640\" height=\"460\" src=\"http:\/\/files.gossip.it\/immagini_news\/2017\/03\/1489403080_satta_salvemini_6.jpg\" \/><figcaption>Tutti insieme sul trenino a forma di bruco<\/figcaption><\/figure>\n<p>Tra poco il piccolino di casa compir\u00e0 3 anni. Il 15 aprile \u00e8 sempre pi\u00f9 vicino. Melissa adora il bimbo, stare insieme al figlio la rende davvero pazza di gioia e quando si dedica a lui, ogni cosa passa in secondo piano, come accade a ogni mamma, del resto.\u00a0<\/p>\n<p>\u00a0<\/p>\n","protected":false},"excerpt":{"rendered":"<p>Melissa Satta ha trascorso un bellissimo e assolato sabato al parco con il figlioletto Maddox e le amiche. Insieme alla 31enne Simona Salvemini, da cui quando pu\u00f2 \u00e8 inseparabile, e Giorgia Palmas, anche lei con la figlia Sofia, 8 anni, nata dalla sua precedente relazione con l'ex calciatore Davide Bombardini. Melissa Satta sabato al parco [&hellip;]<\/p>\n","protected":false},"author":1,"featured_media":113645,"comment_status":"closed","ping_status":"closed","sticky":false,"template":"","format":"standard","meta":{"footnotes":""},"categories":[54],"tags":[3311,1905,1942,8997,1979,1997,2110,6168,27254,1967,4667,6561],"vip":[866,1060,1333,1697],"class_list":["post-57599","post","type-post","status-publish","format-standard","has-post-thumbnail","hentry","category-news","tag-amiche","tag-figlia","tag-figlio","tag-maddox","tag-milano","tag-modella","tag-paparazzata","tag-parco","tag-sabato","tag-showgirl","tag-sofia","tag-velina","vip-giorgia_palmas","vip-kevin_prince_boateng","vip-melissa_satta","vip-simona_salvemini"],"yoast_head":"<title>Melissa Satta, sabato al parco con le amiche e Maddox - Gossip.it | News sul Gossip e VIP<\/title>\n<meta name=\"description\" content=\"Melissa Satta ha trascorso un bellissimo e assolato sabato al parco con il figlioletto Maddox e le amiche. Insieme alla 31enne Simona Salvemini, da cui\" \/>\n<meta name=\"robots\" content=\"index, follow, max-snippet:-1, max-image-preview:large, max-video-preview:-1\" \/>\n<link rel=\"canonical\" href=\"https:\/\/www.gossip.it\/news\/melissa-satta-maddox-amiche-parco-sabato\/\" \/>\n<meta property=\"og:locale\" content=\"it_IT\" \/>\n<meta property=\"og:type\" content=\"article\" \/>\n<meta property=\"og:title\" content=\"Melissa Satta, sabato al parco con le amiche e Maddox - Gossip.it | News sul Gossip e VIP\" \/>\n<meta property=\"og:description\" content=\"Melissa Satta ha trascorso un bellissimo e assolato sabato al parco con il figlioletto Maddox e le amiche. Insieme alla 31enne Simona Salvemini, da cui\" \/>\n<meta property=\"og:url\" content=\"https:\/\/www.gossip.it\/news\/melissa-satta-maddox-amiche-parco-sabato\/\" \/>\n<meta property=\"og:site_name\" content=\"Gossip.it | News sul Gossip e VIP\" \/>\n<meta property=\"article:publisher\" content=\"https:\/\/www.facebook.com\/GossipIT\" \/>\n<meta property=\"article:published_time\" content=\"2017-03-12T23:00:00+00:00\" \/>\n<meta property=\"og:image\" content=\"http:\/\/files.gossip.it\/immagini_news\/2017\/03\/1489402904_satta_salvemini_1.jpg\" \/>\n<meta name=\"author\" content=\"La Redazione\" \/>\n<meta name=\"twitter:card\" content=\"summary_large_image\" \/>\n<meta name=\"twitter:image\" content=\"http:\/\/files.gossip.it\/immagini_news\/2017\/03\/1489402904_satta_salvemini_1.jpg\" \/>\n<meta name=\"twitter:creator\" content=\"@gossinews_it\" \/>\n<meta name=\"twitter:site\" content=\"@gossinews_it\" \/>\n<meta name=\"twitter:label1\" content=\"Scritto da\" \/>\n\t<meta name=\"twitter:data1\" content=\"Annamaria Capozzi\" \/>\n\t<meta name=\"twitter:label2\" content=\"Tempo di lettura stimato\" \/>\n\t<meta name=\"twitter:data2\" content=\"1 minuto\" \/>","yoast_head_json":{"title":"Melissa Satta, sabato al parco con le amiche e Maddox - Gossip.it | News sul Gossip e VIP","description":"Melissa Satta ha trascorso un bellissimo e assolato sabato al parco con il figlioletto Maddox e le amiche. Insieme alla 31enne Simona Salvemini, da cui","robots":{"index":"index","follow":"follow","max-snippet":"max-snippet:-1","max-image-preview":"max-image-preview:large","max-video-preview":"max-video-preview:-1"},"canonical":"https:\/\/www.gossip.it\/news\/melissa-satta-maddox-amiche-parco-sabato\/","og_locale":"it_IT","og_type":"article","og_title":"Melissa Satta, sabato al parco con le amiche e Maddox - Gossip.it | News sul Gossip e VIP","og_description":"Melissa Satta ha trascorso un bellissimo e assolato sabato al parco con il figlioletto Maddox e le amiche. Insieme alla 31enne Simona Salvemini, da cui","og_url":"https:\/\/www.gossip.it\/news\/melissa-satta-maddox-amiche-parco-sabato\/","og_site_name":"Gossip.it | News sul Gossip e VIP","article_publisher":"https:\/\/www.facebook.com\/GossipIT","article_published_time":"2017-03-12T23:00:00+00:00","og_image":[{"url":"http:\/\/files.gossip.it\/immagini_news\/2017\/03\/1489402904_satta_salvemini_1.jpg"}],"author":"La Redazione","twitter_card":"summary_large_image","twitter_image":"http:\/\/files.gossip.it\/immagini_news\/2017\/03\/1489402904_satta_salvemini_1.jpg","twitter_creator":"@gossinews_it","twitter_site":"@gossinews_it","twitter_misc":{"Scritto da":"Annamaria Capozzi","Tempo di lettura stimato":"1 minuto"},"schema":{"@context":"https:\/\/schema.org","@graph":[{"@type":"Article","@id":"https:\/\/www.gossip.it\/news\/melissa-satta-maddox-amiche-parco-sabato\/#article","isPartOf":{"@id":"https:\/\/www.gossip.it\/news\/melissa-satta-maddox-amiche-parco-sabato\/"},"author":{"name":"La Redazione","@id":"https:\/\/www.gossip.it\/#\/schema\/person\/488896f75158bff1cc83c6c39d141110"},"headline":"Melissa Satta, sabato al parco con le amiche e Maddox","datePublished":"2017-03-12T23:00:00+00:00","dateModified":"2017-03-12T23:00:00+00:00","mainEntityOfPage":{"@id":"https:\/\/www.gossip.it\/news\/melissa-satta-maddox-amiche-parco-sabato\/"},"wordCount":319,"publisher":{"@id":"https:\/\/www.gossip.it\/#organization"},"image":{"@id":"https:\/\/www.gossip.it\/news\/melissa-satta-maddox-amiche-parco-sabato\/#primaryimage"},"thumbnailUrl":"http:\/\/files.gossip.it\/immagini_news\/2017\/03\/1489402904_satta_salvemini_1.jpg","keywords":["amiche","figlia","figlio","maddox","milano","modella","paparazzata","parco","sabato","showgirl","sofia","velina"],"articleSection":["News"],"inLanguage":"it-IT"},{"@type":"WebPage","@id":"https:\/\/www.gossip.it\/news\/melissa-satta-maddox-amiche-parco-sabato\/","url":"https:\/\/www.gossip.it\/news\/melissa-satta-maddox-amiche-parco-sabato\/","name":"Melissa Satta, sabato al parco con le amiche e Maddox - Gossip.it | News sul Gossip e VIP","isPartOf":{"@id":"https:\/\/www.gossip.it\/#website"},"primaryImageOfPage":{"@id":"https:\/\/www.gossip.it\/news\/melissa-satta-maddox-amiche-parco-sabato\/#primaryimage"},"image":{"@id":"https:\/\/www.gossip.it\/news\/melissa-satta-maddox-amiche-parco-sabato\/#primaryimage"},"thumbnailUrl":"http:\/\/files.gossip.it\/immagini_news\/2017\/03\/1489402904_satta_salvemini_1.jpg","datePublished":"2017-03-12T23:00:00+00:00","dateModified":"2017-03-12T23:00:00+00:00","description":"Melissa Satta ha trascorso un bellissimo e assolato sabato al parco con il figlioletto Maddox e le amiche. Insieme alla 31enne Simona Salvemini, da cui","breadcrumb":{"@id":"https:\/\/www.gossip.it\/news\/melissa-satta-maddox-amiche-parco-sabato\/#breadcrumb"},"inLanguage":"it-IT","potentialAction":[{"@type":"ReadAction","target":["https:\/\/www.gossip.it\/news\/melissa-satta-maddox-amiche-parco-sabato\/"]}]},{"@type":"ImageObject","inLanguage":"it-IT","@id":"https:\/\/www.gossip.it\/news\/melissa-satta-maddox-amiche-parco-sabato\/#primaryimage","url":"http:\/\/files.gossip.it\/immagini_news\/2017\/03\/1489402904_satta_salvemini_1.jpg","contentUrl":"http:\/\/files.gossip.it\/immagini_news\/2017\/03\/1489402904_satta_salvemini_1.jpg"},{"@type":"BreadcrumbList","@id":"https:\/\/www.gossip.it\/news\/melissa-satta-maddox-amiche-parco-sabato\/#breadcrumb","itemListElement":[{"@type":"ListItem","position":1,"name":"Home","item":"https:\/\/www.gossip.it\/"},{"@type":"ListItem","position":2,"name":"Melissa Satta, sabato al parco con le amiche e Maddox"}]},{"@type":"WebSite","@id":"https:\/\/www.gossip.it\/#website","url":"https:\/\/www.gossip.it\/","name":"Gossip and VIP News","description":"Quotidiano di cronaca rosa, costume e societ\u00e0","publisher":{"@id":"https:\/\/www.gossip.it\/#organization"},"alternateName":"Gossip and VIP News","potentialAction":[{"@type":"SearchAction","target":{"@type":"EntryPoint","urlTemplate":"https:\/\/www.gossip.it\/?s={search_term_string}"},"query-input":{"@type":"PropertyValueSpecification","valueRequired":true,"valueName":"search_term_string"}}],"inLanguage":"it-IT"},{"@type":"Organization","@id":"https:\/\/www.gossip.it\/#organization","name":"Gossip and VIP News","alternateName":"Gossip News","url":"https:\/\/www.gossip.it\/","logo":{"@type":"ImageObject","inLanguage":"it-IT","@id":"https:\/\/www.gossip.it\/#\/schema\/logo\/image\/","url":"https:\/\/www.gossip.it\/wp-content\/uploads\/2022\/04\/cropped-corna-alta-tiny.png","contentUrl":"https:\/\/www.gossip.it\/wp-content\/uploads\/2022\/04\/cropped-corna-alta-tiny.png","width":512,"height":512,"caption":"Gossip and VIP News"},"image":{"@id":"https:\/\/www.gossip.it\/#\/schema\/logo\/image\/"},"sameAs":["https:\/\/www.facebook.com\/GossipIT","https:\/\/x.com\/gossinews_it","https:\/\/instagram.com\/gossip_it"]},{"@type":"Person","@id":"https:\/\/www.gossip.it\/#\/schema\/person\/488896f75158bff1cc83c6c39d141110","name":"La Redazione","image":{"@type":"ImageObject","inLanguage":"it-IT","@id":"https:\/\/www.gossip.it\/#\/schema\/person\/image\/","url":"https:\/\/secure.gravatar.com\/avatar\/5a5f5c6fa3e6700e4249abdad0263a1e94e927d9e0499b1cb09c1cd29c044d80?s=96&d=mm&r=g","contentUrl":"https:\/\/secure.gravatar.com\/avatar\/5a5f5c6fa3e6700e4249abdad0263a1e94e927d9e0499b1cb09c1cd29c044d80?s=96&d=mm&r=g","caption":"La Redazione"},"sameAs":["https:\/\/www.gossip.it"]}]}},"amp_enabled":true,"_links":{"self":[{"href":"https:\/\/www.gossip.it\/api\/wp\/v2\/posts\/57599","targetHints":{"allow":["GET"]}}],"collection":[{"href":"https:\/\/www.gossip.it\/api\/wp\/v2\/posts"}],"about":[{"href":"https:\/\/www.gossip.it\/api\/wp\/v2\/types\/post"}],"author":[{"embeddable":true,"href":"https:\/\/www.gossip.it\/api\/wp\/v2\/users\/1"}],"replies":[{"embeddable":true,"href":"https:\/\/www.gossip.it\/api\/wp\/v2\/comments?post=57599"}],"version-history":[{"count":0,"href":"https:\/\/www.gossip.it\/api\/wp\/v2\/posts\/57599\/revisions"}],"wp:featuredmedia":[{"embeddable":true,"href":"https:\/\/www.gossip.it\/api\/wp\/v2\/media\/113645"}],"wp:attachment":[{"href":"https:\/\/www.gossip.it\/api\/wp\/v2\/media?parent=57599"}],"wp:term":[{"taxonomy":"category","embeddable":true,"href":"https:\/\/www.gossip.it\/api\/wp\/v2\/categories?post=57599"},{"taxonomy":"post_tag","embeddable":true,"href":"https:\/\/www.gossip.it\/api\/wp\/v2\/tags?post=57599"},{"taxonomy":"vip","embeddable":true,"href":"https:\/\/www.gossip.it\/api\/wp\/v2\/vip?post=57599"}],"curies":[{"name":"wp","href":"https:\/\/api.w.org\/{rel}","templated":true}]}}