{"id":57623,"date":"2017-03-15T00:00:00","date_gmt":"2017-03-14T23:00:00","guid":{"rendered":"https:\/\/www.gossip.it\/senza-categoria\/isola-12-rocco-siffredi-contro-samantha-de-grenet\/"},"modified":"2017-03-15T00:00:00","modified_gmt":"2017-03-14T23:00:00","slug":"isola-12-rocco-siffredi-contro-samantha-de-grenet","status":"publish","type":"post","link":"https:\/\/www.gossip.it\/news\/isola-12-rocco-siffredi-contro-samantha-de-grenet\/","title":{"rendered":"Isola 12: Rocco Siffredi contro Samantha De Grenet"},"content":{"rendered":"<p>Clima surriscaldato all'<a href=\"\/vip\/isola-12\/\">Isola 12<\/a>. Durante la settima puntata del <a href=\"\/vip\/reality-show\/\">reality show<\/a> <a href=\"\/vip\/rocco-siffredi\/\">Rocco Siffredi<\/a> in studio a Milano, tornato dall'Honduras dopo una settimana da <em>'naufrago ospite'<\/em>, dice la sua su <a href=\"\/vip\/samantha-de grenet\/\">Samantha De Grenet<\/a>. Va <strong>contro<\/strong> la mora senza peli sulla lingua. Gi\u00e0 nei confessionali dal posto aveva definito la <a href=\"\/vip\/showgirl\/\">showgirl<\/a> e l'amico <a href=\"\/vip\/giulio-base\/\">Giulio Base<\/a> ironicamente <em>'la Roma bene'<\/em>, appellando Sam come <em>'la Regina'<\/em> che tira i fili del gioco.<\/p>\n<figure class=\"caption\"><img decoding=\"async\" alt=\"\" width=\"640\" height=\"373\" src=\"http:\/\/files.gossip.it\/immagini_news\/2017\/03\/1489575410_rocco_samantha_polemica_1.jpg\" \/><figcaption>Rocco Sifredi, tornato dall'Honduras, all'Isola 12 si scontra con Samantha De Grenet<\/figcaption><\/figure>\n<p><strong>Rocco Siffredi <\/strong>all'<strong>Isola 12<\/strong> va <strong>contro Samantha De Grenet<\/strong>, pensa sia una stratega autoritaria. Per lui questa <a href=\"\/vip\/isola\/\">Isola<\/a> \u00e8<em> 'molto matriarcale'<\/em>.\u00a0<span style=\"line-height: 1.6em;\"><em>\"Appena ci siamo incontrati la prima volta, hai fatto uno switch come i rettili e sei diventata la mia fan numero 1. L\u00ec ho capito chi \u00e8 Samantha\"<\/em>, dice <strong>Rocco Siffredi<\/strong>.\u00a0<\/span><\/p>\n<figure class=\"caption\"><img decoding=\"async\" alt=\"\" width=\"640\" height=\"368\" src=\"http:\/\/files.gossip.it\/immagini_news\/2017\/03\/1489575469_rocco_samantha_polemica_2.jpg\" \/><figcaption>Il pornodivo accusa la 46enne di essere autoritaria e falsa<\/figcaption><\/figure>\n<p>Non si ferma, continua la sua requisitoria <strong>contro Samantha De Grenet<\/strong>. <em>\"Ti osservo da qualche settimana, ma all'Isola ne ho avuto la conferma<\/em> - sottolinea il pornodivo - \u00a0<em>Sei la leader insieme a Raz, la personalit\u00e0 ce l'avete solo voi due. Non \u00e8 che ce l'ho con te, ma un po' s\u00ec. Io preferisco lui perch\u00e9 ci mette la faccia, tu l'hai fatta mettere agli altri. Lavori con la psicologia, sei una maga. Eva \u00e8 l'unica fuori dai sudditi, che si \u00e8 ribellata\"<\/em>.<\/p>\n<figure class=\"caption\"><img decoding=\"async\" alt=\"\" width=\"640\" height=\"363\" src=\"http:\/\/files.gossip.it\/immagini_news\/2017\/03\/1489575505_rocco_samantha_polemica_3.jpg\" \/><figcaption>La polemica tra i due \u00e8 molto accesa<\/figcaption><\/figure>\n<p><em>\"Io non credo di essere n\u00e9 una complottatrice e n\u00e9 la regina di nessuno, In quanto a Rocco non ho null'altro da dire. Ha un pregiudizio su di me\u201d<\/em>, si difende <strong>Samantha De Grenet<\/strong>. Lui va <strong>contro<\/strong> e la 46enne, lei ci mete una pezza, infastidita da tutta la vicenda.<\/p>\n<figure class=\"caption\"><img decoding=\"async\" alt=\"\" width=\"640\" height=\"368\" src=\"http:\/\/files.gossip.it\/immagini_news\/2017\/03\/1489575533_rocco_samantha_polemica_4.jpg\" \/><figcaption>Sam cerca di difendersi dalle accuse di Rocco, che sta dalla parte di Raz Degan<\/figcaption><\/figure>\n<p><em>\"Se c'\u00e8 una che la faccia ce la mette sono io\"<\/em>, continua \u00a0Samantha durante la diretta dell'<strong>Isola 12<\/strong>. <a href=\"\/vip\/raz-degan\/\">Raz Degan<\/a> in Palapa ascolta e ride. Il <a href=\"\/vip\/modello\/\">modello<\/a> 48enne ci mette il carico. <em>\"<\/em><span style=\"line-height: 1.6em;\"><em>Lei \u00e8 la principessa Crudelia DeMon, Giulio Base \u00e8 il marchese Galileo. E pensare che nelle prime settimane ti ho dato la mia coperta, ti ho costruito un riparo\"<\/em>, sottolinea.\u00a0<\/span><span style=\"line-height: 1.6em;\"><em>\"Semmai sono una baronessa\"<\/em>, replica stizzita la De Grenet.<\/span><\/p>\n<div class=\"video_integrato\" data-videoid=\"4447\" data-autostart=\"true\">\u00a0<\/div>\n<p><strong>Rocco Siffredi<\/strong> e <strong>Samantha De Grenet<\/strong> non sono diventati amici. Il 52enne dallo studio pi\u00f9 volte fa vedere come il comportamente della naufraga non gli piaccia affatto. La <a href=\"\/vip\/showgirl\/\">showgirl<\/a> e opinionista gli precisa: <em>\"Non sono falsa, sono sempre cos\u00ec, chi mi conosce lo sa\"<\/em>. <em>\"E allora sei nata falsa\"<\/em>, controbatte lui, che poi assister\u00e0 alla sua <em>'incoronazione'<\/em>. E' proprio Sam la leader della settimana.<\/p>\n<p>\u00a0<\/p>\n","protected":false},"excerpt":{"rendered":"<p>Clima surriscaldato all'Isola 12. Durante la settima puntata del reality show Rocco Siffredi in studio a Milano, tornato dall'Honduras dopo una settimana da 'naufrago ospite', dice la sua su Samantha De Grenet. Va contro la mora senza peli sulla lingua. Gi\u00e0 nei confessionali dal posto aveva definito la showgirl e l'amico Giulio Base ironicamente 'la [&hellip;]<\/p>\n","protected":false},"author":1,"featured_media":113669,"comment_status":"closed","ping_status":"closed","sticky":false,"template":"","format":"standard","meta":{"footnotes":""},"categories":[54],"tags":[2137,2256,2102,2199,10649,2095,54899,4444,4488,35693,1934,2128,1967,55232],"vip":[275,1546,1601,1649],"class_list":["post-57623","post","type-post","status-publish","format-standard","has-post-thumbnail","hentry","category-news","tag-attore","tag-contro","tag-dichiarazioni","tag-isola","tag-isola-12","tag-isola-dei-famosi","tag-isola-dei-famosi-12","tag-naufraga","tag-naufrago","tag-pornodivo","tag-reality","tag-reality-show","tag-showgirl","tag-tv-canale-5","vip-alessia_marcuzzi","vip-raz_degan","vip-rocco_siffredi","vip-samantha_de_grenet"],"yoast_head":"<title>Isola 12: Rocco Siffredi contro Samantha De Grenet - Gossip.it | News sul Gossip e VIP<\/title>\n<meta name=\"description\" content=\"Clima surriscaldato all&#039;Isola 12. Durante la settima puntata del reality show Rocco Siffredi in studio a Milano, tornato dall&#039;Honduras dopo una settimana\" \/>\n<meta name=\"robots\" content=\"index, follow, max-snippet:-1, max-image-preview:large, max-video-preview:-1\" \/>\n<link rel=\"canonical\" href=\"https:\/\/www.gossip.it\/news\/isola-12-rocco-siffredi-contro-samantha-de-grenet\/\" \/>\n<meta property=\"og:locale\" content=\"it_IT\" \/>\n<meta property=\"og:type\" content=\"article\" \/>\n<meta property=\"og:title\" content=\"Isola 12: Rocco Siffredi contro Samantha De Grenet - Gossip.it | News sul Gossip e VIP\" \/>\n<meta property=\"og:description\" content=\"Clima surriscaldato all&#039;Isola 12. Durante la settima puntata del reality show Rocco Siffredi in studio a Milano, tornato dall&#039;Honduras dopo una settimana\" \/>\n<meta property=\"og:url\" content=\"https:\/\/www.gossip.it\/news\/isola-12-rocco-siffredi-contro-samantha-de-grenet\/\" \/>\n<meta property=\"og:site_name\" content=\"Gossip.it | News sul Gossip e VIP\" \/>\n<meta property=\"article:publisher\" content=\"https:\/\/www.facebook.com\/GossipIT\" \/>\n<meta property=\"article:published_time\" content=\"2017-03-14T23:00:00+00:00\" \/>\n<meta property=\"og:image\" content=\"http:\/\/files.gossip.it\/immagini_news\/2017\/03\/1489575410_rocco_samantha_polemica_1.jpg\" \/>\n<meta name=\"author\" content=\"La Redazione\" \/>\n<meta name=\"twitter:card\" content=\"summary_large_image\" \/>\n<meta name=\"twitter:image\" content=\"http:\/\/files.gossip.it\/immagini_news\/2017\/03\/1489575410_rocco_samantha_polemica_1.jpg\" \/>\n<meta name=\"twitter:creator\" content=\"@gossinews_it\" \/>\n<meta name=\"twitter:site\" content=\"@gossinews_it\" \/>\n<meta name=\"twitter:label1\" content=\"Scritto da\" \/>\n\t<meta name=\"twitter:data1\" content=\"Annamaria Capozzi\" \/>\n\t<meta name=\"twitter:label2\" content=\"Tempo di lettura stimato\" \/>\n\t<meta name=\"twitter:data2\" content=\"2 minuti\" \/>","yoast_head_json":{"title":"Isola 12: Rocco Siffredi contro Samantha De Grenet - Gossip.it | News sul Gossip e VIP","description":"Clima surriscaldato all'Isola 12. Durante la settima puntata del reality show Rocco Siffredi in studio a Milano, tornato dall'Honduras dopo una settimana","robots":{"index":"index","follow":"follow","max-snippet":"max-snippet:-1","max-image-preview":"max-image-preview:large","max-video-preview":"max-video-preview:-1"},"canonical":"https:\/\/www.gossip.it\/news\/isola-12-rocco-siffredi-contro-samantha-de-grenet\/","og_locale":"it_IT","og_type":"article","og_title":"Isola 12: Rocco Siffredi contro Samantha De Grenet - Gossip.it | News sul Gossip e VIP","og_description":"Clima surriscaldato all'Isola 12. Durante la settima puntata del reality show Rocco Siffredi in studio a Milano, tornato dall'Honduras dopo una settimana","og_url":"https:\/\/www.gossip.it\/news\/isola-12-rocco-siffredi-contro-samantha-de-grenet\/","og_site_name":"Gossip.it | News sul Gossip e VIP","article_publisher":"https:\/\/www.facebook.com\/GossipIT","article_published_time":"2017-03-14T23:00:00+00:00","og_image":[{"url":"http:\/\/files.gossip.it\/immagini_news\/2017\/03\/1489575410_rocco_samantha_polemica_1.jpg"}],"author":"La Redazione","twitter_card":"summary_large_image","twitter_image":"http:\/\/files.gossip.it\/immagini_news\/2017\/03\/1489575410_rocco_samantha_polemica_1.jpg","twitter_creator":"@gossinews_it","twitter_site":"@gossinews_it","twitter_misc":{"Scritto da":"Annamaria Capozzi","Tempo di lettura stimato":"2 minuti"},"schema":{"@context":"https:\/\/schema.org","@graph":[{"@type":"Article","@id":"https:\/\/www.gossip.it\/news\/isola-12-rocco-siffredi-contro-samantha-de-grenet\/#article","isPartOf":{"@id":"https:\/\/www.gossip.it\/news\/isola-12-rocco-siffredi-contro-samantha-de-grenet\/"},"author":{"name":"La Redazione","@id":"https:\/\/www.gossip.it\/#\/schema\/person\/488896f75158bff1cc83c6c39d141110"},"headline":"Isola 12: Rocco Siffredi contro Samantha De Grenet","datePublished":"2017-03-14T23:00:00+00:00","dateModified":"2017-03-14T23:00:00+00:00","mainEntityOfPage":{"@id":"https:\/\/www.gossip.it\/news\/isola-12-rocco-siffredi-contro-samantha-de-grenet\/"},"wordCount":440,"publisher":{"@id":"https:\/\/www.gossip.it\/#organization"},"image":{"@id":"https:\/\/www.gossip.it\/news\/isola-12-rocco-siffredi-contro-samantha-de-grenet\/#primaryimage"},"thumbnailUrl":"http:\/\/files.gossip.it\/immagini_news\/2017\/03\/1489575410_rocco_samantha_polemica_1.jpg","keywords":["attore","contro","dichiarazioni","isola","isola 12","isola dei famosi","isola dei famosi 12","naufraga","naufrago","pornodivo","reality","reality show","showgirl","tv canale 5"],"articleSection":["News"],"inLanguage":"it-IT"},{"@type":"WebPage","@id":"https:\/\/www.gossip.it\/news\/isola-12-rocco-siffredi-contro-samantha-de-grenet\/","url":"https:\/\/www.gossip.it\/news\/isola-12-rocco-siffredi-contro-samantha-de-grenet\/","name":"Isola 12: Rocco Siffredi contro Samantha De Grenet - Gossip.it | News sul Gossip e VIP","isPartOf":{"@id":"https:\/\/www.gossip.it\/#website"},"primaryImageOfPage":{"@id":"https:\/\/www.gossip.it\/news\/isola-12-rocco-siffredi-contro-samantha-de-grenet\/#primaryimage"},"image":{"@id":"https:\/\/www.gossip.it\/news\/isola-12-rocco-siffredi-contro-samantha-de-grenet\/#primaryimage"},"thumbnailUrl":"http:\/\/files.gossip.it\/immagini_news\/2017\/03\/1489575410_rocco_samantha_polemica_1.jpg","datePublished":"2017-03-14T23:00:00+00:00","dateModified":"2017-03-14T23:00:00+00:00","description":"Clima surriscaldato all'Isola 12. Durante la settima puntata del reality show Rocco Siffredi in studio a Milano, tornato dall'Honduras dopo una settimana","breadcrumb":{"@id":"https:\/\/www.gossip.it\/news\/isola-12-rocco-siffredi-contro-samantha-de-grenet\/#breadcrumb"},"inLanguage":"it-IT","potentialAction":[{"@type":"ReadAction","target":["https:\/\/www.gossip.it\/news\/isola-12-rocco-siffredi-contro-samantha-de-grenet\/"]}]},{"@type":"ImageObject","inLanguage":"it-IT","@id":"https:\/\/www.gossip.it\/news\/isola-12-rocco-siffredi-contro-samantha-de-grenet\/#primaryimage","url":"http:\/\/files.gossip.it\/immagini_news\/2017\/03\/1489575410_rocco_samantha_polemica_1.jpg","contentUrl":"http:\/\/files.gossip.it\/immagini_news\/2017\/03\/1489575410_rocco_samantha_polemica_1.jpg"},{"@type":"BreadcrumbList","@id":"https:\/\/www.gossip.it\/news\/isola-12-rocco-siffredi-contro-samantha-de-grenet\/#breadcrumb","itemListElement":[{"@type":"ListItem","position":1,"name":"Home","item":"https:\/\/www.gossip.it\/"},{"@type":"ListItem","position":2,"name":"Isola 12: Rocco Siffredi contro Samantha De Grenet"}]},{"@type":"WebSite","@id":"https:\/\/www.gossip.it\/#website","url":"https:\/\/www.gossip.it\/","name":"Gossip and VIP News","description":"Quotidiano di cronaca rosa, costume e societ\u00e0","publisher":{"@id":"https:\/\/www.gossip.it\/#organization"},"alternateName":"Gossip and VIP News","potentialAction":[{"@type":"SearchAction","target":{"@type":"EntryPoint","urlTemplate":"https:\/\/www.gossip.it\/?s={search_term_string}"},"query-input":{"@type":"PropertyValueSpecification","valueRequired":true,"valueName":"search_term_string"}}],"inLanguage":"it-IT"},{"@type":"Organization","@id":"https:\/\/www.gossip.it\/#organization","name":"Gossip and VIP News","alternateName":"Gossip News","url":"https:\/\/www.gossip.it\/","logo":{"@type":"ImageObject","inLanguage":"it-IT","@id":"https:\/\/www.gossip.it\/#\/schema\/logo\/image\/","url":"https:\/\/www.gossip.it\/wp-content\/uploads\/2022\/04\/cropped-corna-alta-tiny.png","contentUrl":"https:\/\/www.gossip.it\/wp-content\/uploads\/2022\/04\/cropped-corna-alta-tiny.png","width":512,"height":512,"caption":"Gossip and VIP News"},"image":{"@id":"https:\/\/www.gossip.it\/#\/schema\/logo\/image\/"},"sameAs":["https:\/\/www.facebook.com\/GossipIT","https:\/\/x.com\/gossinews_it","https:\/\/instagram.com\/gossip_it"]},{"@type":"Person","@id":"https:\/\/www.gossip.it\/#\/schema\/person\/488896f75158bff1cc83c6c39d141110","name":"La Redazione","image":{"@type":"ImageObject","inLanguage":"it-IT","@id":"https:\/\/www.gossip.it\/#\/schema\/person\/image\/","url":"https:\/\/secure.gravatar.com\/avatar\/5a5f5c6fa3e6700e4249abdad0263a1e94e927d9e0499b1cb09c1cd29c044d80?s=96&d=mm&r=g","contentUrl":"https:\/\/secure.gravatar.com\/avatar\/5a5f5c6fa3e6700e4249abdad0263a1e94e927d9e0499b1cb09c1cd29c044d80?s=96&d=mm&r=g","caption":"La Redazione"},"sameAs":["https:\/\/www.gossip.it"]}]}},"amp_enabled":true,"_links":{"self":[{"href":"https:\/\/www.gossip.it\/api\/wp\/v2\/posts\/57623","targetHints":{"allow":["GET"]}}],"collection":[{"href":"https:\/\/www.gossip.it\/api\/wp\/v2\/posts"}],"about":[{"href":"https:\/\/www.gossip.it\/api\/wp\/v2\/types\/post"}],"author":[{"embeddable":true,"href":"https:\/\/www.gossip.it\/api\/wp\/v2\/users\/1"}],"replies":[{"embeddable":true,"href":"https:\/\/www.gossip.it\/api\/wp\/v2\/comments?post=57623"}],"version-history":[{"count":0,"href":"https:\/\/www.gossip.it\/api\/wp\/v2\/posts\/57623\/revisions"}],"wp:featuredmedia":[{"embeddable":true,"href":"https:\/\/www.gossip.it\/api\/wp\/v2\/media\/113669"}],"wp:attachment":[{"href":"https:\/\/www.gossip.it\/api\/wp\/v2\/media?parent=57623"}],"wp:term":[{"taxonomy":"category","embeddable":true,"href":"https:\/\/www.gossip.it\/api\/wp\/v2\/categories?post=57623"},{"taxonomy":"post_tag","embeddable":true,"href":"https:\/\/www.gossip.it\/api\/wp\/v2\/tags?post=57623"},{"taxonomy":"vip","embeddable":true,"href":"https:\/\/www.gossip.it\/api\/wp\/v2\/vip?post=57623"}],"curies":[{"name":"wp","href":"https:\/\/api.w.org\/{rel}","templated":true}]}}