{"id":58040,"date":"2017-05-05T00:00:00","date_gmt":"2017-05-04T22:00:00","guid":{"rendered":"https:\/\/www.gossip.it\/senza-categoria\/chiara-ferragni-party-30-anni\/"},"modified":"2017-05-05T00:00:00","modified_gmt":"2017-05-04T22:00:00","slug":"chiara-ferragni-party-30-anni","status":"publish","type":"post","link":"https:\/\/www.gossip.it\/news\/chiara-ferragni-party-30-anni\/","title":{"rendered":"Chiara Ferragni, super party per i 30 anni: \u00e8 polemica sul look"},"content":{"rendered":"<p><a href=\"\/vip\/chiara-ferragni\/\">Chiara Ferragni<\/a> il prossimo 7 maggio compir\u00e0 <strong>30 anni<\/strong>. La fashion blogger, contro ogni superstizione, ha deciso di anticipare i festeggiamenti per il compleanno e ha organizzato un super <strong>party<\/strong> in un noto locale di Milano con tanti amici e collaboratori. Presenti anche volti noti dello showbiz e non solo. Per festeggiarla \u00e8 arrivato, non poteva essere altrimenti, pure il fidanzato, <a href=\"\/vip\/fedez\/\">Fedez<\/a>, rimasto a Los Angeles qualche giorno in pi\u00f9 per girare un videoclip.<\/p>\n<figure class=\"caption\"><img decoding=\"async\" alt=\"\" width=\"640\" height=\"902\" src=\"https:\/\/files.gossip.it\/immagini_news\/2017\/05\/1493977125_chiara_ferragni_1.jpg\" \/><figcaption>Chiara Ferragni festeggia i 30 anni con un party a Milano: il look della fashion blogger<\/figcaption><\/figure>\n<p><strong>Party<\/strong> esclusivo nel capoluogo lombardo per i <strong>30 anni<\/strong>. <strong>Chiara Ferragni<\/strong> non ha badato a spese. Per i tanti ospiti, anche uno spazio per i selfie. In giro molte silhouette cartonate della festeggiata, per giocare e fare foto a pi\u00f9 non posso, tutte postate sui social, dove a furoreggiato l'hashtag <em>\u00a0#chiara30<\/em>.<\/p>\n<div class=\"video_integrato\" data-videoid=\"4565\" data-autostart=\"true\">\u00a0<\/div>\n<figure class=\"caption\"><img decoding=\"async\" alt=\"\" width=\"640\" height=\"806\" src=\"https:\/\/files.gossip.it\/immagini_news\/2017\/05\/1493977186_chiara_ferragni_2.jpg\" \/><figcaption>Il vestito scelto dalla bionda ha creato polemica sui social<\/figcaption><\/figure>\n<p>Il <strong>party<\/strong> tra video celebrativi in cui tutti hanno fatto gli auguri alla bella e le hanno detto quanto sia speciale, balli, brindisi e cori da stadio \u00e8 andato avanti fino a notte fonda.<\/p>\n<figure class=\"caption\"><img decoding=\"async\" alt=\"\" width=\"640\" height=\"628\" src=\"https:\/\/files.gossip.it\/immagini_news\/2017\/05\/1493977475_chiara_ferragni_4.jpg\" \/><figcaption>La festeggiata davanti alle sue silhouette cartonate<\/figcaption><\/figure>\n<figure class=\"caption\"><img decoding=\"async\" alt=\"\" width=\"640\" height=\"814\" src=\"https:\/\/files.gossip.it\/immagini_news\/2017\/05\/1493977518_chiara_ferragni_5.jpg\" \/><figcaption>La Ferragni con la mamma e le sorelle<\/figcaption><\/figure>\n<p>Fedez non ha mai perso di vista <strong>Chiara Ferragni<\/strong>, che per l'occasione ha indossato un micro abito argentato scollatissimo e cortissimo. Ma \u00e8 proprio il look della blogger che ha creato polemica sul network.<\/p>\n<figure class=\"caption\"><img decoding=\"async\" alt=\"\" width=\"640\" height=\"639\" src=\"https:\/\/files.gossip.it\/immagini_news\/2017\/05\/1493977557_chiara_ferragni_6.jpg\" \/><figcaption>Chiara e Fedez alla festa<\/figcaption><\/figure>\n<figure class=\"caption\"><img decoding=\"async\" alt=\"\" width=\"640\" height=\"645\" src=\"https:\/\/files.gossip.it\/immagini_news\/2017\/05\/1493977607_chiara_ferragni_7.jpg\" \/><figcaption>Il rapper si diverte a fare musica con accanto l'amico Fabio Rovazzi<\/figcaption><\/figure>\n<p>Critiche a non finire dal popolo della rete per la ragazza, che avrebbe <em>'copiato'<\/em> il vestito a <a href=\"\/vip\/kendall-jenner\/\">Kendall Jenner<\/a>, che a sua volta lo aveva copiato a <a href=\"\/vip\/paris-hilton\/\">Paris Hilton<\/a>.<\/p>\n<figure class=\"caption\"><img decoding=\"async\" alt=\"\" width=\"640\" height=\"623\" src=\"https:\/\/files.gossip.it\/immagini_news\/2017\/05\/1493977238_chiara_ferragni_3.jpg\" \/><figcaption>Chiara l'avrebbe 'copiato' a Kendall Jenner, che a sua volta l'aveva 'copiato' a Paris Hilton...<\/figcaption><\/figure>\n<p><em>\"Chiara Ferragni il tuo vestito non sar\u00e0 mai figo come il loro\"<\/em>, scrive uno dei maligni, postando la foto dei tre abiti a confronto. \u00a0<span style=\"line-height: 1.6em;\">E ancora:<\/span><em style=\"line-height: 1.6em;\"> \"<strong>Chiara Ferragni<\/strong> quel vestito solo se sei Kendall Jenner\"<\/em><span style=\"line-height: 1.6em;\">; \"<\/span><em style=\"line-height: 1.6em;\">Comunque mi aspettavo un vestito pi\u00f9 bello da <strong>Chiara Ferragni<\/strong> per i suoi <strong>30 anni<\/strong>\"<\/em><span style=\"line-height: 1.6em;\">; <\/span><em style=\"line-height: 1.6em;\">\"Allora Chiara per me \u00e8 no. Tema della festa l'originalit\u00e0. #chiara30 #loriginalit\u00e0 #chiaraiotiammiro #maNo #kendall21stbirthdaydress #paris21birthdaydres\"<\/em><span style=\"line-height: 1.6em;\">. Al momento nessuna replica dalla fashion blogger, di solito attentissima agli outfit.<\/span><\/p>\n<div class=\"video_integrato\" data-videoid=\"4559\" data-autostart=\"true\">\u00a0<\/div>\n<p>\u00a0<\/p>\n","protected":false},"excerpt":{"rendered":"<p>Chiara Ferragni il prossimo 7 maggio compir\u00e0 30 anni. La fashion blogger, contro ogni superstizione, ha deciso di anticipare i festeggiamenti per il compleanno e ha organizzato un super party in un noto locale di Milano con tanti amici e collaboratori. Presenti anche volti noti dello showbiz e non solo. Per festeggiarla \u00e8 arrivato, non [&hellip;]<\/p>\n","protected":false},"author":1,"featured_media":114086,"comment_status":"closed","ping_status":"closed","sticky":false,"template":"","format":"standard","meta":{"footnotes":""},"categories":[54],"tags":[2346,3363,8823,1904,7313,6035,1907,2121,11366,1970,1979,3099,10633,1965,2179,5463,1923,7346,2147],"vip":[481,1481],"class_list":["post-58040","post","type-post","status-publish","format-standard","has-post-thumbnail","hentry","category-news","tag-30-anni","tag-abito","tag-blogger","tag-compleanno","tag-fashion-blogger","tag-fedez","tag-festa","tag-instagram","tag-kendall-jenner","tag-look","tag-milano","tag-moda","tag-outfit","tag-party","tag-polemica","tag-rapper","tag-social","tag-twitter","tag-vestito","vip-chiara_ferragni","vip-paris_hilton"],"yoast_head":"<title>Chiara Ferragni, super party per i 30 anni: \u00e8 polemica sul look - Gossip.it | News sul Gossip e VIP<\/title>\n<meta name=\"description\" content=\"Chiara Ferragni il prossimo 7 maggio compir\u00e0 30 anni. La fashion blogger, contro ogni superstizione, ha deciso di anticipare i festeggiamenti per il\" \/>\n<meta name=\"robots\" content=\"index, follow, max-snippet:-1, max-image-preview:large, max-video-preview:-1\" \/>\n<link rel=\"canonical\" href=\"https:\/\/www.gossip.it\/news\/chiara-ferragni-party-30-anni\/\" \/>\n<meta property=\"og:locale\" content=\"it_IT\" \/>\n<meta property=\"og:type\" content=\"article\" \/>\n<meta property=\"og:title\" content=\"Chiara Ferragni, super party per i 30 anni: \u00e8 polemica sul look - Gossip.it | News sul Gossip e VIP\" \/>\n<meta property=\"og:description\" content=\"Chiara Ferragni il prossimo 7 maggio compir\u00e0 30 anni. La fashion blogger, contro ogni superstizione, ha deciso di anticipare i festeggiamenti per il\" \/>\n<meta property=\"og:url\" content=\"https:\/\/www.gossip.it\/news\/chiara-ferragni-party-30-anni\/\" \/>\n<meta property=\"og:site_name\" content=\"Gossip.it | News sul Gossip e VIP\" \/>\n<meta property=\"article:publisher\" content=\"https:\/\/www.facebook.com\/GossipIT\" \/>\n<meta property=\"article:published_time\" content=\"2017-05-04T22:00:00+00:00\" \/>\n<meta property=\"og:image\" content=\"https:\/\/files.gossip.it\/immagini_news\/2017\/05\/1493977125_chiara_ferragni_1.jpg\" \/>\n<meta name=\"author\" content=\"La Redazione\" \/>\n<meta name=\"twitter:card\" content=\"summary_large_image\" \/>\n<meta name=\"twitter:image\" content=\"https:\/\/files.gossip.it\/immagini_news\/2017\/05\/1493977125_chiara_ferragni_1.jpg\" \/>\n<meta name=\"twitter:creator\" content=\"@gossinews_it\" \/>\n<meta name=\"twitter:site\" content=\"@gossinews_it\" \/>\n<meta name=\"twitter:label1\" content=\"Scritto da\" \/>\n\t<meta name=\"twitter:data1\" content=\"Annamaria Capozzi\" \/>\n\t<meta name=\"twitter:label2\" content=\"Tempo di lettura stimato\" \/>\n\t<meta name=\"twitter:data2\" content=\"2 minuti\" \/>","yoast_head_json":{"title":"Chiara Ferragni, super party per i 30 anni: \u00e8 polemica sul look - Gossip.it | News sul Gossip e VIP","description":"Chiara Ferragni il prossimo 7 maggio compir\u00e0 30 anni. La fashion blogger, contro ogni superstizione, ha deciso di anticipare i festeggiamenti per il","robots":{"index":"index","follow":"follow","max-snippet":"max-snippet:-1","max-image-preview":"max-image-preview:large","max-video-preview":"max-video-preview:-1"},"canonical":"https:\/\/www.gossip.it\/news\/chiara-ferragni-party-30-anni\/","og_locale":"it_IT","og_type":"article","og_title":"Chiara Ferragni, super party per i 30 anni: \u00e8 polemica sul look - Gossip.it | News sul Gossip e VIP","og_description":"Chiara Ferragni il prossimo 7 maggio compir\u00e0 30 anni. La fashion blogger, contro ogni superstizione, ha deciso di anticipare i festeggiamenti per il","og_url":"https:\/\/www.gossip.it\/news\/chiara-ferragni-party-30-anni\/","og_site_name":"Gossip.it | News sul Gossip e VIP","article_publisher":"https:\/\/www.facebook.com\/GossipIT","article_published_time":"2017-05-04T22:00:00+00:00","og_image":[{"url":"https:\/\/files.gossip.it\/immagini_news\/2017\/05\/1493977125_chiara_ferragni_1.jpg"}],"author":"La Redazione","twitter_card":"summary_large_image","twitter_image":"https:\/\/files.gossip.it\/immagini_news\/2017\/05\/1493977125_chiara_ferragni_1.jpg","twitter_creator":"@gossinews_it","twitter_site":"@gossinews_it","twitter_misc":{"Scritto da":"Annamaria Capozzi","Tempo di lettura stimato":"2 minuti"},"schema":{"@context":"https:\/\/schema.org","@graph":[{"@type":"Article","@id":"https:\/\/www.gossip.it\/news\/chiara-ferragni-party-30-anni\/#article","isPartOf":{"@id":"https:\/\/www.gossip.it\/news\/chiara-ferragni-party-30-anni\/"},"author":{"name":"La Redazione","@id":"https:\/\/www.gossip.it\/#\/schema\/person\/488896f75158bff1cc83c6c39d141110"},"headline":"Chiara Ferragni, super party per i 30 anni: \u00e8 polemica sul look","datePublished":"2017-05-04T22:00:00+00:00","dateModified":"2017-05-04T22:00:00+00:00","mainEntityOfPage":{"@id":"https:\/\/www.gossip.it\/news\/chiara-ferragni-party-30-anni\/"},"wordCount":382,"publisher":{"@id":"https:\/\/www.gossip.it\/#organization"},"image":{"@id":"https:\/\/www.gossip.it\/news\/chiara-ferragni-party-30-anni\/#primaryimage"},"thumbnailUrl":"https:\/\/files.gossip.it\/immagini_news\/2017\/05\/1493977125_chiara_ferragni_1.jpg","keywords":["30 anni","abito","blogger","compleanno","fashion blogger","fedez","festa","instagram","kendall jenner","look","milano","moda","outfit","party","polemica","rapper","social","twitter","vestito"],"articleSection":["News"],"inLanguage":"it-IT"},{"@type":"WebPage","@id":"https:\/\/www.gossip.it\/news\/chiara-ferragni-party-30-anni\/","url":"https:\/\/www.gossip.it\/news\/chiara-ferragni-party-30-anni\/","name":"Chiara Ferragni, super party per i 30 anni: \u00e8 polemica sul look - Gossip.it | News sul Gossip e VIP","isPartOf":{"@id":"https:\/\/www.gossip.it\/#website"},"primaryImageOfPage":{"@id":"https:\/\/www.gossip.it\/news\/chiara-ferragni-party-30-anni\/#primaryimage"},"image":{"@id":"https:\/\/www.gossip.it\/news\/chiara-ferragni-party-30-anni\/#primaryimage"},"thumbnailUrl":"https:\/\/files.gossip.it\/immagini_news\/2017\/05\/1493977125_chiara_ferragni_1.jpg","datePublished":"2017-05-04T22:00:00+00:00","dateModified":"2017-05-04T22:00:00+00:00","description":"Chiara Ferragni il prossimo 7 maggio compir\u00e0 30 anni. La fashion blogger, contro ogni superstizione, ha deciso di anticipare i festeggiamenti per il","breadcrumb":{"@id":"https:\/\/www.gossip.it\/news\/chiara-ferragni-party-30-anni\/#breadcrumb"},"inLanguage":"it-IT","potentialAction":[{"@type":"ReadAction","target":["https:\/\/www.gossip.it\/news\/chiara-ferragni-party-30-anni\/"]}]},{"@type":"ImageObject","inLanguage":"it-IT","@id":"https:\/\/www.gossip.it\/news\/chiara-ferragni-party-30-anni\/#primaryimage","url":"https:\/\/files.gossip.it\/immagini_news\/2017\/05\/1493977125_chiara_ferragni_1.jpg","contentUrl":"https:\/\/files.gossip.it\/immagini_news\/2017\/05\/1493977125_chiara_ferragni_1.jpg"},{"@type":"BreadcrumbList","@id":"https:\/\/www.gossip.it\/news\/chiara-ferragni-party-30-anni\/#breadcrumb","itemListElement":[{"@type":"ListItem","position":1,"name":"Home","item":"https:\/\/www.gossip.it\/"},{"@type":"ListItem","position":2,"name":"Chiara Ferragni, super party per i 30 anni: \u00e8 polemica sul look"}]},{"@type":"WebSite","@id":"https:\/\/www.gossip.it\/#website","url":"https:\/\/www.gossip.it\/","name":"Gossip and VIP News","description":"Quotidiano di cronaca rosa, costume e societ\u00e0","publisher":{"@id":"https:\/\/www.gossip.it\/#organization"},"alternateName":"Gossip and VIP News","potentialAction":[{"@type":"SearchAction","target":{"@type":"EntryPoint","urlTemplate":"https:\/\/www.gossip.it\/?s={search_term_string}"},"query-input":{"@type":"PropertyValueSpecification","valueRequired":true,"valueName":"search_term_string"}}],"inLanguage":"it-IT"},{"@type":"Organization","@id":"https:\/\/www.gossip.it\/#organization","name":"Gossip and VIP News","alternateName":"Gossip News","url":"https:\/\/www.gossip.it\/","logo":{"@type":"ImageObject","inLanguage":"it-IT","@id":"https:\/\/www.gossip.it\/#\/schema\/logo\/image\/","url":"https:\/\/www.gossip.it\/wp-content\/uploads\/2022\/04\/cropped-corna-alta-tiny.png","contentUrl":"https:\/\/www.gossip.it\/wp-content\/uploads\/2022\/04\/cropped-corna-alta-tiny.png","width":512,"height":512,"caption":"Gossip and VIP News"},"image":{"@id":"https:\/\/www.gossip.it\/#\/schema\/logo\/image\/"},"sameAs":["https:\/\/www.facebook.com\/GossipIT","https:\/\/x.com\/gossinews_it","https:\/\/instagram.com\/gossip_it"]},{"@type":"Person","@id":"https:\/\/www.gossip.it\/#\/schema\/person\/488896f75158bff1cc83c6c39d141110","name":"La Redazione","image":{"@type":"ImageObject","inLanguage":"it-IT","@id":"https:\/\/www.gossip.it\/#\/schema\/person\/image\/","url":"https:\/\/secure.gravatar.com\/avatar\/5a5f5c6fa3e6700e4249abdad0263a1e94e927d9e0499b1cb09c1cd29c044d80?s=96&d=mm&r=g","contentUrl":"https:\/\/secure.gravatar.com\/avatar\/5a5f5c6fa3e6700e4249abdad0263a1e94e927d9e0499b1cb09c1cd29c044d80?s=96&d=mm&r=g","caption":"La Redazione"},"sameAs":["https:\/\/www.gossip.it"]}]}},"amp_enabled":true,"_links":{"self":[{"href":"https:\/\/www.gossip.it\/api\/wp\/v2\/posts\/58040","targetHints":{"allow":["GET"]}}],"collection":[{"href":"https:\/\/www.gossip.it\/api\/wp\/v2\/posts"}],"about":[{"href":"https:\/\/www.gossip.it\/api\/wp\/v2\/types\/post"}],"author":[{"embeddable":true,"href":"https:\/\/www.gossip.it\/api\/wp\/v2\/users\/1"}],"replies":[{"embeddable":true,"href":"https:\/\/www.gossip.it\/api\/wp\/v2\/comments?post=58040"}],"version-history":[{"count":0,"href":"https:\/\/www.gossip.it\/api\/wp\/v2\/posts\/58040\/revisions"}],"wp:featuredmedia":[{"embeddable":true,"href":"https:\/\/www.gossip.it\/api\/wp\/v2\/media\/114086"}],"wp:attachment":[{"href":"https:\/\/www.gossip.it\/api\/wp\/v2\/media?parent=58040"}],"wp:term":[{"taxonomy":"category","embeddable":true,"href":"https:\/\/www.gossip.it\/api\/wp\/v2\/categories?post=58040"},{"taxonomy":"post_tag","embeddable":true,"href":"https:\/\/www.gossip.it\/api\/wp\/v2\/tags?post=58040"},{"taxonomy":"vip","embeddable":true,"href":"https:\/\/www.gossip.it\/api\/wp\/v2\/vip?post=58040"}],"curies":[{"name":"wp","href":"https:\/\/api.w.org\/{rel}","templated":true}]}}