{"id":58042,"date":"2017-05-05T00:00:00","date_gmt":"2017-05-04T22:00:00","guid":{"rendered":"https:\/\/www.gossip.it\/senza-categoria\/belen-rodriguez-denim-day-roma\/"},"modified":"2017-05-05T00:00:00","modified_gmt":"2017-05-04T22:00:00","slug":"belen-rodriguez-denim-day-roma","status":"publish","type":"post","link":"https:\/\/www.gossip.it\/news\/belen-rodriguez-denim-day-roma\/","title":{"rendered":"Belen Rodriguez a Palazzo Barberini a Roma per il Denim Day"},"content":{"rendered":"<p><a href=\"\/vip\/belen-rodriguez\/\">Belen Rodriguez<\/a> a <strong>Roma<\/strong> si prende i riflettori con tanti altri vip a Palazzo Barberini. L'argentina, testimonial mondiale di Guess, \u00e8 volata nella Capitale per il <strong>Denim Day<\/strong>.<\/p>\n<figure class=\"caption\"><img decoding=\"async\" alt=\"\" width=\"640\" height=\"839\" src=\"https:\/\/files.gossip.it\/immagini_news\/2017\/05\/1493978829_belen_1.jpg\" \/><figcaption>Belen Rodriguez a Palazzo Barberini a Roma per il Denim Day<\/figcaption><\/figure>\n<p>Il <strong>Denim Day <\/strong>sar\u00e0 il prossimo 27 maggio. Per accrescerne la visibilit\u00e0 <a href=\"\/vip\/paul-marciano\/\">Paul Marciano<\/a> e la sua Guess Fondation hanno organizzato un evento speciale che ha fatto da preludio alla campagna di raccolta fondi prevista dal 20 al 27 maggio.<\/p>\n<p><strong>Belen Rodriguez<\/strong> \u00e8 fiera di essere il volto anche di questo progetto che fa del bene. Il <strong>Denim Day<\/strong> \u00e8 un evento globale a sostegno della lotta alla violenza sulle donne, lanciato dall\u2019associazione senza scopo di lucro Peace Over Violence. Pure in questo 2017 viene organizzato con The Circle Italia Onlus, la sezione italiana dell\u2019Ong The Circle, fondata da <a href=\"\/vip\/annie-lennox\/\">Annie Lennox<\/a> e portata in Italia da Livia Firth, moglie dell'<a href=\"\/vip\/attore\/\">attore<\/a> <a href=\"\/vip\/colin-firth\/\">Colin Firth<\/a>.<\/p>\n<p><strong>Belen Rodriguez<\/strong> a <strong>Roma<\/strong> ha posato per i tanti fotografi, insieme ad altre celebrit\u00e0, tra le quali <a href=\"\/vip\/raoul-bova\/\">Raoul Bova<\/a>, <a href=\"\/vip\/valeria-marini\/\">Valeria Marini<\/a>, il <a href=\"\/vip\/modello\/\">modello<\/a> <a href=\"\/vip\/stefano-sala\/\">Stefano Sala<\/a>, la <a href=\"\/vip\/modella\/\">modella<\/a> ed ex naufraga <a href=\"\/vip\/gracia-de torres\/\">Gracia de Torres<\/a> e molti altri.<\/p>\n<figure class=\"caption\"><img decoding=\"async\" alt=\"\" width=\"640\" height=\"628\" src=\"https:\/\/files.gossip.it\/immagini_news\/2017\/05\/1493978864_belen_2.jpg\" \/><figcaption>L'argentina 32enne con Paul Marciano,\u00a0direttore esecutivo e presidente del cda di Guess<\/figcaption><\/figure>\n<p>Per la <a href=\"\/vip\/showgirl\/\">showgirl<\/a>, in questi giorni impegnata con le registrazioni di \"<a href=\"\/vip\/selfie-- le cose cambiano\/\">Selfie - Le cose cambiano<\/a>\", mini dress nero con stampa a fiori. Ai piedi decolt\u00e8 sempre black, mini bag con tracolla, capelli sciolti e il sorriso che viene dalla serenit\u00e0 che ha conquistato anche nel privato, con <a href=\"\/vip\/andrea-iannone\/\">Andrea Iannone<\/a>.<\/p>\n<p>Il pilota di MotoGP \u00e8 a Jerez, in Spagna, per correre in pista con la sua Suzuki. Belen Rodriguez, presa dal lavoro, trova il tempo per la <a href=\"\/vip\/mondanit\u00e0\/\">mondanit\u00e0<\/a> che si mette al servizio del sociale a <strong>Roma<\/strong>.<\/p>\n<div class=\"video_integrato\" data-videoid=\"4563\" data-autostart=\"true\">\u00a0<\/div>\n<p><em>\"Non vedo nessuna contraddizione da parte mia che faccio jeans e ho sempre utilizzato per pubblicizzarli modelle sexy, da <\/em><a href=\"\/vip\/eva-herzigova\/\">Eva Herzigova<\/a><em> ad Anne Nicole Smith, a schierarmi contro la violenza alle donne. L'85% dei miei clienti sono donne e voglio ribadire il concetto che devono essere libere di vestire come vogliono, ma se dicono no a un uomo, vuol dire no\"<\/em>, ha sottolineato Paul Marciano, fondatore, direttore esecutivo e presidente del cda di Guess, quello che la scelto la 32enne come testimonial del suo brand, impegnato in prima persona con il<strong> Denim Day<\/strong>.<\/p>\n<p>\u00a0<\/p>\n<p>\u00a0<\/p>\n","protected":false},"excerpt":{"rendered":"<p>Belen Rodriguez a Roma si prende i riflettori con tanti altri vip a Palazzo Barberini. L'argentina, testimonial mondiale di Guess, \u00e8 volata nella Capitale per il Denim Day. Belen Rodriguez a Palazzo Barberini a Roma per il Denim Day Il Denim Day sar\u00e0 il prossimo 27 maggio. Per accrescerne la visibilit\u00e0 Paul Marciano e la [&hellip;]<\/p>\n","protected":false},"author":1,"featured_media":114088,"comment_status":"closed","ping_status":"closed","sticky":false,"template":"","format":"standard","meta":{"footnotes":""},"categories":[54],"tags":[10372,2098,12209,45043,2121,2654,56275,54529,1879,8631,55435,1967,8083,2097],"vip":[396],"class_list":["post-58042","post","type-post","status-publish","format-standard","has-post-thumbnail","hentry","category-news","tag-andrea-iannone","tag-canale-5","tag-day","tag-denim","tag-instagram","tag-mondanita","tag-palazzo-barberini","tag-paul-marciano","tag-roma","tag-selfie","tag-selfie-le-cose-cambiano","tag-showgirl","tag-socia","tag-tv","vip-belen_rodriguez"],"yoast_head":"<title>Belen Rodriguez a Palazzo Barberini a Roma per il Denim Day - Gossip.it | News sul Gossip e VIP<\/title>\n<meta name=\"description\" content=\"Belen Rodriguez a Roma si prende i riflettori con tanti altri vip a Palazzo Barberini. L&#039;argentina, testimonial mondiale di Guess, \u00e8 volata nella Capitale\" \/>\n<meta name=\"robots\" content=\"index, follow, max-snippet:-1, max-image-preview:large, max-video-preview:-1\" \/>\n<link rel=\"canonical\" href=\"https:\/\/www.gossip.it\/news\/belen-rodriguez-denim-day-roma\/\" \/>\n<meta property=\"og:locale\" content=\"it_IT\" \/>\n<meta property=\"og:type\" content=\"article\" \/>\n<meta property=\"og:title\" content=\"Belen Rodriguez a Palazzo Barberini a Roma per il Denim Day - Gossip.it | News sul Gossip e VIP\" \/>\n<meta property=\"og:description\" content=\"Belen Rodriguez a Roma si prende i riflettori con tanti altri vip a Palazzo Barberini. L&#039;argentina, testimonial mondiale di Guess, \u00e8 volata nella Capitale\" \/>\n<meta property=\"og:url\" content=\"https:\/\/www.gossip.it\/news\/belen-rodriguez-denim-day-roma\/\" \/>\n<meta property=\"og:site_name\" content=\"Gossip.it | News sul Gossip e VIP\" \/>\n<meta property=\"article:publisher\" content=\"https:\/\/www.facebook.com\/GossipIT\" \/>\n<meta property=\"article:published_time\" content=\"2017-05-04T22:00:00+00:00\" \/>\n<meta property=\"og:image\" content=\"https:\/\/files.gossip.it\/immagini_news\/2017\/05\/1493978829_belen_1.jpg\" \/>\n<meta name=\"author\" content=\"La Redazione\" \/>\n<meta name=\"twitter:card\" content=\"summary_large_image\" \/>\n<meta name=\"twitter:image\" content=\"https:\/\/files.gossip.it\/immagini_news\/2017\/05\/1493978829_belen_1.jpg\" \/>\n<meta name=\"twitter:creator\" content=\"@gossinews_it\" \/>\n<meta name=\"twitter:site\" content=\"@gossinews_it\" \/>\n<meta name=\"twitter:label1\" content=\"Scritto da\" \/>\n\t<meta name=\"twitter:data1\" content=\"Annamaria Capozzi\" \/>\n\t<meta name=\"twitter:label2\" content=\"Tempo di lettura stimato\" \/>\n\t<meta name=\"twitter:data2\" content=\"2 minuti\" \/>","yoast_head_json":{"title":"Belen Rodriguez a Palazzo Barberini a Roma per il Denim Day - Gossip.it | News sul Gossip e VIP","description":"Belen Rodriguez a Roma si prende i riflettori con tanti altri vip a Palazzo Barberini. L'argentina, testimonial mondiale di Guess, \u00e8 volata nella Capitale","robots":{"index":"index","follow":"follow","max-snippet":"max-snippet:-1","max-image-preview":"max-image-preview:large","max-video-preview":"max-video-preview:-1"},"canonical":"https:\/\/www.gossip.it\/news\/belen-rodriguez-denim-day-roma\/","og_locale":"it_IT","og_type":"article","og_title":"Belen Rodriguez a Palazzo Barberini a Roma per il Denim Day - Gossip.it | News sul Gossip e VIP","og_description":"Belen Rodriguez a Roma si prende i riflettori con tanti altri vip a Palazzo Barberini. L'argentina, testimonial mondiale di Guess, \u00e8 volata nella Capitale","og_url":"https:\/\/www.gossip.it\/news\/belen-rodriguez-denim-day-roma\/","og_site_name":"Gossip.it | News sul Gossip e VIP","article_publisher":"https:\/\/www.facebook.com\/GossipIT","article_published_time":"2017-05-04T22:00:00+00:00","og_image":[{"url":"https:\/\/files.gossip.it\/immagini_news\/2017\/05\/1493978829_belen_1.jpg"}],"author":"La Redazione","twitter_card":"summary_large_image","twitter_image":"https:\/\/files.gossip.it\/immagini_news\/2017\/05\/1493978829_belen_1.jpg","twitter_creator":"@gossinews_it","twitter_site":"@gossinews_it","twitter_misc":{"Scritto da":"Annamaria Capozzi","Tempo di lettura stimato":"2 minuti"},"schema":{"@context":"https:\/\/schema.org","@graph":[{"@type":"Article","@id":"https:\/\/www.gossip.it\/news\/belen-rodriguez-denim-day-roma\/#article","isPartOf":{"@id":"https:\/\/www.gossip.it\/news\/belen-rodriguez-denim-day-roma\/"},"author":{"name":"La Redazione","@id":"https:\/\/www.gossip.it\/#\/schema\/person\/488896f75158bff1cc83c6c39d141110"},"headline":"Belen Rodriguez a Palazzo Barberini a Roma per il Denim Day","datePublished":"2017-05-04T22:00:00+00:00","dateModified":"2017-05-04T22:00:00+00:00","mainEntityOfPage":{"@id":"https:\/\/www.gossip.it\/news\/belen-rodriguez-denim-day-roma\/"},"wordCount":388,"publisher":{"@id":"https:\/\/www.gossip.it\/#organization"},"image":{"@id":"https:\/\/www.gossip.it\/news\/belen-rodriguez-denim-day-roma\/#primaryimage"},"thumbnailUrl":"https:\/\/files.gossip.it\/immagini_news\/2017\/05\/1493978829_belen_1.jpg","keywords":["andrea iannone","canale 5","day","denim","instagram","mondanita","palazzo barberini","paul marciano","roma","selfie","selfie le cose cambiano","showgirl","socia","tv"],"articleSection":["News"],"inLanguage":"it-IT"},{"@type":"WebPage","@id":"https:\/\/www.gossip.it\/news\/belen-rodriguez-denim-day-roma\/","url":"https:\/\/www.gossip.it\/news\/belen-rodriguez-denim-day-roma\/","name":"Belen Rodriguez a Palazzo Barberini a Roma per il Denim Day - Gossip.it | News sul Gossip e VIP","isPartOf":{"@id":"https:\/\/www.gossip.it\/#website"},"primaryImageOfPage":{"@id":"https:\/\/www.gossip.it\/news\/belen-rodriguez-denim-day-roma\/#primaryimage"},"image":{"@id":"https:\/\/www.gossip.it\/news\/belen-rodriguez-denim-day-roma\/#primaryimage"},"thumbnailUrl":"https:\/\/files.gossip.it\/immagini_news\/2017\/05\/1493978829_belen_1.jpg","datePublished":"2017-05-04T22:00:00+00:00","dateModified":"2017-05-04T22:00:00+00:00","description":"Belen Rodriguez a Roma si prende i riflettori con tanti altri vip a Palazzo Barberini. L'argentina, testimonial mondiale di Guess, \u00e8 volata nella Capitale","breadcrumb":{"@id":"https:\/\/www.gossip.it\/news\/belen-rodriguez-denim-day-roma\/#breadcrumb"},"inLanguage":"it-IT","potentialAction":[{"@type":"ReadAction","target":["https:\/\/www.gossip.it\/news\/belen-rodriguez-denim-day-roma\/"]}]},{"@type":"ImageObject","inLanguage":"it-IT","@id":"https:\/\/www.gossip.it\/news\/belen-rodriguez-denim-day-roma\/#primaryimage","url":"https:\/\/files.gossip.it\/immagini_news\/2017\/05\/1493978829_belen_1.jpg","contentUrl":"https:\/\/files.gossip.it\/immagini_news\/2017\/05\/1493978829_belen_1.jpg"},{"@type":"BreadcrumbList","@id":"https:\/\/www.gossip.it\/news\/belen-rodriguez-denim-day-roma\/#breadcrumb","itemListElement":[{"@type":"ListItem","position":1,"name":"Home","item":"https:\/\/www.gossip.it\/"},{"@type":"ListItem","position":2,"name":"Belen Rodriguez a Palazzo Barberini a Roma per il Denim Day"}]},{"@type":"WebSite","@id":"https:\/\/www.gossip.it\/#website","url":"https:\/\/www.gossip.it\/","name":"Gossip and VIP News","description":"Quotidiano di cronaca rosa, costume e societ\u00e0","publisher":{"@id":"https:\/\/www.gossip.it\/#organization"},"alternateName":"Gossip and VIP News","potentialAction":[{"@type":"SearchAction","target":{"@type":"EntryPoint","urlTemplate":"https:\/\/www.gossip.it\/?s={search_term_string}"},"query-input":{"@type":"PropertyValueSpecification","valueRequired":true,"valueName":"search_term_string"}}],"inLanguage":"it-IT"},{"@type":"Organization","@id":"https:\/\/www.gossip.it\/#organization","name":"Gossip and VIP News","alternateName":"Gossip News","url":"https:\/\/www.gossip.it\/","logo":{"@type":"ImageObject","inLanguage":"it-IT","@id":"https:\/\/www.gossip.it\/#\/schema\/logo\/image\/","url":"https:\/\/www.gossip.it\/wp-content\/uploads\/2022\/04\/cropped-corna-alta-tiny.png","contentUrl":"https:\/\/www.gossip.it\/wp-content\/uploads\/2022\/04\/cropped-corna-alta-tiny.png","width":512,"height":512,"caption":"Gossip and VIP News"},"image":{"@id":"https:\/\/www.gossip.it\/#\/schema\/logo\/image\/"},"sameAs":["https:\/\/www.facebook.com\/GossipIT","https:\/\/x.com\/gossinews_it","https:\/\/instagram.com\/gossip_it"]},{"@type":"Person","@id":"https:\/\/www.gossip.it\/#\/schema\/person\/488896f75158bff1cc83c6c39d141110","name":"La Redazione","image":{"@type":"ImageObject","inLanguage":"it-IT","@id":"https:\/\/www.gossip.it\/#\/schema\/person\/image\/","url":"https:\/\/secure.gravatar.com\/avatar\/5a5f5c6fa3e6700e4249abdad0263a1e94e927d9e0499b1cb09c1cd29c044d80?s=96&d=mm&r=g","contentUrl":"https:\/\/secure.gravatar.com\/avatar\/5a5f5c6fa3e6700e4249abdad0263a1e94e927d9e0499b1cb09c1cd29c044d80?s=96&d=mm&r=g","caption":"La Redazione"},"sameAs":["https:\/\/www.gossip.it"]}]}},"amp_enabled":true,"_links":{"self":[{"href":"https:\/\/www.gossip.it\/api\/wp\/v2\/posts\/58042","targetHints":{"allow":["GET"]}}],"collection":[{"href":"https:\/\/www.gossip.it\/api\/wp\/v2\/posts"}],"about":[{"href":"https:\/\/www.gossip.it\/api\/wp\/v2\/types\/post"}],"author":[{"embeddable":true,"href":"https:\/\/www.gossip.it\/api\/wp\/v2\/users\/1"}],"replies":[{"embeddable":true,"href":"https:\/\/www.gossip.it\/api\/wp\/v2\/comments?post=58042"}],"version-history":[{"count":0,"href":"https:\/\/www.gossip.it\/api\/wp\/v2\/posts\/58042\/revisions"}],"wp:featuredmedia":[{"embeddable":true,"href":"https:\/\/www.gossip.it\/api\/wp\/v2\/media\/114088"}],"wp:attachment":[{"href":"https:\/\/www.gossip.it\/api\/wp\/v2\/media?parent=58042"}],"wp:term":[{"taxonomy":"category","embeddable":true,"href":"https:\/\/www.gossip.it\/api\/wp\/v2\/categories?post=58042"},{"taxonomy":"post_tag","embeddable":true,"href":"https:\/\/www.gossip.it\/api\/wp\/v2\/tags?post=58042"},{"taxonomy":"vip","embeddable":true,"href":"https:\/\/www.gossip.it\/api\/wp\/v2\/vip?post=58042"}],"curies":[{"name":"wp","href":"https:\/\/api.w.org\/{rel}","templated":true}]}}