{"id":58104,"date":"2017-05-12T00:00:00","date_gmt":"2017-05-11T22:00:00","guid":{"rendered":"https:\/\/www.gossip.it\/senza-categoria\/alfonso-signorini-regista-opera-lirica-turandot\/"},"modified":"2017-05-12T00:00:00","modified_gmt":"2017-05-11T22:00:00","slug":"alfonso-signorini-regista-opera-lirica-turandot","status":"publish","type":"post","link":"https:\/\/www.gossip.it\/news\/alfonso-signorini-regista-opera-lirica-turandot\/","title":{"rendered":"Alfonso Signorini regista di un'opera lirica, curer\u00e0 la Turandot"},"content":{"rendered":"<p><a href=\"\/vip\/alfonso-signorini\/\">Alfonso Signorini<\/a> diventa <strong>regista<\/strong>. Curer\u00e0 l'allestimento di un'<strong>opera lirica<\/strong>: la <strong>Turandot<\/strong> di Giacomo Puccini. Il giornalista \u00e8 entusiasta: il suo sogno di sempre si \u00e8 avverato.<\/p>\n<figure class=\"caption\"><img decoding=\"async\" alt=\"\" width=\"640\" height=\"410\" src=\"https:\/\/files.gossip.it\/immagini_news\/2017\/05\/1494583481_signorini_opera_1.jpg\" \/><figcaption>Alfonso Signorini sar\u00e0 regista della Turandot al Festival pucciniano di Torre del Lago<\/figcaption><\/figure>\n<p>La<strong> Turandot <\/strong>il 14 luglio apre il sessantatreesimo Festival in omaggio al compositore, a Torre del Lago. <strong>Alfonso Signorini <\/strong>sar\u00e0 il <strong>regista<\/strong> dell'<strong>opera lirica<\/strong>, alla direzione d'orchestra Alberto Veronesi. Per i costumi, lo stilista <a href=\"\/vip\/fausto-puglisi\/\">Fausto Puglisi<\/a>, amato da <a href=\"\/vip\/madonna\/\">Madonna<\/a>, <a href=\"\/vip\/beyonc\u00e9\/\">Beyonc\u00e9<\/a>, <a href=\"\/vip\/michael-jackson\/\">Michael Jackson<\/a>,\u00a0<a href=\"\/vip\/-whitney houston\/\">Whitney Houston<\/a>, ma pure da <a href=\"\/vip\/emma-marrone\/\">Emma Marrone<\/a> e <a href=\"\/vip\/belen-rodriguez\/\">Belen Rodriguez<\/a>. Le scene portano la firma di Carla Tolomeo. La principessa di gelo sar\u00e0 Martina Serafin, mentre la vittima sacrificale Li\u00f9 sar\u00e0 Carmen Giannattasio. Al tenore Stefano La Colla, che sar\u00e0 Calaf.<\/p>\n<p><em>\"Nella mia vita la musica ha una parte importante. Mi piace suonare il pianoforte, mi piace quando posso scrivere e parlare di musica. E adesso realizzer\u00f2 un sogno che da tempo tenevo nascosto nel mio cassetto: curare la regia di un'<strong>opera lirica<\/strong>. Il sogno diventa realt\u00e0: il 14 luglio la 'mia' <strong>Turandot <\/strong>inaugurer\u00e0 il Festival pucciniano di Torre del Lago. E domani alla Biblioteca Braidense di Milano la presenteremo insieme al maestro Alberto Veronesi alla stampa. Se qualcuno di voi vorr\u00e0 esserci, io vi aspetto. Mi far\u00e0 piacere dividere con voi questa gioia. #crediamoainostrisogni\"<\/em>, scrive il giornalista sul <a href=\"\/vip\/social\/\">social<\/a>.<\/p>\n<figure class=\"caption\"><img decoding=\"async\" alt=\"\" width=\"640\" height=\"640\" src=\"https:\/\/files.gossip.it\/immagini_news\/2017\/05\/1494583524_signorini_opera_2.jpg\" \/><figcaption>Il sogno del giornalista, direttore di Chi, diventa realt\u00e0<\/figcaption><\/figure>\n<p><strong>Alfonso Signorini<\/strong> nel presentare l'opera lirica da <strong>regista<\/strong>, promette che nella <em>'sua' <\/em><strong>Turandot<\/strong> non ci saranno <em>\"corbellerie registiche, quelle che trasformano il regista in prima donna. Non ne ho bisogno. Non sar\u00e0 una <strong>Turandot<\/strong> all'avanguardia. Non mi piacciono le riletture avanguardistiche, come far morire Violetta di overdose, per carit\u00e0: no. La modernit\u00e0 consiste, semmai, nel rendere fruibile un linguaggio che appartiene alla tradizione\"<\/em>.\u00a0<\/p>\n<p>E' stato Veronesi a proporgli di collaborare come regista:<em> \"M'\u00e8 venuto un colpo. Ho detto s\u00ec all'istante alla proposta. Fare la regia di un'opera era il mio sogno\"<\/em>. Ha accettato nonostante il passato... \u00a0Nel 1973, per la prima della Scala andava in scena <strong>Turandot<\/strong> con Domingo. <em>\"Al primo atto mi prese un attacco di panico, ero molto stressato per gli esami... insomma finii in un'autoambulanza e quindi in ospedale. Da allora giurai che mai pi\u00f9 avrei ascoltato <strong>Turandot<\/strong>\"<\/em>, racconta.<\/p>\n<p>Ama la musica, trascorre al pianoforte fra le due e le tre ore al giorno. <em>\"Passo pi\u00f9 tempo a suonare Chopin che a fare il settimanale Chi\"<\/em>, confessa il direttore del settimanale.<\/p>\n<p>\u00a0<\/p>\n","protected":false},"excerpt":{"rendered":"<p>Alfonso Signorini diventa regista. Curer\u00e0 l'allestimento di un'opera lirica: la Turandot di Giacomo Puccini. Il giornalista \u00e8 entusiasta: il suo sogno di sempre si \u00e8 avverato. Alfonso Signorini sar\u00e0 regista della Turandot al Festival pucciniano di Torre del Lago La Turandot il 14 luglio apre il sessantatreesimo Festival in omaggio al compositore, a Torre del [&hellip;]<\/p>\n","protected":false},"author":1,"featured_media":114150,"comment_status":"closed","ping_status":"closed","sticky":false,"template":"","format":"standard","meta":{"footnotes":""},"categories":[54],"tags":[2104,2102,5470,2168,2121,2964,14409,3703,2832,1923,56317],"vip":[286],"class_list":["post-58104","post","type-post","status-publish","format-standard","has-post-thumbnail","hentry","category-news","tag-chi","tag-dichiarazioni","tag-direttore","tag-giornalista","tag-instagram","tag-opera","tag-opera-lirica","tag-regia","tag-regista","tag-social","tag-turandot","vip-alfonso_signorini"],"yoast_head":"<title>Alfonso Signorini regista di un&#039;opera lirica, curer\u00e0 la Turandot - Gossip.it | News sul Gossip e VIP<\/title>\n<meta name=\"description\" content=\"Alfonso Signorini diventa regista. Curer\u00e0 l&#039;allestimento di un&#039;opera lirica: la Turandot di Giacomo Puccini. Il giornalista \u00e8 entusiasta: il suo sogno di\" \/>\n<meta name=\"robots\" content=\"index, follow, max-snippet:-1, max-image-preview:large, max-video-preview:-1\" \/>\n<link rel=\"canonical\" href=\"https:\/\/www.gossip.it\/news\/alfonso-signorini-regista-opera-lirica-turandot\/\" \/>\n<meta property=\"og:locale\" content=\"it_IT\" \/>\n<meta property=\"og:type\" content=\"article\" \/>\n<meta property=\"og:title\" content=\"Alfonso Signorini regista di un&#039;opera lirica, curer\u00e0 la Turandot - Gossip.it | News sul Gossip e VIP\" \/>\n<meta property=\"og:description\" content=\"Alfonso Signorini diventa regista. Curer\u00e0 l&#039;allestimento di un&#039;opera lirica: la Turandot di Giacomo Puccini. Il giornalista \u00e8 entusiasta: il suo sogno di\" \/>\n<meta property=\"og:url\" content=\"https:\/\/www.gossip.it\/news\/alfonso-signorini-regista-opera-lirica-turandot\/\" \/>\n<meta property=\"og:site_name\" content=\"Gossip.it | News sul Gossip e VIP\" \/>\n<meta property=\"article:publisher\" content=\"https:\/\/www.facebook.com\/GossipIT\" \/>\n<meta property=\"article:published_time\" content=\"2017-05-11T22:00:00+00:00\" \/>\n<meta property=\"og:image\" content=\"https:\/\/files.gossip.it\/immagini_news\/2017\/05\/1494583481_signorini_opera_1.jpg\" \/>\n<meta name=\"author\" content=\"La Redazione\" \/>\n<meta name=\"twitter:card\" content=\"summary_large_image\" \/>\n<meta name=\"twitter:image\" content=\"https:\/\/files.gossip.it\/immagini_news\/2017\/05\/1494583481_signorini_opera_1.jpg\" \/>\n<meta name=\"twitter:creator\" content=\"@gossinews_it\" \/>\n<meta name=\"twitter:site\" content=\"@gossinews_it\" \/>\n<meta name=\"twitter:label1\" content=\"Scritto da\" \/>\n\t<meta name=\"twitter:data1\" content=\"Annamaria Capozzi\" \/>\n\t<meta name=\"twitter:label2\" content=\"Tempo di lettura stimato\" \/>\n\t<meta name=\"twitter:data2\" content=\"2 minuti\" \/>","yoast_head_json":{"title":"Alfonso Signorini regista di un'opera lirica, curer\u00e0 la Turandot - Gossip.it | News sul Gossip e VIP","description":"Alfonso Signorini diventa regista. Curer\u00e0 l'allestimento di un'opera lirica: la Turandot di Giacomo Puccini. Il giornalista \u00e8 entusiasta: il suo sogno di","robots":{"index":"index","follow":"follow","max-snippet":"max-snippet:-1","max-image-preview":"max-image-preview:large","max-video-preview":"max-video-preview:-1"},"canonical":"https:\/\/www.gossip.it\/news\/alfonso-signorini-regista-opera-lirica-turandot\/","og_locale":"it_IT","og_type":"article","og_title":"Alfonso Signorini regista di un'opera lirica, curer\u00e0 la Turandot - Gossip.it | News sul Gossip e VIP","og_description":"Alfonso Signorini diventa regista. Curer\u00e0 l'allestimento di un'opera lirica: la Turandot di Giacomo Puccini. Il giornalista \u00e8 entusiasta: il suo sogno di","og_url":"https:\/\/www.gossip.it\/news\/alfonso-signorini-regista-opera-lirica-turandot\/","og_site_name":"Gossip.it | News sul Gossip e VIP","article_publisher":"https:\/\/www.facebook.com\/GossipIT","article_published_time":"2017-05-11T22:00:00+00:00","og_image":[{"url":"https:\/\/files.gossip.it\/immagini_news\/2017\/05\/1494583481_signorini_opera_1.jpg"}],"author":"La Redazione","twitter_card":"summary_large_image","twitter_image":"https:\/\/files.gossip.it\/immagini_news\/2017\/05\/1494583481_signorini_opera_1.jpg","twitter_creator":"@gossinews_it","twitter_site":"@gossinews_it","twitter_misc":{"Scritto da":"Annamaria Capozzi","Tempo di lettura stimato":"2 minuti"},"schema":{"@context":"https:\/\/schema.org","@graph":[{"@type":"Article","@id":"https:\/\/www.gossip.it\/news\/alfonso-signorini-regista-opera-lirica-turandot\/#article","isPartOf":{"@id":"https:\/\/www.gossip.it\/news\/alfonso-signorini-regista-opera-lirica-turandot\/"},"author":{"name":"La Redazione","@id":"https:\/\/www.gossip.it\/#\/schema\/person\/488896f75158bff1cc83c6c39d141110"},"headline":"Alfonso Signorini regista di un'opera lirica, curer\u00e0 la Turandot","datePublished":"2017-05-11T22:00:00+00:00","dateModified":"2017-05-11T22:00:00+00:00","mainEntityOfPage":{"@id":"https:\/\/www.gossip.it\/news\/alfonso-signorini-regista-opera-lirica-turandot\/"},"wordCount":419,"publisher":{"@id":"https:\/\/www.gossip.it\/#organization"},"image":{"@id":"https:\/\/www.gossip.it\/news\/alfonso-signorini-regista-opera-lirica-turandot\/#primaryimage"},"thumbnailUrl":"https:\/\/files.gossip.it\/immagini_news\/2017\/05\/1494583481_signorini_opera_1.jpg","keywords":["chi","dichiarazioni","direttore","giornalista","instagram","opera","opera lirica","regia","regista","social","turandot"],"articleSection":["News"],"inLanguage":"it-IT"},{"@type":"WebPage","@id":"https:\/\/www.gossip.it\/news\/alfonso-signorini-regista-opera-lirica-turandot\/","url":"https:\/\/www.gossip.it\/news\/alfonso-signorini-regista-opera-lirica-turandot\/","name":"Alfonso Signorini regista di un'opera lirica, curer\u00e0 la Turandot - Gossip.it | News sul Gossip e VIP","isPartOf":{"@id":"https:\/\/www.gossip.it\/#website"},"primaryImageOfPage":{"@id":"https:\/\/www.gossip.it\/news\/alfonso-signorini-regista-opera-lirica-turandot\/#primaryimage"},"image":{"@id":"https:\/\/www.gossip.it\/news\/alfonso-signorini-regista-opera-lirica-turandot\/#primaryimage"},"thumbnailUrl":"https:\/\/files.gossip.it\/immagini_news\/2017\/05\/1494583481_signorini_opera_1.jpg","datePublished":"2017-05-11T22:00:00+00:00","dateModified":"2017-05-11T22:00:00+00:00","description":"Alfonso Signorini diventa regista. Curer\u00e0 l'allestimento di un'opera lirica: la Turandot di Giacomo Puccini. Il giornalista \u00e8 entusiasta: il suo sogno di","breadcrumb":{"@id":"https:\/\/www.gossip.it\/news\/alfonso-signorini-regista-opera-lirica-turandot\/#breadcrumb"},"inLanguage":"it-IT","potentialAction":[{"@type":"ReadAction","target":["https:\/\/www.gossip.it\/news\/alfonso-signorini-regista-opera-lirica-turandot\/"]}]},{"@type":"ImageObject","inLanguage":"it-IT","@id":"https:\/\/www.gossip.it\/news\/alfonso-signorini-regista-opera-lirica-turandot\/#primaryimage","url":"https:\/\/files.gossip.it\/immagini_news\/2017\/05\/1494583481_signorini_opera_1.jpg","contentUrl":"https:\/\/files.gossip.it\/immagini_news\/2017\/05\/1494583481_signorini_opera_1.jpg"},{"@type":"BreadcrumbList","@id":"https:\/\/www.gossip.it\/news\/alfonso-signorini-regista-opera-lirica-turandot\/#breadcrumb","itemListElement":[{"@type":"ListItem","position":1,"name":"Home","item":"https:\/\/www.gossip.it\/"},{"@type":"ListItem","position":2,"name":"Alfonso Signorini regista di un'opera lirica, curer\u00e0 la Turandot"}]},{"@type":"WebSite","@id":"https:\/\/www.gossip.it\/#website","url":"https:\/\/www.gossip.it\/","name":"Gossip and VIP News","description":"Quotidiano di cronaca rosa, costume e societ\u00e0","publisher":{"@id":"https:\/\/www.gossip.it\/#organization"},"alternateName":"Gossip and VIP News","potentialAction":[{"@type":"SearchAction","target":{"@type":"EntryPoint","urlTemplate":"https:\/\/www.gossip.it\/?s={search_term_string}"},"query-input":{"@type":"PropertyValueSpecification","valueRequired":true,"valueName":"search_term_string"}}],"inLanguage":"it-IT"},{"@type":"Organization","@id":"https:\/\/www.gossip.it\/#organization","name":"Gossip and VIP News","alternateName":"Gossip News","url":"https:\/\/www.gossip.it\/","logo":{"@type":"ImageObject","inLanguage":"it-IT","@id":"https:\/\/www.gossip.it\/#\/schema\/logo\/image\/","url":"https:\/\/www.gossip.it\/wp-content\/uploads\/2022\/04\/cropped-corna-alta-tiny.png","contentUrl":"https:\/\/www.gossip.it\/wp-content\/uploads\/2022\/04\/cropped-corna-alta-tiny.png","width":512,"height":512,"caption":"Gossip and VIP News"},"image":{"@id":"https:\/\/www.gossip.it\/#\/schema\/logo\/image\/"},"sameAs":["https:\/\/www.facebook.com\/GossipIT","https:\/\/x.com\/gossinews_it","https:\/\/instagram.com\/gossip_it"]},{"@type":"Person","@id":"https:\/\/www.gossip.it\/#\/schema\/person\/488896f75158bff1cc83c6c39d141110","name":"La Redazione","image":{"@type":"ImageObject","inLanguage":"it-IT","@id":"https:\/\/www.gossip.it\/#\/schema\/person\/image\/","url":"https:\/\/secure.gravatar.com\/avatar\/5a5f5c6fa3e6700e4249abdad0263a1e94e927d9e0499b1cb09c1cd29c044d80?s=96&d=mm&r=g","contentUrl":"https:\/\/secure.gravatar.com\/avatar\/5a5f5c6fa3e6700e4249abdad0263a1e94e927d9e0499b1cb09c1cd29c044d80?s=96&d=mm&r=g","caption":"La Redazione"},"sameAs":["https:\/\/www.gossip.it"]}]}},"amp_enabled":true,"_links":{"self":[{"href":"https:\/\/www.gossip.it\/api\/wp\/v2\/posts\/58104","targetHints":{"allow":["GET"]}}],"collection":[{"href":"https:\/\/www.gossip.it\/api\/wp\/v2\/posts"}],"about":[{"href":"https:\/\/www.gossip.it\/api\/wp\/v2\/types\/post"}],"author":[{"embeddable":true,"href":"https:\/\/www.gossip.it\/api\/wp\/v2\/users\/1"}],"replies":[{"embeddable":true,"href":"https:\/\/www.gossip.it\/api\/wp\/v2\/comments?post=58104"}],"version-history":[{"count":0,"href":"https:\/\/www.gossip.it\/api\/wp\/v2\/posts\/58104\/revisions"}],"wp:featuredmedia":[{"embeddable":true,"href":"https:\/\/www.gossip.it\/api\/wp\/v2\/media\/114150"}],"wp:attachment":[{"href":"https:\/\/www.gossip.it\/api\/wp\/v2\/media?parent=58104"}],"wp:term":[{"taxonomy":"category","embeddable":true,"href":"https:\/\/www.gossip.it\/api\/wp\/v2\/categories?post=58104"},{"taxonomy":"post_tag","embeddable":true,"href":"https:\/\/www.gossip.it\/api\/wp\/v2\/tags?post=58104"},{"taxonomy":"vip","embeddable":true,"href":"https:\/\/www.gossip.it\/api\/wp\/v2\/vip?post=58104"}],"curies":[{"name":"wp","href":"https:\/\/api.w.org\/{rel}","templated":true}]}}