{"id":58123,"date":"2017-05-15T00:00:00","date_gmt":"2017-05-14T22:00:00","guid":{"rendered":"https:\/\/www.gossip.it\/senza-categoria\/elena-santarelli-look-sabato-sera\/"},"modified":"2017-05-15T00:00:00","modified_gmt":"2017-05-14T22:00:00","slug":"elena-santarelli-look-sabato-sera","status":"publish","type":"post","link":"https:\/\/www.gossip.it\/news\/elena-santarelli-look-sabato-sera\/","title":{"rendered":"Elena Santarelli, look black per il sabato sera"},"content":{"rendered":"<p><a href=\"\/vip\/elena-santarelli\/\">Elena Santarelli<\/a>, 35 anni, ha scelto un<strong> look <\/strong>glamour con un abito nero di Federica Tosi dalle trasparenze <em>vedo non vedo<\/em> per un <strong>sabato sera<\/strong> fuori, senza i pargoli al seguito. La bionda della tv ha abbinato al vestito un paio di sandali con il tacco, sempre <em>black<\/em>, che slanciavano ancor di pi\u00f9 la sua figura.\u00a0<\/p>\n<figure class=\"caption\"><img decoding=\"async\" alt=\"\" width=\"640\" height=\"711\" src=\"https:\/\/files.gossip.it\/immagini_news\/2017\/05\/1494855138_elena_santarelli_1.jpg\" \/><figcaption>Elena Santarelli, 35 anni, sfoggia un look perfetto per il suo sabato sera<\/figcaption><\/figure>\n<p>Rossetto rosso, capelli sciolti e ondulati,<strong> Elena Santarelli<\/strong> per il suo <strong>sabato sera <\/strong>fuori ha curato tutto nei minimi dettagli e il <strong>look<\/strong> sfoggiato era davvero impeccabile.<br \/>I <a href=\"\/vip\/follower\/\">follower<\/a> della showgirl lo hanno apprezzato e in tanti sul social si sono complimentati con lei. Una fan, per\u00f2, le ha scritto che non capisce come mai, vista la sua altezza (1.80), la signora <a href=\"\/vip\/corradi\/\">Corradi<\/a> indossi calzature con il tacco: <em>\"Io vedendo le tue scarpe ho pensato: perch\u00e9 questo fiore di ragazza alta e slanciata mette i tacchi come noi nane? \u00c8 stupenda, alta, magra, starebbe benissimo e soprattutto COMODA con tacchi pi\u00f9 moderati ahahahhah ma ovviamente \u00e8 una considerazione ironica, nel senso che come donna hai il diritto di mettere ci\u00f2 che ti fa sentire bene, ci mancherebbe... un abbraccio e auguro a Greta di avere la tua stessa bellezza, anche di pi\u00f9\"<\/em>.<\/p>\n<figure class=\"caption\"><img decoding=\"async\" alt=\"\" width=\"640\" height=\"636\" src=\"https:\/\/files.gossip.it\/immagini_news\/2017\/05\/1494855253_elena_santarelli_2.jpg\" \/><figcaption>Elena Santarelli al mare con la mamma e la figlia Greta<\/figcaption><\/figure>\n<p><strong>Elena<\/strong>, dopo il <strong>sabato sera<\/strong> con <strong>look <\/strong>glamour, domenica 14 ha festeggiato anche lei la festa della mamma. Di figli ne ha due: il primogenito Giacomo e la piccola Greta di poco pi\u00f9 di un anno. Ma il suo pensiero sul social \u00e8 andato alla sua di mamma. Ha pubblicato uno scatto che le ritrae al mare insieme. Con loro anche la bimba della showgirl: <em>\"Migliore mamma, nonna e amica che ci sia... i love you mom\"<\/em>, si legge nella didascalia.<\/p>\n<div class=\"video_integrato\" data-videoid=\"4079\" data-autostart=\"true\">\u00a0<\/div>\n<p>\u00a0<\/p>\n","protected":false},"excerpt":{"rendered":"<p>Elena Santarelli, 35 anni, ha scelto un look glamour con un abito nero di Federica Tosi dalle trasparenze vedo non vedo per un sabato sera fuori, senza i pargoli al seguito. La bionda della tv ha abbinato al vestito un paio di sandali con il tacco, sempre black, che slanciavano ancor di pi\u00f9 la sua [&hellip;]<\/p>\n","protected":false},"author":1,"featured_media":114169,"comment_status":"closed","ping_status":"closed","sticky":false,"template":"","format":"standard","meta":{"footnotes":""},"categories":[54],"tags":[2812,3102,12200,3007,2121,1970,1900,16058,1923,2097],"vip":[627],"class_list":["post-58123","post","type-post","status-publish","format-standard","has-post-thumbnail","hentry","category-news","tag-fan","tag-fashion","tag-follower","tag-glamour","tag-instagram","tag-look","tag-mamma","tag-sabato-sera","tag-social","tag-tv","vip-elena_santarelli"],"yoast_head":"<title>Elena Santarelli, look black per il sabato sera - Gossip.it | News sul Gossip e VIP<\/title>\n<meta name=\"description\" content=\"Elena Santarelli, 35 anni, ha scelto un look glamour con un abito nero di Federica Tosi dalle trasparenze vedo non vedo per un sabato sera fuori, senza i\" \/>\n<meta name=\"robots\" content=\"index, follow, max-snippet:-1, max-image-preview:large, max-video-preview:-1\" \/>\n<link rel=\"canonical\" href=\"https:\/\/www.gossip.it\/news\/elena-santarelli-look-sabato-sera\/\" \/>\n<meta property=\"og:locale\" content=\"it_IT\" \/>\n<meta property=\"og:type\" content=\"article\" \/>\n<meta property=\"og:title\" content=\"Elena Santarelli, look black per il sabato sera - Gossip.it | News sul Gossip e VIP\" \/>\n<meta property=\"og:description\" content=\"Elena Santarelli, 35 anni, ha scelto un look glamour con un abito nero di Federica Tosi dalle trasparenze vedo non vedo per un sabato sera fuori, senza i\" \/>\n<meta property=\"og:url\" content=\"https:\/\/www.gossip.it\/news\/elena-santarelli-look-sabato-sera\/\" \/>\n<meta property=\"og:site_name\" content=\"Gossip.it | News sul Gossip e VIP\" \/>\n<meta property=\"article:publisher\" content=\"https:\/\/www.facebook.com\/GossipIT\" \/>\n<meta property=\"article:published_time\" content=\"2017-05-14T22:00:00+00:00\" \/>\n<meta property=\"og:image\" content=\"https:\/\/files.gossip.it\/immagini_news\/2017\/05\/1494855138_elena_santarelli_1.jpg\" \/>\n<meta name=\"author\" content=\"La Redazione\" \/>\n<meta name=\"twitter:card\" content=\"summary_large_image\" \/>\n<meta name=\"twitter:image\" content=\"https:\/\/files.gossip.it\/immagini_news\/2017\/05\/1494855138_elena_santarelli_1.jpg\" \/>\n<meta name=\"twitter:creator\" content=\"@gossinews_it\" \/>\n<meta name=\"twitter:site\" content=\"@gossinews_it\" \/>\n<meta name=\"twitter:label1\" content=\"Scritto da\" \/>\n\t<meta name=\"twitter:data1\" content=\"Francesca Romana Domenici\" \/>\n\t<meta name=\"twitter:label2\" content=\"Tempo di lettura stimato\" \/>\n\t<meta name=\"twitter:data2\" content=\"1 minuto\" \/>","yoast_head_json":{"title":"Elena Santarelli, look black per il sabato sera - Gossip.it | News sul Gossip e VIP","description":"Elena Santarelli, 35 anni, ha scelto un look glamour con un abito nero di Federica Tosi dalle trasparenze vedo non vedo per un sabato sera fuori, senza i","robots":{"index":"index","follow":"follow","max-snippet":"max-snippet:-1","max-image-preview":"max-image-preview:large","max-video-preview":"max-video-preview:-1"},"canonical":"https:\/\/www.gossip.it\/news\/elena-santarelli-look-sabato-sera\/","og_locale":"it_IT","og_type":"article","og_title":"Elena Santarelli, look black per il sabato sera - Gossip.it | News sul Gossip e VIP","og_description":"Elena Santarelli, 35 anni, ha scelto un look glamour con un abito nero di Federica Tosi dalle trasparenze vedo non vedo per un sabato sera fuori, senza i","og_url":"https:\/\/www.gossip.it\/news\/elena-santarelli-look-sabato-sera\/","og_site_name":"Gossip.it | News sul Gossip e VIP","article_publisher":"https:\/\/www.facebook.com\/GossipIT","article_published_time":"2017-05-14T22:00:00+00:00","og_image":[{"url":"https:\/\/files.gossip.it\/immagini_news\/2017\/05\/1494855138_elena_santarelli_1.jpg"}],"author":"La Redazione","twitter_card":"summary_large_image","twitter_image":"https:\/\/files.gossip.it\/immagini_news\/2017\/05\/1494855138_elena_santarelli_1.jpg","twitter_creator":"@gossinews_it","twitter_site":"@gossinews_it","twitter_misc":{"Scritto da":"Francesca Romana Domenici","Tempo di lettura stimato":"1 minuto"},"schema":{"@context":"https:\/\/schema.org","@graph":[{"@type":"Article","@id":"https:\/\/www.gossip.it\/news\/elena-santarelli-look-sabato-sera\/#article","isPartOf":{"@id":"https:\/\/www.gossip.it\/news\/elena-santarelli-look-sabato-sera\/"},"author":{"name":"La Redazione","@id":"https:\/\/www.gossip.it\/#\/schema\/person\/488896f75158bff1cc83c6c39d141110"},"headline":"Elena Santarelli, look black per il sabato sera","datePublished":"2017-05-14T22:00:00+00:00","dateModified":"2017-05-14T22:00:00+00:00","mainEntityOfPage":{"@id":"https:\/\/www.gossip.it\/news\/elena-santarelli-look-sabato-sera\/"},"wordCount":304,"publisher":{"@id":"https:\/\/www.gossip.it\/#organization"},"image":{"@id":"https:\/\/www.gossip.it\/news\/elena-santarelli-look-sabato-sera\/#primaryimage"},"thumbnailUrl":"https:\/\/files.gossip.it\/immagini_news\/2017\/05\/1494855138_elena_santarelli_1.jpg","keywords":["fan","fashion","follower","glamour","instagram","look","mamma","sabato sera","social","tv"],"articleSection":["News"],"inLanguage":"it-IT"},{"@type":"WebPage","@id":"https:\/\/www.gossip.it\/news\/elena-santarelli-look-sabato-sera\/","url":"https:\/\/www.gossip.it\/news\/elena-santarelli-look-sabato-sera\/","name":"Elena Santarelli, look black per il sabato sera - Gossip.it | News sul Gossip e VIP","isPartOf":{"@id":"https:\/\/www.gossip.it\/#website"},"primaryImageOfPage":{"@id":"https:\/\/www.gossip.it\/news\/elena-santarelli-look-sabato-sera\/#primaryimage"},"image":{"@id":"https:\/\/www.gossip.it\/news\/elena-santarelli-look-sabato-sera\/#primaryimage"},"thumbnailUrl":"https:\/\/files.gossip.it\/immagini_news\/2017\/05\/1494855138_elena_santarelli_1.jpg","datePublished":"2017-05-14T22:00:00+00:00","dateModified":"2017-05-14T22:00:00+00:00","description":"Elena Santarelli, 35 anni, ha scelto un look glamour con un abito nero di Federica Tosi dalle trasparenze vedo non vedo per un sabato sera fuori, senza i","breadcrumb":{"@id":"https:\/\/www.gossip.it\/news\/elena-santarelli-look-sabato-sera\/#breadcrumb"},"inLanguage":"it-IT","potentialAction":[{"@type":"ReadAction","target":["https:\/\/www.gossip.it\/news\/elena-santarelli-look-sabato-sera\/"]}]},{"@type":"ImageObject","inLanguage":"it-IT","@id":"https:\/\/www.gossip.it\/news\/elena-santarelli-look-sabato-sera\/#primaryimage","url":"https:\/\/files.gossip.it\/immagini_news\/2017\/05\/1494855138_elena_santarelli_1.jpg","contentUrl":"https:\/\/files.gossip.it\/immagini_news\/2017\/05\/1494855138_elena_santarelli_1.jpg"},{"@type":"BreadcrumbList","@id":"https:\/\/www.gossip.it\/news\/elena-santarelli-look-sabato-sera\/#breadcrumb","itemListElement":[{"@type":"ListItem","position":1,"name":"Home","item":"https:\/\/www.gossip.it\/"},{"@type":"ListItem","position":2,"name":"Elena Santarelli, look black per il sabato sera"}]},{"@type":"WebSite","@id":"https:\/\/www.gossip.it\/#website","url":"https:\/\/www.gossip.it\/","name":"Gossip and VIP News","description":"Quotidiano di cronaca rosa, costume e societ\u00e0","publisher":{"@id":"https:\/\/www.gossip.it\/#organization"},"alternateName":"Gossip and VIP News","potentialAction":[{"@type":"SearchAction","target":{"@type":"EntryPoint","urlTemplate":"https:\/\/www.gossip.it\/?s={search_term_string}"},"query-input":{"@type":"PropertyValueSpecification","valueRequired":true,"valueName":"search_term_string"}}],"inLanguage":"it-IT"},{"@type":"Organization","@id":"https:\/\/www.gossip.it\/#organization","name":"Gossip and VIP News","alternateName":"Gossip News","url":"https:\/\/www.gossip.it\/","logo":{"@type":"ImageObject","inLanguage":"it-IT","@id":"https:\/\/www.gossip.it\/#\/schema\/logo\/image\/","url":"https:\/\/www.gossip.it\/wp-content\/uploads\/2022\/04\/cropped-corna-alta-tiny.png","contentUrl":"https:\/\/www.gossip.it\/wp-content\/uploads\/2022\/04\/cropped-corna-alta-tiny.png","width":512,"height":512,"caption":"Gossip and VIP News"},"image":{"@id":"https:\/\/www.gossip.it\/#\/schema\/logo\/image\/"},"sameAs":["https:\/\/www.facebook.com\/GossipIT","https:\/\/x.com\/gossinews_it","https:\/\/instagram.com\/gossip_it"]},{"@type":"Person","@id":"https:\/\/www.gossip.it\/#\/schema\/person\/488896f75158bff1cc83c6c39d141110","name":"La Redazione","image":{"@type":"ImageObject","inLanguage":"it-IT","@id":"https:\/\/www.gossip.it\/#\/schema\/person\/image\/","url":"https:\/\/secure.gravatar.com\/avatar\/5a5f5c6fa3e6700e4249abdad0263a1e94e927d9e0499b1cb09c1cd29c044d80?s=96&d=mm&r=g","contentUrl":"https:\/\/secure.gravatar.com\/avatar\/5a5f5c6fa3e6700e4249abdad0263a1e94e927d9e0499b1cb09c1cd29c044d80?s=96&d=mm&r=g","caption":"La Redazione"},"sameAs":["https:\/\/www.gossip.it"]}]}},"amp_enabled":true,"_links":{"self":[{"href":"https:\/\/www.gossip.it\/api\/wp\/v2\/posts\/58123","targetHints":{"allow":["GET"]}}],"collection":[{"href":"https:\/\/www.gossip.it\/api\/wp\/v2\/posts"}],"about":[{"href":"https:\/\/www.gossip.it\/api\/wp\/v2\/types\/post"}],"author":[{"embeddable":true,"href":"https:\/\/www.gossip.it\/api\/wp\/v2\/users\/1"}],"replies":[{"embeddable":true,"href":"https:\/\/www.gossip.it\/api\/wp\/v2\/comments?post=58123"}],"version-history":[{"count":0,"href":"https:\/\/www.gossip.it\/api\/wp\/v2\/posts\/58123\/revisions"}],"wp:featuredmedia":[{"embeddable":true,"href":"https:\/\/www.gossip.it\/api\/wp\/v2\/media\/114169"}],"wp:attachment":[{"href":"https:\/\/www.gossip.it\/api\/wp\/v2\/media?parent=58123"}],"wp:term":[{"taxonomy":"category","embeddable":true,"href":"https:\/\/www.gossip.it\/api\/wp\/v2\/categories?post=58123"},{"taxonomy":"post_tag","embeddable":true,"href":"https:\/\/www.gossip.it\/api\/wp\/v2\/tags?post=58123"},{"taxonomy":"vip","embeddable":true,"href":"https:\/\/www.gossip.it\/api\/wp\/v2\/vip?post=58123"}],"curies":[{"name":"wp","href":"https:\/\/api.w.org\/{rel}","templated":true}]}}