{"id":58322,"date":"2017-06-08T00:00:00","date_gmt":"2017-06-07T22:00:00","guid":{"rendered":"https:\/\/www.gossip.it\/senza-categoria\/gabriel-garko-abbracciato-adua-del-vesco\/"},"modified":"2017-06-08T00:00:00","modified_gmt":"2017-06-07T22:00:00","slug":"gabriel-garko-abbracciato-adua-del-vesco","status":"publish","type":"post","link":"https:\/\/www.gossip.it\/news\/gabriel-garko-abbracciato-adua-del-vesco\/","title":{"rendered":"Gabriel Garko abbracciato ad Adua Del Vesco: 'Non la sto strozzando!'"},"content":{"rendered":"<p><a href=\"\/vip\/gabriel-garko\/\">Gabriel Garko<\/a> posa <strong>abbracciato<\/strong> alla fidanzata, <a href=\"\/vip\/adua-del vesco\/\">Adua Del Vesco<\/a>. Lo scatto che lo immortala cos\u00ec l'<a href=\"\/vip\/attore\/\">attore<\/a> 44enne lo condivide sul suo profilo sul <a href=\"\/vip\/social\/\">social<\/a> e poi ci scherza su.<em> \"Giuro che non la sto strozzando!\"<\/em>, scrive.<\/p>\n<figure class=\"caption\"><img decoding=\"async\" alt=\"\" width=\"640\" height=\"731\" src=\"https:\/\/files.gossip.it\/immagini_news\/2017\/06\/1496925838_gabriel_garko_adua_del_vesco.jpg\" \/><figcaption>Gabriel Garko abbracciato alla fidanzata Adua Del Vesco: la storia d'amore continua...<\/figcaption><\/figure>\n<p>E' <strong>abbracciato<\/strong> ad <strong>Adua Del Vesco<\/strong>. Anche se \u00e8 un po' che non sono mondani insieme, <strong>Gabriel Garko<\/strong> e l'<a href=\"\/vip\/attrice\/\">attrice<\/a> 22enne continuano appassinatamente la loro storia d'amore. Le <a href=\"\/vip\/nozze\/\">nozze<\/a>, o meglio, la proposta di <a href=\"\/vip\/matrimonio\/\">matrimonio<\/a>, \u00e8 arrivata solo per finta a <a href=\"\/vip\/matrix\/\">Matrix<\/a>, ma il sentimento c'\u00e8, anche se i <a href=\"\/vip\/fiori-d'arancio\/\">fiori d'arancio<\/a> tra i due \u00e8 difficilissimo arrivino. Gabriel non crede molto nel <em>s\u00ec<\/em>, non lo ha mai negato.<\/p>\n<p>Se ne sta <strong>abbracciato<\/strong> alla giovanissima <strong>Adua Del Vesco<\/strong> e si gode la sua giornata. A settembre sar\u00e0 alla Sala Umberto di Roma con<em> \"Odio Amleto\"<\/em>, \u00a0commedia di Paul Rudnick diretta da Alessandro Benvenuti. La fidanzata sar\u00e0 in prima fila ad applaudirlo insieme alle sue tantissime fan.<\/p>\n<p><em>\"Il matrimonio non mi piace: l\u2019idea di finire in ciabatte e vestaglia su una vecchia poltrona mi fa orrore <\/em>- ha detto Garko al <em>Corriere della Sera<\/em> tempo fa - <em>Se amo una persona voglio un bel rapporto senza l\u2019obbligo del contratto matrimoniale. Vedo amici che si sposano e divorziano. Perch\u00e9 mi devo inguaiare? Il pi\u00f9 grande amore della vita? Quello veramente grande \u00e8 il lavoro che non mi tradir\u00e0 mai. Ora per\u00f2 sono legato ad Adua: \u00e8 molto pi\u00f9 giovane di me e forse mi considerano un vampiro che succhia linfa vitale da una ragazza. Ma con lei faccio un po\u2019 il maestro, mi diverto a darle consigli professionali\"<\/em>. E ad abbracciarla stretta, stretta, come nella foto postata sul network.<\/p>\n<p>\u00a0<\/p>\n","protected":false},"excerpt":{"rendered":"<p>Gabriel Garko posa abbracciato alla fidanzata, Adua Del Vesco. Lo scatto che lo immortala cos\u00ec l'attore 44enne lo condivide sul suo profilo sul social e poi ci scherza su. \"Giuro che non la sto strozzando!\", scrive. Gabriel Garko abbracciato alla fidanzata Adua Del Vesco: la storia d'amore continua... E' abbracciato ad Adua Del Vesco. Anche [&hellip;]<\/p>\n","protected":false},"author":1,"featured_media":114368,"comment_status":"closed","ping_status":"closed","sticky":false,"template":"","format":"standard","meta":{"footnotes":""},"categories":[54],"tags":[45518,8498,2137,1983,2102,2180,2121,1923,2438],"vip":[810],"class_list":["post-58322","post","type-post","status-publish","format-standard","has-post-thumbnail","hentry","category-news","tag-abbracciato","tag-adua-del-vesco","tag-attore","tag-attrice","tag-dichiarazioni","tag-fidanzata","tag-instagram","tag-social","tag-teatro","vip-gabriel_garko"],"yoast_head":"<title>Gabriel Garko abbracciato ad Adua Del Vesco: &#039;Non la sto strozzando!&#039; - Gossip.it | News sul Gossip e VIP<\/title>\n<meta name=\"description\" content=\"Gabriel Garko posa abbracciato alla fidanzata, Adua Del Vesco. Lo scatto che lo immortala cos\u00ec l&#039;attore 44enne lo condivide sul suo profilo sul social e\" \/>\n<meta name=\"robots\" content=\"index, follow, max-snippet:-1, max-image-preview:large, max-video-preview:-1\" \/>\n<link rel=\"canonical\" href=\"https:\/\/www.gossip.it\/news\/gabriel-garko-abbracciato-adua-del-vesco\/\" \/>\n<meta property=\"og:locale\" content=\"it_IT\" \/>\n<meta property=\"og:type\" content=\"article\" \/>\n<meta property=\"og:title\" content=\"Gabriel Garko abbracciato ad Adua Del Vesco: &#039;Non la sto strozzando!&#039; - Gossip.it | News sul Gossip e VIP\" \/>\n<meta property=\"og:description\" content=\"Gabriel Garko posa abbracciato alla fidanzata, Adua Del Vesco. Lo scatto che lo immortala cos\u00ec l&#039;attore 44enne lo condivide sul suo profilo sul social e\" \/>\n<meta property=\"og:url\" content=\"https:\/\/www.gossip.it\/news\/gabriel-garko-abbracciato-adua-del-vesco\/\" \/>\n<meta property=\"og:site_name\" content=\"Gossip.it | News sul Gossip e VIP\" \/>\n<meta property=\"article:publisher\" content=\"https:\/\/www.facebook.com\/GossipIT\" \/>\n<meta property=\"article:published_time\" content=\"2017-06-07T22:00:00+00:00\" \/>\n<meta property=\"og:image\" content=\"https:\/\/files.gossip.it\/immagini_news\/2017\/06\/1496925838_gabriel_garko_adua_del_vesco.jpg\" \/>\n<meta name=\"author\" content=\"La Redazione\" \/>\n<meta name=\"twitter:card\" content=\"summary_large_image\" \/>\n<meta name=\"twitter:image\" content=\"https:\/\/files.gossip.it\/immagini_news\/2017\/06\/1496925838_gabriel_garko_adua_del_vesco.jpg\" \/>\n<meta name=\"twitter:creator\" content=\"@gossinews_it\" \/>\n<meta name=\"twitter:site\" content=\"@gossinews_it\" \/>\n<meta name=\"twitter:label1\" content=\"Scritto da\" \/>\n\t<meta name=\"twitter:data1\" content=\"Annamaria Capozzi\" \/>\n\t<meta name=\"twitter:label2\" content=\"Tempo di lettura stimato\" \/>\n\t<meta name=\"twitter:data2\" content=\"1 minuto\" \/>","yoast_head_json":{"title":"Gabriel Garko abbracciato ad Adua Del Vesco: 'Non la sto strozzando!' - Gossip.it | News sul Gossip e VIP","description":"Gabriel Garko posa abbracciato alla fidanzata, Adua Del Vesco. Lo scatto che lo immortala cos\u00ec l'attore 44enne lo condivide sul suo profilo sul social e","robots":{"index":"index","follow":"follow","max-snippet":"max-snippet:-1","max-image-preview":"max-image-preview:large","max-video-preview":"max-video-preview:-1"},"canonical":"https:\/\/www.gossip.it\/news\/gabriel-garko-abbracciato-adua-del-vesco\/","og_locale":"it_IT","og_type":"article","og_title":"Gabriel Garko abbracciato ad Adua Del Vesco: 'Non la sto strozzando!' - Gossip.it | News sul Gossip e VIP","og_description":"Gabriel Garko posa abbracciato alla fidanzata, Adua Del Vesco. Lo scatto che lo immortala cos\u00ec l'attore 44enne lo condivide sul suo profilo sul social e","og_url":"https:\/\/www.gossip.it\/news\/gabriel-garko-abbracciato-adua-del-vesco\/","og_site_name":"Gossip.it | News sul Gossip e VIP","article_publisher":"https:\/\/www.facebook.com\/GossipIT","article_published_time":"2017-06-07T22:00:00+00:00","og_image":[{"url":"https:\/\/files.gossip.it\/immagini_news\/2017\/06\/1496925838_gabriel_garko_adua_del_vesco.jpg"}],"author":"La Redazione","twitter_card":"summary_large_image","twitter_image":"https:\/\/files.gossip.it\/immagini_news\/2017\/06\/1496925838_gabriel_garko_adua_del_vesco.jpg","twitter_creator":"@gossinews_it","twitter_site":"@gossinews_it","twitter_misc":{"Scritto da":"Annamaria Capozzi","Tempo di lettura stimato":"1 minuto"},"schema":{"@context":"https:\/\/schema.org","@graph":[{"@type":"Article","@id":"https:\/\/www.gossip.it\/news\/gabriel-garko-abbracciato-adua-del-vesco\/#article","isPartOf":{"@id":"https:\/\/www.gossip.it\/news\/gabriel-garko-abbracciato-adua-del-vesco\/"},"author":{"name":"La Redazione","@id":"https:\/\/www.gossip.it\/#\/schema\/person\/488896f75158bff1cc83c6c39d141110"},"headline":"Gabriel Garko abbracciato ad Adua Del Vesco: 'Non la sto strozzando!'","datePublished":"2017-06-07T22:00:00+00:00","dateModified":"2017-06-07T22:00:00+00:00","mainEntityOfPage":{"@id":"https:\/\/www.gossip.it\/news\/gabriel-garko-abbracciato-adua-del-vesco\/"},"wordCount":297,"publisher":{"@id":"https:\/\/www.gossip.it\/#organization"},"image":{"@id":"https:\/\/www.gossip.it\/news\/gabriel-garko-abbracciato-adua-del-vesco\/#primaryimage"},"thumbnailUrl":"https:\/\/files.gossip.it\/immagini_news\/2017\/06\/1496925838_gabriel_garko_adua_del_vesco.jpg","keywords":["abbracciato","Adua Del Vesco","attore","attrice","dichiarazioni","fidanzata","instagram","social","teatro"],"articleSection":["News"],"inLanguage":"it-IT"},{"@type":"WebPage","@id":"https:\/\/www.gossip.it\/news\/gabriel-garko-abbracciato-adua-del-vesco\/","url":"https:\/\/www.gossip.it\/news\/gabriel-garko-abbracciato-adua-del-vesco\/","name":"Gabriel Garko abbracciato ad Adua Del Vesco: 'Non la sto strozzando!' - Gossip.it | News sul Gossip e VIP","isPartOf":{"@id":"https:\/\/www.gossip.it\/#website"},"primaryImageOfPage":{"@id":"https:\/\/www.gossip.it\/news\/gabriel-garko-abbracciato-adua-del-vesco\/#primaryimage"},"image":{"@id":"https:\/\/www.gossip.it\/news\/gabriel-garko-abbracciato-adua-del-vesco\/#primaryimage"},"thumbnailUrl":"https:\/\/files.gossip.it\/immagini_news\/2017\/06\/1496925838_gabriel_garko_adua_del_vesco.jpg","datePublished":"2017-06-07T22:00:00+00:00","dateModified":"2017-06-07T22:00:00+00:00","description":"Gabriel Garko posa abbracciato alla fidanzata, Adua Del Vesco. Lo scatto che lo immortala cos\u00ec l'attore 44enne lo condivide sul suo profilo sul social e","breadcrumb":{"@id":"https:\/\/www.gossip.it\/news\/gabriel-garko-abbracciato-adua-del-vesco\/#breadcrumb"},"inLanguage":"it-IT","potentialAction":[{"@type":"ReadAction","target":["https:\/\/www.gossip.it\/news\/gabriel-garko-abbracciato-adua-del-vesco\/"]}]},{"@type":"ImageObject","inLanguage":"it-IT","@id":"https:\/\/www.gossip.it\/news\/gabriel-garko-abbracciato-adua-del-vesco\/#primaryimage","url":"https:\/\/files.gossip.it\/immagini_news\/2017\/06\/1496925838_gabriel_garko_adua_del_vesco.jpg","contentUrl":"https:\/\/files.gossip.it\/immagini_news\/2017\/06\/1496925838_gabriel_garko_adua_del_vesco.jpg"},{"@type":"BreadcrumbList","@id":"https:\/\/www.gossip.it\/news\/gabriel-garko-abbracciato-adua-del-vesco\/#breadcrumb","itemListElement":[{"@type":"ListItem","position":1,"name":"Home","item":"https:\/\/www.gossip.it\/"},{"@type":"ListItem","position":2,"name":"Gabriel Garko abbracciato ad Adua Del Vesco: 'Non la sto strozzando!'"}]},{"@type":"WebSite","@id":"https:\/\/www.gossip.it\/#website","url":"https:\/\/www.gossip.it\/","name":"Gossip and VIP News","description":"Quotidiano di cronaca rosa, costume e societ\u00e0","publisher":{"@id":"https:\/\/www.gossip.it\/#organization"},"alternateName":"Gossip and VIP News","potentialAction":[{"@type":"SearchAction","target":{"@type":"EntryPoint","urlTemplate":"https:\/\/www.gossip.it\/?s={search_term_string}"},"query-input":{"@type":"PropertyValueSpecification","valueRequired":true,"valueName":"search_term_string"}}],"inLanguage":"it-IT"},{"@type":"Organization","@id":"https:\/\/www.gossip.it\/#organization","name":"Gossip and VIP News","alternateName":"Gossip News","url":"https:\/\/www.gossip.it\/","logo":{"@type":"ImageObject","inLanguage":"it-IT","@id":"https:\/\/www.gossip.it\/#\/schema\/logo\/image\/","url":"https:\/\/www.gossip.it\/wp-content\/uploads\/2022\/04\/cropped-corna-alta-tiny.png","contentUrl":"https:\/\/www.gossip.it\/wp-content\/uploads\/2022\/04\/cropped-corna-alta-tiny.png","width":512,"height":512,"caption":"Gossip and VIP News"},"image":{"@id":"https:\/\/www.gossip.it\/#\/schema\/logo\/image\/"},"sameAs":["https:\/\/www.facebook.com\/GossipIT","https:\/\/x.com\/gossinews_it","https:\/\/instagram.com\/gossip_it"]},{"@type":"Person","@id":"https:\/\/www.gossip.it\/#\/schema\/person\/488896f75158bff1cc83c6c39d141110","name":"La Redazione","image":{"@type":"ImageObject","inLanguage":"it-IT","@id":"https:\/\/www.gossip.it\/#\/schema\/person\/image\/","url":"https:\/\/secure.gravatar.com\/avatar\/5a5f5c6fa3e6700e4249abdad0263a1e94e927d9e0499b1cb09c1cd29c044d80?s=96&d=mm&r=g","contentUrl":"https:\/\/secure.gravatar.com\/avatar\/5a5f5c6fa3e6700e4249abdad0263a1e94e927d9e0499b1cb09c1cd29c044d80?s=96&d=mm&r=g","caption":"La Redazione"},"sameAs":["https:\/\/www.gossip.it"]}]}},"amp_enabled":true,"_links":{"self":[{"href":"https:\/\/www.gossip.it\/api\/wp\/v2\/posts\/58322","targetHints":{"allow":["GET"]}}],"collection":[{"href":"https:\/\/www.gossip.it\/api\/wp\/v2\/posts"}],"about":[{"href":"https:\/\/www.gossip.it\/api\/wp\/v2\/types\/post"}],"author":[{"embeddable":true,"href":"https:\/\/www.gossip.it\/api\/wp\/v2\/users\/1"}],"replies":[{"embeddable":true,"href":"https:\/\/www.gossip.it\/api\/wp\/v2\/comments?post=58322"}],"version-history":[{"count":0,"href":"https:\/\/www.gossip.it\/api\/wp\/v2\/posts\/58322\/revisions"}],"wp:featuredmedia":[{"embeddable":true,"href":"https:\/\/www.gossip.it\/api\/wp\/v2\/media\/114368"}],"wp:attachment":[{"href":"https:\/\/www.gossip.it\/api\/wp\/v2\/media?parent=58322"}],"wp:term":[{"taxonomy":"category","embeddable":true,"href":"https:\/\/www.gossip.it\/api\/wp\/v2\/categories?post=58322"},{"taxonomy":"post_tag","embeddable":true,"href":"https:\/\/www.gossip.it\/api\/wp\/v2\/tags?post=58322"},{"taxonomy":"vip","embeddable":true,"href":"https:\/\/www.gossip.it\/api\/wp\/v2\/vip?post=58322"}],"curies":[{"name":"wp","href":"https:\/\/api.w.org\/{rel}","templated":true}]}}