{"id":58349,"date":"2017-06-12T00:00:00","date_gmt":"2017-06-11T22:00:00","guid":{"rendered":"https:\/\/www.gossip.it\/senza-categoria\/fabrizio-corona-condannato-un-anno-dedica-silvia-provvedi\/"},"modified":"2017-06-12T00:00:00","modified_gmt":"2017-06-11T22:00:00","slug":"fabrizio-corona-condannato-un-anno-dedica-silvia-provvedi","status":"publish","type":"post","link":"https:\/\/www.gossip.it\/news\/fabrizio-corona-condannato-un-anno-dedica-silvia-provvedi\/","title":{"rendered":"Fabrizio Corona condannato a un anno: in aula la dedica a Silvia Provvedi"},"content":{"rendered":"<p><a href=\"\/vip\/fabrizio-corona\/\">Fabrizio Corona<\/a> \u00e8 stato <strong>condannato<\/strong> a <strong>un anno<\/strong>, la procura ne aveva chiesti 5 per lui. L'ex manager dei paparazzi era tornato in carcere a ottobre scorso dopo che erano stati scoperti circa 2,6 milioni di euro in nero nascosti in parte nel controsoffitto della sua storica collaboratrice, <a href=\"\/vip\/francesca-persi\/\">Francesca Persi<\/a>, in parte in due cassette di sicurezza in Austria. Arriva il verdetto, ma pure la <strong>dedica<\/strong> di Fabrizio a <a href=\"\/vip\/silvia-provvedi\/\">Silvia Provvedi<\/a>, fatta in aula.<\/p>\n<figure class=\"caption\"><img decoding=\"async\" alt=\"\" width=\"640\" height=\"335\" src=\"https:\/\/files.gossip.it\/immagini_news\/2017\/06\/1497278066_fabrizio_corona.jpg\" \/><figcaption>Fabrizio Corona condannato a un anno, pa procura ne aveva chiesti cinque<\/figcaption><\/figure>\n<p><strong>Fabrizio Corona<\/strong> \u00e8 stato <strong>condannato<\/strong> a <strong>un anno<\/strong>, tre mesi, invece, la pena decisa per Francesca Persi. \u00a0Il collegio presieduto da Guido Salvini ha fatto cadere due delle imputazioni che pendevano sulla testa di Corona: l'intestazione fittizia dei beni in relazione ai soldi in contanti e la violazione delle norme patrimoniali sulle misure di prevenzione. E' stato <strong>condannato<\/strong> a <strong>un anno<\/strong> solo per il reato di sottrazione fraudolenta al pagamento delle imposte.<\/p>\n<p><strong>Fabrizio Corona<\/strong> alla lettura della sentenza ha esultato. Ha picchiato i pugni sul tavolo e si \u00e8 rivolto al suo avvocato, dicendogli: <em>\"Sei un grande!\"<\/em>. In aula hanno gioito anche la mamma di <strong>Fabrizio Corona<\/strong>, Gabriella, e la fidanzata, Silvia Provvedi, prima commossa per la <strong>dedica<\/strong> di Fabrizio, arrivata inaspettata.<\/p>\n<figure class=\"caption\"><img decoding=\"async\" alt=\"\" width=\"640\" height=\"638\" src=\"https:\/\/files.gossip.it\/immagini_news\/2017\/06\/1497278103_provvedi-corona.jpg\" \/><figcaption>In aula, prima della sentenza, il 43enne ha fatto una dedica alla fidanzata, Silvia Provvedi<\/figcaption><\/figure>\n<p><strong>Fabrizio Corona <\/strong>non uscir\u00e0 dal carcere. <em>\"Il Tribunale di sorveglianza ha revocato il suo affidamento, ma, essendo venuto meno il mandato di cattura, le cose cambiano di molto. Fabrizio riprender\u00e0, quindi, il suo percorso\"<\/em>, ha spiegato il legale <a href=\"\/vip\/ivano-chiesa\/\">Ivano Chiesa<\/a>. Sono cinque gli anni restanti dovuti al cumulo delle pene definitive. Chiesa, insieme al collega Luca Siritti, ha annunciato che presenter\u00e0 un'istanza per la concessione di un nuovo affidamento in prova.<\/p>\n<p><strong>Fabrizio Corona<\/strong> nel rilasciare le sue ultime dichiarazioni spontanee, prima che\u00a0i giudici si ritirassero in camera di consiglio per decidere, ha voluto fare una <strong>dedica<\/strong> a <strong>Silvia Provvedi<\/strong>.\u00a0<\/p>\n<figure class=\"caption\"><img decoding=\"async\" alt=\"\" width=\"640\" height=\"482\" src=\"https:\/\/files.gossip.it\/immagini_news\/2017\/06\/1497278862_Parpiglia-post.jpg\" \/><figcaption>Il post dell'amico Gabriele Parpiglia accompagnato da una foto che ritrae il giornalista con la mamma di Fabrizio, Gabriella<\/figcaption><\/figure>\n<p><em>\"Fuori sono rimaste mia madre, che si sta occupando di mio figlio e ormai sta diventando vecchia<\/em> - ha detto l'ex agente - <em>e la mia fidanzata che \u00e8 molto giovane ma \u00e8 unica e speciale, e quello che ha fatto per me non l'avrebbe fatto nessuna donna. Ho questa piccola famiglia, mi aspetta ed \u00e8 l'unica cosa che voglio, i soldi non mi interessano, potete anche tenerveli. Datemi ci\u00f2 che \u00e8 giusto e fatemi riprendere il percorso da dove lo avevo interrotto\"<\/em>.<\/p>\n<p>La mora di <a href=\"\/vip\/le-donatella\/\">Le Donatella<\/a> \u00e8 scoppiata a piangere. Poi, dopo la sentenza, ha detto:<em> \"Spero esca presto dal carcere, oggi \u00e8 finalmente uscita la verit\u00e0\"<\/em>. Post di felicit\u00e0 sul <a href=\"\/vip\/social\/\">social<\/a> anche dell'amico di Corona, <a href=\"\/vip\/gabriele-parpiglia\/\">Gabriele Parpiglia<\/a>.<\/p>\n<p>\u00a0<\/p>\n<p>\u00a0<\/p>\n","protected":false},"excerpt":{"rendered":"<p>Fabrizio Corona \u00e8 stato condannato a un anno, la procura ne aveva chiesti 5 per lui. L'ex manager dei paparazzi era tornato in carcere a ottobre scorso dopo che erano stati scoperti circa 2,6 milioni di euro in nero nascosti in parte nel controsoffitto della sua storica collaboratrice, Francesca Persi, in parte in due cassette [&hellip;]<\/p>\n","protected":false},"author":1,"featured_media":114395,"comment_status":"closed","ping_status":"closed","sticky":false,"template":"","format":"standard","meta":{"footnotes":""},"categories":[54],"tags":[48650,2178,9548,40720,2351,2121,5101,5901,10849,9672,1923,6547],"vip":[719],"class_list":["post-58349","post","type-post","status-publish","format-standard","has-post-thumbnail","hentry","category-news","tag-condannato","tag-dedica","tag-gabriele-parpiglia","tag-gabriella-corona","tag-imprenditore","tag-instagram","tag-manager","tag-processo","tag-sentenza","tag-silvia-provvedi","tag-social","tag-un-anno","vip-fabrizio_corona"],"yoast_head":"<title>Fabrizio Corona condannato a un anno: in aula la dedica a Silvia Provvedi - Gossip.it | News sul Gossip e VIP<\/title>\n<meta name=\"description\" content=\"Fabrizio Corona \u00e8 stato condannato a un anno, la procura ne aveva chiesti 5 per lui. L&#039;ex manager dei paparazzi era tornato in carcere a ottobre scorso\" \/>\n<meta name=\"robots\" content=\"index, follow, max-snippet:-1, max-image-preview:large, max-video-preview:-1\" \/>\n<link rel=\"canonical\" href=\"https:\/\/www.gossip.it\/news\/fabrizio-corona-condannato-un-anno-dedica-silvia-provvedi\/\" \/>\n<meta property=\"og:locale\" content=\"it_IT\" \/>\n<meta property=\"og:type\" content=\"article\" \/>\n<meta property=\"og:title\" content=\"Fabrizio Corona condannato a un anno: in aula la dedica a Silvia Provvedi - Gossip.it | News sul Gossip e VIP\" \/>\n<meta property=\"og:description\" content=\"Fabrizio Corona \u00e8 stato condannato a un anno, la procura ne aveva chiesti 5 per lui. L&#039;ex manager dei paparazzi era tornato in carcere a ottobre scorso\" \/>\n<meta property=\"og:url\" content=\"https:\/\/www.gossip.it\/news\/fabrizio-corona-condannato-un-anno-dedica-silvia-provvedi\/\" \/>\n<meta property=\"og:site_name\" content=\"Gossip.it | News sul Gossip e VIP\" \/>\n<meta property=\"article:publisher\" content=\"https:\/\/www.facebook.com\/GossipIT\" \/>\n<meta property=\"article:published_time\" content=\"2017-06-11T22:00:00+00:00\" \/>\n<meta property=\"og:image\" content=\"https:\/\/files.gossip.it\/immagini_news\/2017\/06\/1497278066_fabrizio_corona.jpg\" \/>\n<meta name=\"author\" content=\"La Redazione\" \/>\n<meta name=\"twitter:card\" content=\"summary_large_image\" \/>\n<meta name=\"twitter:image\" content=\"https:\/\/files.gossip.it\/immagini_news\/2017\/06\/1497278066_fabrizio_corona.jpg\" \/>\n<meta name=\"twitter:creator\" content=\"@gossinews_it\" \/>\n<meta name=\"twitter:site\" content=\"@gossinews_it\" \/>\n<meta name=\"twitter:label1\" content=\"Scritto da\" \/>\n\t<meta name=\"twitter:data1\" content=\"Annamaria Capozzi\" \/>\n\t<meta name=\"twitter:label2\" content=\"Tempo di lettura stimato\" \/>\n\t<meta name=\"twitter:data2\" content=\"2 minuti\" \/>","yoast_head_json":{"title":"Fabrizio Corona condannato a un anno: in aula la dedica a Silvia Provvedi - Gossip.it | News sul Gossip e VIP","description":"Fabrizio Corona \u00e8 stato condannato a un anno, la procura ne aveva chiesti 5 per lui. L'ex manager dei paparazzi era tornato in carcere a ottobre scorso","robots":{"index":"index","follow":"follow","max-snippet":"max-snippet:-1","max-image-preview":"max-image-preview:large","max-video-preview":"max-video-preview:-1"},"canonical":"https:\/\/www.gossip.it\/news\/fabrizio-corona-condannato-un-anno-dedica-silvia-provvedi\/","og_locale":"it_IT","og_type":"article","og_title":"Fabrizio Corona condannato a un anno: in aula la dedica a Silvia Provvedi - Gossip.it | News sul Gossip e VIP","og_description":"Fabrizio Corona \u00e8 stato condannato a un anno, la procura ne aveva chiesti 5 per lui. L'ex manager dei paparazzi era tornato in carcere a ottobre scorso","og_url":"https:\/\/www.gossip.it\/news\/fabrizio-corona-condannato-un-anno-dedica-silvia-provvedi\/","og_site_name":"Gossip.it | News sul Gossip e VIP","article_publisher":"https:\/\/www.facebook.com\/GossipIT","article_published_time":"2017-06-11T22:00:00+00:00","og_image":[{"url":"https:\/\/files.gossip.it\/immagini_news\/2017\/06\/1497278066_fabrizio_corona.jpg"}],"author":"La Redazione","twitter_card":"summary_large_image","twitter_image":"https:\/\/files.gossip.it\/immagini_news\/2017\/06\/1497278066_fabrizio_corona.jpg","twitter_creator":"@gossinews_it","twitter_site":"@gossinews_it","twitter_misc":{"Scritto da":"Annamaria Capozzi","Tempo di lettura stimato":"2 minuti"},"schema":{"@context":"https:\/\/schema.org","@graph":[{"@type":"Article","@id":"https:\/\/www.gossip.it\/news\/fabrizio-corona-condannato-un-anno-dedica-silvia-provvedi\/#article","isPartOf":{"@id":"https:\/\/www.gossip.it\/news\/fabrizio-corona-condannato-un-anno-dedica-silvia-provvedi\/"},"author":{"name":"La Redazione","@id":"https:\/\/www.gossip.it\/#\/schema\/person\/488896f75158bff1cc83c6c39d141110"},"headline":"Fabrizio Corona condannato a un anno: in aula la dedica a Silvia Provvedi","datePublished":"2017-06-11T22:00:00+00:00","dateModified":"2017-06-11T22:00:00+00:00","mainEntityOfPage":{"@id":"https:\/\/www.gossip.it\/news\/fabrizio-corona-condannato-un-anno-dedica-silvia-provvedi\/"},"wordCount":472,"publisher":{"@id":"https:\/\/www.gossip.it\/#organization"},"image":{"@id":"https:\/\/www.gossip.it\/news\/fabrizio-corona-condannato-un-anno-dedica-silvia-provvedi\/#primaryimage"},"thumbnailUrl":"https:\/\/files.gossip.it\/immagini_news\/2017\/06\/1497278066_fabrizio_corona.jpg","keywords":["condannato","dedica","gabriele parpiglia","gabriella corona","imprenditore","instagram","manager","processo","sentenza","silvia provvedi","social","un anno"],"articleSection":["News"],"inLanguage":"it-IT"},{"@type":"WebPage","@id":"https:\/\/www.gossip.it\/news\/fabrizio-corona-condannato-un-anno-dedica-silvia-provvedi\/","url":"https:\/\/www.gossip.it\/news\/fabrizio-corona-condannato-un-anno-dedica-silvia-provvedi\/","name":"Fabrizio Corona condannato a un anno: in aula la dedica a Silvia Provvedi - Gossip.it | News sul Gossip e VIP","isPartOf":{"@id":"https:\/\/www.gossip.it\/#website"},"primaryImageOfPage":{"@id":"https:\/\/www.gossip.it\/news\/fabrizio-corona-condannato-un-anno-dedica-silvia-provvedi\/#primaryimage"},"image":{"@id":"https:\/\/www.gossip.it\/news\/fabrizio-corona-condannato-un-anno-dedica-silvia-provvedi\/#primaryimage"},"thumbnailUrl":"https:\/\/files.gossip.it\/immagini_news\/2017\/06\/1497278066_fabrizio_corona.jpg","datePublished":"2017-06-11T22:00:00+00:00","dateModified":"2017-06-11T22:00:00+00:00","description":"Fabrizio Corona \u00e8 stato condannato a un anno, la procura ne aveva chiesti 5 per lui. L'ex manager dei paparazzi era tornato in carcere a ottobre scorso","breadcrumb":{"@id":"https:\/\/www.gossip.it\/news\/fabrizio-corona-condannato-un-anno-dedica-silvia-provvedi\/#breadcrumb"},"inLanguage":"it-IT","potentialAction":[{"@type":"ReadAction","target":["https:\/\/www.gossip.it\/news\/fabrizio-corona-condannato-un-anno-dedica-silvia-provvedi\/"]}]},{"@type":"ImageObject","inLanguage":"it-IT","@id":"https:\/\/www.gossip.it\/news\/fabrizio-corona-condannato-un-anno-dedica-silvia-provvedi\/#primaryimage","url":"https:\/\/files.gossip.it\/immagini_news\/2017\/06\/1497278066_fabrizio_corona.jpg","contentUrl":"https:\/\/files.gossip.it\/immagini_news\/2017\/06\/1497278066_fabrizio_corona.jpg"},{"@type":"BreadcrumbList","@id":"https:\/\/www.gossip.it\/news\/fabrizio-corona-condannato-un-anno-dedica-silvia-provvedi\/#breadcrumb","itemListElement":[{"@type":"ListItem","position":1,"name":"Home","item":"https:\/\/www.gossip.it\/"},{"@type":"ListItem","position":2,"name":"Fabrizio Corona condannato a un anno: in aula la dedica a Silvia Provvedi"}]},{"@type":"WebSite","@id":"https:\/\/www.gossip.it\/#website","url":"https:\/\/www.gossip.it\/","name":"Gossip and VIP News","description":"Quotidiano di cronaca rosa, costume e societ\u00e0","publisher":{"@id":"https:\/\/www.gossip.it\/#organization"},"alternateName":"Gossip and VIP News","potentialAction":[{"@type":"SearchAction","target":{"@type":"EntryPoint","urlTemplate":"https:\/\/www.gossip.it\/?s={search_term_string}"},"query-input":{"@type":"PropertyValueSpecification","valueRequired":true,"valueName":"search_term_string"}}],"inLanguage":"it-IT"},{"@type":"Organization","@id":"https:\/\/www.gossip.it\/#organization","name":"Gossip and VIP News","alternateName":"Gossip News","url":"https:\/\/www.gossip.it\/","logo":{"@type":"ImageObject","inLanguage":"it-IT","@id":"https:\/\/www.gossip.it\/#\/schema\/logo\/image\/","url":"https:\/\/www.gossip.it\/wp-content\/uploads\/2022\/04\/cropped-corna-alta-tiny.png","contentUrl":"https:\/\/www.gossip.it\/wp-content\/uploads\/2022\/04\/cropped-corna-alta-tiny.png","width":512,"height":512,"caption":"Gossip and VIP News"},"image":{"@id":"https:\/\/www.gossip.it\/#\/schema\/logo\/image\/"},"sameAs":["https:\/\/www.facebook.com\/GossipIT","https:\/\/x.com\/gossinews_it","https:\/\/instagram.com\/gossip_it"]},{"@type":"Person","@id":"https:\/\/www.gossip.it\/#\/schema\/person\/488896f75158bff1cc83c6c39d141110","name":"La Redazione","image":{"@type":"ImageObject","inLanguage":"it-IT","@id":"https:\/\/www.gossip.it\/#\/schema\/person\/image\/","url":"https:\/\/secure.gravatar.com\/avatar\/5a5f5c6fa3e6700e4249abdad0263a1e94e927d9e0499b1cb09c1cd29c044d80?s=96&d=mm&r=g","contentUrl":"https:\/\/secure.gravatar.com\/avatar\/5a5f5c6fa3e6700e4249abdad0263a1e94e927d9e0499b1cb09c1cd29c044d80?s=96&d=mm&r=g","caption":"La Redazione"},"sameAs":["https:\/\/www.gossip.it"]}]}},"amp_enabled":true,"_links":{"self":[{"href":"https:\/\/www.gossip.it\/api\/wp\/v2\/posts\/58349","targetHints":{"allow":["GET"]}}],"collection":[{"href":"https:\/\/www.gossip.it\/api\/wp\/v2\/posts"}],"about":[{"href":"https:\/\/www.gossip.it\/api\/wp\/v2\/types\/post"}],"author":[{"embeddable":true,"href":"https:\/\/www.gossip.it\/api\/wp\/v2\/users\/1"}],"replies":[{"embeddable":true,"href":"https:\/\/www.gossip.it\/api\/wp\/v2\/comments?post=58349"}],"version-history":[{"count":0,"href":"https:\/\/www.gossip.it\/api\/wp\/v2\/posts\/58349\/revisions"}],"wp:featuredmedia":[{"embeddable":true,"href":"https:\/\/www.gossip.it\/api\/wp\/v2\/media\/114395"}],"wp:attachment":[{"href":"https:\/\/www.gossip.it\/api\/wp\/v2\/media?parent=58349"}],"wp:term":[{"taxonomy":"category","embeddable":true,"href":"https:\/\/www.gossip.it\/api\/wp\/v2\/categories?post=58349"},{"taxonomy":"post_tag","embeddable":true,"href":"https:\/\/www.gossip.it\/api\/wp\/v2\/tags?post=58349"},{"taxonomy":"vip","embeddable":true,"href":"https:\/\/www.gossip.it\/api\/wp\/v2\/vip?post=58349"}],"curies":[{"name":"wp","href":"https:\/\/api.w.org\/{rel}","templated":true}]}}