{"id":58361,"date":"2017-06-13T00:00:00","date_gmt":"2017-06-12T22:00:00","guid":{"rendered":"https:\/\/www.gossip.it\/senza-categoria\/stefano-de-martino-dayane-mello-desiree-popper-capri\/"},"modified":"2017-06-13T00:00:00","modified_gmt":"2017-06-12T22:00:00","slug":"stefano-de-martino-dayane-mello-desiree-popper-capri","status":"publish","type":"post","link":"https:\/\/www.gossip.it\/news\/stefano-de-martino-dayane-mello-desiree-popper-capri\/","title":{"rendered":"Stefano De Martino a Capri tra Dayane Mello e Desir\u00e9e Popper..."},"content":{"rendered":"<p><a href=\"\/vip\/stefano-de martino\/\">Stefano De Martino<\/a> a <strong>Capri<\/strong> non \u00e8 rimasto indifferente al fascino di <a href=\"\/vip\/dayane-mello\/\">Dayane Mello<\/a> e <a href=\"\/vip\/desir\u00e8e-popper\/\">Desir\u00e8e Popper<\/a>, entrambe 28 anni. Le due brasiliane se lo sono contesto e lui si \u00e8 lasciato bonariamente conquistare dalle belle, come mostrano gli scatti esclusivi pubblicati da <em>Chi <\/em>nel numero in edicola domani, mercoled\u00ec 14 giugno.<\/p>\n<figure class=\"caption\"><img decoding=\"async\" alt=\"\" width=\"640\" height=\"469\" src=\"https:\/\/files.gossip.it\/immagini_news\/2017\/06\/1497358630_de_martino_1.jpg\" \/><figcaption>Stefano De Martino a Capri ammaliato da Dayane Mello<\/figcaption><\/figure>\n<p>Il ballerino ha ribadito di essere single, forse \u00e8 proprio per questo che al <a href=\"\/vip\/vip-champion\/\">Vip Champion<\/a> a <strong>Capri<\/strong> durante l'ultimo weekend \u00e8 stata la preda pi\u00f9 ambita da tutte le famose presenti (e non solo). <strong>Dayane Mello<\/strong> ha trascorso con Stefano molto tempo ammiccante e sensuale come solo lei riesce a essere. <strong>Desir\u00e9e Popper <\/strong>ha fatto lo stesso. L'ex\u00a0<a href=\"\/vip\/naufraga\/\">naufraga<\/a>\u00a0dell'<a href=\"\/vip\/isola-dei famosi\/\">Isola dei Famosi<\/a> e l'ex <a href=\"\/vip\/tronista\/\">tronista<\/a>\u00a0di <a href=\"\/vip\/uomini-e donne\/\">Uomini e Donne<\/a> non hanno lasciato nulla al caso...<\/p>\n<figure class=\"caption\"><img decoding=\"async\" alt=\"\" width=\"640\" height=\"487\" src=\"https:\/\/files.gossip.it\/immagini_news\/2017\/06\/1497358665_de_martino_2.jpg\" \/><figcaption>Il 27enne in piscina sull'isola sembra conquistato anche dalla bella Desir\u00e9e Popper<\/figcaption><\/figure>\n<p><strong>Stefano De Martino<\/strong> a <strong>Capri <\/strong>prima si \u00e8 intrattenuto a lungo con <strong>Desir\u00e9e Popper<\/strong> in piscina. Poi, pi\u00f9 tardi, ha passato la serata con <strong>Dayane Mello<\/strong>. Le sudamericane sono sembrate lanciatissime, ma per il momento so \u00e8 trattato solo di una frequentazione vacanziera, giusto per conoscersi meglio a un evento tra i pi\u00f9 mondani dell'anno.<\/p>\n<figure class=\"caption\"><img decoding=\"async\" alt=\"\" width=\"640\" height=\"643\" src=\"https:\/\/files.gossip.it\/immagini_news\/2017\/06\/1497358709_de_martino_3.jpg\" \/><figcaption>Il ballerino sta 'vicino, vicino' alla brasiliana 28enne<\/figcaption><\/figure>\n<p>Gli obiettivi dei fotografi, per\u00f2, non si sono fatti sfuggire la situazione e il settimanale diretto da <a href=\"\/vip\/alfonso-signorini\/\">Alfonso Signorini<\/a> ha messo tutto nero su bianco. Ora si attendono sviluppi. Perch\u00e9 ultimamente si \u00e8 anche parlato di un possibile riavvicinamento tra il napoletano e l'ex <a href=\"\/vip\/emma-marrone\/\">Emma Marrone<\/a>, pure se al momento di tratta solo di chiacchiere di paparazzi e nulla pi\u00f9.\u00a0<\/p>\n<div class=\"video_integrato\" data-videoid=\"4642\" data-autostart=\"true\">\u00a0<\/div>\n<p>\u00a0<\/p>\n","protected":false},"excerpt":{"rendered":"<p>Stefano De Martino a Capri non \u00e8 rimasto indifferente al fascino di Dayane Mello e Desir\u00e8e Popper, entrambe 28 anni. Le due brasiliane se lo sono contesto e lui si \u00e8 lasciato bonariamente conquistare dalle belle, come mostrano gli scatti esclusivi pubblicati da Chi nel numero in edicola domani, mercoled\u00ec 14 giugno. Stefano De Martino [&hellip;]<\/p>\n","protected":false},"author":1,"featured_media":114407,"comment_status":"closed","ping_status":"closed","sticky":false,"template":"","format":"standard","meta":{"footnotes":""},"categories":[54],"tags":[2504,4249,56454,2104,1994,56453,1997,4444,5281,2113,2097,9481],"vip":[1731],"class_list":["post-58361","post","type-post","status-publish","format-standard","has-post-thumbnail","hentry","category-news","tag-ballerino","tag-capri","tag-capri-vip-champion","tag-chi","tag-dayane-mello","tag-desidree-popper","tag-modella","tag-naufraga","tag-paparazzate","tag-tronista","tag-tv","tag-vip-champion","vip-stefano_de_martino"],"yoast_head":"<title>Stefano De Martino a Capri tra Dayane Mello e Desir\u00e9e Popper... - Gossip.it | News sul Gossip e VIP<\/title>\n<meta name=\"description\" content=\"Stefano De Martino a Capri non \u00e8 rimasto indifferente al fascino di Dayane Mello e Desir\u00e8e Popper, entrambe 28 anni. Le due brasiliane se lo sono contesto\" \/>\n<meta name=\"robots\" content=\"index, follow, max-snippet:-1, max-image-preview:large, max-video-preview:-1\" \/>\n<link rel=\"canonical\" href=\"https:\/\/www.gossip.it\/news\/stefano-de-martino-dayane-mello-desiree-popper-capri\/\" \/>\n<meta property=\"og:locale\" content=\"it_IT\" \/>\n<meta property=\"og:type\" content=\"article\" \/>\n<meta property=\"og:title\" content=\"Stefano De Martino a Capri tra Dayane Mello e Desir\u00e9e Popper... - Gossip.it | News sul Gossip e VIP\" \/>\n<meta property=\"og:description\" content=\"Stefano De Martino a Capri non \u00e8 rimasto indifferente al fascino di Dayane Mello e Desir\u00e8e Popper, entrambe 28 anni. Le due brasiliane se lo sono contesto\" \/>\n<meta property=\"og:url\" content=\"https:\/\/www.gossip.it\/news\/stefano-de-martino-dayane-mello-desiree-popper-capri\/\" \/>\n<meta property=\"og:site_name\" content=\"Gossip.it | News sul Gossip e VIP\" \/>\n<meta property=\"article:publisher\" content=\"https:\/\/www.facebook.com\/GossipIT\" \/>\n<meta property=\"article:published_time\" content=\"2017-06-12T22:00:00+00:00\" \/>\n<meta property=\"og:image\" content=\"https:\/\/files.gossip.it\/immagini_news\/2017\/06\/1497358630_de_martino_1.jpg\" \/>\n<meta name=\"author\" content=\"La Redazione\" \/>\n<meta name=\"twitter:card\" content=\"summary_large_image\" \/>\n<meta name=\"twitter:image\" content=\"https:\/\/files.gossip.it\/immagini_news\/2017\/06\/1497358630_de_martino_1.jpg\" \/>\n<meta name=\"twitter:creator\" content=\"@gossinews_it\" \/>\n<meta name=\"twitter:site\" content=\"@gossinews_it\" \/>\n<meta name=\"twitter:label1\" content=\"Scritto da\" \/>\n\t<meta name=\"twitter:data1\" content=\"Annamaria Capozzi\" \/>\n\t<meta name=\"twitter:label2\" content=\"Tempo di lettura stimato\" \/>\n\t<meta name=\"twitter:data2\" content=\"1 minuto\" \/>","yoast_head_json":{"title":"Stefano De Martino a Capri tra Dayane Mello e Desir\u00e9e Popper... - Gossip.it | News sul Gossip e VIP","description":"Stefano De Martino a Capri non \u00e8 rimasto indifferente al fascino di Dayane Mello e Desir\u00e8e Popper, entrambe 28 anni. Le due brasiliane se lo sono contesto","robots":{"index":"index","follow":"follow","max-snippet":"max-snippet:-1","max-image-preview":"max-image-preview:large","max-video-preview":"max-video-preview:-1"},"canonical":"https:\/\/www.gossip.it\/news\/stefano-de-martino-dayane-mello-desiree-popper-capri\/","og_locale":"it_IT","og_type":"article","og_title":"Stefano De Martino a Capri tra Dayane Mello e Desir\u00e9e Popper... - Gossip.it | News sul Gossip e VIP","og_description":"Stefano De Martino a Capri non \u00e8 rimasto indifferente al fascino di Dayane Mello e Desir\u00e8e Popper, entrambe 28 anni. Le due brasiliane se lo sono contesto","og_url":"https:\/\/www.gossip.it\/news\/stefano-de-martino-dayane-mello-desiree-popper-capri\/","og_site_name":"Gossip.it | News sul Gossip e VIP","article_publisher":"https:\/\/www.facebook.com\/GossipIT","article_published_time":"2017-06-12T22:00:00+00:00","og_image":[{"url":"https:\/\/files.gossip.it\/immagini_news\/2017\/06\/1497358630_de_martino_1.jpg"}],"author":"La Redazione","twitter_card":"summary_large_image","twitter_image":"https:\/\/files.gossip.it\/immagini_news\/2017\/06\/1497358630_de_martino_1.jpg","twitter_creator":"@gossinews_it","twitter_site":"@gossinews_it","twitter_misc":{"Scritto da":"Annamaria Capozzi","Tempo di lettura stimato":"1 minuto"},"schema":{"@context":"https:\/\/schema.org","@graph":[{"@type":"Article","@id":"https:\/\/www.gossip.it\/news\/stefano-de-martino-dayane-mello-desiree-popper-capri\/#article","isPartOf":{"@id":"https:\/\/www.gossip.it\/news\/stefano-de-martino-dayane-mello-desiree-popper-capri\/"},"author":{"name":"La Redazione","@id":"https:\/\/www.gossip.it\/#\/schema\/person\/488896f75158bff1cc83c6c39d141110"},"headline":"Stefano De Martino a Capri tra Dayane Mello e Desir\u00e9e Popper...","datePublished":"2017-06-12T22:00:00+00:00","dateModified":"2017-06-12T22:00:00+00:00","mainEntityOfPage":{"@id":"https:\/\/www.gossip.it\/news\/stefano-de-martino-dayane-mello-desiree-popper-capri\/"},"wordCount":286,"publisher":{"@id":"https:\/\/www.gossip.it\/#organization"},"image":{"@id":"https:\/\/www.gossip.it\/news\/stefano-de-martino-dayane-mello-desiree-popper-capri\/#primaryimage"},"thumbnailUrl":"https:\/\/files.gossip.it\/immagini_news\/2017\/06\/1497358630_de_martino_1.jpg","keywords":["ballerino","capri","capri vip champion","chi","dayane mello","desidr\u00e8e popper","modella","naufraga","paparazzate","tronista","tv","vip champion"],"articleSection":["News"],"inLanguage":"it-IT"},{"@type":"WebPage","@id":"https:\/\/www.gossip.it\/news\/stefano-de-martino-dayane-mello-desiree-popper-capri\/","url":"https:\/\/www.gossip.it\/news\/stefano-de-martino-dayane-mello-desiree-popper-capri\/","name":"Stefano De Martino a Capri tra Dayane Mello e Desir\u00e9e Popper... - Gossip.it | News sul Gossip e VIP","isPartOf":{"@id":"https:\/\/www.gossip.it\/#website"},"primaryImageOfPage":{"@id":"https:\/\/www.gossip.it\/news\/stefano-de-martino-dayane-mello-desiree-popper-capri\/#primaryimage"},"image":{"@id":"https:\/\/www.gossip.it\/news\/stefano-de-martino-dayane-mello-desiree-popper-capri\/#primaryimage"},"thumbnailUrl":"https:\/\/files.gossip.it\/immagini_news\/2017\/06\/1497358630_de_martino_1.jpg","datePublished":"2017-06-12T22:00:00+00:00","dateModified":"2017-06-12T22:00:00+00:00","description":"Stefano De Martino a Capri non \u00e8 rimasto indifferente al fascino di Dayane Mello e Desir\u00e8e Popper, entrambe 28 anni. Le due brasiliane se lo sono contesto","breadcrumb":{"@id":"https:\/\/www.gossip.it\/news\/stefano-de-martino-dayane-mello-desiree-popper-capri\/#breadcrumb"},"inLanguage":"it-IT","potentialAction":[{"@type":"ReadAction","target":["https:\/\/www.gossip.it\/news\/stefano-de-martino-dayane-mello-desiree-popper-capri\/"]}]},{"@type":"ImageObject","inLanguage":"it-IT","@id":"https:\/\/www.gossip.it\/news\/stefano-de-martino-dayane-mello-desiree-popper-capri\/#primaryimage","url":"https:\/\/files.gossip.it\/immagini_news\/2017\/06\/1497358630_de_martino_1.jpg","contentUrl":"https:\/\/files.gossip.it\/immagini_news\/2017\/06\/1497358630_de_martino_1.jpg"},{"@type":"BreadcrumbList","@id":"https:\/\/www.gossip.it\/news\/stefano-de-martino-dayane-mello-desiree-popper-capri\/#breadcrumb","itemListElement":[{"@type":"ListItem","position":1,"name":"Home","item":"https:\/\/www.gossip.it\/"},{"@type":"ListItem","position":2,"name":"Stefano De Martino a Capri tra Dayane Mello e Desir\u00e9e Popper..."}]},{"@type":"WebSite","@id":"https:\/\/www.gossip.it\/#website","url":"https:\/\/www.gossip.it\/","name":"Gossip and VIP News","description":"Quotidiano di cronaca rosa, costume e societ\u00e0","publisher":{"@id":"https:\/\/www.gossip.it\/#organization"},"alternateName":"Gossip and VIP News","potentialAction":[{"@type":"SearchAction","target":{"@type":"EntryPoint","urlTemplate":"https:\/\/www.gossip.it\/?s={search_term_string}"},"query-input":{"@type":"PropertyValueSpecification","valueRequired":true,"valueName":"search_term_string"}}],"inLanguage":"it-IT"},{"@type":"Organization","@id":"https:\/\/www.gossip.it\/#organization","name":"Gossip and VIP News","alternateName":"Gossip News","url":"https:\/\/www.gossip.it\/","logo":{"@type":"ImageObject","inLanguage":"it-IT","@id":"https:\/\/www.gossip.it\/#\/schema\/logo\/image\/","url":"https:\/\/www.gossip.it\/wp-content\/uploads\/2022\/04\/cropped-corna-alta-tiny.png","contentUrl":"https:\/\/www.gossip.it\/wp-content\/uploads\/2022\/04\/cropped-corna-alta-tiny.png","width":512,"height":512,"caption":"Gossip and VIP News"},"image":{"@id":"https:\/\/www.gossip.it\/#\/schema\/logo\/image\/"},"sameAs":["https:\/\/www.facebook.com\/GossipIT","https:\/\/x.com\/gossinews_it","https:\/\/instagram.com\/gossip_it"]},{"@type":"Person","@id":"https:\/\/www.gossip.it\/#\/schema\/person\/488896f75158bff1cc83c6c39d141110","name":"La Redazione","image":{"@type":"ImageObject","inLanguage":"it-IT","@id":"https:\/\/www.gossip.it\/#\/schema\/person\/image\/","url":"https:\/\/secure.gravatar.com\/avatar\/5a5f5c6fa3e6700e4249abdad0263a1e94e927d9e0499b1cb09c1cd29c044d80?s=96&d=mm&r=g","contentUrl":"https:\/\/secure.gravatar.com\/avatar\/5a5f5c6fa3e6700e4249abdad0263a1e94e927d9e0499b1cb09c1cd29c044d80?s=96&d=mm&r=g","caption":"La Redazione"},"sameAs":["https:\/\/www.gossip.it"]}]}},"amp_enabled":true,"_links":{"self":[{"href":"https:\/\/www.gossip.it\/api\/wp\/v2\/posts\/58361","targetHints":{"allow":["GET"]}}],"collection":[{"href":"https:\/\/www.gossip.it\/api\/wp\/v2\/posts"}],"about":[{"href":"https:\/\/www.gossip.it\/api\/wp\/v2\/types\/post"}],"author":[{"embeddable":true,"href":"https:\/\/www.gossip.it\/api\/wp\/v2\/users\/1"}],"replies":[{"embeddable":true,"href":"https:\/\/www.gossip.it\/api\/wp\/v2\/comments?post=58361"}],"version-history":[{"count":0,"href":"https:\/\/www.gossip.it\/api\/wp\/v2\/posts\/58361\/revisions"}],"wp:featuredmedia":[{"embeddable":true,"href":"https:\/\/www.gossip.it\/api\/wp\/v2\/media\/114407"}],"wp:attachment":[{"href":"https:\/\/www.gossip.it\/api\/wp\/v2\/media?parent=58361"}],"wp:term":[{"taxonomy":"category","embeddable":true,"href":"https:\/\/www.gossip.it\/api\/wp\/v2\/categories?post=58361"},{"taxonomy":"post_tag","embeddable":true,"href":"https:\/\/www.gossip.it\/api\/wp\/v2\/tags?post=58361"},{"taxonomy":"vip","embeddable":true,"href":"https:\/\/www.gossip.it\/api\/wp\/v2\/vip?post=58361"}],"curies":[{"name":"wp","href":"https:\/\/api.w.org\/{rel}","templated":true}]}}