{"id":58417,"date":"2017-06-20T00:00:00","date_gmt":"2017-06-19T22:00:00","guid":{"rendered":"https:\/\/www.gossip.it\/senza-categoria\/paola-perego-ritorno-rai\/"},"modified":"2017-06-20T00:00:00","modified_gmt":"2017-06-19T22:00:00","slug":"paola-perego-ritorno-rai","status":"publish","type":"post","link":"https:\/\/www.gossip.it\/news\/paola-perego-ritorno-rai\/","title":{"rendered":"Paola Perego, ritorno in Rai in grande stile: per lei c'\u00e8 il prime time"},"content":{"rendered":"<p><a href=\"\/vip\/paola-perego\/\">Paola Perego<\/a> si riprende la <a href=\"\/vip\/rai\/\">Rai<\/a>. Il <strong>ritorno<\/strong> della conduttrice sar\u00e0 in grande stile. Ad aspettarla a fine 2017 c'\u00e8 il prime time. Presenter\u00e0 alcune prime serate su Rai Uno: c'\u00e8 chi parla addirittura di quattordici.<\/p>\n<figure class=\"caption\"><img decoding=\"async\" alt=\"\" width=\"640\" height=\"527\" src=\"https:\/\/files.gossip.it\/immagini_news\/2017\/06\/1497954872_perego_2.jpg\" \/><figcaption>Paola Perego, dopo lo stop per la polemica scoppiata a 'Parliamone Sabato', ritorna in Rai<\/figcaption><\/figure>\n<p>Qualche giorno fa l'agenzia che fa capo al marito di <a href=\"\/vip\/paola-perego\/\">Paola Perego<\/a>, <a href=\"\/vip\/lucio-presta\/\">Lucio Presta<\/a>, l'<em>Arcobaleno Tre<\/em>, aveva annunciato il <strong>ritorno<\/strong> in <strong>Rai<\/strong> della 51enne con un tweet. \"<em>Felici perch\u00e9 @RaiUno ha scelto di riprendere il rapporto professionale con @peregopaola dopo un momento di 'straordinaria follia'\"<\/em>, ha cinguettato.\u00a0<\/p>\n<figure class=\"caption\"><img decoding=\"async\" alt=\"\" width=\"640\" height=\"202\" src=\"https:\/\/files.gossip.it\/immagini_news\/2017\/06\/1497954915_tweet_perego_1.jpg\" \/><figcaption>Il tweet dell'Arcobaleno Tre, l'agenzia che fa capo al marito della conduttrice, Lucio Presta<\/figcaption><\/figure>\n<p>Il <em>'momento di straordinaria follia' <\/em>\u00e8 riferito alla furiosa polemica esplosa per la lista delle donne dell'Est dopo la puntata del 18 marzo scorso di \"<a href=\"\/vip\/parliamone-sabato\/\">Parliamone Sabato<\/a>\", trasmissione condotta proprio da <strong>Paola Perego<\/strong>. La scheda trasmessa in diretta <a href=\"\/vip\/tv\/\">tv<\/a> riassumeva i motivi per i quali gli italiani preferirebbero le donne straniere. Le affermazioni avevano scatenato un vespaio sui <a href=\"\/vip\/social\/\">social<\/a> e successivamente anche nel mondo della politica, tanto da costringere l\u2019ex Direttore Generale della Rai <a href=\"\/vip\/antonio-campo dall\u2019orto\/\">Antonio Campo Dall\u2019Orto<\/a> a chiudere il programma.<\/p>\n<div class=\"video_integrato\" data-videoid=\"4469\" data-autostart=\"true\">\u00a0<\/div>\n<p><strong>Paola Perego<\/strong>, distrutta, aveva rilasciato in lacrime dichiarazioni anche a \"<a href=\"\/vip\/le-iene\/\">Le Iene<\/a>\" che l'avevano intervistata chiedendole della querelle. Ora per\u00f2 \u00e8 tutto rientrato. Il <strong>ritorno<\/strong> in <strong>Rai<\/strong> con il prime time assicurato lo testimonia.<em>Tv Sorrisi e Canzoni<\/em> nel numero in edicola scrive: <em>\"Scongiurata l'idea di una causa legale, la conduttrice \u00e8 pronta a tornare in <strong>Rai<\/strong>\"<\/em>. La tensione non c'\u00e8 pi\u00f9 e la guerra non si \u00e8 scatenata, forse grazie anche a Mario Orfeo, che ha sostituito da pochissimo Antonio Campo Dall'Orto.<\/p>\n<p>\u00a0<\/p>\n","protected":false},"excerpt":{"rendered":"<p>Paola Perego si riprende la Rai. Il ritorno della conduttrice sar\u00e0 in grande stile. Ad aspettarla a fine 2017 c'\u00e8 il prime time. Presenter\u00e0 alcune prime serate su Rai Uno: c'\u00e8 chi parla addirittura di quattordici. Paola Perego, dopo lo stop per la polemica scoppiata a 'Parliamone Sabato', ritorna in Rai Qualche giorno fa l'agenzia [&hellip;]<\/p>\n","protected":false},"author":1,"featured_media":114463,"comment_status":"closed","ping_status":"closed","sticky":false,"template":"","format":"standard","meta":{"footnotes":""},"categories":[54],"tags":[56479,1992,56481,56480,32458,2562,7632,2337,2097,8805,7346],"vip":[1161,1459],"class_list":["post-58417","post","type-post","status-publish","format-standard","has-post-thumbnail","hentry","category-news","tag-arcobaleno-tre","tag-conduttrice","tag-palinsesto-rai","tag-prime-serate","tag-prime-time","tag-rai","tag-rai-uno","tag-ritorno","tag-tv","tag-tweet","tag-twitter","vip-lucio_presta","vip-paola_perego"],"yoast_head":"<title>Paola Perego, ritorno in Rai in grande stile: per lei c&#039;\u00e8 il prime time - Gossip.it | News sul Gossip e VIP<\/title>\n<meta name=\"description\" content=\"Paola Perego si riprende la Rai. Il ritorno della conduttrice sar\u00e0 in grande stile. Ad aspettarla a fine 2017 c&#039;\u00e8 il prime time. Presenter\u00e0 alcune prime\" \/>\n<meta name=\"robots\" content=\"index, follow, max-snippet:-1, max-image-preview:large, max-video-preview:-1\" \/>\n<link rel=\"canonical\" href=\"https:\/\/www.gossip.it\/news\/paola-perego-ritorno-rai\/\" \/>\n<meta property=\"og:locale\" content=\"it_IT\" \/>\n<meta property=\"og:type\" content=\"article\" \/>\n<meta property=\"og:title\" content=\"Paola Perego, ritorno in Rai in grande stile: per lei c&#039;\u00e8 il prime time - Gossip.it | News sul Gossip e VIP\" \/>\n<meta property=\"og:description\" content=\"Paola Perego si riprende la Rai. Il ritorno della conduttrice sar\u00e0 in grande stile. Ad aspettarla a fine 2017 c&#039;\u00e8 il prime time. Presenter\u00e0 alcune prime\" \/>\n<meta property=\"og:url\" content=\"https:\/\/www.gossip.it\/news\/paola-perego-ritorno-rai\/\" \/>\n<meta property=\"og:site_name\" content=\"Gossip.it | News sul Gossip e VIP\" \/>\n<meta property=\"article:publisher\" content=\"https:\/\/www.facebook.com\/GossipIT\" \/>\n<meta property=\"article:published_time\" content=\"2017-06-19T22:00:00+00:00\" \/>\n<meta property=\"og:image\" content=\"https:\/\/files.gossip.it\/immagini_news\/2017\/06\/1497954872_perego_2.jpg\" \/>\n<meta name=\"author\" content=\"La Redazione\" \/>\n<meta name=\"twitter:card\" content=\"summary_large_image\" \/>\n<meta name=\"twitter:image\" content=\"https:\/\/files.gossip.it\/immagini_news\/2017\/06\/1497954872_perego_2.jpg\" \/>\n<meta name=\"twitter:creator\" content=\"@gossinews_it\" \/>\n<meta name=\"twitter:site\" content=\"@gossinews_it\" \/>\n<meta name=\"twitter:label1\" content=\"Scritto da\" \/>\n\t<meta name=\"twitter:data1\" content=\"Annamaria Capozzi\" \/>\n\t<meta name=\"twitter:label2\" content=\"Tempo di lettura stimato\" \/>\n\t<meta name=\"twitter:data2\" content=\"1 minuto\" \/>","yoast_head_json":{"title":"Paola Perego, ritorno in Rai in grande stile: per lei c'\u00e8 il prime time - Gossip.it | News sul Gossip e VIP","description":"Paola Perego si riprende la Rai. Il ritorno della conduttrice sar\u00e0 in grande stile. Ad aspettarla a fine 2017 c'\u00e8 il prime time. Presenter\u00e0 alcune prime","robots":{"index":"index","follow":"follow","max-snippet":"max-snippet:-1","max-image-preview":"max-image-preview:large","max-video-preview":"max-video-preview:-1"},"canonical":"https:\/\/www.gossip.it\/news\/paola-perego-ritorno-rai\/","og_locale":"it_IT","og_type":"article","og_title":"Paola Perego, ritorno in Rai in grande stile: per lei c'\u00e8 il prime time - Gossip.it | News sul Gossip e VIP","og_description":"Paola Perego si riprende la Rai. Il ritorno della conduttrice sar\u00e0 in grande stile. Ad aspettarla a fine 2017 c'\u00e8 il prime time. Presenter\u00e0 alcune prime","og_url":"https:\/\/www.gossip.it\/news\/paola-perego-ritorno-rai\/","og_site_name":"Gossip.it | News sul Gossip e VIP","article_publisher":"https:\/\/www.facebook.com\/GossipIT","article_published_time":"2017-06-19T22:00:00+00:00","og_image":[{"url":"https:\/\/files.gossip.it\/immagini_news\/2017\/06\/1497954872_perego_2.jpg"}],"author":"La Redazione","twitter_card":"summary_large_image","twitter_image":"https:\/\/files.gossip.it\/immagini_news\/2017\/06\/1497954872_perego_2.jpg","twitter_creator":"@gossinews_it","twitter_site":"@gossinews_it","twitter_misc":{"Scritto da":"Annamaria Capozzi","Tempo di lettura stimato":"1 minuto"},"schema":{"@context":"https:\/\/schema.org","@graph":[{"@type":"Article","@id":"https:\/\/www.gossip.it\/news\/paola-perego-ritorno-rai\/#article","isPartOf":{"@id":"https:\/\/www.gossip.it\/news\/paola-perego-ritorno-rai\/"},"author":{"name":"La Redazione","@id":"https:\/\/www.gossip.it\/#\/schema\/person\/488896f75158bff1cc83c6c39d141110"},"headline":"Paola Perego, ritorno in Rai in grande stile: per lei c'\u00e8 il prime time","datePublished":"2017-06-19T22:00:00+00:00","dateModified":"2017-06-19T22:00:00+00:00","mainEntityOfPage":{"@id":"https:\/\/www.gossip.it\/news\/paola-perego-ritorno-rai\/"},"wordCount":294,"publisher":{"@id":"https:\/\/www.gossip.it\/#organization"},"image":{"@id":"https:\/\/www.gossip.it\/news\/paola-perego-ritorno-rai\/#primaryimage"},"thumbnailUrl":"https:\/\/files.gossip.it\/immagini_news\/2017\/06\/1497954872_perego_2.jpg","keywords":["arcobaleno tre","conduttrice","palinsesto rai","prime serate","prime time","rai","rai uno","ritorno","tv","tweet","twitter"],"articleSection":["News"],"inLanguage":"it-IT"},{"@type":"WebPage","@id":"https:\/\/www.gossip.it\/news\/paola-perego-ritorno-rai\/","url":"https:\/\/www.gossip.it\/news\/paola-perego-ritorno-rai\/","name":"Paola Perego, ritorno in Rai in grande stile: per lei c'\u00e8 il prime time - Gossip.it | News sul Gossip e VIP","isPartOf":{"@id":"https:\/\/www.gossip.it\/#website"},"primaryImageOfPage":{"@id":"https:\/\/www.gossip.it\/news\/paola-perego-ritorno-rai\/#primaryimage"},"image":{"@id":"https:\/\/www.gossip.it\/news\/paola-perego-ritorno-rai\/#primaryimage"},"thumbnailUrl":"https:\/\/files.gossip.it\/immagini_news\/2017\/06\/1497954872_perego_2.jpg","datePublished":"2017-06-19T22:00:00+00:00","dateModified":"2017-06-19T22:00:00+00:00","description":"Paola Perego si riprende la Rai. Il ritorno della conduttrice sar\u00e0 in grande stile. Ad aspettarla a fine 2017 c'\u00e8 il prime time. Presenter\u00e0 alcune prime","breadcrumb":{"@id":"https:\/\/www.gossip.it\/news\/paola-perego-ritorno-rai\/#breadcrumb"},"inLanguage":"it-IT","potentialAction":[{"@type":"ReadAction","target":["https:\/\/www.gossip.it\/news\/paola-perego-ritorno-rai\/"]}]},{"@type":"ImageObject","inLanguage":"it-IT","@id":"https:\/\/www.gossip.it\/news\/paola-perego-ritorno-rai\/#primaryimage","url":"https:\/\/files.gossip.it\/immagini_news\/2017\/06\/1497954872_perego_2.jpg","contentUrl":"https:\/\/files.gossip.it\/immagini_news\/2017\/06\/1497954872_perego_2.jpg"},{"@type":"BreadcrumbList","@id":"https:\/\/www.gossip.it\/news\/paola-perego-ritorno-rai\/#breadcrumb","itemListElement":[{"@type":"ListItem","position":1,"name":"Home","item":"https:\/\/www.gossip.it\/"},{"@type":"ListItem","position":2,"name":"Paola Perego, ritorno in Rai in grande stile: per lei c'\u00e8 il prime time"}]},{"@type":"WebSite","@id":"https:\/\/www.gossip.it\/#website","url":"https:\/\/www.gossip.it\/","name":"Gossip and VIP News","description":"Quotidiano di cronaca rosa, costume e societ\u00e0","publisher":{"@id":"https:\/\/www.gossip.it\/#organization"},"alternateName":"Gossip and VIP News","potentialAction":[{"@type":"SearchAction","target":{"@type":"EntryPoint","urlTemplate":"https:\/\/www.gossip.it\/?s={search_term_string}"},"query-input":{"@type":"PropertyValueSpecification","valueRequired":true,"valueName":"search_term_string"}}],"inLanguage":"it-IT"},{"@type":"Organization","@id":"https:\/\/www.gossip.it\/#organization","name":"Gossip and VIP News","alternateName":"Gossip News","url":"https:\/\/www.gossip.it\/","logo":{"@type":"ImageObject","inLanguage":"it-IT","@id":"https:\/\/www.gossip.it\/#\/schema\/logo\/image\/","url":"https:\/\/www.gossip.it\/wp-content\/uploads\/2022\/04\/cropped-corna-alta-tiny.png","contentUrl":"https:\/\/www.gossip.it\/wp-content\/uploads\/2022\/04\/cropped-corna-alta-tiny.png","width":512,"height":512,"caption":"Gossip and VIP News"},"image":{"@id":"https:\/\/www.gossip.it\/#\/schema\/logo\/image\/"},"sameAs":["https:\/\/www.facebook.com\/GossipIT","https:\/\/x.com\/gossinews_it","https:\/\/instagram.com\/gossip_it"]},{"@type":"Person","@id":"https:\/\/www.gossip.it\/#\/schema\/person\/488896f75158bff1cc83c6c39d141110","name":"La Redazione","image":{"@type":"ImageObject","inLanguage":"it-IT","@id":"https:\/\/www.gossip.it\/#\/schema\/person\/image\/","url":"https:\/\/secure.gravatar.com\/avatar\/5a5f5c6fa3e6700e4249abdad0263a1e94e927d9e0499b1cb09c1cd29c044d80?s=96&d=mm&r=g","contentUrl":"https:\/\/secure.gravatar.com\/avatar\/5a5f5c6fa3e6700e4249abdad0263a1e94e927d9e0499b1cb09c1cd29c044d80?s=96&d=mm&r=g","caption":"La Redazione"},"sameAs":["https:\/\/www.gossip.it"]}]}},"amp_enabled":true,"_links":{"self":[{"href":"https:\/\/www.gossip.it\/api\/wp\/v2\/posts\/58417","targetHints":{"allow":["GET"]}}],"collection":[{"href":"https:\/\/www.gossip.it\/api\/wp\/v2\/posts"}],"about":[{"href":"https:\/\/www.gossip.it\/api\/wp\/v2\/types\/post"}],"author":[{"embeddable":true,"href":"https:\/\/www.gossip.it\/api\/wp\/v2\/users\/1"}],"replies":[{"embeddable":true,"href":"https:\/\/www.gossip.it\/api\/wp\/v2\/comments?post=58417"}],"version-history":[{"count":0,"href":"https:\/\/www.gossip.it\/api\/wp\/v2\/posts\/58417\/revisions"}],"wp:featuredmedia":[{"embeddable":true,"href":"https:\/\/www.gossip.it\/api\/wp\/v2\/media\/114463"}],"wp:attachment":[{"href":"https:\/\/www.gossip.it\/api\/wp\/v2\/media?parent=58417"}],"wp:term":[{"taxonomy":"category","embeddable":true,"href":"https:\/\/www.gossip.it\/api\/wp\/v2\/categories?post=58417"},{"taxonomy":"post_tag","embeddable":true,"href":"https:\/\/www.gossip.it\/api\/wp\/v2\/tags?post=58417"},{"taxonomy":"vip","embeddable":true,"href":"https:\/\/www.gossip.it\/api\/wp\/v2\/vip?post=58417"}],"curies":[{"name":"wp","href":"https:\/\/api.w.org\/{rel}","templated":true}]}}