{"id":58437,"date":"2017-06-21T00:00:00","date_gmt":"2017-06-20T22:00:00","guid":{"rendered":"https:\/\/www.gossip.it\/senza-categoria\/federica-nargi-baleari-suo-tutto\/"},"modified":"2017-06-21T00:00:00","modified_gmt":"2017-06-20T22:00:00","slug":"federica-nargi-baleari-suo-tutto","status":"publish","type":"post","link":"https:\/\/www.gossip.it\/news\/federica-nargi-baleari-suo-tutto\/","title":{"rendered":"Federica Nargi alle Baleari con 'il suo tutto'"},"content":{"rendered":"<p><a href=\"\/vip\/federica-nargi\/\">Federica Nargi<\/a> alle <strong>Baleari <\/strong>\u00e8 raggiante con il<em> '<strong>suo tutto<\/strong>'<\/em>, la sua famiglia. Sul profilo sul <a href=\"\/vip\/social\/\">social<\/a> la 27enne condivide uno scatto in cui sta per baciare il compagno <a href=\"\/vip\/alessandro-matri\/\">Alessandro Matri<\/a>. Il <a href=\"\/vip\/calciatore\/\">calciatore<\/a> tiene tra le braccia Sofia, la bimba guarda curiosa i genitori, coppia innamorata.<\/p>\n<figure class=\"caption\"><img decoding=\"async\" alt=\"\" src=\"https:\/\/files.gossip.it\/immagini_news\/2017\/06\/1498052385_nargi_matri_1.jpg\" \/><figcaption>Federica Nargi felice con il 'suo tutto': Alessandro Matri e Sofia<\/figcaption><\/figure>\n<p><em>\"Il mio <strong>tutto<\/strong> @alessandro_matri_32 #family #summer2017 #formentera\"<\/em>, commenta <strong>Federica Nargi<\/strong>. Poche parole per accompagnare una foto che racchiude tutta la felicit\u00e0 del mondo per la bella ex <a href=\"\/vip\/velina\/\">velina<\/a>.<\/p>\n<figure class=\"caption\"><img decoding=\"async\" alt=\"\" width=\"640\" height=\"817\" src=\"https:\/\/files.gossip.it\/immagini_news\/2017\/06\/1498052403_nargi_matri_2.jpg\" \/><figcaption>La showgirl e modella 27enne in spiaggia con la figlia che indossa lo stesso costume in versione 'monokini'<\/figcaption><\/figure>\n<p>Alessandro e Sofia, che a settembre compir\u00e0 un anno, sono il <strong>suo tutto<\/strong>. <strong>Federica Nargi<\/strong> lo sa e alle <strong>Baleari <\/strong>si gode ogni istante prezioso insieme a loro e i tanti amici che ha a Formentera, dove ogni anno torna entusiasta.<\/p>\n<figure class=\"caption\"><img decoding=\"async\" alt=\"\" width=\"640\" height=\"475\" src=\"https:\/\/files.gossip.it\/immagini_news\/2017\/06\/1498052417_nargi_matri_3.jpg\" \/><figcaption>L'ex velina con i tanti amici che soggiornano come lei a Formentera<\/figcaption><\/figure>\n<p>La vacanza scorre serena. Le <strong>Baleari <\/strong>sono entrare nel suo cuore, come anche in quello di molti altri vip, del resto. Ora saranno anche la meta preferita della bimba.<em> \"E' cambiata ogni cosa, ma in meglio<\/em> - ha spiegato <strong>Federica Nargi<\/strong> \u00a0a <em>TgCom24 <\/em>- <em>Lei ci ha resi ancora pi\u00f9 felici e pi\u00f9 uniti di prima. Adesso entrambi viviamo per lei. Sofia \u00e8 la nostra priorit\u00e0 assoluta, costruiamo i nostri impegni lavorativi e privati intorno a lei, ma non ci pesa perch\u00e9 \u00e8 una gioia vera. Siamo innamorati follemente di lei\".<\/em><\/p>\n<div class=\"video_integrato\" data-videoid=\"4654\" data-autostart=\"true\">\u00a0<\/div>\n<p>Solo le <a href=\"\/vip\/nozze\/\">nozze<\/a> possono attendere. <em>\"Per il momento non \u00e8 l'argomento che affrontiamo. E sono sicura che lo scoprirete quasi insieme a me\"<\/em>, ha poi sottolineato. Il <strong>suo tutto<\/strong> le basta cos\u00ec.<\/p>\n<p>\u00a0<\/p>\n","protected":false},"excerpt":{"rendered":"<p>Federica Nargi alle Baleari \u00e8 raggiante con il 'suo tutto', la sua famiglia. Sul profilo sul social la 27enne condivide uno scatto in cui sta per baciare il compagno Alessandro Matri. Il calciatore tiene tra le braccia Sofia, la bimba guarda curiosa i genitori, coppia innamorata. Federica Nargi felice con il 'suo tutto': Alessandro Matri [&hellip;]<\/p>\n","protected":false},"author":1,"featured_media":114483,"comment_status":"closed","ping_status":"closed","sticky":false,"template":"","format":"standard","meta":{"footnotes":""},"categories":[54],"tags":[8718,7837,2218,2622,11089,1908,1905,7981,5064,2121,1967,1923,4667,56490,1899],"vip":[730],"class_list":["post-58437","post","type-post","status-publish","format-standard","has-post-thumbnail","hentry","category-news","tag-alessandro-matri","tag-baleari","tag-calciatore","tag-estate","tag-estate-2017","tag-famiglia","tag-figlia","tag-formentera","tag-giocatore","tag-instagram","tag-showgirl","tag-social","tag-sofia","tag-suo-tutto","tag-vacanza","vip-federica_nargi"],"yoast_head":"<title>Federica Nargi alle Baleari con &#039;il suo tutto&#039; - Gossip.it | News sul Gossip e VIP<\/title>\n<meta name=\"description\" content=\"Federica Nargi alle Baleari \u00e8 raggiante con il &#039;suo tutto&#039;, la sua famiglia. Sul profilo sul social la 27enne condivide uno scatto in cui sta per baciare\" \/>\n<meta name=\"robots\" content=\"index, follow, max-snippet:-1, max-image-preview:large, max-video-preview:-1\" \/>\n<link rel=\"canonical\" href=\"https:\/\/www.gossip.it\/news\/federica-nargi-baleari-suo-tutto\/\" \/>\n<meta property=\"og:locale\" content=\"it_IT\" \/>\n<meta property=\"og:type\" content=\"article\" \/>\n<meta property=\"og:title\" content=\"Federica Nargi alle Baleari con &#039;il suo tutto&#039; - Gossip.it | News sul Gossip e VIP\" \/>\n<meta property=\"og:description\" content=\"Federica Nargi alle Baleari \u00e8 raggiante con il &#039;suo tutto&#039;, la sua famiglia. Sul profilo sul social la 27enne condivide uno scatto in cui sta per baciare\" \/>\n<meta property=\"og:url\" content=\"https:\/\/www.gossip.it\/news\/federica-nargi-baleari-suo-tutto\/\" \/>\n<meta property=\"og:site_name\" content=\"Gossip.it | News sul Gossip e VIP\" \/>\n<meta property=\"article:publisher\" content=\"https:\/\/www.facebook.com\/GossipIT\" \/>\n<meta property=\"article:published_time\" content=\"2017-06-20T22:00:00+00:00\" \/>\n<meta property=\"og:image\" content=\"https:\/\/files.gossip.it\/immagini_news\/2017\/06\/1498052385_nargi_matri_1.jpg\" \/>\n<meta name=\"author\" content=\"La Redazione\" \/>\n<meta name=\"twitter:card\" content=\"summary_large_image\" \/>\n<meta name=\"twitter:image\" content=\"https:\/\/files.gossip.it\/immagini_news\/2017\/06\/1498052385_nargi_matri_1.jpg\" \/>\n<meta name=\"twitter:creator\" content=\"@gossinews_it\" \/>\n<meta name=\"twitter:site\" content=\"@gossinews_it\" \/>\n<meta name=\"twitter:label1\" content=\"Scritto da\" \/>\n\t<meta name=\"twitter:data1\" content=\"Annamaria Capozzi\" \/>\n\t<meta name=\"twitter:label2\" content=\"Tempo di lettura stimato\" \/>\n\t<meta name=\"twitter:data2\" content=\"1 minuto\" \/>","yoast_head_json":{"title":"Federica Nargi alle Baleari con 'il suo tutto' - Gossip.it | News sul Gossip e VIP","description":"Federica Nargi alle Baleari \u00e8 raggiante con il 'suo tutto', la sua famiglia. Sul profilo sul social la 27enne condivide uno scatto in cui sta per baciare","robots":{"index":"index","follow":"follow","max-snippet":"max-snippet:-1","max-image-preview":"max-image-preview:large","max-video-preview":"max-video-preview:-1"},"canonical":"https:\/\/www.gossip.it\/news\/federica-nargi-baleari-suo-tutto\/","og_locale":"it_IT","og_type":"article","og_title":"Federica Nargi alle Baleari con 'il suo tutto' - Gossip.it | News sul Gossip e VIP","og_description":"Federica Nargi alle Baleari \u00e8 raggiante con il 'suo tutto', la sua famiglia. Sul profilo sul social la 27enne condivide uno scatto in cui sta per baciare","og_url":"https:\/\/www.gossip.it\/news\/federica-nargi-baleari-suo-tutto\/","og_site_name":"Gossip.it | News sul Gossip e VIP","article_publisher":"https:\/\/www.facebook.com\/GossipIT","article_published_time":"2017-06-20T22:00:00+00:00","og_image":[{"url":"https:\/\/files.gossip.it\/immagini_news\/2017\/06\/1498052385_nargi_matri_1.jpg"}],"author":"La Redazione","twitter_card":"summary_large_image","twitter_image":"https:\/\/files.gossip.it\/immagini_news\/2017\/06\/1498052385_nargi_matri_1.jpg","twitter_creator":"@gossinews_it","twitter_site":"@gossinews_it","twitter_misc":{"Scritto da":"Annamaria Capozzi","Tempo di lettura stimato":"1 minuto"},"schema":{"@context":"https:\/\/schema.org","@graph":[{"@type":"Article","@id":"https:\/\/www.gossip.it\/news\/federica-nargi-baleari-suo-tutto\/#article","isPartOf":{"@id":"https:\/\/www.gossip.it\/news\/federica-nargi-baleari-suo-tutto\/"},"author":{"name":"La Redazione","@id":"https:\/\/www.gossip.it\/#\/schema\/person\/488896f75158bff1cc83c6c39d141110"},"headline":"Federica Nargi alle Baleari con 'il suo tutto'","datePublished":"2017-06-20T22:00:00+00:00","dateModified":"2017-06-20T22:00:00+00:00","mainEntityOfPage":{"@id":"https:\/\/www.gossip.it\/news\/federica-nargi-baleari-suo-tutto\/"},"wordCount":286,"publisher":{"@id":"https:\/\/www.gossip.it\/#organization"},"image":{"@id":"https:\/\/www.gossip.it\/news\/federica-nargi-baleari-suo-tutto\/#primaryimage"},"thumbnailUrl":"https:\/\/files.gossip.it\/immagini_news\/2017\/06\/1498052385_nargi_matri_1.jpg","keywords":["alessandro matri","baleari","calciatore","estate","estate 2017","famiglia","figlia","formentera","giocatore","instagram","showgirl","social","sofia","suo tutto","vacanza"],"articleSection":["News"],"inLanguage":"it-IT"},{"@type":"WebPage","@id":"https:\/\/www.gossip.it\/news\/federica-nargi-baleari-suo-tutto\/","url":"https:\/\/www.gossip.it\/news\/federica-nargi-baleari-suo-tutto\/","name":"Federica Nargi alle Baleari con 'il suo tutto' - Gossip.it | News sul Gossip e VIP","isPartOf":{"@id":"https:\/\/www.gossip.it\/#website"},"primaryImageOfPage":{"@id":"https:\/\/www.gossip.it\/news\/federica-nargi-baleari-suo-tutto\/#primaryimage"},"image":{"@id":"https:\/\/www.gossip.it\/news\/federica-nargi-baleari-suo-tutto\/#primaryimage"},"thumbnailUrl":"https:\/\/files.gossip.it\/immagini_news\/2017\/06\/1498052385_nargi_matri_1.jpg","datePublished":"2017-06-20T22:00:00+00:00","dateModified":"2017-06-20T22:00:00+00:00","description":"Federica Nargi alle Baleari \u00e8 raggiante con il 'suo tutto', la sua famiglia. Sul profilo sul social la 27enne condivide uno scatto in cui sta per baciare","breadcrumb":{"@id":"https:\/\/www.gossip.it\/news\/federica-nargi-baleari-suo-tutto\/#breadcrumb"},"inLanguage":"it-IT","potentialAction":[{"@type":"ReadAction","target":["https:\/\/www.gossip.it\/news\/federica-nargi-baleari-suo-tutto\/"]}]},{"@type":"ImageObject","inLanguage":"it-IT","@id":"https:\/\/www.gossip.it\/news\/federica-nargi-baleari-suo-tutto\/#primaryimage","url":"https:\/\/files.gossip.it\/immagini_news\/2017\/06\/1498052385_nargi_matri_1.jpg","contentUrl":"https:\/\/files.gossip.it\/immagini_news\/2017\/06\/1498052385_nargi_matri_1.jpg"},{"@type":"BreadcrumbList","@id":"https:\/\/www.gossip.it\/news\/federica-nargi-baleari-suo-tutto\/#breadcrumb","itemListElement":[{"@type":"ListItem","position":1,"name":"Home","item":"https:\/\/www.gossip.it\/"},{"@type":"ListItem","position":2,"name":"Federica Nargi alle Baleari con 'il suo tutto'"}]},{"@type":"WebSite","@id":"https:\/\/www.gossip.it\/#website","url":"https:\/\/www.gossip.it\/","name":"Gossip and VIP News","description":"Quotidiano di cronaca rosa, costume e societ\u00e0","publisher":{"@id":"https:\/\/www.gossip.it\/#organization"},"alternateName":"Gossip and VIP News","potentialAction":[{"@type":"SearchAction","target":{"@type":"EntryPoint","urlTemplate":"https:\/\/www.gossip.it\/?s={search_term_string}"},"query-input":{"@type":"PropertyValueSpecification","valueRequired":true,"valueName":"search_term_string"}}],"inLanguage":"it-IT"},{"@type":"Organization","@id":"https:\/\/www.gossip.it\/#organization","name":"Gossip and VIP News","alternateName":"Gossip News","url":"https:\/\/www.gossip.it\/","logo":{"@type":"ImageObject","inLanguage":"it-IT","@id":"https:\/\/www.gossip.it\/#\/schema\/logo\/image\/","url":"https:\/\/www.gossip.it\/wp-content\/uploads\/2022\/04\/cropped-corna-alta-tiny.png","contentUrl":"https:\/\/www.gossip.it\/wp-content\/uploads\/2022\/04\/cropped-corna-alta-tiny.png","width":512,"height":512,"caption":"Gossip and VIP News"},"image":{"@id":"https:\/\/www.gossip.it\/#\/schema\/logo\/image\/"},"sameAs":["https:\/\/www.facebook.com\/GossipIT","https:\/\/x.com\/gossinews_it","https:\/\/instagram.com\/gossip_it"]},{"@type":"Person","@id":"https:\/\/www.gossip.it\/#\/schema\/person\/488896f75158bff1cc83c6c39d141110","name":"La Redazione","image":{"@type":"ImageObject","inLanguage":"it-IT","@id":"https:\/\/www.gossip.it\/#\/schema\/person\/image\/","url":"https:\/\/secure.gravatar.com\/avatar\/5a5f5c6fa3e6700e4249abdad0263a1e94e927d9e0499b1cb09c1cd29c044d80?s=96&d=mm&r=g","contentUrl":"https:\/\/secure.gravatar.com\/avatar\/5a5f5c6fa3e6700e4249abdad0263a1e94e927d9e0499b1cb09c1cd29c044d80?s=96&d=mm&r=g","caption":"La Redazione"},"sameAs":["https:\/\/www.gossip.it"]}]}},"amp_enabled":true,"_links":{"self":[{"href":"https:\/\/www.gossip.it\/api\/wp\/v2\/posts\/58437","targetHints":{"allow":["GET"]}}],"collection":[{"href":"https:\/\/www.gossip.it\/api\/wp\/v2\/posts"}],"about":[{"href":"https:\/\/www.gossip.it\/api\/wp\/v2\/types\/post"}],"author":[{"embeddable":true,"href":"https:\/\/www.gossip.it\/api\/wp\/v2\/users\/1"}],"replies":[{"embeddable":true,"href":"https:\/\/www.gossip.it\/api\/wp\/v2\/comments?post=58437"}],"version-history":[{"count":0,"href":"https:\/\/www.gossip.it\/api\/wp\/v2\/posts\/58437\/revisions"}],"wp:featuredmedia":[{"embeddable":true,"href":"https:\/\/www.gossip.it\/api\/wp\/v2\/media\/114483"}],"wp:attachment":[{"href":"https:\/\/www.gossip.it\/api\/wp\/v2\/media?parent=58437"}],"wp:term":[{"taxonomy":"category","embeddable":true,"href":"https:\/\/www.gossip.it\/api\/wp\/v2\/categories?post=58437"},{"taxonomy":"post_tag","embeddable":true,"href":"https:\/\/www.gossip.it\/api\/wp\/v2\/tags?post=58437"},{"taxonomy":"vip","embeddable":true,"href":"https:\/\/www.gossip.it\/api\/wp\/v2\/vip?post=58437"}],"curies":[{"name":"wp","href":"https:\/\/api.w.org\/{rel}","templated":true}]}}