{"id":58505,"date":"2017-06-29T00:00:00","date_gmt":"2017-06-28T22:00:00","guid":{"rendered":"https:\/\/www.gossip.it\/senza-categoria\/giulia-de-lellis-andrea-damante-vacanza-mykonos\/"},"modified":"2017-06-29T00:00:00","modified_gmt":"2017-06-28T22:00:00","slug":"giulia-de-lellis-andrea-damante-vacanza-mykonos","status":"publish","type":"post","link":"https:\/\/www.gossip.it\/news\/giulia-de-lellis-andrea-damante-vacanza-mykonos\/","title":{"rendered":"Giulia De Lellis e Andrea Damante criticati per le foto della vacanza a Mykonos: guarda"},"content":{"rendered":"<p><a href=\"\/vip\/giulia-de lellis\/\">Giulia De Lellis<\/a> e <a href=\"\/vip\/andrea-damante\/\">Andrea Damante<\/a> si stanno godendo una <strong>vacanza<\/strong> d'amore a <strong>Mykonos<\/strong>, in Grecia. La coppia, naturalmente, condivide sul <a href=\"\/vip\/social\/\">social<\/a> i momenti pi\u00f9 belli del soggiorno. Come sempre, d'altronde: i viaggi dei due ex volti di \"<a href=\"\/vip\/uomini-e donne\/\">Uomini e Donne<\/a>\" sono ben documentati su <a href=\"\/vip\/instagram\/\">Instagram<\/a>. Ma non tutti i <a href=\"\/vip\/follower\/\">follower<\/a> sono felici per loro. E' nata cos\u00ec l'ennesima pomelica con tanto di replica da parte di <strong>Giulia<\/strong>.<\/p>\n<figure class=\"caption\"><img decoding=\"async\" alt=\"\" src=\"https:\/\/files.gossip.it\/immagini_news\/2017\/06\/1498728954_demellis_1.jpg\" \/><figcaption>Giulia De Lellis in vacanza a Mykonos<\/figcaption><\/figure>\n<p><strong>Giulia De Lellis<\/strong> e <strong>Andrea Damante<\/strong> si trovano in vacanza a <strong>Mykonos<\/strong> per brindare alla loro seconda estate <em>in love<\/em>. Ma nei mesi scorsi sono stati anche a Dubai, New York, Londra, Amsterdam. L'ex tronista dopotutto aveva promesso alla dolce met\u00e0: <em>\"Quando esco dalla Casa del <a href=\"\/vip\/grande-fratello vip\/\">Grande Fratello Vip<\/a> gireremo il mondo\"<\/em>.<br \/>I fan della coppia sono contenti ma ci sono pure i detrattori che pensano sia la loro un'ostentazione esagerata.\u00a0<\/p>\n<figure class=\"caption\"><img decoding=\"async\" alt=\"\" src=\"https:\/\/files.gossip.it\/immagini_news\/2017\/06\/1498729085_demellis_3.jpg\" \/><figcaption>Andrea Damante si rilassa in Grecia<\/figcaption><\/figure>\n<figure class=\"caption\"><img decoding=\"async\" alt=\"\" src=\"https:\/\/files.gossip.it\/immagini_news\/2017\/06\/1498729154_demellis_2.jpg\" \/><figcaption>Giulia mentre prende il sole godendosi il panorama<\/figcaption><\/figure>\n<p><strong>Andrea Damante<\/strong> e <strong>Giulia De Lellis<\/strong> su Instagram postano gli scatti della loro ultima<strong> vacanza <\/strong>a <strong>Mykonos<\/strong>. Foto che descrivono momenti romantici in un paesaggio mozzafiato. Alcuni, per\u00f2, li criticano: ci sono tante persone che per problemi economici non si possono permettere nemmeno un giorno di ferie, figurarsi un soggiorno da favola come il loro.<\/p>\n<figure class=\"caption\"><img decoding=\"async\" alt=\"\" src=\"https:\/\/files.gossip.it\/immagini_news\/2017\/06\/1498729242_demellis_4.jpg\" \/><figcaption>La coppia durante un momento romantico<\/figcaption><\/figure>\n<p><strong>Giulia<\/strong>, per\u00f2, a una follower risponde: <em>\"Capisco che pu\u00f2 essere fastidioso<\/em>\u00a0<em>ma invece di essere gelosa perch\u00e9 non provi ad essere contenta per che siamo felici? Che colpa ne ho io se c'\u00e8 gente meno fortunata?\"<\/em>. La<strong> De Lellis<\/strong> ha poi aggiunto che continuer\u00e0 a postare le foto dei suoi viaggi. Come, dopotutto, fanno in molti senza per\u00f2 essere tacciati di insensibilit\u00e0 verso chi non ha le stesse possibilit\u00e0 economiche.<\/p>\n<div class=\"video_integrato\" data-videoid=\"4610\" data-autostart=\"true\">\u00a0<\/div>\n<p>\u00a0<\/p>\n","protected":false},"excerpt":{"rendered":"<p>Giulia De Lellis e Andrea Damante si stanno godendo una vacanza d'amore a Mykonos, in Grecia. La coppia, naturalmente, condivide sul social i momenti pi\u00f9 belli del soggiorno. Come sempre, d'altronde: i viaggi dei due ex volti di \"Uomini e Donne\" sono ben documentati su Instagram. Ma non tutti i follower sono felici per loro. [&hellip;]<\/p>\n","protected":false},"author":1,"featured_media":114551,"comment_status":"closed","ping_status":"closed","sticky":false,"template":"","format":"standard","meta":{"footnotes":""},"categories":[54],"tags":[10593,3296,10592,1875,9553,10425,1923,2115,1899,4724],"vip":[],"class_list":["post-58505","post","type-post","status-publish","format-standard","has-post-thumbnail","hentry","category-news","tag-andrea-damante","tag-critiche","tag-giulia-de-lellis","tag-grande-fratello-vip","tag-grecia","tag-mykonos","tag-social","tag-uomini-e-donne","tag-vacanza","tag-viaggi"],"yoast_head":"<title>Giulia De Lellis e Andrea Damante criticati per le foto della vacanza a Mykonos: guarda - Gossip.it | News sul Gossip e VIP<\/title>\n<meta name=\"description\" content=\"Giulia De Lellis e Andrea Damante si stanno godendo una vacanza d&#039;amore a Mykonos, in Grecia. La coppia, naturalmente, condivide sul social i momenti pi\u00f9\" \/>\n<meta name=\"robots\" content=\"index, follow, max-snippet:-1, max-image-preview:large, max-video-preview:-1\" \/>\n<link rel=\"canonical\" href=\"https:\/\/www.gossip.it\/news\/giulia-de-lellis-andrea-damante-vacanza-mykonos\/\" \/>\n<meta property=\"og:locale\" content=\"it_IT\" \/>\n<meta property=\"og:type\" content=\"article\" \/>\n<meta property=\"og:title\" content=\"Giulia De Lellis e Andrea Damante criticati per le foto della vacanza a Mykonos: guarda - Gossip.it | News sul Gossip e VIP\" \/>\n<meta property=\"og:description\" content=\"Giulia De Lellis e Andrea Damante si stanno godendo una vacanza d&#039;amore a Mykonos, in Grecia. La coppia, naturalmente, condivide sul social i momenti pi\u00f9\" \/>\n<meta property=\"og:url\" content=\"https:\/\/www.gossip.it\/news\/giulia-de-lellis-andrea-damante-vacanza-mykonos\/\" \/>\n<meta property=\"og:site_name\" content=\"Gossip.it | News sul Gossip e VIP\" \/>\n<meta property=\"article:publisher\" content=\"https:\/\/www.facebook.com\/GossipIT\" \/>\n<meta property=\"article:published_time\" content=\"2017-06-28T22:00:00+00:00\" \/>\n<meta property=\"og:image\" content=\"https:\/\/files.gossip.it\/immagini_news\/2017\/06\/1498728954_demellis_1.jpg\" \/>\n<meta name=\"author\" content=\"La Redazione\" \/>\n<meta name=\"twitter:card\" content=\"summary_large_image\" \/>\n<meta name=\"twitter:image\" content=\"https:\/\/files.gossip.it\/immagini_news\/2017\/06\/1498728954_demellis_1.jpg\" \/>\n<meta name=\"twitter:creator\" content=\"@gossinews_it\" \/>\n<meta name=\"twitter:site\" content=\"@gossinews_it\" \/>\n<meta name=\"twitter:label1\" content=\"Scritto da\" \/>\n\t<meta name=\"twitter:data1\" content=\"Francesca Romana Domenici\" \/>\n\t<meta name=\"twitter:label2\" content=\"Tempo di lettura stimato\" \/>\n\t<meta name=\"twitter:data2\" content=\"1 minuto\" \/>","yoast_head_json":{"title":"Giulia De Lellis e Andrea Damante criticati per le foto della vacanza a Mykonos: guarda - Gossip.it | News sul Gossip e VIP","description":"Giulia De Lellis e Andrea Damante si stanno godendo una vacanza d'amore a Mykonos, in Grecia. La coppia, naturalmente, condivide sul social i momenti pi\u00f9","robots":{"index":"index","follow":"follow","max-snippet":"max-snippet:-1","max-image-preview":"max-image-preview:large","max-video-preview":"max-video-preview:-1"},"canonical":"https:\/\/www.gossip.it\/news\/giulia-de-lellis-andrea-damante-vacanza-mykonos\/","og_locale":"it_IT","og_type":"article","og_title":"Giulia De Lellis e Andrea Damante criticati per le foto della vacanza a Mykonos: guarda - Gossip.it | News sul Gossip e VIP","og_description":"Giulia De Lellis e Andrea Damante si stanno godendo una vacanza d'amore a Mykonos, in Grecia. La coppia, naturalmente, condivide sul social i momenti pi\u00f9","og_url":"https:\/\/www.gossip.it\/news\/giulia-de-lellis-andrea-damante-vacanza-mykonos\/","og_site_name":"Gossip.it | News sul Gossip e VIP","article_publisher":"https:\/\/www.facebook.com\/GossipIT","article_published_time":"2017-06-28T22:00:00+00:00","og_image":[{"url":"https:\/\/files.gossip.it\/immagini_news\/2017\/06\/1498728954_demellis_1.jpg"}],"author":"La Redazione","twitter_card":"summary_large_image","twitter_image":"https:\/\/files.gossip.it\/immagini_news\/2017\/06\/1498728954_demellis_1.jpg","twitter_creator":"@gossinews_it","twitter_site":"@gossinews_it","twitter_misc":{"Scritto da":"Francesca Romana Domenici","Tempo di lettura stimato":"1 minuto"},"schema":{"@context":"https:\/\/schema.org","@graph":[{"@type":"Article","@id":"https:\/\/www.gossip.it\/news\/giulia-de-lellis-andrea-damante-vacanza-mykonos\/#article","isPartOf":{"@id":"https:\/\/www.gossip.it\/news\/giulia-de-lellis-andrea-damante-vacanza-mykonos\/"},"author":{"name":"La Redazione","@id":"https:\/\/www.gossip.it\/#\/schema\/person\/488896f75158bff1cc83c6c39d141110"},"headline":"Giulia De Lellis e Andrea Damante criticati per le foto della vacanza a Mykonos: guarda","datePublished":"2017-06-28T22:00:00+00:00","dateModified":"2017-06-28T22:00:00+00:00","mainEntityOfPage":{"@id":"https:\/\/www.gossip.it\/news\/giulia-de-lellis-andrea-damante-vacanza-mykonos\/"},"wordCount":311,"publisher":{"@id":"https:\/\/www.gossip.it\/#organization"},"image":{"@id":"https:\/\/www.gossip.it\/news\/giulia-de-lellis-andrea-damante-vacanza-mykonos\/#primaryimage"},"thumbnailUrl":"https:\/\/files.gossip.it\/immagini_news\/2017\/06\/1498728954_demellis_1.jpg","keywords":["andrea damante","critiche","giulia de lellis","grande fratello vip","grecia","mykonos","social","uomini e donne","vacanza","viaggi"],"articleSection":["News"],"inLanguage":"it-IT"},{"@type":"WebPage","@id":"https:\/\/www.gossip.it\/news\/giulia-de-lellis-andrea-damante-vacanza-mykonos\/","url":"https:\/\/www.gossip.it\/news\/giulia-de-lellis-andrea-damante-vacanza-mykonos\/","name":"Giulia De Lellis e Andrea Damante criticati per le foto della vacanza a Mykonos: guarda - Gossip.it | News sul Gossip e VIP","isPartOf":{"@id":"https:\/\/www.gossip.it\/#website"},"primaryImageOfPage":{"@id":"https:\/\/www.gossip.it\/news\/giulia-de-lellis-andrea-damante-vacanza-mykonos\/#primaryimage"},"image":{"@id":"https:\/\/www.gossip.it\/news\/giulia-de-lellis-andrea-damante-vacanza-mykonos\/#primaryimage"},"thumbnailUrl":"https:\/\/files.gossip.it\/immagini_news\/2017\/06\/1498728954_demellis_1.jpg","datePublished":"2017-06-28T22:00:00+00:00","dateModified":"2017-06-28T22:00:00+00:00","description":"Giulia De Lellis e Andrea Damante si stanno godendo una vacanza d'amore a Mykonos, in Grecia. La coppia, naturalmente, condivide sul social i momenti pi\u00f9","breadcrumb":{"@id":"https:\/\/www.gossip.it\/news\/giulia-de-lellis-andrea-damante-vacanza-mykonos\/#breadcrumb"},"inLanguage":"it-IT","potentialAction":[{"@type":"ReadAction","target":["https:\/\/www.gossip.it\/news\/giulia-de-lellis-andrea-damante-vacanza-mykonos\/"]}]},{"@type":"ImageObject","inLanguage":"it-IT","@id":"https:\/\/www.gossip.it\/news\/giulia-de-lellis-andrea-damante-vacanza-mykonos\/#primaryimage","url":"https:\/\/files.gossip.it\/immagini_news\/2017\/06\/1498728954_demellis_1.jpg","contentUrl":"https:\/\/files.gossip.it\/immagini_news\/2017\/06\/1498728954_demellis_1.jpg"},{"@type":"BreadcrumbList","@id":"https:\/\/www.gossip.it\/news\/giulia-de-lellis-andrea-damante-vacanza-mykonos\/#breadcrumb","itemListElement":[{"@type":"ListItem","position":1,"name":"Home","item":"https:\/\/www.gossip.it\/"},{"@type":"ListItem","position":2,"name":"Giulia De Lellis e Andrea Damante criticati per le foto della vacanza a Mykonos: guarda"}]},{"@type":"WebSite","@id":"https:\/\/www.gossip.it\/#website","url":"https:\/\/www.gossip.it\/","name":"Gossip and VIP News","description":"Quotidiano di cronaca rosa, costume e societ\u00e0","publisher":{"@id":"https:\/\/www.gossip.it\/#organization"},"alternateName":"Gossip and VIP News","potentialAction":[{"@type":"SearchAction","target":{"@type":"EntryPoint","urlTemplate":"https:\/\/www.gossip.it\/?s={search_term_string}"},"query-input":{"@type":"PropertyValueSpecification","valueRequired":true,"valueName":"search_term_string"}}],"inLanguage":"it-IT"},{"@type":"Organization","@id":"https:\/\/www.gossip.it\/#organization","name":"Gossip and VIP News","alternateName":"Gossip News","url":"https:\/\/www.gossip.it\/","logo":{"@type":"ImageObject","inLanguage":"it-IT","@id":"https:\/\/www.gossip.it\/#\/schema\/logo\/image\/","url":"https:\/\/www.gossip.it\/wp-content\/uploads\/2022\/04\/cropped-corna-alta-tiny.png","contentUrl":"https:\/\/www.gossip.it\/wp-content\/uploads\/2022\/04\/cropped-corna-alta-tiny.png","width":512,"height":512,"caption":"Gossip and VIP News"},"image":{"@id":"https:\/\/www.gossip.it\/#\/schema\/logo\/image\/"},"sameAs":["https:\/\/www.facebook.com\/GossipIT","https:\/\/x.com\/gossinews_it","https:\/\/instagram.com\/gossip_it"]},{"@type":"Person","@id":"https:\/\/www.gossip.it\/#\/schema\/person\/488896f75158bff1cc83c6c39d141110","name":"La Redazione","image":{"@type":"ImageObject","inLanguage":"it-IT","@id":"https:\/\/www.gossip.it\/#\/schema\/person\/image\/","url":"https:\/\/secure.gravatar.com\/avatar\/5a5f5c6fa3e6700e4249abdad0263a1e94e927d9e0499b1cb09c1cd29c044d80?s=96&d=mm&r=g","contentUrl":"https:\/\/secure.gravatar.com\/avatar\/5a5f5c6fa3e6700e4249abdad0263a1e94e927d9e0499b1cb09c1cd29c044d80?s=96&d=mm&r=g","caption":"La Redazione"},"sameAs":["https:\/\/www.gossip.it"]}]}},"amp_enabled":true,"_links":{"self":[{"href":"https:\/\/www.gossip.it\/api\/wp\/v2\/posts\/58505","targetHints":{"allow":["GET"]}}],"collection":[{"href":"https:\/\/www.gossip.it\/api\/wp\/v2\/posts"}],"about":[{"href":"https:\/\/www.gossip.it\/api\/wp\/v2\/types\/post"}],"author":[{"embeddable":true,"href":"https:\/\/www.gossip.it\/api\/wp\/v2\/users\/1"}],"replies":[{"embeddable":true,"href":"https:\/\/www.gossip.it\/api\/wp\/v2\/comments?post=58505"}],"version-history":[{"count":0,"href":"https:\/\/www.gossip.it\/api\/wp\/v2\/posts\/58505\/revisions"}],"wp:featuredmedia":[{"embeddable":true,"href":"https:\/\/www.gossip.it\/api\/wp\/v2\/media\/114551"}],"wp:attachment":[{"href":"https:\/\/www.gossip.it\/api\/wp\/v2\/media?parent=58505"}],"wp:term":[{"taxonomy":"category","embeddable":true,"href":"https:\/\/www.gossip.it\/api\/wp\/v2\/categories?post=58505"},{"taxonomy":"post_tag","embeddable":true,"href":"https:\/\/www.gossip.it\/api\/wp\/v2\/tags?post=58505"},{"taxonomy":"vip","embeddable":true,"href":"https:\/\/www.gossip.it\/api\/wp\/v2\/vip?post=58505"}],"curies":[{"name":"wp","href":"https:\/\/api.w.org\/{rel}","templated":true}]}}