{"id":58521,"date":"2017-06-30T00:00:00","date_gmt":"2017-06-29T22:00:00","guid":{"rendered":"https:\/\/www.gossip.it\/senza-categoria\/claudia-gerini-figlia-rosa-attrice\/"},"modified":"2017-06-30T00:00:00","modified_gmt":"2017-06-29T22:00:00","slug":"claudia-gerini-figlia-rosa-attrice","status":"publish","type":"post","link":"https:\/\/www.gossip.it\/news\/claudia-gerini-figlia-rosa-attrice\/","title":{"rendered":"Claudia Gerini, la figlia Rosa a 13 anni fa l'attrice"},"content":{"rendered":"<p><a href=\"\/vip\/claudia-gerini\/\">Claudia Gerini<\/a> accompagna <strong>Rosa<\/strong>, la <strong>figlia<\/strong> primogenita di 13enne, sul set: la ragazzina vuole fare l'<a href=\"\/vip\/attrice\/\">attrice<\/a> come la mamma, che ha iniziato alla stessa et\u00e0. La 45enne lo racconta al <em>Corriere della Sera<\/em>.<\/p>\n<figure class=\"caption\"><img decoding=\"async\" alt=\"\" width=\"640\" height=\"600\" src=\"https:\/\/files.gossip.it\/immagini_news\/2017\/06\/1498821651_gerini_3.jpg\" \/><figcaption>Claudia Gerini con la figlia 13enne Rosa che ora fa l'attrice come la mamma<\/figcaption><\/figure>\n<p><strong>Rosa<\/strong> vuole essere un'<strong>attrice<\/strong>. <strong>Claudia Gerini <\/strong>quando era pi\u00f9 piccola ha iscritto la <strong>figlia<\/strong> a un laboratorio teatrale per farle vincere la timidezza. Ora la bambina recita in una fiction diretta da <a href=\"\/vip\/marco-risi\/\">Marco Risi<\/a> sulla ricostruzione dopo il terremoto in Abruzzo. <strong>Rosa <\/strong>nel film \u00e8 la <strong>figlia <\/strong>di <a href=\"\/vip\/luca-barbareschi\/\">Luca Barbareschi<\/a>.\u00a0<\/p>\n<p>Tutto \u00e8 iniziato per caso, <strong>Rosa<\/strong> \u00e8 diventata attrice perch\u00e9 lo ha voluto il destino. Claudia stava girando<em> \"Indovina chi viene a Natale\" <\/em>di <a href=\"\/vip\/fausto-brizzi\/\">Fausto Brizzi<\/a>, serviva un\u2019adolescente. Il regista indic\u00f2 <strong>Rosa<\/strong>: <em>\"La sua prima esperienza \u00e8 nata cos\u00ec, per gioco. Mi disse che le piaceva il mio lavoro e che da grande voleva fare l\u2019<strong>attrice<\/strong>. Sono stata contenta, vuol dire che le avevo trasmesso un amore e una gioia nel farlo. Le feci tutta una premessa, che su cento provini ne avrebbe superati uno o due, che non ci doveva restare male, che non ci sarebbe stato nulla di personale, magari al casting ti dicono che serviva una pi\u00f9 alta o pi\u00f9 in carne di te. Invece dopo un primo no per \"In Treatment\", troppo piccolina come figlia di <\/em><a href=\"\/vip\/margherita-buy\/\">Margherita Buy<\/a><em>, la prende Marco Risi senza nessuna mia sollecitazione <strong>Rosa<\/strong> ha percepito la creativit\u00e0 emotiva, la libert\u00e0 espressiva, la possibilit\u00e0 di vivere tante vite, la vita nomade dei set, tante persone unite ogni giorno da un progetto comune...\"<\/em>.<\/p>\n<figure class=\"caption\"><img decoding=\"async\" alt=\"\" width=\"640\" height=\"647\" src=\"https:\/\/files.gossip.it\/immagini_news\/2017\/06\/1498821688_gerini_1.jpg\" \/><figcaption>La 45enne parla della separazione da Federico Zampaglione: 'Non vivevamo insieme gi\u00e0 dal 2015'<\/figcaption><\/figure>\n<p><strong>Claudia Gerini<\/strong> \u00e8 contenta e incrocia le dita per la sua <strong>Rosa<\/strong>. La bionda parla anche della separazione da <a href=\"\/vip\/federico-zampaglione\/\">Federico Zampaglione<\/a>, da cui ha avuto Linda, 7 anni.<em> \"Non vivevamo insieme gi\u00e0 dal 2015, quando lui torn\u00f2 in una casa di propriet\u00e0, voleva i suoi spazi per suonare. Ma cenavamo insieme, passavamo i fine settimana insieme\"<\/em>, spiega. <em>\"Non siamo mai diventati nemici, malgrado certi momenti turbolenti\"<\/em>, aggiunge.<\/p>\n<p>Linda chiedeva del pap\u00e0: <em>\"Le rispondevo che faceva tardi la sera. E' stata una cosa graduale. La mia famiglia \u00e8 sempre stata un po\u2019 un circo, era gi\u00e0 allargata, ogni tanto arrivava il pap\u00e0 di <strong>Rosa<\/strong>, un imprenditore milanese. Ero abituata a viaggiare da sola con le due figlie. Due separazioni dolci. Sono stata una grande equilibrista\"<\/em>.\u00a0<\/p>\n<figure class=\"caption\"><img decoding=\"async\" alt=\"\" width=\"640\" height=\"437\" src=\"https:\/\/files.gossip.it\/immagini_news\/2017\/06\/1498821727_gerini_2.jpg\" \/><figcaption>Ora \u00e8 legata ad Andrea Preti<\/figcaption><\/figure>\n<p>Ora nel suo quotidiano c'\u00e8 <a href=\"\/vip\/andrea-preti\/\">Andrea Preti<\/a>, ex naufrago dell\u2019<a href=\"\/vip\/isola-dei famosi\/\">Isola dei Famosi<\/a>, <a href=\"\/vip\/attore\/\">attore<\/a>, regista, <a href=\"\/vip\/modello\/\">modello<\/a>: \"<em>La sto vivendo giorno per giorno, con serenit\u00e0. Sono rimasta colpita dal clamore suscitato dalla fine tra me e Federico. In realt\u00e0 era finita da un anno, non abbiamo fatto annunci e per questo \u00e8 sembrato un fulmine a ciel sereno\"<\/em>. E' una donna libera, \u00e8 soprattutto una madre: <em>\"Sono un po\u2019 bambina dentro, vivo tuttora la meraviglia verso il mondo, non mi faccio prendere dai rodimenti, le mie due figlie poi, non so come, sono educatissime, studiano...\".<\/em><\/p>\n<div class=\"video_integrato\" data-videoid=\"4612\" data-autostart=\"true\">\u00a0<\/div>\n<p>\u00a0<\/p>\n","protected":false},"excerpt":{"rendered":"<p>Claudia Gerini accompagna Rosa, la figlia primogenita di 13enne, sul set: la ragazzina vuole fare l'attrice come la mamma, che ha iniziato alla stessa et\u00e0. La 45enne lo racconta al Corriere della Sera. Claudia Gerini con la figlia 13enne Rosa che ora fa l'attrice come la mamma Rosa vuole essere un'attrice. Claudia Gerini quando era [&hellip;]<\/p>\n","protected":false},"author":1,"featured_media":114567,"comment_status":"closed","ping_status":"closed","sticky":false,"template":"","format":"standard","meta":{"footnotes":""},"categories":[54],"tags":[10612,56532,2211,2102,1905,2103,6496,6873,2566],"vip":[726,740,1136],"class_list":["post-58521","post","type-post","status-publish","format-standard","has-post-thumbnail","hentry","category-news","tag-andrea-preti","tag-claudia-gerini-attrice","tag-corriere-della-sera","tag-dichiarazioni","tag-figlia","tag-intervista","tag-linda","tag-marco-risi","tag-rosa","vip-fausto_brizzi","vip-federico_zampaglione","vip-luca_barbareschi"],"yoast_head":"<title>Claudia Gerini, la figlia Rosa a 13 anni fa l&#039;attrice - Gossip.it | News sul Gossip e VIP<\/title>\n<meta name=\"description\" content=\"Claudia Gerini accompagna Rosa, la figlia primogenita di 13enne, sul set: la ragazzina vuole fare l&#039;attrice come la mamma, che ha iniziato alla stessa\" \/>\n<meta name=\"robots\" content=\"index, follow, max-snippet:-1, max-image-preview:large, max-video-preview:-1\" \/>\n<link rel=\"canonical\" href=\"https:\/\/www.gossip.it\/news\/claudia-gerini-figlia-rosa-attrice\/\" \/>\n<meta property=\"og:locale\" content=\"it_IT\" \/>\n<meta property=\"og:type\" content=\"article\" \/>\n<meta property=\"og:title\" content=\"Claudia Gerini, la figlia Rosa a 13 anni fa l&#039;attrice - Gossip.it | News sul Gossip e VIP\" \/>\n<meta property=\"og:description\" content=\"Claudia Gerini accompagna Rosa, la figlia primogenita di 13enne, sul set: la ragazzina vuole fare l&#039;attrice come la mamma, che ha iniziato alla stessa\" \/>\n<meta property=\"og:url\" content=\"https:\/\/www.gossip.it\/news\/claudia-gerini-figlia-rosa-attrice\/\" \/>\n<meta property=\"og:site_name\" content=\"Gossip.it | News sul Gossip e VIP\" \/>\n<meta property=\"article:publisher\" content=\"https:\/\/www.facebook.com\/GossipIT\" \/>\n<meta property=\"article:published_time\" content=\"2017-06-29T22:00:00+00:00\" \/>\n<meta property=\"og:image\" content=\"https:\/\/files.gossip.it\/immagini_news\/2017\/06\/1498821651_gerini_3.jpg\" \/>\n<meta name=\"author\" content=\"La Redazione\" \/>\n<meta name=\"twitter:card\" content=\"summary_large_image\" \/>\n<meta name=\"twitter:image\" content=\"https:\/\/files.gossip.it\/immagini_news\/2017\/06\/1498821651_gerini_3.jpg\" \/>\n<meta name=\"twitter:creator\" content=\"@gossinews_it\" \/>\n<meta name=\"twitter:site\" content=\"@gossinews_it\" \/>\n<meta name=\"twitter:label1\" content=\"Scritto da\" \/>\n\t<meta name=\"twitter:data1\" content=\"Annamaria Capozzi\" \/>\n\t<meta name=\"twitter:label2\" content=\"Tempo di lettura stimato\" \/>\n\t<meta name=\"twitter:data2\" content=\"2 minuti\" \/>","yoast_head_json":{"title":"Claudia Gerini, la figlia Rosa a 13 anni fa l'attrice - Gossip.it | News sul Gossip e VIP","description":"Claudia Gerini accompagna Rosa, la figlia primogenita di 13enne, sul set: la ragazzina vuole fare l'attrice come la mamma, che ha iniziato alla stessa","robots":{"index":"index","follow":"follow","max-snippet":"max-snippet:-1","max-image-preview":"max-image-preview:large","max-video-preview":"max-video-preview:-1"},"canonical":"https:\/\/www.gossip.it\/news\/claudia-gerini-figlia-rosa-attrice\/","og_locale":"it_IT","og_type":"article","og_title":"Claudia Gerini, la figlia Rosa a 13 anni fa l'attrice - Gossip.it | News sul Gossip e VIP","og_description":"Claudia Gerini accompagna Rosa, la figlia primogenita di 13enne, sul set: la ragazzina vuole fare l'attrice come la mamma, che ha iniziato alla stessa","og_url":"https:\/\/www.gossip.it\/news\/claudia-gerini-figlia-rosa-attrice\/","og_site_name":"Gossip.it | News sul Gossip e VIP","article_publisher":"https:\/\/www.facebook.com\/GossipIT","article_published_time":"2017-06-29T22:00:00+00:00","og_image":[{"url":"https:\/\/files.gossip.it\/immagini_news\/2017\/06\/1498821651_gerini_3.jpg"}],"author":"La Redazione","twitter_card":"summary_large_image","twitter_image":"https:\/\/files.gossip.it\/immagini_news\/2017\/06\/1498821651_gerini_3.jpg","twitter_creator":"@gossinews_it","twitter_site":"@gossinews_it","twitter_misc":{"Scritto da":"Annamaria Capozzi","Tempo di lettura stimato":"2 minuti"},"schema":{"@context":"https:\/\/schema.org","@graph":[{"@type":"Article","@id":"https:\/\/www.gossip.it\/news\/claudia-gerini-figlia-rosa-attrice\/#article","isPartOf":{"@id":"https:\/\/www.gossip.it\/news\/claudia-gerini-figlia-rosa-attrice\/"},"author":{"name":"La Redazione","@id":"https:\/\/www.gossip.it\/#\/schema\/person\/488896f75158bff1cc83c6c39d141110"},"headline":"Claudia Gerini, la figlia Rosa a 13 anni fa l'attrice","datePublished":"2017-06-29T22:00:00+00:00","dateModified":"2017-06-29T22:00:00+00:00","mainEntityOfPage":{"@id":"https:\/\/www.gossip.it\/news\/claudia-gerini-figlia-rosa-attrice\/"},"wordCount":507,"publisher":{"@id":"https:\/\/www.gossip.it\/#organization"},"image":{"@id":"https:\/\/www.gossip.it\/news\/claudia-gerini-figlia-rosa-attrice\/#primaryimage"},"thumbnailUrl":"https:\/\/files.gossip.it\/immagini_news\/2017\/06\/1498821651_gerini_3.jpg","keywords":["andrea preti","claudia gerini attrice","corriere della sera","dichiarazioni","figlia","intervista","linda","marco risi","rosa"],"articleSection":["News"],"inLanguage":"it-IT"},{"@type":"WebPage","@id":"https:\/\/www.gossip.it\/news\/claudia-gerini-figlia-rosa-attrice\/","url":"https:\/\/www.gossip.it\/news\/claudia-gerini-figlia-rosa-attrice\/","name":"Claudia Gerini, la figlia Rosa a 13 anni fa l'attrice - Gossip.it | News sul Gossip e VIP","isPartOf":{"@id":"https:\/\/www.gossip.it\/#website"},"primaryImageOfPage":{"@id":"https:\/\/www.gossip.it\/news\/claudia-gerini-figlia-rosa-attrice\/#primaryimage"},"image":{"@id":"https:\/\/www.gossip.it\/news\/claudia-gerini-figlia-rosa-attrice\/#primaryimage"},"thumbnailUrl":"https:\/\/files.gossip.it\/immagini_news\/2017\/06\/1498821651_gerini_3.jpg","datePublished":"2017-06-29T22:00:00+00:00","dateModified":"2017-06-29T22:00:00+00:00","description":"Claudia Gerini accompagna Rosa, la figlia primogenita di 13enne, sul set: la ragazzina vuole fare l'attrice come la mamma, che ha iniziato alla stessa","breadcrumb":{"@id":"https:\/\/www.gossip.it\/news\/claudia-gerini-figlia-rosa-attrice\/#breadcrumb"},"inLanguage":"it-IT","potentialAction":[{"@type":"ReadAction","target":["https:\/\/www.gossip.it\/news\/claudia-gerini-figlia-rosa-attrice\/"]}]},{"@type":"ImageObject","inLanguage":"it-IT","@id":"https:\/\/www.gossip.it\/news\/claudia-gerini-figlia-rosa-attrice\/#primaryimage","url":"https:\/\/files.gossip.it\/immagini_news\/2017\/06\/1498821651_gerini_3.jpg","contentUrl":"https:\/\/files.gossip.it\/immagini_news\/2017\/06\/1498821651_gerini_3.jpg"},{"@type":"BreadcrumbList","@id":"https:\/\/www.gossip.it\/news\/claudia-gerini-figlia-rosa-attrice\/#breadcrumb","itemListElement":[{"@type":"ListItem","position":1,"name":"Home","item":"https:\/\/www.gossip.it\/"},{"@type":"ListItem","position":2,"name":"Claudia Gerini, la figlia Rosa a 13 anni fa l'attrice"}]},{"@type":"WebSite","@id":"https:\/\/www.gossip.it\/#website","url":"https:\/\/www.gossip.it\/","name":"Gossip and VIP News","description":"Quotidiano di cronaca rosa, costume e societ\u00e0","publisher":{"@id":"https:\/\/www.gossip.it\/#organization"},"alternateName":"Gossip and VIP News","potentialAction":[{"@type":"SearchAction","target":{"@type":"EntryPoint","urlTemplate":"https:\/\/www.gossip.it\/?s={search_term_string}"},"query-input":{"@type":"PropertyValueSpecification","valueRequired":true,"valueName":"search_term_string"}}],"inLanguage":"it-IT"},{"@type":"Organization","@id":"https:\/\/www.gossip.it\/#organization","name":"Gossip and VIP News","alternateName":"Gossip News","url":"https:\/\/www.gossip.it\/","logo":{"@type":"ImageObject","inLanguage":"it-IT","@id":"https:\/\/www.gossip.it\/#\/schema\/logo\/image\/","url":"https:\/\/www.gossip.it\/wp-content\/uploads\/2022\/04\/cropped-corna-alta-tiny.png","contentUrl":"https:\/\/www.gossip.it\/wp-content\/uploads\/2022\/04\/cropped-corna-alta-tiny.png","width":512,"height":512,"caption":"Gossip and VIP News"},"image":{"@id":"https:\/\/www.gossip.it\/#\/schema\/logo\/image\/"},"sameAs":["https:\/\/www.facebook.com\/GossipIT","https:\/\/x.com\/gossinews_it","https:\/\/instagram.com\/gossip_it"]},{"@type":"Person","@id":"https:\/\/www.gossip.it\/#\/schema\/person\/488896f75158bff1cc83c6c39d141110","name":"La Redazione","image":{"@type":"ImageObject","inLanguage":"it-IT","@id":"https:\/\/www.gossip.it\/#\/schema\/person\/image\/","url":"https:\/\/secure.gravatar.com\/avatar\/5a5f5c6fa3e6700e4249abdad0263a1e94e927d9e0499b1cb09c1cd29c044d80?s=96&d=mm&r=g","contentUrl":"https:\/\/secure.gravatar.com\/avatar\/5a5f5c6fa3e6700e4249abdad0263a1e94e927d9e0499b1cb09c1cd29c044d80?s=96&d=mm&r=g","caption":"La Redazione"},"sameAs":["https:\/\/www.gossip.it"]}]}},"amp_enabled":true,"_links":{"self":[{"href":"https:\/\/www.gossip.it\/api\/wp\/v2\/posts\/58521","targetHints":{"allow":["GET"]}}],"collection":[{"href":"https:\/\/www.gossip.it\/api\/wp\/v2\/posts"}],"about":[{"href":"https:\/\/www.gossip.it\/api\/wp\/v2\/types\/post"}],"author":[{"embeddable":true,"href":"https:\/\/www.gossip.it\/api\/wp\/v2\/users\/1"}],"replies":[{"embeddable":true,"href":"https:\/\/www.gossip.it\/api\/wp\/v2\/comments?post=58521"}],"version-history":[{"count":0,"href":"https:\/\/www.gossip.it\/api\/wp\/v2\/posts\/58521\/revisions"}],"wp:featuredmedia":[{"embeddable":true,"href":"https:\/\/www.gossip.it\/api\/wp\/v2\/media\/114567"}],"wp:attachment":[{"href":"https:\/\/www.gossip.it\/api\/wp\/v2\/media?parent=58521"}],"wp:term":[{"taxonomy":"category","embeddable":true,"href":"https:\/\/www.gossip.it\/api\/wp\/v2\/categories?post=58521"},{"taxonomy":"post_tag","embeddable":true,"href":"https:\/\/www.gossip.it\/api\/wp\/v2\/tags?post=58521"},{"taxonomy":"vip","embeddable":true,"href":"https:\/\/www.gossip.it\/api\/wp\/v2\/vip?post=58521"}],"curies":[{"name":"wp","href":"https:\/\/api.w.org\/{rel}","templated":true}]}}