{"id":58614,"date":"2017-07-13T00:00:00","date_gmt":"2017-07-12T22:00:00","guid":{"rendered":"https:\/\/www.gossip.it\/senza-categoria\/paola-perego-marito-lucio-presta\/"},"modified":"2017-07-13T00:00:00","modified_gmt":"2017-07-12T22:00:00","slug":"paola-perego-marito-lucio-presta","status":"publish","type":"post","link":"https:\/\/www.gossip.it\/news\/paola-perego-marito-lucio-presta\/","title":{"rendered":"Paola Perego: 'Colpiscono me per ferire mio marito Lucio Presta'"},"content":{"rendered":"<p><a href=\"\/vip\/paola-perego\/\">Paola Perego<\/a> torna a parlare della chiusura di \"Parliamone... sabato\" in un'intervista rilasciata al settimanale <em>Chi <\/em>nel numero in edicola. La conduttrice afferma che spesso paga il prezzo di avere un <strong>marito <\/strong>come <a href=\"\/vip\/lucio-presta\/\">Lucio Presta<\/a> ma \u00e8 ben felice di farlo.<\/p>\n<figure class=\"caption\"><img decoding=\"async\" alt=\"\" src=\"https:\/\/files.gossip.it\/immagini_news\/2017\/07\/1499936976_paola_perego_1.jpg\" \/><figcaption>Paola Perego torna a parlare della chiusura di 'Parliamone... sabato'<\/figcaption><\/figure>\n<p><em>\"Sto tentando a fatica di ritornare alla vita da quel momento per me difficile, ma rester\u00e0 sempre un episodio doloroso, inspiegabile e violento\"<\/em>, dichiara la conduttrice.<br \/>La<strong> Perego<\/strong> poi parla del <strong>marito<\/strong>, il famoso agente <strong>Lucio Presta<\/strong>.\u00a0Gli attacchi ricevuti, spiega, sono spesso diretti a lui: <em>\"Che Lucio sia un obiettivo sensibile per la politica e per chi vuole attaccare la tv \u00e8 sotto gli occhi di tutti<\/em> - afferma <strong>Paola<\/strong> - <em>spesso hanno colpito me per ferire lui. Ma, se questo \u00e8 un modo di proteggerlo e mostrare il mio amore per lui, sono felice di pagarne il prezzo\"<\/em>.<\/p>\n<figure class=\"caption\"><img decoding=\"async\" alt=\"\" src=\"https:\/\/files.gossip.it\/immagini_news\/2017\/07\/1499937039_lucio_presta_2.jpg\" \/><figcaption>La conduttrice ha detto che spesso paga lo scotto di essere la moglie di Lucio Presta\u00a0<\/figcaption><\/figure>\n<p>La loro unione \u00e8 solida e il volto noto della tv racconta:<em> \"Ci siamo fatti guidare dall'amore e abbiamo cercato di insegnare ai nostri figli che su questo, e sul rispetto, verremo giudicati. Abbiamo avuto pi\u00f9 di quanto potessimo sognare da bambini, questo ci rende felici e ci fa guardare avanti\"<\/em>. <em>\"Conosco molte colleghe pi\u00f9 affermate, o che hanno avuto molto sul lavoro, che hanno perso nel privato. A me va bene cos\u00ec\"<\/em>, sottolinea la conduttrice.<\/p>\n<p><em>\"Per la prima volta dopo tantissimi anni quest'anno far\u00f2 una lunga vacanza<\/em> - prosegue\u00a0- <em>sono certa che questo mi aiuter\u00e0 a recuperare una serenit\u00e0 che mi \u00e8 stata strappata con violenza\"<\/em>. E <strong>Paola<\/strong> \u00e8 pronta a tornare in tv con il sorriso <em>\"mostrando quella che sono: una persona normale che fa un lavoro bellissimo. Nel mio mondo il male peggiore \u00e8 prendersi troppo sul serio e credere di essere il centro dell'universo\"<\/em>, afferma.\u00a0<\/p>\n<p>Durante l'intervista la<strong> Perego<\/strong> racconta inoltre come i figli hanno reagito alla chiusura di \"Parliamone... sabato\":<em> \"Sono ragazzi sani e moderni e vivono il mio ruolo pubblico con distacco. Ma, in questa recente storia, li ho sentiti sempre vicini e protettivi. Giulia, mia figlia, ha reagito con una inaspettata veemenza<\/em> (ha attaccato sui social la presidente della Rai, <a href=\"\/vip\/monica-maggioni\/\">Monica Maggioni<\/a>,\u00a0ndr)\".\u00a0<\/p>\n<div class=\"video_integrato\" data-videoid=\"4469\" data-autostart=\"true\">\u00a0<\/div>\n<p>\u00a0<\/p>\n","protected":false},"excerpt":{"rendered":"<p>Paola Perego torna a parlare della chiusura di \"Parliamone... sabato\" in un'intervista rilasciata al settimanale Chi nel numero in edicola. La conduttrice afferma che spesso paga il prezzo di avere un marito come Lucio Presta ma \u00e8 ben felice di farlo. Paola Perego torna a parlare della chiusura di 'Parliamone... sabato' \"Sto tentando a fatica [&hellip;]<\/p>\n","protected":false},"author":1,"featured_media":114660,"comment_status":"closed","ping_status":"closed","sticky":false,"template":"","format":"standard","meta":{"footnotes":""},"categories":[54],"tags":[2102,1998,10860,2293,2562,2097],"vip":[1161,1459],"class_list":["post-58614","post","type-post","status-publish","format-standard","has-post-thumbnail","hentry","category-news","tag-dichiarazioni","tag-marito","tag-parliamone-sabato","tag-programma","tag-rai","tag-tv","vip-lucio_presta","vip-paola_perego"],"yoast_head":"<title>Paola Perego: &#039;Colpiscono me per ferire mio marito Lucio Presta&#039; - Gossip.it | News sul Gossip e VIP<\/title>\n<meta name=\"description\" content=\"Paola Perego torna a parlare della chiusura di &quot;Parliamone... sabato&quot; in un&#039;intervista rilasciata al settimanale Chi nel numero in edicola. La conduttrice\" \/>\n<meta name=\"robots\" content=\"index, follow, max-snippet:-1, max-image-preview:large, max-video-preview:-1\" \/>\n<link rel=\"canonical\" href=\"https:\/\/www.gossip.it\/news\/paola-perego-marito-lucio-presta\/\" \/>\n<meta property=\"og:locale\" content=\"it_IT\" \/>\n<meta property=\"og:type\" content=\"article\" \/>\n<meta property=\"og:title\" content=\"Paola Perego: &#039;Colpiscono me per ferire mio marito Lucio Presta&#039; - Gossip.it | News sul Gossip e VIP\" \/>\n<meta property=\"og:description\" content=\"Paola Perego torna a parlare della chiusura di &quot;Parliamone... sabato&quot; in un&#039;intervista rilasciata al settimanale Chi nel numero in edicola. La conduttrice\" \/>\n<meta property=\"og:url\" content=\"https:\/\/www.gossip.it\/news\/paola-perego-marito-lucio-presta\/\" \/>\n<meta property=\"og:site_name\" content=\"Gossip.it | News sul Gossip e VIP\" \/>\n<meta property=\"article:publisher\" content=\"https:\/\/www.facebook.com\/GossipIT\" \/>\n<meta property=\"article:published_time\" content=\"2017-07-12T22:00:00+00:00\" \/>\n<meta property=\"og:image\" content=\"https:\/\/files.gossip.it\/immagini_news\/2017\/07\/1499936976_paola_perego_1.jpg\" \/>\n<meta name=\"author\" content=\"La Redazione\" \/>\n<meta name=\"twitter:card\" content=\"summary_large_image\" \/>\n<meta name=\"twitter:image\" content=\"https:\/\/files.gossip.it\/immagini_news\/2017\/07\/1499936976_paola_perego_1.jpg\" \/>\n<meta name=\"twitter:creator\" content=\"@gossinews_it\" \/>\n<meta name=\"twitter:site\" content=\"@gossinews_it\" \/>\n<meta name=\"twitter:label1\" content=\"Scritto da\" \/>\n\t<meta name=\"twitter:data1\" content=\"La Redazione\" \/>\n\t<meta name=\"twitter:label2\" content=\"Tempo di lettura stimato\" \/>\n\t<meta name=\"twitter:data2\" content=\"2 minuti\" \/>","yoast_head_json":{"title":"Paola Perego: 'Colpiscono me per ferire mio marito Lucio Presta' - Gossip.it | News sul Gossip e VIP","description":"Paola Perego torna a parlare della chiusura di \"Parliamone... sabato\" in un'intervista rilasciata al settimanale Chi nel numero in edicola. La conduttrice","robots":{"index":"index","follow":"follow","max-snippet":"max-snippet:-1","max-image-preview":"max-image-preview:large","max-video-preview":"max-video-preview:-1"},"canonical":"https:\/\/www.gossip.it\/news\/paola-perego-marito-lucio-presta\/","og_locale":"it_IT","og_type":"article","og_title":"Paola Perego: 'Colpiscono me per ferire mio marito Lucio Presta' - Gossip.it | News sul Gossip e VIP","og_description":"Paola Perego torna a parlare della chiusura di \"Parliamone... sabato\" in un'intervista rilasciata al settimanale Chi nel numero in edicola. La conduttrice","og_url":"https:\/\/www.gossip.it\/news\/paola-perego-marito-lucio-presta\/","og_site_name":"Gossip.it | News sul Gossip e VIP","article_publisher":"https:\/\/www.facebook.com\/GossipIT","article_published_time":"2017-07-12T22:00:00+00:00","og_image":[{"url":"https:\/\/files.gossip.it\/immagini_news\/2017\/07\/1499936976_paola_perego_1.jpg"}],"author":"La Redazione","twitter_card":"summary_large_image","twitter_image":"https:\/\/files.gossip.it\/immagini_news\/2017\/07\/1499936976_paola_perego_1.jpg","twitter_creator":"@gossinews_it","twitter_site":"@gossinews_it","twitter_misc":{"Scritto da":"La Redazione","Tempo di lettura stimato":"2 minuti"},"schema":{"@context":"https:\/\/schema.org","@graph":[{"@type":"Article","@id":"https:\/\/www.gossip.it\/news\/paola-perego-marito-lucio-presta\/#article","isPartOf":{"@id":"https:\/\/www.gossip.it\/news\/paola-perego-marito-lucio-presta\/"},"author":{"name":"La Redazione","@id":"https:\/\/www.gossip.it\/#\/schema\/person\/488896f75158bff1cc83c6c39d141110"},"headline":"Paola Perego: 'Colpiscono me per ferire mio marito Lucio Presta'","datePublished":"2017-07-12T22:00:00+00:00","dateModified":"2017-07-12T22:00:00+00:00","mainEntityOfPage":{"@id":"https:\/\/www.gossip.it\/news\/paola-perego-marito-lucio-presta\/"},"wordCount":386,"publisher":{"@id":"https:\/\/www.gossip.it\/#organization"},"image":{"@id":"https:\/\/www.gossip.it\/news\/paola-perego-marito-lucio-presta\/#primaryimage"},"thumbnailUrl":"https:\/\/files.gossip.it\/immagini_news\/2017\/07\/1499936976_paola_perego_1.jpg","keywords":["dichiarazioni","marito","parliamone sabato","programma","rai","tv"],"articleSection":["News"],"inLanguage":"it-IT"},{"@type":"WebPage","@id":"https:\/\/www.gossip.it\/news\/paola-perego-marito-lucio-presta\/","url":"https:\/\/www.gossip.it\/news\/paola-perego-marito-lucio-presta\/","name":"Paola Perego: 'Colpiscono me per ferire mio marito Lucio Presta' - Gossip.it | News sul Gossip e VIP","isPartOf":{"@id":"https:\/\/www.gossip.it\/#website"},"primaryImageOfPage":{"@id":"https:\/\/www.gossip.it\/news\/paola-perego-marito-lucio-presta\/#primaryimage"},"image":{"@id":"https:\/\/www.gossip.it\/news\/paola-perego-marito-lucio-presta\/#primaryimage"},"thumbnailUrl":"https:\/\/files.gossip.it\/immagini_news\/2017\/07\/1499936976_paola_perego_1.jpg","datePublished":"2017-07-12T22:00:00+00:00","dateModified":"2017-07-12T22:00:00+00:00","description":"Paola Perego torna a parlare della chiusura di \"Parliamone... sabato\" in un'intervista rilasciata al settimanale Chi nel numero in edicola. La conduttrice","breadcrumb":{"@id":"https:\/\/www.gossip.it\/news\/paola-perego-marito-lucio-presta\/#breadcrumb"},"inLanguage":"it-IT","potentialAction":[{"@type":"ReadAction","target":["https:\/\/www.gossip.it\/news\/paola-perego-marito-lucio-presta\/"]}]},{"@type":"ImageObject","inLanguage":"it-IT","@id":"https:\/\/www.gossip.it\/news\/paola-perego-marito-lucio-presta\/#primaryimage","url":"https:\/\/files.gossip.it\/immagini_news\/2017\/07\/1499936976_paola_perego_1.jpg","contentUrl":"https:\/\/files.gossip.it\/immagini_news\/2017\/07\/1499936976_paola_perego_1.jpg"},{"@type":"BreadcrumbList","@id":"https:\/\/www.gossip.it\/news\/paola-perego-marito-lucio-presta\/#breadcrumb","itemListElement":[{"@type":"ListItem","position":1,"name":"Home","item":"https:\/\/www.gossip.it\/"},{"@type":"ListItem","position":2,"name":"Paola Perego: 'Colpiscono me per ferire mio marito Lucio Presta'"}]},{"@type":"WebSite","@id":"https:\/\/www.gossip.it\/#website","url":"https:\/\/www.gossip.it\/","name":"Gossip and VIP News","description":"Quotidiano di cronaca rosa, costume e societ\u00e0","publisher":{"@id":"https:\/\/www.gossip.it\/#organization"},"alternateName":"Gossip and VIP News","potentialAction":[{"@type":"SearchAction","target":{"@type":"EntryPoint","urlTemplate":"https:\/\/www.gossip.it\/?s={search_term_string}"},"query-input":{"@type":"PropertyValueSpecification","valueRequired":true,"valueName":"search_term_string"}}],"inLanguage":"it-IT"},{"@type":"Organization","@id":"https:\/\/www.gossip.it\/#organization","name":"Gossip and VIP News","alternateName":"Gossip News","url":"https:\/\/www.gossip.it\/","logo":{"@type":"ImageObject","inLanguage":"it-IT","@id":"https:\/\/www.gossip.it\/#\/schema\/logo\/image\/","url":"https:\/\/www.gossip.it\/wp-content\/uploads\/2022\/04\/cropped-corna-alta-tiny.png","contentUrl":"https:\/\/www.gossip.it\/wp-content\/uploads\/2022\/04\/cropped-corna-alta-tiny.png","width":512,"height":512,"caption":"Gossip and VIP News"},"image":{"@id":"https:\/\/www.gossip.it\/#\/schema\/logo\/image\/"},"sameAs":["https:\/\/www.facebook.com\/GossipIT","https:\/\/x.com\/gossinews_it","https:\/\/instagram.com\/gossip_it"]},{"@type":"Person","@id":"https:\/\/www.gossip.it\/#\/schema\/person\/488896f75158bff1cc83c6c39d141110","name":"La Redazione","image":{"@type":"ImageObject","inLanguage":"it-IT","@id":"https:\/\/www.gossip.it\/#\/schema\/person\/image\/","url":"https:\/\/secure.gravatar.com\/avatar\/5a5f5c6fa3e6700e4249abdad0263a1e94e927d9e0499b1cb09c1cd29c044d80?s=96&d=mm&r=g","contentUrl":"https:\/\/secure.gravatar.com\/avatar\/5a5f5c6fa3e6700e4249abdad0263a1e94e927d9e0499b1cb09c1cd29c044d80?s=96&d=mm&r=g","caption":"La Redazione"},"sameAs":["https:\/\/www.gossip.it"]}]}},"amp_enabled":true,"_links":{"self":[{"href":"https:\/\/www.gossip.it\/api\/wp\/v2\/posts\/58614","targetHints":{"allow":["GET"]}}],"collection":[{"href":"https:\/\/www.gossip.it\/api\/wp\/v2\/posts"}],"about":[{"href":"https:\/\/www.gossip.it\/api\/wp\/v2\/types\/post"}],"author":[{"embeddable":true,"href":"https:\/\/www.gossip.it\/api\/wp\/v2\/users\/1"}],"replies":[{"embeddable":true,"href":"https:\/\/www.gossip.it\/api\/wp\/v2\/comments?post=58614"}],"version-history":[{"count":0,"href":"https:\/\/www.gossip.it\/api\/wp\/v2\/posts\/58614\/revisions"}],"wp:featuredmedia":[{"embeddable":true,"href":"https:\/\/www.gossip.it\/api\/wp\/v2\/media\/114660"}],"wp:attachment":[{"href":"https:\/\/www.gossip.it\/api\/wp\/v2\/media?parent=58614"}],"wp:term":[{"taxonomy":"category","embeddable":true,"href":"https:\/\/www.gossip.it\/api\/wp\/v2\/categories?post=58614"},{"taxonomy":"post_tag","embeddable":true,"href":"https:\/\/www.gossip.it\/api\/wp\/v2\/tags?post=58614"},{"taxonomy":"vip","embeddable":true,"href":"https:\/\/www.gossip.it\/api\/wp\/v2\/vip?post=58614"}],"curies":[{"name":"wp","href":"https:\/\/api.w.org\/{rel}","templated":true}]}}