{"id":58645,"date":"2017-07-18T00:00:00","date_gmt":"2017-07-17T22:00:00","guid":{"rendered":"https:\/\/www.gossip.it\/senza-categoria\/juliana-moreira-gardaland\/"},"modified":"2017-07-18T00:00:00","modified_gmt":"2017-07-17T22:00:00","slug":"juliana-moreira-gardaland","status":"publish","type":"post","link":"https:\/\/www.gossip.it\/news\/juliana-moreira-gardaland\/","title":{"rendered":"Juliana Moreira, madrina a Gardaland di Alegria Latina: foto"},"content":{"rendered":"<p><a href=\"\/vip\/juliana-moreira\/\">Juliana Moreira<\/a> si \u00e8 divertita un mondo a <a href=\"\/vip\/gardaland\/\">Gardaland<\/a> dove ha rivestito il ruolo di madrina durante l'inaugurazione della prima edizione di Alegria Latina. Fino al 30 luglio, infatti, il ritmo latino-americano sar\u00e0 protagonista nel parco di divertimenti pi\u00f9 famoso d'Italia.<\/p>\n<figure class=\"caption\"><img decoding=\"async\" alt=\"\" src=\"https:\/\/files.gossip.it\/immagini_news\/2017\/07\/1500374008_juliana_moreira_gardaland_1.jpg\" \/><figcaption>Juliana Moreira durante la parata a Gardaland<\/figcaption><\/figure>\n<p><strong>Juliana<\/strong> \u00e8 stata anche protagonista della tradizionale parata di <strong>Gardaland<\/strong>. La <strong>Moreira<\/strong> ha guidato gli artisti nel parco di divertimenti. La brasiliana, solare come sempre, ha rappresentato alla perfezione lo spirito di Alegria Latina.<\/p>\n<div class=\"video_integrato\" data-videoid=\"4712\" data-autostart=\"true\">\u00a0<\/div>\n<p><strong>Juliana<\/strong> ha anche dichiarato di aver iniziato a ballare la samba quando aveva appena 5 anni e di non aver pi\u00f9 smesso. La sua carica esplosiva ha contagiato tutti.<\/p>\n<figure class=\"caption\"><img decoding=\"async\" alt=\"\" src=\"https:\/\/files.gossip.it\/immagini_news\/2017\/07\/1500374068_juliana_moreira_gardaland_2.jpg\" \/><figcaption>La showgirl si \u00e8 divertita un mondo insieme ai ballerini<\/figcaption><\/figure>\n<p><strong>Juliana Moreira<\/strong> ha colto l'occasione per trascorrere una giornata spensierata insieme al compagno <a href=\"\/vip\/edoardo-stoppa\/\">Edoardo Stoppa<\/a> e ai loro due figli, <a href=\"\/vip\/lua-sophie\/\">Lua Sophie<\/a> che il 25 luglio compir\u00e0 6 anni e <a href=\"\/vip\/sol-gabriel\/\">Sol Gabriel<\/a>, nato il 29 agosto del 2016.<\/p>\n<figure class=\"caption\"><img decoding=\"async\" alt=\"\" src=\"https:\/\/files.gossip.it\/immagini_news\/2017\/07\/1500374136_moreira_stoppa_gardaland_3.jpg\" \/><figcaption>Juliana insieme al compagno Edoardo Stoppa\u00a0<\/figcaption><\/figure>\n<figure class=\"caption\"><img decoding=\"async\" alt=\"\" src=\"https:\/\/files.gossip.it\/immagini_news\/2017\/07\/1500374190_moreira_stoppa_gardaland_4.jpg\" \/><figcaption>Juliana a Gardaland con \u00a0Edoardo e i figli Lua Sophie e Sol Gabriel\u00a0<\/figcaption><\/figure>\n<p>La showgirl insieme alla sua bellissima famiglia ha provato il brivido delle montagne russe Oblivion - The Black Hole, si \u00e8 divertita su DoReMiFarm e su tante altre attrazioni presenti a <strong>Gardaland<\/strong>. Disponibile e gentile, non sono mancati selfie e qualche battuta con i fan.<\/p>\n<figure class=\"caption\"><img decoding=\"async\" alt=\"\" src=\"https:\/\/files.gossip.it\/immagini_news\/2017\/07\/1500374308_moreira_stoppa_gardaland_5.jpg\" \/><figcaption>Edoardo Stoppa e Juliana Moreira si divertono con la primogenita Lua Sophie\u00a0<\/figcaption><\/figure>\n<p><strong>Juliana<\/strong> a\u00a0<strong>Gardaland<\/strong> ha trascorso con la <em>family<\/em> una giornata indimenticabile.\u00a0<\/p>\n","protected":false},"excerpt":{"rendered":"<p>Juliana Moreira si \u00e8 divertita un mondo a Gardaland dove ha rivestito il ruolo di madrina durante l'inaugurazione della prima edizione di Alegria Latina. Fino al 30 luglio, infatti, il ritmo latino-americano sar\u00e0 protagonista nel parco di divertimenti pi\u00f9 famoso d'Italia. Juliana Moreira durante la parata a Gardaland Juliana \u00e8 stata anche protagonista della tradizionale [&hellip;]<\/p>\n","protected":false},"author":1,"featured_media":114691,"comment_status":"closed","ping_status":"closed","sticky":false,"template":"","format":"standard","meta":{"footnotes":""},"categories":[54],"tags":[11150,7378,11149,10389,3182,12240],"vip":[1029],"class_list":["post-58645","post","type-post","status-publish","format-standard","has-post-thumbnail","hentry","category-news","tag-alegria-latina","tag-edoardo-stoppa","tag-gardaland","tag-lua-sophie","tag-madrina","tag-sol-gabriel","vip-juliana_moreira"],"yoast_head":"<title>Juliana Moreira, madrina a Gardaland di Alegria Latina: foto - Gossip.it | News sul Gossip e VIP<\/title>\n<meta name=\"description\" content=\"Juliana Moreira si \u00e8 divertita un mondo a Gardaland dove ha rivestito il ruolo di madrina durante l&#039;inaugurazione della prima edizione di Alegria Latina.\" \/>\n<meta name=\"robots\" content=\"index, follow, max-snippet:-1, max-image-preview:large, max-video-preview:-1\" \/>\n<link rel=\"canonical\" href=\"https:\/\/www.gossip.it\/news\/juliana-moreira-gardaland\/\" \/>\n<meta property=\"og:locale\" content=\"it_IT\" \/>\n<meta property=\"og:type\" content=\"article\" \/>\n<meta property=\"og:title\" content=\"Juliana Moreira, madrina a Gardaland di Alegria Latina: foto - Gossip.it | News sul Gossip e VIP\" \/>\n<meta property=\"og:description\" content=\"Juliana Moreira si \u00e8 divertita un mondo a Gardaland dove ha rivestito il ruolo di madrina durante l&#039;inaugurazione della prima edizione di Alegria Latina.\" \/>\n<meta property=\"og:url\" content=\"https:\/\/www.gossip.it\/news\/juliana-moreira-gardaland\/\" \/>\n<meta property=\"og:site_name\" content=\"Gossip.it | News sul Gossip e VIP\" \/>\n<meta property=\"article:publisher\" content=\"https:\/\/www.facebook.com\/GossipIT\" \/>\n<meta property=\"article:published_time\" content=\"2017-07-17T22:00:00+00:00\" \/>\n<meta property=\"og:image\" content=\"https:\/\/files.gossip.it\/immagini_news\/2017\/07\/1500374008_juliana_moreira_gardaland_1.jpg\" \/>\n<meta name=\"author\" content=\"La Redazione\" \/>\n<meta name=\"twitter:card\" content=\"summary_large_image\" \/>\n<meta name=\"twitter:image\" content=\"https:\/\/files.gossip.it\/immagini_news\/2017\/07\/1500374008_juliana_moreira_gardaland_1.jpg\" \/>\n<meta name=\"twitter:creator\" content=\"@gossinews_it\" \/>\n<meta name=\"twitter:site\" content=\"@gossinews_it\" \/>\n<meta name=\"twitter:label1\" content=\"Scritto da\" \/>\n\t<meta name=\"twitter:data1\" content=\"Francesca Romana Domenici\" \/>\n\t<meta name=\"twitter:label2\" content=\"Tempo di lettura stimato\" \/>\n\t<meta name=\"twitter:data2\" content=\"1 minuto\" \/>","yoast_head_json":{"title":"Juliana Moreira, madrina a Gardaland di Alegria Latina: foto - Gossip.it | News sul Gossip e VIP","description":"Juliana Moreira si \u00e8 divertita un mondo a Gardaland dove ha rivestito il ruolo di madrina durante l'inaugurazione della prima edizione di Alegria Latina.","robots":{"index":"index","follow":"follow","max-snippet":"max-snippet:-1","max-image-preview":"max-image-preview:large","max-video-preview":"max-video-preview:-1"},"canonical":"https:\/\/www.gossip.it\/news\/juliana-moreira-gardaland\/","og_locale":"it_IT","og_type":"article","og_title":"Juliana Moreira, madrina a Gardaland di Alegria Latina: foto - Gossip.it | News sul Gossip e VIP","og_description":"Juliana Moreira si \u00e8 divertita un mondo a Gardaland dove ha rivestito il ruolo di madrina durante l'inaugurazione della prima edizione di Alegria Latina.","og_url":"https:\/\/www.gossip.it\/news\/juliana-moreira-gardaland\/","og_site_name":"Gossip.it | News sul Gossip e VIP","article_publisher":"https:\/\/www.facebook.com\/GossipIT","article_published_time":"2017-07-17T22:00:00+00:00","og_image":[{"url":"https:\/\/files.gossip.it\/immagini_news\/2017\/07\/1500374008_juliana_moreira_gardaland_1.jpg"}],"author":"La Redazione","twitter_card":"summary_large_image","twitter_image":"https:\/\/files.gossip.it\/immagini_news\/2017\/07\/1500374008_juliana_moreira_gardaland_1.jpg","twitter_creator":"@gossinews_it","twitter_site":"@gossinews_it","twitter_misc":{"Scritto da":"Francesca Romana Domenici","Tempo di lettura stimato":"1 minuto"},"schema":{"@context":"https:\/\/schema.org","@graph":[{"@type":"Article","@id":"https:\/\/www.gossip.it\/news\/juliana-moreira-gardaland\/#article","isPartOf":{"@id":"https:\/\/www.gossip.it\/news\/juliana-moreira-gardaland\/"},"author":{"name":"La Redazione","@id":"https:\/\/www.gossip.it\/#\/schema\/person\/488896f75158bff1cc83c6c39d141110"},"headline":"Juliana Moreira, madrina a Gardaland di Alegria Latina: foto","datePublished":"2017-07-17T22:00:00+00:00","dateModified":"2017-07-17T22:00:00+00:00","mainEntityOfPage":{"@id":"https:\/\/www.gossip.it\/news\/juliana-moreira-gardaland\/"},"wordCount":248,"publisher":{"@id":"https:\/\/www.gossip.it\/#organization"},"image":{"@id":"https:\/\/www.gossip.it\/news\/juliana-moreira-gardaland\/#primaryimage"},"thumbnailUrl":"https:\/\/files.gossip.it\/immagini_news\/2017\/07\/1500374008_juliana_moreira_gardaland_1.jpg","keywords":["alegria latina","Edoardo Stoppa","gardaland","lua sophie","madrina","sol gabriel"],"articleSection":["News"],"inLanguage":"it-IT"},{"@type":"WebPage","@id":"https:\/\/www.gossip.it\/news\/juliana-moreira-gardaland\/","url":"https:\/\/www.gossip.it\/news\/juliana-moreira-gardaland\/","name":"Juliana Moreira, madrina a Gardaland di Alegria Latina: foto - Gossip.it | News sul Gossip e VIP","isPartOf":{"@id":"https:\/\/www.gossip.it\/#website"},"primaryImageOfPage":{"@id":"https:\/\/www.gossip.it\/news\/juliana-moreira-gardaland\/#primaryimage"},"image":{"@id":"https:\/\/www.gossip.it\/news\/juliana-moreira-gardaland\/#primaryimage"},"thumbnailUrl":"https:\/\/files.gossip.it\/immagini_news\/2017\/07\/1500374008_juliana_moreira_gardaland_1.jpg","datePublished":"2017-07-17T22:00:00+00:00","dateModified":"2017-07-17T22:00:00+00:00","description":"Juliana Moreira si \u00e8 divertita un mondo a Gardaland dove ha rivestito il ruolo di madrina durante l'inaugurazione della prima edizione di Alegria Latina.","breadcrumb":{"@id":"https:\/\/www.gossip.it\/news\/juliana-moreira-gardaland\/#breadcrumb"},"inLanguage":"it-IT","potentialAction":[{"@type":"ReadAction","target":["https:\/\/www.gossip.it\/news\/juliana-moreira-gardaland\/"]}]},{"@type":"ImageObject","inLanguage":"it-IT","@id":"https:\/\/www.gossip.it\/news\/juliana-moreira-gardaland\/#primaryimage","url":"https:\/\/files.gossip.it\/immagini_news\/2017\/07\/1500374008_juliana_moreira_gardaland_1.jpg","contentUrl":"https:\/\/files.gossip.it\/immagini_news\/2017\/07\/1500374008_juliana_moreira_gardaland_1.jpg"},{"@type":"BreadcrumbList","@id":"https:\/\/www.gossip.it\/news\/juliana-moreira-gardaland\/#breadcrumb","itemListElement":[{"@type":"ListItem","position":1,"name":"Home","item":"https:\/\/www.gossip.it\/"},{"@type":"ListItem","position":2,"name":"Juliana Moreira, madrina a Gardaland di Alegria Latina: foto"}]},{"@type":"WebSite","@id":"https:\/\/www.gossip.it\/#website","url":"https:\/\/www.gossip.it\/","name":"Gossip and VIP News","description":"Quotidiano di cronaca rosa, costume e societ\u00e0","publisher":{"@id":"https:\/\/www.gossip.it\/#organization"},"alternateName":"Gossip and VIP News","potentialAction":[{"@type":"SearchAction","target":{"@type":"EntryPoint","urlTemplate":"https:\/\/www.gossip.it\/?s={search_term_string}"},"query-input":{"@type":"PropertyValueSpecification","valueRequired":true,"valueName":"search_term_string"}}],"inLanguage":"it-IT"},{"@type":"Organization","@id":"https:\/\/www.gossip.it\/#organization","name":"Gossip and VIP News","alternateName":"Gossip News","url":"https:\/\/www.gossip.it\/","logo":{"@type":"ImageObject","inLanguage":"it-IT","@id":"https:\/\/www.gossip.it\/#\/schema\/logo\/image\/","url":"https:\/\/www.gossip.it\/wp-content\/uploads\/2022\/04\/cropped-corna-alta-tiny.png","contentUrl":"https:\/\/www.gossip.it\/wp-content\/uploads\/2022\/04\/cropped-corna-alta-tiny.png","width":512,"height":512,"caption":"Gossip and VIP News"},"image":{"@id":"https:\/\/www.gossip.it\/#\/schema\/logo\/image\/"},"sameAs":["https:\/\/www.facebook.com\/GossipIT","https:\/\/x.com\/gossinews_it","https:\/\/instagram.com\/gossip_it"]},{"@type":"Person","@id":"https:\/\/www.gossip.it\/#\/schema\/person\/488896f75158bff1cc83c6c39d141110","name":"La Redazione","image":{"@type":"ImageObject","inLanguage":"it-IT","@id":"https:\/\/www.gossip.it\/#\/schema\/person\/image\/","url":"https:\/\/secure.gravatar.com\/avatar\/5a5f5c6fa3e6700e4249abdad0263a1e94e927d9e0499b1cb09c1cd29c044d80?s=96&d=mm&r=g","contentUrl":"https:\/\/secure.gravatar.com\/avatar\/5a5f5c6fa3e6700e4249abdad0263a1e94e927d9e0499b1cb09c1cd29c044d80?s=96&d=mm&r=g","caption":"La Redazione"},"sameAs":["https:\/\/www.gossip.it"]}]}},"amp_enabled":true,"_links":{"self":[{"href":"https:\/\/www.gossip.it\/api\/wp\/v2\/posts\/58645","targetHints":{"allow":["GET"]}}],"collection":[{"href":"https:\/\/www.gossip.it\/api\/wp\/v2\/posts"}],"about":[{"href":"https:\/\/www.gossip.it\/api\/wp\/v2\/types\/post"}],"author":[{"embeddable":true,"href":"https:\/\/www.gossip.it\/api\/wp\/v2\/users\/1"}],"replies":[{"embeddable":true,"href":"https:\/\/www.gossip.it\/api\/wp\/v2\/comments?post=58645"}],"version-history":[{"count":0,"href":"https:\/\/www.gossip.it\/api\/wp\/v2\/posts\/58645\/revisions"}],"wp:featuredmedia":[{"embeddable":true,"href":"https:\/\/www.gossip.it\/api\/wp\/v2\/media\/114691"}],"wp:attachment":[{"href":"https:\/\/www.gossip.it\/api\/wp\/v2\/media?parent=58645"}],"wp:term":[{"taxonomy":"category","embeddable":true,"href":"https:\/\/www.gossip.it\/api\/wp\/v2\/categories?post=58645"},{"taxonomy":"post_tag","embeddable":true,"href":"https:\/\/www.gossip.it\/api\/wp\/v2\/tags?post=58645"},{"taxonomy":"vip","embeddable":true,"href":"https:\/\/www.gossip.it\/api\/wp\/v2\/vip?post=58645"}],"curies":[{"name":"wp","href":"https:\/\/api.w.org\/{rel}","templated":true}]}}