{"id":58647,"date":"2017-07-18T00:00:00","date_gmt":"2017-07-17T22:00:00","guid":{"rendered":"https:\/\/www.gossip.it\/senza-categoria\/diana-del-bufalo-dedica-paolo-ruffini\/"},"modified":"2017-07-18T00:00:00","modified_gmt":"2017-07-17T22:00:00","slug":"diana-del-bufalo-dedica-paolo-ruffini","status":"publish","type":"post","link":"https:\/\/www.gossip.it\/news\/diana-del-bufalo-dedica-paolo-ruffini\/","title":{"rendered":"Diana Del Bufalo, la dedica dopo la rottura con Paolo Ruffini"},"content":{"rendered":"<p><strong><a href=\"\/vip\/diana-del bufalo\/\">Diana Del Bufalo<\/a><\/strong> dopo l\u2019addio a\u00a0<strong><a href=\"\/vip\/-paolo ruffini\/\">Paolo Ruffini<\/a><\/strong>, affida ad un post su <em><strong>Instagram<\/strong><\/em> una <strong>dedica <\/strong>speciale per il conduttore toscano. L\u2019attrice, 27 anni, \u00a0ora sarebbe legata sentimentalmente al chirurgo plastico\u00a0<strong><a href=\"\/vip\/-valerio finocchi\/\">Valerio Finocchi<\/a><\/strong>, 34 anni. Il sentimento per Ruffini, per\u00f2, \u00e8 stato importante e Diana non vuole che il ricordo della loro relazione venga infangato dai gossip sulla sua nuova storia d\u2019amore.<\/p>\n<figure class=\"caption\"><img decoding=\"async\" alt=\"\" width=\"640\" height=\"483\" src=\"https:\/\/files.gossip.it\/immagini_news\/2017\/07\/1500378218_diana_de_bufalo_post_ruffini_1.jpg\" \/><figcaption>Diana ha postato una foto e una lunga dedica per il suo ex, il conduttore toscano Paolo Ruffini<\/figcaption><\/figure>\n<p><em>\u2018\u2019Ci siamo amati alla follia. Ci amiamo ancora in un'altra forma.\u00a0Io non so se le persone siano destinate a stare insieme per sempre ma l'amore vero va provato almeno una volta nella vita... altrimenti l'esistenza non avrebbe senso. Non giudicate da quello che vedete scritto su questi siti di gossip falliti... nessuno sa la verit\u00e0, tranne noi... c'\u00e8 solo amore, purezza ed entusiasmo per la vita. Paolo \u00e8 un uomo unico. Stupendo. Devo a lui la persona che sono oggi. Non ti ho mai ringraziato abbastanza\u2019\u2019 <\/em>scrive la Del Bufalo su Instagram.<\/p>\n<figure class=\"caption\"><img decoding=\"async\" alt=\"\" width=\"640\" height=\"713\" src=\"https:\/\/files.gossip.it\/immagini_news\/2017\/07\/1500378304_diana_de_bufalo_post_ruffini_2.jpg\" \/><figcaption>Le parole della Del Bufalo per Paolo Ruffini dopo una relazione importante<\/figcaption><\/figure>\n<p>Sul fronte Ruffini tutto tace. Il toscano si \u00e8 buttato sul lavoro, cos\u00ec ripete nelle sue Instagram Stories\u2026<\/p>\n","protected":false},"excerpt":{"rendered":"<p>Diana Del Bufalo dopo l\u2019addio a\u00a0Paolo Ruffini, affida ad un post su Instagram una dedica speciale per il conduttore toscano. L\u2019attrice, 27 anni, \u00a0ora sarebbe legata sentimentalmente al chirurgo plastico\u00a0Valerio Finocchi, 34 anni. Il sentimento per Ruffini, per\u00f2, \u00e8 stato importante e Diana non vuole che il ricordo della loro relazione venga infangato dai gossip [&hellip;]<\/p>\n","protected":false},"author":1,"featured_media":114693,"comment_status":"closed","ping_status":"closed","sticky":false,"template":"","format":"standard","meta":{"footnotes":""},"categories":[54],"tags":[2387,1983,6355,1880,2140,19117,1879,9495],"vip":[350,592,1474],"class_list":["post-58647","post","type-post","status-publish","format-standard","has-post-thumbnail","hentry","category-news","tag-amore","tag-attrice","tag-chirurgo-plastico","tag-coppia","tag-flirt","tag-pr","tag-roma","tag-valerio-finocchi","vip-antonello_lauretti","vip-diana_del_bufalo","vip-paolo_ruffini"],"yoast_head":"<title>Diana Del Bufalo, la dedica dopo la rottura con Paolo Ruffini - Gossip.it | News sul Gossip e VIP<\/title>\n<meta name=\"description\" content=\"Diana Del Bufalo dopo l\u2019addio a\u00a0Paolo Ruffini, affida ad un post su Instagram una dedica speciale per il conduttore toscano. L\u2019attrice, 27 anni, \u00a0ora\" \/>\n<meta name=\"robots\" content=\"index, follow, max-snippet:-1, max-image-preview:large, max-video-preview:-1\" \/>\n<link rel=\"canonical\" href=\"https:\/\/www.gossip.it\/news\/diana-del-bufalo-dedica-paolo-ruffini\/\" \/>\n<meta property=\"og:locale\" content=\"it_IT\" \/>\n<meta property=\"og:type\" content=\"article\" \/>\n<meta property=\"og:title\" content=\"Diana Del Bufalo, la dedica dopo la rottura con Paolo Ruffini - Gossip.it | News sul Gossip e VIP\" \/>\n<meta property=\"og:description\" content=\"Diana Del Bufalo dopo l\u2019addio a\u00a0Paolo Ruffini, affida ad un post su Instagram una dedica speciale per il conduttore toscano. L\u2019attrice, 27 anni, \u00a0ora\" \/>\n<meta property=\"og:url\" content=\"https:\/\/www.gossip.it\/news\/diana-del-bufalo-dedica-paolo-ruffini\/\" \/>\n<meta property=\"og:site_name\" content=\"Gossip.it | News sul Gossip e VIP\" \/>\n<meta property=\"article:publisher\" content=\"https:\/\/www.facebook.com\/GossipIT\" \/>\n<meta property=\"article:published_time\" content=\"2017-07-17T22:00:00+00:00\" \/>\n<meta property=\"og:image\" content=\"https:\/\/files.gossip.it\/immagini_news\/2017\/07\/1500378218_diana_de_bufalo_post_ruffini_1.jpg\" \/>\n<meta name=\"author\" content=\"La Redazione\" \/>\n<meta name=\"twitter:card\" content=\"summary_large_image\" \/>\n<meta name=\"twitter:image\" content=\"https:\/\/files.gossip.it\/immagini_news\/2017\/07\/1500378218_diana_de_bufalo_post_ruffini_1.jpg\" \/>\n<meta name=\"twitter:creator\" content=\"@gossinews_it\" \/>\n<meta name=\"twitter:site\" content=\"@gossinews_it\" \/>\n<meta name=\"twitter:label1\" content=\"Scritto da\" \/>\n\t<meta name=\"twitter:data1\" content=\"La Redazione\" \/>\n\t<meta name=\"twitter:label2\" content=\"Tempo di lettura stimato\" \/>\n\t<meta name=\"twitter:data2\" content=\"1 minuto\" \/>","yoast_head_json":{"title":"Diana Del Bufalo, la dedica dopo la rottura con Paolo Ruffini - Gossip.it | News sul Gossip e VIP","description":"Diana Del Bufalo dopo l\u2019addio a\u00a0Paolo Ruffini, affida ad un post su Instagram una dedica speciale per il conduttore toscano. L\u2019attrice, 27 anni, \u00a0ora","robots":{"index":"index","follow":"follow","max-snippet":"max-snippet:-1","max-image-preview":"max-image-preview:large","max-video-preview":"max-video-preview:-1"},"canonical":"https:\/\/www.gossip.it\/news\/diana-del-bufalo-dedica-paolo-ruffini\/","og_locale":"it_IT","og_type":"article","og_title":"Diana Del Bufalo, la dedica dopo la rottura con Paolo Ruffini - Gossip.it | News sul Gossip e VIP","og_description":"Diana Del Bufalo dopo l\u2019addio a\u00a0Paolo Ruffini, affida ad un post su Instagram una dedica speciale per il conduttore toscano. L\u2019attrice, 27 anni, \u00a0ora","og_url":"https:\/\/www.gossip.it\/news\/diana-del-bufalo-dedica-paolo-ruffini\/","og_site_name":"Gossip.it | News sul Gossip e VIP","article_publisher":"https:\/\/www.facebook.com\/GossipIT","article_published_time":"2017-07-17T22:00:00+00:00","og_image":[{"url":"https:\/\/files.gossip.it\/immagini_news\/2017\/07\/1500378218_diana_de_bufalo_post_ruffini_1.jpg"}],"author":"La Redazione","twitter_card":"summary_large_image","twitter_image":"https:\/\/files.gossip.it\/immagini_news\/2017\/07\/1500378218_diana_de_bufalo_post_ruffini_1.jpg","twitter_creator":"@gossinews_it","twitter_site":"@gossinews_it","twitter_misc":{"Scritto da":"La Redazione","Tempo di lettura stimato":"1 minuto"},"schema":{"@context":"https:\/\/schema.org","@graph":[{"@type":"Article","@id":"https:\/\/www.gossip.it\/news\/diana-del-bufalo-dedica-paolo-ruffini\/#article","isPartOf":{"@id":"https:\/\/www.gossip.it\/news\/diana-del-bufalo-dedica-paolo-ruffini\/"},"author":{"name":"La Redazione","@id":"https:\/\/www.gossip.it\/#\/schema\/person\/488896f75158bff1cc83c6c39d141110"},"headline":"Diana Del Bufalo, la dedica dopo la rottura con Paolo Ruffini","datePublished":"2017-07-17T22:00:00+00:00","dateModified":"2017-07-17T22:00:00+00:00","mainEntityOfPage":{"@id":"https:\/\/www.gossip.it\/news\/diana-del-bufalo-dedica-paolo-ruffini\/"},"wordCount":215,"publisher":{"@id":"https:\/\/www.gossip.it\/#organization"},"image":{"@id":"https:\/\/www.gossip.it\/news\/diana-del-bufalo-dedica-paolo-ruffini\/#primaryimage"},"thumbnailUrl":"https:\/\/files.gossip.it\/immagini_news\/2017\/07\/1500378218_diana_de_bufalo_post_ruffini_1.jpg","keywords":["amore","attrice","chirurgo plastico","coppia","flirt","pr","roma","valerio finocchi"],"articleSection":["News"],"inLanguage":"it-IT"},{"@type":"WebPage","@id":"https:\/\/www.gossip.it\/news\/diana-del-bufalo-dedica-paolo-ruffini\/","url":"https:\/\/www.gossip.it\/news\/diana-del-bufalo-dedica-paolo-ruffini\/","name":"Diana Del Bufalo, la dedica dopo la rottura con Paolo Ruffini - Gossip.it | News sul Gossip e VIP","isPartOf":{"@id":"https:\/\/www.gossip.it\/#website"},"primaryImageOfPage":{"@id":"https:\/\/www.gossip.it\/news\/diana-del-bufalo-dedica-paolo-ruffini\/#primaryimage"},"image":{"@id":"https:\/\/www.gossip.it\/news\/diana-del-bufalo-dedica-paolo-ruffini\/#primaryimage"},"thumbnailUrl":"https:\/\/files.gossip.it\/immagini_news\/2017\/07\/1500378218_diana_de_bufalo_post_ruffini_1.jpg","datePublished":"2017-07-17T22:00:00+00:00","dateModified":"2017-07-17T22:00:00+00:00","description":"Diana Del Bufalo dopo l\u2019addio a\u00a0Paolo Ruffini, affida ad un post su Instagram una dedica speciale per il conduttore toscano. L\u2019attrice, 27 anni, \u00a0ora","breadcrumb":{"@id":"https:\/\/www.gossip.it\/news\/diana-del-bufalo-dedica-paolo-ruffini\/#breadcrumb"},"inLanguage":"it-IT","potentialAction":[{"@type":"ReadAction","target":["https:\/\/www.gossip.it\/news\/diana-del-bufalo-dedica-paolo-ruffini\/"]}]},{"@type":"ImageObject","inLanguage":"it-IT","@id":"https:\/\/www.gossip.it\/news\/diana-del-bufalo-dedica-paolo-ruffini\/#primaryimage","url":"https:\/\/files.gossip.it\/immagini_news\/2017\/07\/1500378218_diana_de_bufalo_post_ruffini_1.jpg","contentUrl":"https:\/\/files.gossip.it\/immagini_news\/2017\/07\/1500378218_diana_de_bufalo_post_ruffini_1.jpg"},{"@type":"BreadcrumbList","@id":"https:\/\/www.gossip.it\/news\/diana-del-bufalo-dedica-paolo-ruffini\/#breadcrumb","itemListElement":[{"@type":"ListItem","position":1,"name":"Home","item":"https:\/\/www.gossip.it\/"},{"@type":"ListItem","position":2,"name":"Diana Del Bufalo, la dedica dopo la rottura con Paolo Ruffini"}]},{"@type":"WebSite","@id":"https:\/\/www.gossip.it\/#website","url":"https:\/\/www.gossip.it\/","name":"Gossip and VIP News","description":"Quotidiano di cronaca rosa, costume e societ\u00e0","publisher":{"@id":"https:\/\/www.gossip.it\/#organization"},"alternateName":"Gossip and VIP News","potentialAction":[{"@type":"SearchAction","target":{"@type":"EntryPoint","urlTemplate":"https:\/\/www.gossip.it\/?s={search_term_string}"},"query-input":{"@type":"PropertyValueSpecification","valueRequired":true,"valueName":"search_term_string"}}],"inLanguage":"it-IT"},{"@type":"Organization","@id":"https:\/\/www.gossip.it\/#organization","name":"Gossip and VIP News","alternateName":"Gossip News","url":"https:\/\/www.gossip.it\/","logo":{"@type":"ImageObject","inLanguage":"it-IT","@id":"https:\/\/www.gossip.it\/#\/schema\/logo\/image\/","url":"https:\/\/www.gossip.it\/wp-content\/uploads\/2022\/04\/cropped-corna-alta-tiny.png","contentUrl":"https:\/\/www.gossip.it\/wp-content\/uploads\/2022\/04\/cropped-corna-alta-tiny.png","width":512,"height":512,"caption":"Gossip and VIP News"},"image":{"@id":"https:\/\/www.gossip.it\/#\/schema\/logo\/image\/"},"sameAs":["https:\/\/www.facebook.com\/GossipIT","https:\/\/x.com\/gossinews_it","https:\/\/instagram.com\/gossip_it"]},{"@type":"Person","@id":"https:\/\/www.gossip.it\/#\/schema\/person\/488896f75158bff1cc83c6c39d141110","name":"La Redazione","image":{"@type":"ImageObject","inLanguage":"it-IT","@id":"https:\/\/www.gossip.it\/#\/schema\/person\/image\/","url":"https:\/\/secure.gravatar.com\/avatar\/5a5f5c6fa3e6700e4249abdad0263a1e94e927d9e0499b1cb09c1cd29c044d80?s=96&d=mm&r=g","contentUrl":"https:\/\/secure.gravatar.com\/avatar\/5a5f5c6fa3e6700e4249abdad0263a1e94e927d9e0499b1cb09c1cd29c044d80?s=96&d=mm&r=g","caption":"La Redazione"},"sameAs":["https:\/\/www.gossip.it"]}]}},"amp_enabled":true,"_links":{"self":[{"href":"https:\/\/www.gossip.it\/api\/wp\/v2\/posts\/58647","targetHints":{"allow":["GET"]}}],"collection":[{"href":"https:\/\/www.gossip.it\/api\/wp\/v2\/posts"}],"about":[{"href":"https:\/\/www.gossip.it\/api\/wp\/v2\/types\/post"}],"author":[{"embeddable":true,"href":"https:\/\/www.gossip.it\/api\/wp\/v2\/users\/1"}],"replies":[{"embeddable":true,"href":"https:\/\/www.gossip.it\/api\/wp\/v2\/comments?post=58647"}],"version-history":[{"count":0,"href":"https:\/\/www.gossip.it\/api\/wp\/v2\/posts\/58647\/revisions"}],"wp:featuredmedia":[{"embeddable":true,"href":"https:\/\/www.gossip.it\/api\/wp\/v2\/media\/114693"}],"wp:attachment":[{"href":"https:\/\/www.gossip.it\/api\/wp\/v2\/media?parent=58647"}],"wp:term":[{"taxonomy":"category","embeddable":true,"href":"https:\/\/www.gossip.it\/api\/wp\/v2\/categories?post=58647"},{"taxonomy":"post_tag","embeddable":true,"href":"https:\/\/www.gossip.it\/api\/wp\/v2\/tags?post=58647"},{"taxonomy":"vip","embeddable":true,"href":"https:\/\/www.gossip.it\/api\/wp\/v2\/vip?post=58647"}],"curies":[{"name":"wp","href":"https:\/\/api.w.org\/{rel}","templated":true}]}}