{"id":58811,"date":"2017-08-18T00:00:00","date_gmt":"2017-08-17T22:00:00","guid":{"rendered":"https:\/\/www.gossip.it\/senza-categoria\/nina-palmieri-iena-diventata-mamma\/"},"modified":"2017-08-18T00:00:00","modified_gmt":"2017-08-17T22:00:00","slug":"nina-palmieri-iena-diventata-mamma","status":"publish","type":"post","link":"https:\/\/www.gossip.it\/news\/nina-palmieri-iena-diventata-mamma\/","title":{"rendered":"La 'Iena' Nina Palmieri \u00e8 diventata mamma"},"content":{"rendered":"<p>La \"<strong>Iena<\/strong>\"\u00a0<a href=\"\/vip\/-nina palmieri\/\">Nina Palmieri<\/a>, 40 anni, \u00e8 <strong>diventata mamma<\/strong>. Fiocco rosa per il volto di Italia 1: \u00e8 nata la piccola Amanda.<\/p>\n<figure class=\"caption\"><img decoding=\"async\" alt=\"\" width=\"640\" height=\"620\" src=\"https:\/\/files.gossip.it\/immagini_news\/2017\/08\/1503051400_nina_palmieri_amanda_4.jpg\" \/><figcaption>Nina Palmieri \u00e8 diventata finalmente mamma<\/figcaption><\/figure>\n<p><strong>Nina Palmieri<\/strong> \u00e8 <strong>diventata mamma<\/strong>. La notizia arriva direttamente via <a href=\"\/vip\/social\/\">social<\/a>: <em>\"E' arrivata<\/em> - si legge sui profili de la \"<strong>Iena<\/strong>\" -<em> E' qui tra le mie braccia. 3kg e 380 grammi di bellezza e felicit\u00e0 e poesia. Profuma di vita! E io gi\u00e0 sono totalmente sua. Scusami mondo se non mi interessa nulla di te ma ora c'\u00e8 lei, solo lei, il mio sole\"<\/em>. Oltre al messaggio <strong>Nina<\/strong> posta alcuni scatti di lei e la figlia in ospedale.\u00a0<\/p>\n<figure class=\"caption\"><img decoding=\"async\" alt=\"\" src=\"https:\/\/files.gossip.it\/immagini_news\/2017\/08\/1503051436_nina_palmieri_amanda_3.jpg\" \/><figcaption>Il post con cui Nina annuncia la nascita della figlia\u00a0<\/figcaption><\/figure>\n<figure class=\"caption\"><img decoding=\"async\" alt=\"\" src=\"https:\/\/files.gossip.it\/immagini_news\/2017\/08\/1503051484_nina_palmieri_amanda_1.jpg\" \/><figcaption>La manina della piccola Amanda<\/figcaption><\/figure>\n<figure class=\"caption\"><img decoding=\"async\" alt=\"\" src=\"https:\/\/files.gossip.it\/immagini_news\/2017\/08\/1503051531_nina_palmieri_amanda_2.jpg\" \/><figcaption>Nina in ospedale con la figlia\u00a0<\/figcaption><\/figure>\n<p>E' <strong>diventata mamma Nina Palmieri <\/strong>e non potrebbe essere pi\u00f9 felice. La simpatica \"<strong>Iena<\/strong>\" aveva annunciato la <a href=\"\/vip\/gravidanza\/\">gravidanza<\/a> lo scorso 8 marzo al termine di un servizio de \"<a href=\"\/vip\/le-iene\/\">Le Iene<\/a>\" dedicato al congelamento degli ovuli. Tre anni prima,<strong> Nina<\/strong> aveva dichiarato di aver congelato lei stessa i propri ovuli per avere la possibilit\u00e0 di avere un figlio. Poi per\u00f2 la Natura ha fatto prima, \u00e8 rimasta incinta e ora ha finalmente coronato il suo sogno pi\u00f9 bello. La gioia \u00e8 davvero tanta. Ora il mondo di <strong>Nina <\/strong>gira tutto intorno ad Amanda.<\/p>\n","protected":false},"excerpt":{"rendered":"<p>La \"Iena\"\u00a0Nina Palmieri, 40 anni, \u00e8 diventata mamma. Fiocco rosa per il volto di Italia 1: \u00e8 nata la piccola Amanda. Nina Palmieri \u00e8 diventata finalmente mamma Nina Palmieri \u00e8 diventata mamma. La notizia arriva direttamente via social: \"E' arrivata - si legge sui profili de la \"Iena\" - E' qui tra le mie braccia. [&hellip;]<\/p>\n","protected":false},"author":1,"featured_media":114857,"comment_status":"closed","ping_status":"closed","sticky":false,"template":"","format":"standard","meta":{"footnotes":""},"categories":[54],"tags":[56651,1905,2181,3686,1928,1900,56000,2187,1923,2097],"vip":[],"class_list":["post-58811","post","type-post","status-publish","format-standard","has-post-thumbnail","hentry","category-news","tag-amanda","tag-figlia","tag-gravidanza","tag-iene","tag-le-iene","tag-mamma","tag-nina-palmieri","tag-parto","tag-social","tag-tv"],"yoast_head":"<title>La &#039;Iena&#039; Nina Palmieri \u00e8 diventata mamma - Gossip.it | News sul Gossip e VIP<\/title>\n<meta name=\"description\" content=\"La &quot;Iena&quot;\u00a0Nina Palmieri, 40 anni, \u00e8 diventata mamma. Fiocco rosa per il volto di Italia 1: \u00e8 nata la piccola Amanda.Nina Palmieri \u00e8 diventata finalmente\" \/>\n<meta name=\"robots\" content=\"index, follow, max-snippet:-1, max-image-preview:large, max-video-preview:-1\" \/>\n<link rel=\"canonical\" href=\"https:\/\/www.gossip.it\/news\/nina-palmieri-iena-diventata-mamma\/\" \/>\n<meta property=\"og:locale\" content=\"it_IT\" \/>\n<meta property=\"og:type\" content=\"article\" \/>\n<meta property=\"og:title\" content=\"La &#039;Iena&#039; Nina Palmieri \u00e8 diventata mamma - Gossip.it | News sul Gossip e VIP\" \/>\n<meta property=\"og:description\" content=\"La &quot;Iena&quot;\u00a0Nina Palmieri, 40 anni, \u00e8 diventata mamma. Fiocco rosa per il volto di Italia 1: \u00e8 nata la piccola Amanda.Nina Palmieri \u00e8 diventata finalmente\" \/>\n<meta property=\"og:url\" content=\"https:\/\/www.gossip.it\/news\/nina-palmieri-iena-diventata-mamma\/\" \/>\n<meta property=\"og:site_name\" content=\"Gossip.it | News sul Gossip e VIP\" \/>\n<meta property=\"article:publisher\" content=\"https:\/\/www.facebook.com\/GossipIT\" \/>\n<meta property=\"article:published_time\" content=\"2017-08-17T22:00:00+00:00\" \/>\n<meta property=\"og:image\" content=\"https:\/\/files.gossip.it\/immagini_news\/2017\/08\/1503051400_nina_palmieri_amanda_4.jpg\" \/>\n<meta name=\"author\" content=\"La Redazione\" \/>\n<meta name=\"twitter:card\" content=\"summary_large_image\" \/>\n<meta name=\"twitter:image\" content=\"https:\/\/files.gossip.it\/immagini_news\/2017\/08\/1503051400_nina_palmieri_amanda_4.jpg\" \/>\n<meta name=\"twitter:creator\" content=\"@gossinews_it\" \/>\n<meta name=\"twitter:site\" content=\"@gossinews_it\" \/>\n<meta name=\"twitter:label1\" content=\"Scritto da\" \/>\n\t<meta name=\"twitter:data1\" content=\"Francesca Romana Domenici\" \/>\n\t<meta name=\"twitter:label2\" content=\"Tempo di lettura stimato\" \/>\n\t<meta name=\"twitter:data2\" content=\"1 minuto\" \/>","yoast_head_json":{"title":"La 'Iena' Nina Palmieri \u00e8 diventata mamma - Gossip.it | News sul Gossip e VIP","description":"La \"Iena\"\u00a0Nina Palmieri, 40 anni, \u00e8 diventata mamma. Fiocco rosa per il volto di Italia 1: \u00e8 nata la piccola Amanda.Nina Palmieri \u00e8 diventata finalmente","robots":{"index":"index","follow":"follow","max-snippet":"max-snippet:-1","max-image-preview":"max-image-preview:large","max-video-preview":"max-video-preview:-1"},"canonical":"https:\/\/www.gossip.it\/news\/nina-palmieri-iena-diventata-mamma\/","og_locale":"it_IT","og_type":"article","og_title":"La 'Iena' Nina Palmieri \u00e8 diventata mamma - Gossip.it | News sul Gossip e VIP","og_description":"La \"Iena\"\u00a0Nina Palmieri, 40 anni, \u00e8 diventata mamma. Fiocco rosa per il volto di Italia 1: \u00e8 nata la piccola Amanda.Nina Palmieri \u00e8 diventata finalmente","og_url":"https:\/\/www.gossip.it\/news\/nina-palmieri-iena-diventata-mamma\/","og_site_name":"Gossip.it | News sul Gossip e VIP","article_publisher":"https:\/\/www.facebook.com\/GossipIT","article_published_time":"2017-08-17T22:00:00+00:00","og_image":[{"url":"https:\/\/files.gossip.it\/immagini_news\/2017\/08\/1503051400_nina_palmieri_amanda_4.jpg"}],"author":"La Redazione","twitter_card":"summary_large_image","twitter_image":"https:\/\/files.gossip.it\/immagini_news\/2017\/08\/1503051400_nina_palmieri_amanda_4.jpg","twitter_creator":"@gossinews_it","twitter_site":"@gossinews_it","twitter_misc":{"Scritto da":"Francesca Romana Domenici","Tempo di lettura stimato":"1 minuto"},"schema":{"@context":"https:\/\/schema.org","@graph":[{"@type":"Article","@id":"https:\/\/www.gossip.it\/news\/nina-palmieri-iena-diventata-mamma\/#article","isPartOf":{"@id":"https:\/\/www.gossip.it\/news\/nina-palmieri-iena-diventata-mamma\/"},"author":{"name":"La Redazione","@id":"https:\/\/www.gossip.it\/#\/schema\/person\/488896f75158bff1cc83c6c39d141110"},"headline":"La 'Iena' Nina Palmieri \u00e8 diventata mamma","datePublished":"2017-08-17T22:00:00+00:00","dateModified":"2017-08-17T22:00:00+00:00","mainEntityOfPage":{"@id":"https:\/\/www.gossip.it\/news\/nina-palmieri-iena-diventata-mamma\/"},"wordCount":216,"publisher":{"@id":"https:\/\/www.gossip.it\/#organization"},"image":{"@id":"https:\/\/www.gossip.it\/news\/nina-palmieri-iena-diventata-mamma\/#primaryimage"},"thumbnailUrl":"https:\/\/files.gossip.it\/immagini_news\/2017\/08\/1503051400_nina_palmieri_amanda_4.jpg","keywords":["amanda","figlia","gravidanza","iene","le iene","mamma","nina palmieri","parto","social","tv"],"articleSection":["News"],"inLanguage":"it-IT"},{"@type":"WebPage","@id":"https:\/\/www.gossip.it\/news\/nina-palmieri-iena-diventata-mamma\/","url":"https:\/\/www.gossip.it\/news\/nina-palmieri-iena-diventata-mamma\/","name":"La 'Iena' Nina Palmieri \u00e8 diventata mamma - Gossip.it | News sul Gossip e VIP","isPartOf":{"@id":"https:\/\/www.gossip.it\/#website"},"primaryImageOfPage":{"@id":"https:\/\/www.gossip.it\/news\/nina-palmieri-iena-diventata-mamma\/#primaryimage"},"image":{"@id":"https:\/\/www.gossip.it\/news\/nina-palmieri-iena-diventata-mamma\/#primaryimage"},"thumbnailUrl":"https:\/\/files.gossip.it\/immagini_news\/2017\/08\/1503051400_nina_palmieri_amanda_4.jpg","datePublished":"2017-08-17T22:00:00+00:00","dateModified":"2017-08-17T22:00:00+00:00","description":"La \"Iena\"\u00a0Nina Palmieri, 40 anni, \u00e8 diventata mamma. Fiocco rosa per il volto di Italia 1: \u00e8 nata la piccola Amanda.Nina Palmieri \u00e8 diventata finalmente","breadcrumb":{"@id":"https:\/\/www.gossip.it\/news\/nina-palmieri-iena-diventata-mamma\/#breadcrumb"},"inLanguage":"it-IT","potentialAction":[{"@type":"ReadAction","target":["https:\/\/www.gossip.it\/news\/nina-palmieri-iena-diventata-mamma\/"]}]},{"@type":"ImageObject","inLanguage":"it-IT","@id":"https:\/\/www.gossip.it\/news\/nina-palmieri-iena-diventata-mamma\/#primaryimage","url":"https:\/\/files.gossip.it\/immagini_news\/2017\/08\/1503051400_nina_palmieri_amanda_4.jpg","contentUrl":"https:\/\/files.gossip.it\/immagini_news\/2017\/08\/1503051400_nina_palmieri_amanda_4.jpg"},{"@type":"BreadcrumbList","@id":"https:\/\/www.gossip.it\/news\/nina-palmieri-iena-diventata-mamma\/#breadcrumb","itemListElement":[{"@type":"ListItem","position":1,"name":"Home","item":"https:\/\/www.gossip.it\/"},{"@type":"ListItem","position":2,"name":"La 'Iena' Nina Palmieri \u00e8 diventata mamma"}]},{"@type":"WebSite","@id":"https:\/\/www.gossip.it\/#website","url":"https:\/\/www.gossip.it\/","name":"Gossip and VIP News","description":"Quotidiano di cronaca rosa, costume e societ\u00e0","publisher":{"@id":"https:\/\/www.gossip.it\/#organization"},"alternateName":"Gossip and VIP News","potentialAction":[{"@type":"SearchAction","target":{"@type":"EntryPoint","urlTemplate":"https:\/\/www.gossip.it\/?s={search_term_string}"},"query-input":{"@type":"PropertyValueSpecification","valueRequired":true,"valueName":"search_term_string"}}],"inLanguage":"it-IT"},{"@type":"Organization","@id":"https:\/\/www.gossip.it\/#organization","name":"Gossip and VIP News","alternateName":"Gossip News","url":"https:\/\/www.gossip.it\/","logo":{"@type":"ImageObject","inLanguage":"it-IT","@id":"https:\/\/www.gossip.it\/#\/schema\/logo\/image\/","url":"https:\/\/www.gossip.it\/wp-content\/uploads\/2022\/04\/cropped-corna-alta-tiny.png","contentUrl":"https:\/\/www.gossip.it\/wp-content\/uploads\/2022\/04\/cropped-corna-alta-tiny.png","width":512,"height":512,"caption":"Gossip and VIP News"},"image":{"@id":"https:\/\/www.gossip.it\/#\/schema\/logo\/image\/"},"sameAs":["https:\/\/www.facebook.com\/GossipIT","https:\/\/x.com\/gossinews_it","https:\/\/instagram.com\/gossip_it"]},{"@type":"Person","@id":"https:\/\/www.gossip.it\/#\/schema\/person\/488896f75158bff1cc83c6c39d141110","name":"La Redazione","image":{"@type":"ImageObject","inLanguage":"it-IT","@id":"https:\/\/www.gossip.it\/#\/schema\/person\/image\/","url":"https:\/\/secure.gravatar.com\/avatar\/5a5f5c6fa3e6700e4249abdad0263a1e94e927d9e0499b1cb09c1cd29c044d80?s=96&d=mm&r=g","contentUrl":"https:\/\/secure.gravatar.com\/avatar\/5a5f5c6fa3e6700e4249abdad0263a1e94e927d9e0499b1cb09c1cd29c044d80?s=96&d=mm&r=g","caption":"La Redazione"},"sameAs":["https:\/\/www.gossip.it"]}]}},"amp_enabled":true,"_links":{"self":[{"href":"https:\/\/www.gossip.it\/api\/wp\/v2\/posts\/58811","targetHints":{"allow":["GET"]}}],"collection":[{"href":"https:\/\/www.gossip.it\/api\/wp\/v2\/posts"}],"about":[{"href":"https:\/\/www.gossip.it\/api\/wp\/v2\/types\/post"}],"author":[{"embeddable":true,"href":"https:\/\/www.gossip.it\/api\/wp\/v2\/users\/1"}],"replies":[{"embeddable":true,"href":"https:\/\/www.gossip.it\/api\/wp\/v2\/comments?post=58811"}],"version-history":[{"count":0,"href":"https:\/\/www.gossip.it\/api\/wp\/v2\/posts\/58811\/revisions"}],"wp:featuredmedia":[{"embeddable":true,"href":"https:\/\/www.gossip.it\/api\/wp\/v2\/media\/114857"}],"wp:attachment":[{"href":"https:\/\/www.gossip.it\/api\/wp\/v2\/media?parent=58811"}],"wp:term":[{"taxonomy":"category","embeddable":true,"href":"https:\/\/www.gossip.it\/api\/wp\/v2\/categories?post=58811"},{"taxonomy":"post_tag","embeddable":true,"href":"https:\/\/www.gossip.it\/api\/wp\/v2\/tags?post=58811"},{"taxonomy":"vip","embeddable":true,"href":"https:\/\/www.gossip.it\/api\/wp\/v2\/vip?post=58811"}],"curies":[{"name":"wp","href":"https:\/\/api.w.org\/{rel}","templated":true}]}}