{"id":58879,"date":"2017-08-28T00:00:00","date_gmt":"2017-08-27T22:00:00","guid":{"rendered":"https:\/\/www.gossip.it\/senza-categoria\/nina-moric-milano-look\/"},"modified":"2017-08-28T00:00:00","modified_gmt":"2017-08-27T22:00:00","slug":"nina-moric-milano-look","status":"publish","type":"post","link":"https:\/\/www.gossip.it\/news\/nina-moric-milano-look\/","title":{"rendered":"Nina Moric, look glamour a Milano: guarda"},"content":{"rendered":"<p><em>\"Finalmente... <strong>Milano<\/strong>!\"<\/em>, scrive <a href=\"\/vip\/nina-moric\/\">Nina Moric<\/a> sul <a href=\"\/vip\/social\/\">social<\/a> e pubblica uno scatto in cui sfoggia un <strong>look<\/strong> glamour con t-shirt bianca, gonna nera con volant e scarpe fashion. Il<strong> look <\/strong>\u00e8 impreziosito da una cintura con vistosi ornamenti dorati, una collana con pendenti e una borsa color crema.<br \/><em>\"Bellissima e molto elegante\"<\/em>, il commento di un fan di <strong>Nina Moric<\/strong> su <a href=\"\/vip\/instagram\/\">Instagram<\/a>. <em>\"La donna pi\u00f9 bella del mondo\"<\/em>, scrive un atro <a href=\"\/vip\/follower\/\">follower<\/a>. E ancora: <em>\"Stai benissimo complimenti una donna vera finalmente\"<\/em>.\u00a0<\/p>\n<figure class=\"caption\"><img decoding=\"async\" alt=\"\" src=\"https:\/\/files.gossip.it\/immagini_news\/2017\/08\/1503919624_nina_moric.jpg\" \/><figcaption>Nina Moric sfoggia a Milano un look glamour<\/figcaption><\/figure>\n<p>Nina\u00a0 \u00e8 tornata a <strong>Milano<\/strong> dopo aver visitato il campo profughi di Erbil in Iraq insieme al fidanzato <a href=\"\/vip\/luigi-mario favoloso\/\">Luigi Mario Favoloso<\/a> ed aver trascorso qualche giorno a Milano Marittima.<br \/>Su <a href=\"\/vip\/facebook\/\">Facebook<\/a> l'ex moglie di <a href=\"\/vip\/fabrizio-corona \/\">Fabrizio Corona <\/a>\u00e8 sempre molto attiva e di recente ha reso partecipi gli ammiratori di una nuova iniziativa che a quanto pare la vedr\u00e0 protagonista.<\/p>\n<p>La <strong>Moric<\/strong> nelle scorse settimane ha ironizzato sulla foto di <a href=\"\/vip\/samuel-l. jackson\/\">Samuel L. Jackson<\/a> e\u00a0<a href=\"\/vip\/-magic johnson\/\">Magic Johnson<\/a>\u00a0in vacanza in Italia: <em>\"Vedere anche in localit\u00e0 turistiche come Forte dei Marmi e Milano Martittima immigrati che bivaccano sulle panchine con i nostri 35 euro \u00e8 veramente troppo\"<\/em>, ha scritto. Un post per cui la modella croata \u00e8 stata tacciata di razzismo. Ma ora racconta: <em>\"Nonostante soprattutto dall'estero mi siano piovute addosso un'infinit\u00e0 di critiche, la vicenda di Samuel L. Jackson e Magic Johnson ha avuto il suo lieto fine, sono stata contattata dai fratelli Tomei, italoamericani che mi hanno lanciato una sfida per il loro format Cosa Faresti per Soldi?, per dimostrare il mio non essere razzista mi hanno offerto 250.000 dollari per ospitare una settimana intera un immigrato in casa mia\"<\/em>.<\/p>\n<p>\u00a0<em>\"La cifra non \u00e8 altissima soprattutto perch\u00e9 installeranno delle telecamere a casa mia e sar\u00f2 ripresa 24 ore su 24 <\/em>- aggiunge <strong>Nina<\/strong> -<em> non mi sono ancora consultata con mio figlio e il mio fidanzato ma ho deciso di accettare, sono soldi che oggi possono far comodo, inoltre intendo con una parte dei soldi essere l'unica a realizzare il concetto di guadagnare dai migranti aiutando gli italiani, a differenza di ci\u00f2 che accade oggi in Italia per colpa dei politici\"<\/em>.<\/p>\n<p><em>\"Con questa somma che incasser\u00f2 al netto delle tasse, aiuter\u00f2 pi\u00f9 famiglie italiane possibili<\/em> - promette infine la <strong>Moric<\/strong> - <em>\u00c8 una sfida affascinante anche per dimostrare che io non ho mai fatto in vita mia differenze di razza. L'immigrazione va controllata per proteggere le nostre citt\u00e0, il colore della pelle non importa a nessuno\"<\/em>.<\/p>\n<div class=\"video_integrato\" data-videoid=\"4444\" data-autostart=\"true\">\u00a0<\/div>\n<p>\u00a0<\/p>\n","protected":false},"excerpt":{"rendered":"<p>\"Finalmente... Milano!\", scrive Nina Moric sul social e pubblica uno scatto in cui sfoggia un look glamour con t-shirt bianca, gonna nera con volant e scarpe fashion. Il look \u00e8 impreziosito da una cintura con vistosi ornamenti dorati, una collana con pendenti e una borsa color crema.\"Bellissima e molto elegante\", il commento di un fan [&hellip;]<\/p>\n","protected":false},"author":1,"featured_media":114925,"comment_status":"closed","ping_status":"closed","sticky":false,"template":"","format":"standard","meta":{"footnotes":""},"categories":[54],"tags":[4790,1970,8734,1979,1997,1923,2097],"vip":[1426],"class_list":["post-58879","post","type-post","status-publish","format-standard","has-post-thumbnail","hentry","category-news","tag-facebook","tag-look","tag-luigi-mario-favoloso","tag-milano","tag-modella","tag-social","tag-tv","vip-nina_moric"],"yoast_head":"<title>Nina Moric, look glamour a Milano: guarda - Gossip.it | News sul Gossip e VIP<\/title>\n<meta name=\"description\" content=\"&quot;Finalmente... Milano!&quot;, scrive Nina Moric sul social e pubblica uno scatto in cui sfoggia un look glamour con t-shirt bianca, gonna nera con volant e\" \/>\n<meta name=\"robots\" content=\"index, follow, max-snippet:-1, max-image-preview:large, max-video-preview:-1\" \/>\n<link rel=\"canonical\" href=\"https:\/\/www.gossip.it\/news\/nina-moric-milano-look\/\" \/>\n<meta property=\"og:locale\" content=\"it_IT\" \/>\n<meta property=\"og:type\" content=\"article\" \/>\n<meta property=\"og:title\" content=\"Nina Moric, look glamour a Milano: guarda - Gossip.it | News sul Gossip e VIP\" \/>\n<meta property=\"og:description\" content=\"&quot;Finalmente... Milano!&quot;, scrive Nina Moric sul social e pubblica uno scatto in cui sfoggia un look glamour con t-shirt bianca, gonna nera con volant e\" \/>\n<meta property=\"og:url\" content=\"https:\/\/www.gossip.it\/news\/nina-moric-milano-look\/\" \/>\n<meta property=\"og:site_name\" content=\"Gossip.it | News sul Gossip e VIP\" \/>\n<meta property=\"article:publisher\" content=\"https:\/\/www.facebook.com\/GossipIT\" \/>\n<meta property=\"article:published_time\" content=\"2017-08-27T22:00:00+00:00\" \/>\n<meta property=\"og:image\" content=\"https:\/\/files.gossip.it\/immagini_news\/2017\/08\/1503919624_nina_moric.jpg\" \/>\n<meta name=\"author\" content=\"La Redazione\" \/>\n<meta name=\"twitter:card\" content=\"summary_large_image\" \/>\n<meta name=\"twitter:image\" content=\"https:\/\/files.gossip.it\/immagini_news\/2017\/08\/1503919624_nina_moric.jpg\" \/>\n<meta name=\"twitter:creator\" content=\"@gossinews_it\" \/>\n<meta name=\"twitter:site\" content=\"@gossinews_it\" \/>\n<meta name=\"twitter:label1\" content=\"Scritto da\" \/>\n\t<meta name=\"twitter:data1\" content=\"Francesca Romana Domenici\" \/>\n\t<meta name=\"twitter:label2\" content=\"Tempo di lettura stimato\" \/>\n\t<meta name=\"twitter:data2\" content=\"2 minuti\" \/>","yoast_head_json":{"title":"Nina Moric, look glamour a Milano: guarda - Gossip.it | News sul Gossip e VIP","description":"\"Finalmente... Milano!\", scrive Nina Moric sul social e pubblica uno scatto in cui sfoggia un look glamour con t-shirt bianca, gonna nera con volant e","robots":{"index":"index","follow":"follow","max-snippet":"max-snippet:-1","max-image-preview":"max-image-preview:large","max-video-preview":"max-video-preview:-1"},"canonical":"https:\/\/www.gossip.it\/news\/nina-moric-milano-look\/","og_locale":"it_IT","og_type":"article","og_title":"Nina Moric, look glamour a Milano: guarda - Gossip.it | News sul Gossip e VIP","og_description":"\"Finalmente... Milano!\", scrive Nina Moric sul social e pubblica uno scatto in cui sfoggia un look glamour con t-shirt bianca, gonna nera con volant e","og_url":"https:\/\/www.gossip.it\/news\/nina-moric-milano-look\/","og_site_name":"Gossip.it | News sul Gossip e VIP","article_publisher":"https:\/\/www.facebook.com\/GossipIT","article_published_time":"2017-08-27T22:00:00+00:00","og_image":[{"url":"https:\/\/files.gossip.it\/immagini_news\/2017\/08\/1503919624_nina_moric.jpg"}],"author":"La Redazione","twitter_card":"summary_large_image","twitter_image":"https:\/\/files.gossip.it\/immagini_news\/2017\/08\/1503919624_nina_moric.jpg","twitter_creator":"@gossinews_it","twitter_site":"@gossinews_it","twitter_misc":{"Scritto da":"Francesca Romana Domenici","Tempo di lettura stimato":"2 minuti"},"schema":{"@context":"https:\/\/schema.org","@graph":[{"@type":"Article","@id":"https:\/\/www.gossip.it\/news\/nina-moric-milano-look\/#article","isPartOf":{"@id":"https:\/\/www.gossip.it\/news\/nina-moric-milano-look\/"},"author":{"name":"La Redazione","@id":"https:\/\/www.gossip.it\/#\/schema\/person\/488896f75158bff1cc83c6c39d141110"},"headline":"Nina Moric, look glamour a Milano: guarda","datePublished":"2017-08-27T22:00:00+00:00","dateModified":"2017-08-27T22:00:00+00:00","mainEntityOfPage":{"@id":"https:\/\/www.gossip.it\/news\/nina-moric-milano-look\/"},"wordCount":414,"publisher":{"@id":"https:\/\/www.gossip.it\/#organization"},"image":{"@id":"https:\/\/www.gossip.it\/news\/nina-moric-milano-look\/#primaryimage"},"thumbnailUrl":"https:\/\/files.gossip.it\/immagini_news\/2017\/08\/1503919624_nina_moric.jpg","keywords":["facebook","look","luigi mario favoloso","milano","modella","social","tv"],"articleSection":["News"],"inLanguage":"it-IT"},{"@type":"WebPage","@id":"https:\/\/www.gossip.it\/news\/nina-moric-milano-look\/","url":"https:\/\/www.gossip.it\/news\/nina-moric-milano-look\/","name":"Nina Moric, look glamour a Milano: guarda - Gossip.it | News sul Gossip e VIP","isPartOf":{"@id":"https:\/\/www.gossip.it\/#website"},"primaryImageOfPage":{"@id":"https:\/\/www.gossip.it\/news\/nina-moric-milano-look\/#primaryimage"},"image":{"@id":"https:\/\/www.gossip.it\/news\/nina-moric-milano-look\/#primaryimage"},"thumbnailUrl":"https:\/\/files.gossip.it\/immagini_news\/2017\/08\/1503919624_nina_moric.jpg","datePublished":"2017-08-27T22:00:00+00:00","dateModified":"2017-08-27T22:00:00+00:00","description":"\"Finalmente... Milano!\", scrive Nina Moric sul social e pubblica uno scatto in cui sfoggia un look glamour con t-shirt bianca, gonna nera con volant e","breadcrumb":{"@id":"https:\/\/www.gossip.it\/news\/nina-moric-milano-look\/#breadcrumb"},"inLanguage":"it-IT","potentialAction":[{"@type":"ReadAction","target":["https:\/\/www.gossip.it\/news\/nina-moric-milano-look\/"]}]},{"@type":"ImageObject","inLanguage":"it-IT","@id":"https:\/\/www.gossip.it\/news\/nina-moric-milano-look\/#primaryimage","url":"https:\/\/files.gossip.it\/immagini_news\/2017\/08\/1503919624_nina_moric.jpg","contentUrl":"https:\/\/files.gossip.it\/immagini_news\/2017\/08\/1503919624_nina_moric.jpg"},{"@type":"BreadcrumbList","@id":"https:\/\/www.gossip.it\/news\/nina-moric-milano-look\/#breadcrumb","itemListElement":[{"@type":"ListItem","position":1,"name":"Home","item":"https:\/\/www.gossip.it\/"},{"@type":"ListItem","position":2,"name":"Nina Moric, look glamour a Milano: guarda"}]},{"@type":"WebSite","@id":"https:\/\/www.gossip.it\/#website","url":"https:\/\/www.gossip.it\/","name":"Gossip and VIP News","description":"Quotidiano di cronaca rosa, costume e societ\u00e0","publisher":{"@id":"https:\/\/www.gossip.it\/#organization"},"alternateName":"Gossip and VIP News","potentialAction":[{"@type":"SearchAction","target":{"@type":"EntryPoint","urlTemplate":"https:\/\/www.gossip.it\/?s={search_term_string}"},"query-input":{"@type":"PropertyValueSpecification","valueRequired":true,"valueName":"search_term_string"}}],"inLanguage":"it-IT"},{"@type":"Organization","@id":"https:\/\/www.gossip.it\/#organization","name":"Gossip and VIP News","alternateName":"Gossip News","url":"https:\/\/www.gossip.it\/","logo":{"@type":"ImageObject","inLanguage":"it-IT","@id":"https:\/\/www.gossip.it\/#\/schema\/logo\/image\/","url":"https:\/\/www.gossip.it\/wp-content\/uploads\/2022\/04\/cropped-corna-alta-tiny.png","contentUrl":"https:\/\/www.gossip.it\/wp-content\/uploads\/2022\/04\/cropped-corna-alta-tiny.png","width":512,"height":512,"caption":"Gossip and VIP News"},"image":{"@id":"https:\/\/www.gossip.it\/#\/schema\/logo\/image\/"},"sameAs":["https:\/\/www.facebook.com\/GossipIT","https:\/\/x.com\/gossinews_it","https:\/\/instagram.com\/gossip_it"]},{"@type":"Person","@id":"https:\/\/www.gossip.it\/#\/schema\/person\/488896f75158bff1cc83c6c39d141110","name":"La Redazione","image":{"@type":"ImageObject","inLanguage":"it-IT","@id":"https:\/\/www.gossip.it\/#\/schema\/person\/image\/","url":"https:\/\/secure.gravatar.com\/avatar\/5a5f5c6fa3e6700e4249abdad0263a1e94e927d9e0499b1cb09c1cd29c044d80?s=96&d=mm&r=g","contentUrl":"https:\/\/secure.gravatar.com\/avatar\/5a5f5c6fa3e6700e4249abdad0263a1e94e927d9e0499b1cb09c1cd29c044d80?s=96&d=mm&r=g","caption":"La Redazione"},"sameAs":["https:\/\/www.gossip.it"]}]}},"amp_enabled":true,"_links":{"self":[{"href":"https:\/\/www.gossip.it\/api\/wp\/v2\/posts\/58879","targetHints":{"allow":["GET"]}}],"collection":[{"href":"https:\/\/www.gossip.it\/api\/wp\/v2\/posts"}],"about":[{"href":"https:\/\/www.gossip.it\/api\/wp\/v2\/types\/post"}],"author":[{"embeddable":true,"href":"https:\/\/www.gossip.it\/api\/wp\/v2\/users\/1"}],"replies":[{"embeddable":true,"href":"https:\/\/www.gossip.it\/api\/wp\/v2\/comments?post=58879"}],"version-history":[{"count":0,"href":"https:\/\/www.gossip.it\/api\/wp\/v2\/posts\/58879\/revisions"}],"wp:featuredmedia":[{"embeddable":true,"href":"https:\/\/www.gossip.it\/api\/wp\/v2\/media\/114925"}],"wp:attachment":[{"href":"https:\/\/www.gossip.it\/api\/wp\/v2\/media?parent=58879"}],"wp:term":[{"taxonomy":"category","embeddable":true,"href":"https:\/\/www.gossip.it\/api\/wp\/v2\/categories?post=58879"},{"taxonomy":"post_tag","embeddable":true,"href":"https:\/\/www.gossip.it\/api\/wp\/v2\/tags?post=58879"},{"taxonomy":"vip","embeddable":true,"href":"https:\/\/www.gossip.it\/api\/wp\/v2\/vip?post=58879"}],"curies":[{"name":"wp","href":"https:\/\/api.w.org\/{rel}","templated":true}]}}