{"id":59076,"date":"2017-09-19T00:00:00","date_gmt":"2017-09-18T22:00:00","guid":{"rendered":"https:\/\/www.gossip.it\/senza-categoria\/alvin-famiglia-roma-gianicolo\/"},"modified":"2017-09-19T00:00:00","modified_gmt":"2017-09-18T22:00:00","slug":"alvin-famiglia-roma-gianicolo","status":"publish","type":"post","link":"https:\/\/www.gossip.it\/news\/alvin-famiglia-roma-gianicolo\/","title":{"rendered":"Esclusivo: Alvin al Gianicolo a Roma con la sua famiglia"},"content":{"rendered":"<p>Niente telecamere stavolta. <a href=\"\/vip\/alvin\/\">Alvin<\/a>, all'anagrafe Alberto Bonato, a <strong>Roma<\/strong> in vacanza, si gode la vista della Citt\u00e0 Eterna dal <strong>Gianicolo<\/strong> con la sua bella famiglia. Il conduttore descrive a moglie, figli e genitori i monumenti della Capitale che si vedono dall'alto.<\/p>\n<figure class=\"caption\"><img decoding=\"async\" alt=\"\" width=\"640\" height=\"679\" src=\"https:\/\/files.gossip.it\/immagini_news\/2017\/09\/1505819858_alvin_famiglia_1.jpg\" \/><figcaption>Alvin al Gianicolo a Roma con la famiglia<\/figcaption><\/figure>\n<p>Approfitta del bel tempo e a <strong>Roma Alvin <\/strong>passeggia al <strong>Gianicolo<\/strong>. Ha con s\u00e9 tutta la sua famiglia. Ci sono la sua mamma e il suo pap\u00e0, c'\u00e8 la compagna di vita, <a href=\"\/vip\/kali-wilkes\/\">Kali Wilkes<\/a>, e i due figli, Tommee e Ariel. Osserva il verde che lo circonda e le tante bellezze del luogo. Poi va a gustarsi con i suoi cari il panorama. E' lui a raccontare appassionato quel che si vede e a parlarne con dovizia di particolari.<\/p>\n<figure class=\"caption\"><img decoding=\"async\" alt=\"\" width=\"640\" height=\"667\" src=\"https:\/\/files.gossip.it\/immagini_news\/2017\/09\/1505819872_alvin_famiglia_2.jpg\" \/><figcaption>Il conduttore con la moglie, Kali Wilkes, i due figli e i suoi genitori<\/figcaption><\/figure>\n<p>La<strong> famiglia<\/strong> \u00e8 la sua forza. E' venuto a<strong> Roma<\/strong> insieme \u00a0a chi rende la sua una vita meravigliosa e densa di soddisfazioni. In <a href=\"\/vip\/tv\/\">tv<\/a> <strong>Alvin<\/strong> \u00e8 spigliato e divertente: \u00e8 apprezzato per il suo modo signorile e giovane, quasi leggero, di condurre. Nel privato \u00e8 un uomo che mette al primo posto gli affetti e sa sempre come essere presente nella loro vita.<\/p>\n<figure class=\"caption\"><img decoding=\"async\" alt=\"\" width=\"640\" height=\"737\" src=\"https:\/\/files.gossip.it\/immagini_news\/2017\/09\/1505819887_alvin_famiglia_3.jpg\" \/><figcaption>Il 39enne descrive il panorama e i monumenti della Citt\u00e0 Eterna ai suoi<\/figcaption><\/figure>\n<p><em>\"Ho una donna che \u00e8 moglie, amante e amica, che mi ha dato dei figli e che spero mi accompagner\u00e0 per sempre. Una persona che mi sopporta e supporta anche nelle mie paturnie lavorative<\/em> - ha detto in passato di Kali - <em>Lei non \u00e8 gelosa delle bellezze con cui lavoro, ma mi devo fare un applauso perch\u00e9 ho trovato una donna inglese, che ha un rapporto con la gelosia ben diverso da quello di una donna italiana: \u00e8 molto pi\u00f9 tranquilla\"<\/em>. Dal <strong>Gianicolo Alvin<\/strong> osserva la citt\u00e0 e assapora il suo mondo in cui sono le cose semplici a regalare una gioia infinita.<\/p>\n<figure class=\"caption\"><img decoding=\"async\" alt=\"\" width=\"640\" height=\"762\" src=\"https:\/\/files.gossip.it\/immagini_news\/2017\/09\/1505819902_alvin_famiglia_4.jpg\" \/><figcaption>Alvin con Kali accanto \u00e8 sempre molto felice<\/figcaption><\/figure>\n<p>\u00a0<\/p>\n","protected":false},"excerpt":{"rendered":"<p>Niente telecamere stavolta. Alvin, all'anagrafe Alberto Bonato, a Roma in vacanza, si gode la vista della Citt\u00e0 Eterna dal Gianicolo con la sua bella famiglia. Il conduttore descrive a moglie, figli e genitori i monumenti della Capitale che si vedono dall'alto. Alvin al Gianicolo a Roma con la famiglia Approfitta del bel tempo e a [&hellip;]<\/p>\n","protected":false},"author":1,"featured_media":115122,"comment_status":"closed","ping_status":"closed","sticky":false,"template":"","format":"standard","meta":{"footnotes":""},"categories":[54],"tags":[2231,2176,1908,1911,29788,49610,5281,1879],"vip":[],"class_list":["post-59076","post","type-post","status-publish","format-standard","has-post-thumbnail","hentry","category-news","tag-alvin","tag-conduttore","tag-famiglia","tag-genitori","tag-gianicolo","tag-kali-wilkes","tag-paparazzate","tag-roma"],"yoast_head":"<title>Esclusivo: Alvin al Gianicolo a Roma con la sua famiglia - Gossip.it | News sul Gossip e VIP<\/title>\n<meta name=\"description\" content=\"Niente telecamere stavolta. Alvin, all&#039;anagrafe Alberto Bonato, a Roma in vacanza, si gode la vista della Citt\u00e0 Eterna dal Gianicolo con la sua bella\" \/>\n<meta name=\"robots\" content=\"index, follow, max-snippet:-1, max-image-preview:large, max-video-preview:-1\" \/>\n<link rel=\"canonical\" href=\"https:\/\/www.gossip.it\/news\/alvin-famiglia-roma-gianicolo\/\" \/>\n<meta property=\"og:locale\" content=\"it_IT\" \/>\n<meta property=\"og:type\" content=\"article\" \/>\n<meta property=\"og:title\" content=\"Esclusivo: Alvin al Gianicolo a Roma con la sua famiglia - Gossip.it | News sul Gossip e VIP\" \/>\n<meta property=\"og:description\" content=\"Niente telecamere stavolta. Alvin, all&#039;anagrafe Alberto Bonato, a Roma in vacanza, si gode la vista della Citt\u00e0 Eterna dal Gianicolo con la sua bella\" \/>\n<meta property=\"og:url\" content=\"https:\/\/www.gossip.it\/news\/alvin-famiglia-roma-gianicolo\/\" \/>\n<meta property=\"og:site_name\" content=\"Gossip.it | News sul Gossip e VIP\" \/>\n<meta property=\"article:publisher\" content=\"https:\/\/www.facebook.com\/GossipIT\" \/>\n<meta property=\"article:published_time\" content=\"2017-09-18T22:00:00+00:00\" \/>\n<meta property=\"og:image\" content=\"https:\/\/files.gossip.it\/immagini_news\/2017\/09\/1505819858_alvin_famiglia_1.jpg\" \/>\n<meta name=\"author\" content=\"La Redazione\" \/>\n<meta name=\"twitter:card\" content=\"summary_large_image\" \/>\n<meta name=\"twitter:image\" content=\"https:\/\/files.gossip.it\/immagini_news\/2017\/09\/1505819858_alvin_famiglia_1.jpg\" \/>\n<meta name=\"twitter:creator\" content=\"@gossinews_it\" \/>\n<meta name=\"twitter:site\" content=\"@gossinews_it\" \/>\n<meta name=\"twitter:label1\" content=\"Scritto da\" \/>\n\t<meta name=\"twitter:data1\" content=\"Annamaria Capozzi\" \/>\n\t<meta name=\"twitter:label2\" content=\"Tempo di lettura stimato\" \/>\n\t<meta name=\"twitter:data2\" content=\"2 minuti\" \/>","yoast_head_json":{"title":"Esclusivo: Alvin al Gianicolo a Roma con la sua famiglia - Gossip.it | News sul Gossip e VIP","description":"Niente telecamere stavolta. Alvin, all'anagrafe Alberto Bonato, a Roma in vacanza, si gode la vista della Citt\u00e0 Eterna dal Gianicolo con la sua bella","robots":{"index":"index","follow":"follow","max-snippet":"max-snippet:-1","max-image-preview":"max-image-preview:large","max-video-preview":"max-video-preview:-1"},"canonical":"https:\/\/www.gossip.it\/news\/alvin-famiglia-roma-gianicolo\/","og_locale":"it_IT","og_type":"article","og_title":"Esclusivo: Alvin al Gianicolo a Roma con la sua famiglia - Gossip.it | News sul Gossip e VIP","og_description":"Niente telecamere stavolta. Alvin, all'anagrafe Alberto Bonato, a Roma in vacanza, si gode la vista della Citt\u00e0 Eterna dal Gianicolo con la sua bella","og_url":"https:\/\/www.gossip.it\/news\/alvin-famiglia-roma-gianicolo\/","og_site_name":"Gossip.it | News sul Gossip e VIP","article_publisher":"https:\/\/www.facebook.com\/GossipIT","article_published_time":"2017-09-18T22:00:00+00:00","og_image":[{"url":"https:\/\/files.gossip.it\/immagini_news\/2017\/09\/1505819858_alvin_famiglia_1.jpg"}],"author":"La Redazione","twitter_card":"summary_large_image","twitter_image":"https:\/\/files.gossip.it\/immagini_news\/2017\/09\/1505819858_alvin_famiglia_1.jpg","twitter_creator":"@gossinews_it","twitter_site":"@gossinews_it","twitter_misc":{"Scritto da":"Annamaria Capozzi","Tempo di lettura stimato":"2 minuti"},"schema":{"@context":"https:\/\/schema.org","@graph":[{"@type":"Article","@id":"https:\/\/www.gossip.it\/news\/alvin-famiglia-roma-gianicolo\/#article","isPartOf":{"@id":"https:\/\/www.gossip.it\/news\/alvin-famiglia-roma-gianicolo\/"},"author":{"name":"La Redazione","@id":"https:\/\/www.gossip.it\/#\/schema\/person\/488896f75158bff1cc83c6c39d141110"},"headline":"Esclusivo: Alvin al Gianicolo a Roma con la sua famiglia","datePublished":"2017-09-18T22:00:00+00:00","dateModified":"2017-09-18T22:00:00+00:00","mainEntityOfPage":{"@id":"https:\/\/www.gossip.it\/news\/alvin-famiglia-roma-gianicolo\/"},"wordCount":335,"publisher":{"@id":"https:\/\/www.gossip.it\/#organization"},"image":{"@id":"https:\/\/www.gossip.it\/news\/alvin-famiglia-roma-gianicolo\/#primaryimage"},"thumbnailUrl":"https:\/\/files.gossip.it\/immagini_news\/2017\/09\/1505819858_alvin_famiglia_1.jpg","keywords":["alvin","conduttore","famiglia","genitori","gianicolo","Kali Wilkes","paparazzate","roma"],"articleSection":["News"],"inLanguage":"it-IT"},{"@type":"WebPage","@id":"https:\/\/www.gossip.it\/news\/alvin-famiglia-roma-gianicolo\/","url":"https:\/\/www.gossip.it\/news\/alvin-famiglia-roma-gianicolo\/","name":"Esclusivo: Alvin al Gianicolo a Roma con la sua famiglia - Gossip.it | News sul Gossip e VIP","isPartOf":{"@id":"https:\/\/www.gossip.it\/#website"},"primaryImageOfPage":{"@id":"https:\/\/www.gossip.it\/news\/alvin-famiglia-roma-gianicolo\/#primaryimage"},"image":{"@id":"https:\/\/www.gossip.it\/news\/alvin-famiglia-roma-gianicolo\/#primaryimage"},"thumbnailUrl":"https:\/\/files.gossip.it\/immagini_news\/2017\/09\/1505819858_alvin_famiglia_1.jpg","datePublished":"2017-09-18T22:00:00+00:00","dateModified":"2017-09-18T22:00:00+00:00","description":"Niente telecamere stavolta. Alvin, all'anagrafe Alberto Bonato, a Roma in vacanza, si gode la vista della Citt\u00e0 Eterna dal Gianicolo con la sua bella","breadcrumb":{"@id":"https:\/\/www.gossip.it\/news\/alvin-famiglia-roma-gianicolo\/#breadcrumb"},"inLanguage":"it-IT","potentialAction":[{"@type":"ReadAction","target":["https:\/\/www.gossip.it\/news\/alvin-famiglia-roma-gianicolo\/"]}]},{"@type":"ImageObject","inLanguage":"it-IT","@id":"https:\/\/www.gossip.it\/news\/alvin-famiglia-roma-gianicolo\/#primaryimage","url":"https:\/\/files.gossip.it\/immagini_news\/2017\/09\/1505819858_alvin_famiglia_1.jpg","contentUrl":"https:\/\/files.gossip.it\/immagini_news\/2017\/09\/1505819858_alvin_famiglia_1.jpg"},{"@type":"BreadcrumbList","@id":"https:\/\/www.gossip.it\/news\/alvin-famiglia-roma-gianicolo\/#breadcrumb","itemListElement":[{"@type":"ListItem","position":1,"name":"Home","item":"https:\/\/www.gossip.it\/"},{"@type":"ListItem","position":2,"name":"Esclusivo: Alvin al Gianicolo a Roma con la sua famiglia"}]},{"@type":"WebSite","@id":"https:\/\/www.gossip.it\/#website","url":"https:\/\/www.gossip.it\/","name":"Gossip and VIP News","description":"Quotidiano di cronaca rosa, costume e societ\u00e0","publisher":{"@id":"https:\/\/www.gossip.it\/#organization"},"alternateName":"Gossip and VIP News","potentialAction":[{"@type":"SearchAction","target":{"@type":"EntryPoint","urlTemplate":"https:\/\/www.gossip.it\/?s={search_term_string}"},"query-input":{"@type":"PropertyValueSpecification","valueRequired":true,"valueName":"search_term_string"}}],"inLanguage":"it-IT"},{"@type":"Organization","@id":"https:\/\/www.gossip.it\/#organization","name":"Gossip and VIP News","alternateName":"Gossip News","url":"https:\/\/www.gossip.it\/","logo":{"@type":"ImageObject","inLanguage":"it-IT","@id":"https:\/\/www.gossip.it\/#\/schema\/logo\/image\/","url":"https:\/\/www.gossip.it\/wp-content\/uploads\/2022\/04\/cropped-corna-alta-tiny.png","contentUrl":"https:\/\/www.gossip.it\/wp-content\/uploads\/2022\/04\/cropped-corna-alta-tiny.png","width":512,"height":512,"caption":"Gossip and VIP News"},"image":{"@id":"https:\/\/www.gossip.it\/#\/schema\/logo\/image\/"},"sameAs":["https:\/\/www.facebook.com\/GossipIT","https:\/\/x.com\/gossinews_it","https:\/\/instagram.com\/gossip_it"]},{"@type":"Person","@id":"https:\/\/www.gossip.it\/#\/schema\/person\/488896f75158bff1cc83c6c39d141110","name":"La Redazione","image":{"@type":"ImageObject","inLanguage":"it-IT","@id":"https:\/\/www.gossip.it\/#\/schema\/person\/image\/","url":"https:\/\/secure.gravatar.com\/avatar\/5a5f5c6fa3e6700e4249abdad0263a1e94e927d9e0499b1cb09c1cd29c044d80?s=96&d=mm&r=g","contentUrl":"https:\/\/secure.gravatar.com\/avatar\/5a5f5c6fa3e6700e4249abdad0263a1e94e927d9e0499b1cb09c1cd29c044d80?s=96&d=mm&r=g","caption":"La Redazione"},"sameAs":["https:\/\/www.gossip.it"]}]}},"amp_enabled":true,"_links":{"self":[{"href":"https:\/\/www.gossip.it\/api\/wp\/v2\/posts\/59076","targetHints":{"allow":["GET"]}}],"collection":[{"href":"https:\/\/www.gossip.it\/api\/wp\/v2\/posts"}],"about":[{"href":"https:\/\/www.gossip.it\/api\/wp\/v2\/types\/post"}],"author":[{"embeddable":true,"href":"https:\/\/www.gossip.it\/api\/wp\/v2\/users\/1"}],"replies":[{"embeddable":true,"href":"https:\/\/www.gossip.it\/api\/wp\/v2\/comments?post=59076"}],"version-history":[{"count":0,"href":"https:\/\/www.gossip.it\/api\/wp\/v2\/posts\/59076\/revisions"}],"wp:featuredmedia":[{"embeddable":true,"href":"https:\/\/www.gossip.it\/api\/wp\/v2\/media\/115122"}],"wp:attachment":[{"href":"https:\/\/www.gossip.it\/api\/wp\/v2\/media?parent=59076"}],"wp:term":[{"taxonomy":"category","embeddable":true,"href":"https:\/\/www.gossip.it\/api\/wp\/v2\/categories?post=59076"},{"taxonomy":"post_tag","embeddable":true,"href":"https:\/\/www.gossip.it\/api\/wp\/v2\/tags?post=59076"},{"taxonomy":"vip","embeddable":true,"href":"https:\/\/www.gossip.it\/api\/wp\/v2\/vip?post=59076"}],"curies":[{"name":"wp","href":"https:\/\/api.w.org\/{rel}","templated":true}]}}