{"id":5918,"date":"2019-11-11T00:00:00","date_gmt":"2019-11-10T23:00:00","guid":{"rendered":"https:\/\/www.gossip.it\/senza-categoria\/stefano-de-martino-fabio-fazio-belen-seconde-nozze\/"},"modified":"2019-11-11T00:00:00","modified_gmt":"2019-11-10T23:00:00","slug":"stefano-de-martino-fabio-fazio-belen-seconde-nozze","status":"publish","type":"post","link":"https:\/\/www.gossip.it\/video\/stefano-de-martino-fabio-fazio-belen-seconde-nozze\/","title":{"rendered":"De Martino per la prima volta da Fazio"},"content":{"rendered":"<p>Ospite per la prima volta di \u2018Che tempo che fa\u2019, Stefano De Martino ha raccontato la sua infanzia, i dieci anni di carriera televisiva, le occasioni sfumate e la svolta con il provino di \u2018Amici\u2019. Il ballerino e conduttore, punzecchiato da Luciana Littizzetto, si \u00e8 espresso anche sull\u2019eventualit\u00e0 di risposare Bel\u00e9n Rodriguez.  &quot;A proposito di Bel\u00e9n, ma ti risposi?&quot;. Stefano ha risposto con ironia: &quot;No, ho gi\u00e0 dato, perseverare \u00e8 diabolico&quot;.<\/p>\n","protected":false},"excerpt":{"rendered":"<p>Ospite per la prima volta di \u2018Che tempo che fa\u2019, Stefano De Martino ha raccontato la sua infanzia, i dieci anni di carriera televisiva, le occasioni sfumate e la svolta con il provino di \u2018Amici\u2019. Il ballerino e conduttore, punzecchiato da Luciana Littizzetto, si \u00e8 espresso anche sull\u2019eventualit\u00e0 di risposare Bel\u00e9n Rodriguez. &quot;A proposito di [&hellip;]<\/p>\n","protected":false},"author":14,"featured_media":13724,"comment_status":"closed","ping_status":"closed","sticky":false,"template":"","format":"video","meta":{"footnotes":""},"categories":[55],"tags":[3606,6833,2103,2175,2216,2359,2301],"vip":[396,710,1731],"class_list":["post-5918","post","type-post","status-publish","format-video","has-post-thumbnail","hentry","category-video","tag-bis","tag-che-tempo-che-fa","tag-intervista","tag-moglie","tag-nozze","tag-parla","tag-reunion","post_format-post-format-video","vip-belen_rodriguez","vip-fabio_fazio","vip-stefano_de_martino"],"yoast_head":"<title>De Martino per la prima volta da Fazio - Gossip.it<\/title>\n<meta name=\"description\" content=\"Ospite per la prima volta di \u2018Che tempo che fa\u2019, Stefano De Martino ha raccontato la sua infanzia, i dieci anni di carriera televisiva, le occasioni\" \/>\n<meta name=\"robots\" content=\"index, follow, max-snippet:-1, max-image-preview:large, max-video-preview:-1\" \/>\n<link rel=\"canonical\" href=\"https:\/\/www.gossip.it\/video\/stefano-de-martino-fabio-fazio-belen-seconde-nozze\/\" \/>\n<meta property=\"og:locale\" content=\"it_IT\" \/>\n<meta property=\"og:type\" content=\"article\" \/>\n<meta property=\"og:title\" content=\"De Martino per la prima volta da Fazio - Gossip.it\" \/>\n<meta property=\"og:description\" content=\"Ospite per la prima volta di \u2018Che tempo che fa\u2019, Stefano De Martino ha raccontato la sua infanzia, i dieci anni di carriera televisiva, le occasioni\" \/>\n<meta property=\"og:url\" content=\"https:\/\/www.gossip.it\/video\/stefano-de-martino-fabio-fazio-belen-seconde-nozze\/\" \/>\n<meta property=\"og:site_name\" content=\"Gossip.it | News sul Gossip e VIP\" \/>\n<meta property=\"article:publisher\" content=\"https:\/\/www.facebook.com\/GossipIT\" \/>\n<meta property=\"article:published_time\" content=\"2019-11-10T23:00:00+00:00\" \/>\n<meta property=\"og:image\" content=\"https:\/\/files.gossip.it\/video\/images\/360x288_video_6440.jpg\" \/>\n<meta name=\"author\" content=\"Veronica Langella\" \/>\n<meta name=\"twitter:card\" content=\"summary_large_image\" \/>\n<meta name=\"twitter:image\" content=\"https:\/\/files.gossip.it\/video\/images\/360x288_video_6440.jpg\" \/>\n<meta name=\"twitter:creator\" content=\"@gossinews_it\" \/>\n<meta name=\"twitter:site\" content=\"@gossinews_it\" \/>\n<meta name=\"twitter:label1\" content=\"Scritto da\" \/>\n\t<meta name=\"twitter:data1\" content=\"Veronica Langella\" \/>","yoast_head_json":{"title":"De Martino per la prima volta da Fazio - Gossip.it","description":"Ospite per la prima volta di \u2018Che tempo che fa\u2019, Stefano De Martino ha raccontato la sua infanzia, i dieci anni di carriera televisiva, le occasioni","robots":{"index":"index","follow":"follow","max-snippet":"max-snippet:-1","max-image-preview":"max-image-preview:large","max-video-preview":"max-video-preview:-1"},"canonical":"https:\/\/www.gossip.it\/video\/stefano-de-martino-fabio-fazio-belen-seconde-nozze\/","og_locale":"it_IT","og_type":"article","og_title":"De Martino per la prima volta da Fazio - Gossip.it","og_description":"Ospite per la prima volta di \u2018Che tempo che fa\u2019, Stefano De Martino ha raccontato la sua infanzia, i dieci anni di carriera televisiva, le occasioni","og_url":"https:\/\/www.gossip.it\/video\/stefano-de-martino-fabio-fazio-belen-seconde-nozze\/","og_site_name":"Gossip.it | News sul Gossip e VIP","article_publisher":"https:\/\/www.facebook.com\/GossipIT","article_published_time":"2019-11-10T23:00:00+00:00","og_image":[{"url":"https:\/\/files.gossip.it\/video\/images\/360x288_video_6440.jpg"}],"author":"Veronica Langella","twitter_card":"summary_large_image","twitter_image":"https:\/\/files.gossip.it\/video\/images\/360x288_video_6440.jpg","twitter_creator":"@gossinews_it","twitter_site":"@gossinews_it","twitter_misc":{"Scritto da":"Veronica Langella"},"schema":{"@context":"https:\/\/schema.org","@graph":[{"@type":"Article","@id":"https:\/\/www.gossip.it\/video\/stefano-de-martino-fabio-fazio-belen-seconde-nozze\/#article","isPartOf":{"@id":"https:\/\/www.gossip.it\/video\/stefano-de-martino-fabio-fazio-belen-seconde-nozze\/"},"author":{"name":"Veronica Langella","@id":"https:\/\/www.gossip.it\/#\/schema\/person\/19e94c9df6df0cf45ae8d7881fbf4a73"},"headline":"De Martino per la prima volta da Fazio","datePublished":"2019-11-10T23:00:00+00:00","dateModified":"2019-11-10T23:00:00+00:00","mainEntityOfPage":{"@id":"https:\/\/www.gossip.it\/video\/stefano-de-martino-fabio-fazio-belen-seconde-nozze\/"},"wordCount":84,"publisher":{"@id":"https:\/\/www.gossip.it\/#organization"},"image":{"@id":"https:\/\/www.gossip.it\/video\/stefano-de-martino-fabio-fazio-belen-seconde-nozze\/#primaryimage"},"thumbnailUrl":"https:\/\/files.gossip.it\/video\/images\/360x288_video_6440.jpg","keywords":["bis","che tempo che fa","intervista","moglie","nozze","parla","reunion"],"articleSection":["Video"],"inLanguage":"it-IT"},{"@type":"WebPage","@id":"https:\/\/www.gossip.it\/video\/stefano-de-martino-fabio-fazio-belen-seconde-nozze\/","url":"https:\/\/www.gossip.it\/video\/stefano-de-martino-fabio-fazio-belen-seconde-nozze\/","name":"De Martino per la prima volta da Fazio - Gossip.it","isPartOf":{"@id":"https:\/\/www.gossip.it\/#website"},"primaryImageOfPage":{"@id":"https:\/\/www.gossip.it\/video\/stefano-de-martino-fabio-fazio-belen-seconde-nozze\/#primaryimage"},"image":{"@id":"https:\/\/www.gossip.it\/video\/stefano-de-martino-fabio-fazio-belen-seconde-nozze\/#primaryimage"},"thumbnailUrl":"https:\/\/files.gossip.it\/video\/images\/360x288_video_6440.jpg","datePublished":"2019-11-10T23:00:00+00:00","dateModified":"2019-11-10T23:00:00+00:00","description":"Ospite per la prima volta di \u2018Che tempo che fa\u2019, Stefano De Martino ha raccontato la sua infanzia, i dieci anni di carriera televisiva, le occasioni","breadcrumb":{"@id":"https:\/\/www.gossip.it\/video\/stefano-de-martino-fabio-fazio-belen-seconde-nozze\/#breadcrumb"},"inLanguage":"it-IT","potentialAction":[{"@type":"ReadAction","target":["https:\/\/www.gossip.it\/video\/stefano-de-martino-fabio-fazio-belen-seconde-nozze\/"]}]},{"@type":"ImageObject","inLanguage":"it-IT","@id":"https:\/\/www.gossip.it\/video\/stefano-de-martino-fabio-fazio-belen-seconde-nozze\/#primaryimage","url":"https:\/\/files.gossip.it\/video\/images\/360x288_video_6440.jpg","contentUrl":"https:\/\/files.gossip.it\/video\/images\/360x288_video_6440.jpg"},{"@type":"BreadcrumbList","@id":"https:\/\/www.gossip.it\/video\/stefano-de-martino-fabio-fazio-belen-seconde-nozze\/#breadcrumb","itemListElement":[{"@type":"ListItem","position":1,"name":"Home","item":"https:\/\/www.gossip.it\/"},{"@type":"ListItem","position":2,"name":"De Martino per la prima volta da Fazio"}]},{"@type":"WebSite","@id":"https:\/\/www.gossip.it\/#website","url":"https:\/\/www.gossip.it\/","name":"Gossip and VIP News","description":"Quotidiano di cronaca rosa, costume e societ\u00e0","publisher":{"@id":"https:\/\/www.gossip.it\/#organization"},"alternateName":"Gossip and VIP News","potentialAction":[{"@type":"SearchAction","target":{"@type":"EntryPoint","urlTemplate":"https:\/\/www.gossip.it\/?s={search_term_string}"},"query-input":{"@type":"PropertyValueSpecification","valueRequired":true,"valueName":"search_term_string"}}],"inLanguage":"it-IT"},{"@type":"Organization","@id":"https:\/\/www.gossip.it\/#organization","name":"Gossip and VIP News","alternateName":"Gossip News","url":"https:\/\/www.gossip.it\/","logo":{"@type":"ImageObject","inLanguage":"it-IT","@id":"https:\/\/www.gossip.it\/#\/schema\/logo\/image\/","url":"https:\/\/www.gossip.it\/wp-content\/uploads\/2022\/04\/cropped-corna-alta-tiny.png","contentUrl":"https:\/\/www.gossip.it\/wp-content\/uploads\/2022\/04\/cropped-corna-alta-tiny.png","width":512,"height":512,"caption":"Gossip and VIP News"},"image":{"@id":"https:\/\/www.gossip.it\/#\/schema\/logo\/image\/"},"sameAs":["https:\/\/www.facebook.com\/GossipIT","https:\/\/x.com\/gossinews_it","https:\/\/instagram.com\/gossip_it"]},{"@type":"Person","@id":"https:\/\/www.gossip.it\/#\/schema\/person\/19e94c9df6df0cf45ae8d7881fbf4a73","name":"Veronica Langella","image":{"@type":"ImageObject","inLanguage":"it-IT","@id":"https:\/\/www.gossip.it\/#\/schema\/person\/image\/","url":"https:\/\/secure.gravatar.com\/avatar\/81bb1822732cf2c4d48c8984dfd9a028436d12e0918afe1ff6d842f13193b173?s=96&d=mm&r=g","contentUrl":"https:\/\/secure.gravatar.com\/avatar\/81bb1822732cf2c4d48c8984dfd9a028436d12e0918afe1ff6d842f13193b173?s=96&d=mm&r=g","caption":"Veronica Langella"}}]}},"amp_enabled":false,"_links":{"self":[{"href":"https:\/\/www.gossip.it\/api\/wp\/v2\/posts\/5918","targetHints":{"allow":["GET"]}}],"collection":[{"href":"https:\/\/www.gossip.it\/api\/wp\/v2\/posts"}],"about":[{"href":"https:\/\/www.gossip.it\/api\/wp\/v2\/types\/post"}],"author":[{"embeddable":true,"href":"https:\/\/www.gossip.it\/api\/wp\/v2\/users\/14"}],"replies":[{"embeddable":true,"href":"https:\/\/www.gossip.it\/api\/wp\/v2\/comments?post=5918"}],"version-history":[{"count":0,"href":"https:\/\/www.gossip.it\/api\/wp\/v2\/posts\/5918\/revisions"}],"wp:featuredmedia":[{"embeddable":true,"href":"https:\/\/www.gossip.it\/api\/wp\/v2\/media\/13724"}],"wp:attachment":[{"href":"https:\/\/www.gossip.it\/api\/wp\/v2\/media?parent=5918"}],"wp:term":[{"taxonomy":"category","embeddable":true,"href":"https:\/\/www.gossip.it\/api\/wp\/v2\/categories?post=5918"},{"taxonomy":"post_tag","embeddable":true,"href":"https:\/\/www.gossip.it\/api\/wp\/v2\/tags?post=5918"},{"taxonomy":"vip","embeddable":true,"href":"https:\/\/www.gossip.it\/api\/wp\/v2\/vip?post=5918"}],"curies":[{"name":"wp","href":"https:\/\/api.w.org\/{rel}","templated":true}]}}