{"id":59255,"date":"2017-10-09T00:00:00","date_gmt":"2017-10-08T22:00:00","guid":{"rendered":"https:\/\/www.gossip.it\/senza-categoria\/diana-del-bufalo-paolo-ruffini-tornati-insieme\/"},"modified":"2017-10-09T00:00:00","modified_gmt":"2017-10-08T22:00:00","slug":"diana-del-bufalo-paolo-ruffini-tornati-insieme","status":"publish","type":"post","link":"https:\/\/www.gossip.it\/news\/diana-del-bufalo-paolo-ruffini-tornati-insieme\/","title":{"rendered":"Diana Del Bufalo e Paolo Ruffini di nuovo insieme?"},"content":{"rendered":"<p><strong><a href=\"\/vip\/diana-del bufalo\/\">Diana Del Bufalo<\/a><\/strong> e <strong><a href=\"\/vip\/paolo-ruffini \/\">Paolo Ruffini <\/a>\u00a0di nuovo insieme?\u00a0<\/strong>I due sono stati a Milano nel weekend, a cena da <strong>Yacout<\/strong>, ristorante marocchino e italiano con balconata, musica dal vivo, spettacoli di ballo e DJ set. Hanno postato le stesse foto su <em>Instagram Stories<\/em> e nel video di Diana, la voce di Paolo si sente in sottofondo.<\/p>\n<figure class=\"caption\"><img decoding=\"async\" alt=\"\" width=\"640\" height=\"412\" src=\"https:\/\/files.gossip.it\/immagini_news\/2017\/10\/1507544619_ruffini_del_bufalo_1.jpg\" \/><figcaption>Torna il sereno tra Paolo Ruffini e Diana Del Bufalo dopo la crisi estiva<\/figcaption><\/figure>\n<p>L\u2019attrice, 27 anni e il presentatore, 38, si erano lasciati dopo una relazione importante. Il toscano per stare con Diana si era separato dalla moglie <strong><a href=\"\/vip\/claudia-campolongo\/\">Claudia Campolongo<\/a><\/strong>. All\u2019inizio sembrava solo un\u2019amicizia, ma poi erano usciti allo scoperto, fino all\u2019estate scorsa. La crisi e la rottura definitiva con la Del Bufalo alle prese con un nuovo amore, il chirurgo estetico romano\u00a0<strong><a href=\"\/vip\/-valerio finocchi\/\">Valerio Finocchi<\/a><\/strong>, 34 anni. Diana non aveva reagito bene ai gossip sulla sua nuova relazione e si era lasciata andare alla malinconia con un lungo post su Instagram: <em>\u2018\u2019Ci siamo amati alla follia. Ci amiamo ancora in un'altra forma.\u00a0Io non so se le persone siano destinate a stare insieme per sempre ma l'amore vero va provato almeno una volta nella vita... altrimenti l'esistenza non avrebbe senso. Non giudicate da quello che vedete scritto su questi siti di gossip falliti... nessuno sa la verit\u00e0, tranne noi... c'\u00e8 solo amore, purezza ed entusiasmo per la vita. Paolo \u00e8 un uomo unico. Stupendo. Devo a lui la persona che sono oggi. Non ti ho mai ringraziato abbastanza\u2019\u2019<\/em>.<\/p>\n<figure class=\"caption\"><img decoding=\"async\" alt=\"\" width=\"640\" height=\"500\" src=\"https:\/\/files.gossip.it\/immagini_news\/2017\/10\/1507544748_ruffini_del_bufalo_2.jpg\" \/><figcaption>I due sono stati a cena nello stesso ristorante milanese, il locale marocchino Yacout<\/figcaption><\/figure>\n<p>Ruffini invece si era buttato sul lavoro, ma non aveva mai nascosto di avere il cuore a pezzi. Ora <strong>Diana Del Bufalo e Paolo Ruffini sono di nuovo una coppia<\/strong>? Sembrerebbe di si, oppure, come ribadito spesso da entrambi, si vogliono ancora molto bene.<\/p>\n","protected":false},"excerpt":{"rendered":"<p>Diana Del Bufalo e Paolo Ruffini \u00a0di nuovo insieme?\u00a0I due sono stati a Milano nel weekend, a cena da Yacout, ristorante marocchino e italiano con balconata, musica dal vivo, spettacoli di ballo e DJ set. Hanno postato le stesse foto su Instagram Stories e nel video di Diana, la voce di Paolo si sente in [&hellip;]<\/p>\n","protected":false},"author":1,"featured_media":115301,"comment_status":"closed","ping_status":"closed","sticky":false,"template":"","format":"standard","meta":{"footnotes":""},"categories":[54],"tags":[1877,9795,1880,1881,56916,1979,2500,3680,9495,34230],"vip":[592,1474],"class_list":["post-59255","post","type-post","status-publish","format-standard","has-post-thumbnail","hentry","category-news","tag-cena","tag-claudia-campolongo","tag-coppia","tag-insieme","tag-marocchino","tag-milano","tag-ristorante","tag-rottura","tag-valerio-finocchi","tag-yacout","vip-diana_del_bufalo","vip-paolo_ruffini"],"yoast_head":"<title>Diana Del Bufalo e Paolo Ruffini di nuovo insieme? - Gossip.it | News sul Gossip e VIP<\/title>\n<meta name=\"description\" content=\"Diana Del Bufalo e Paolo Ruffini \u00a0di nuovo insieme?\u00a0I due sono stati a Milano nel weekend, a cena da Yacout, ristorante marocchino e italiano con\" \/>\n<meta name=\"robots\" content=\"index, follow, max-snippet:-1, max-image-preview:large, max-video-preview:-1\" \/>\n<link rel=\"canonical\" href=\"https:\/\/www.gossip.it\/news\/diana-del-bufalo-paolo-ruffini-tornati-insieme\/\" \/>\n<meta property=\"og:locale\" content=\"it_IT\" \/>\n<meta property=\"og:type\" content=\"article\" \/>\n<meta property=\"og:title\" content=\"Diana Del Bufalo e Paolo Ruffini di nuovo insieme? - Gossip.it | News sul Gossip e VIP\" \/>\n<meta property=\"og:description\" content=\"Diana Del Bufalo e Paolo Ruffini \u00a0di nuovo insieme?\u00a0I due sono stati a Milano nel weekend, a cena da Yacout, ristorante marocchino e italiano con\" \/>\n<meta property=\"og:url\" content=\"https:\/\/www.gossip.it\/news\/diana-del-bufalo-paolo-ruffini-tornati-insieme\/\" \/>\n<meta property=\"og:site_name\" content=\"Gossip.it | News sul Gossip e VIP\" \/>\n<meta property=\"article:publisher\" content=\"https:\/\/www.facebook.com\/GossipIT\" \/>\n<meta property=\"article:published_time\" content=\"2017-10-08T22:00:00+00:00\" \/>\n<meta property=\"og:image\" content=\"https:\/\/files.gossip.it\/immagini_news\/2017\/10\/1507544619_ruffini_del_bufalo_1.jpg\" \/>\n<meta name=\"author\" content=\"La Redazione\" \/>\n<meta name=\"twitter:card\" content=\"summary_large_image\" \/>\n<meta name=\"twitter:image\" content=\"https:\/\/files.gossip.it\/immagini_news\/2017\/10\/1507544619_ruffini_del_bufalo_1.jpg\" \/>\n<meta name=\"twitter:creator\" content=\"@gossinews_it\" \/>\n<meta name=\"twitter:site\" content=\"@gossinews_it\" \/>\n<meta name=\"twitter:label1\" content=\"Scritto da\" \/>\n\t<meta name=\"twitter:data1\" content=\"La Redazione\" \/>\n\t<meta name=\"twitter:label2\" content=\"Tempo di lettura stimato\" \/>\n\t<meta name=\"twitter:data2\" content=\"2 minuti\" \/>","yoast_head_json":{"title":"Diana Del Bufalo e Paolo Ruffini di nuovo insieme? - Gossip.it | News sul Gossip e VIP","description":"Diana Del Bufalo e Paolo Ruffini \u00a0di nuovo insieme?\u00a0I due sono stati a Milano nel weekend, a cena da Yacout, ristorante marocchino e italiano con","robots":{"index":"index","follow":"follow","max-snippet":"max-snippet:-1","max-image-preview":"max-image-preview:large","max-video-preview":"max-video-preview:-1"},"canonical":"https:\/\/www.gossip.it\/news\/diana-del-bufalo-paolo-ruffini-tornati-insieme\/","og_locale":"it_IT","og_type":"article","og_title":"Diana Del Bufalo e Paolo Ruffini di nuovo insieme? - Gossip.it | News sul Gossip e VIP","og_description":"Diana Del Bufalo e Paolo Ruffini \u00a0di nuovo insieme?\u00a0I due sono stati a Milano nel weekend, a cena da Yacout, ristorante marocchino e italiano con","og_url":"https:\/\/www.gossip.it\/news\/diana-del-bufalo-paolo-ruffini-tornati-insieme\/","og_site_name":"Gossip.it | News sul Gossip e VIP","article_publisher":"https:\/\/www.facebook.com\/GossipIT","article_published_time":"2017-10-08T22:00:00+00:00","og_image":[{"url":"https:\/\/files.gossip.it\/immagini_news\/2017\/10\/1507544619_ruffini_del_bufalo_1.jpg"}],"author":"La Redazione","twitter_card":"summary_large_image","twitter_image":"https:\/\/files.gossip.it\/immagini_news\/2017\/10\/1507544619_ruffini_del_bufalo_1.jpg","twitter_creator":"@gossinews_it","twitter_site":"@gossinews_it","twitter_misc":{"Scritto da":"La Redazione","Tempo di lettura stimato":"2 minuti"},"schema":{"@context":"https:\/\/schema.org","@graph":[{"@type":"Article","@id":"https:\/\/www.gossip.it\/news\/diana-del-bufalo-paolo-ruffini-tornati-insieme\/#article","isPartOf":{"@id":"https:\/\/www.gossip.it\/news\/diana-del-bufalo-paolo-ruffini-tornati-insieme\/"},"author":{"name":"La Redazione","@id":"https:\/\/www.gossip.it\/#\/schema\/person\/488896f75158bff1cc83c6c39d141110"},"headline":"Diana Del Bufalo e Paolo Ruffini di nuovo insieme?","datePublished":"2017-10-08T22:00:00+00:00","dateModified":"2017-10-08T22:00:00+00:00","mainEntityOfPage":{"@id":"https:\/\/www.gossip.it\/news\/diana-del-bufalo-paolo-ruffini-tornati-insieme\/"},"wordCount":316,"publisher":{"@id":"https:\/\/www.gossip.it\/#organization"},"image":{"@id":"https:\/\/www.gossip.it\/news\/diana-del-bufalo-paolo-ruffini-tornati-insieme\/#primaryimage"},"thumbnailUrl":"https:\/\/files.gossip.it\/immagini_news\/2017\/10\/1507544619_ruffini_del_bufalo_1.jpg","keywords":["cena","claudia campolongo","coppia","insieme","marocchino","milano","ristorante","rottura","valerio finocchi","yacout"],"articleSection":["News"],"inLanguage":"it-IT"},{"@type":"WebPage","@id":"https:\/\/www.gossip.it\/news\/diana-del-bufalo-paolo-ruffini-tornati-insieme\/","url":"https:\/\/www.gossip.it\/news\/diana-del-bufalo-paolo-ruffini-tornati-insieme\/","name":"Diana Del Bufalo e Paolo Ruffini di nuovo insieme? - Gossip.it | News sul Gossip e VIP","isPartOf":{"@id":"https:\/\/www.gossip.it\/#website"},"primaryImageOfPage":{"@id":"https:\/\/www.gossip.it\/news\/diana-del-bufalo-paolo-ruffini-tornati-insieme\/#primaryimage"},"image":{"@id":"https:\/\/www.gossip.it\/news\/diana-del-bufalo-paolo-ruffini-tornati-insieme\/#primaryimage"},"thumbnailUrl":"https:\/\/files.gossip.it\/immagini_news\/2017\/10\/1507544619_ruffini_del_bufalo_1.jpg","datePublished":"2017-10-08T22:00:00+00:00","dateModified":"2017-10-08T22:00:00+00:00","description":"Diana Del Bufalo e Paolo Ruffini \u00a0di nuovo insieme?\u00a0I due sono stati a Milano nel weekend, a cena da Yacout, ristorante marocchino e italiano con","breadcrumb":{"@id":"https:\/\/www.gossip.it\/news\/diana-del-bufalo-paolo-ruffini-tornati-insieme\/#breadcrumb"},"inLanguage":"it-IT","potentialAction":[{"@type":"ReadAction","target":["https:\/\/www.gossip.it\/news\/diana-del-bufalo-paolo-ruffini-tornati-insieme\/"]}]},{"@type":"ImageObject","inLanguage":"it-IT","@id":"https:\/\/www.gossip.it\/news\/diana-del-bufalo-paolo-ruffini-tornati-insieme\/#primaryimage","url":"https:\/\/files.gossip.it\/immagini_news\/2017\/10\/1507544619_ruffini_del_bufalo_1.jpg","contentUrl":"https:\/\/files.gossip.it\/immagini_news\/2017\/10\/1507544619_ruffini_del_bufalo_1.jpg"},{"@type":"BreadcrumbList","@id":"https:\/\/www.gossip.it\/news\/diana-del-bufalo-paolo-ruffini-tornati-insieme\/#breadcrumb","itemListElement":[{"@type":"ListItem","position":1,"name":"Home","item":"https:\/\/www.gossip.it\/"},{"@type":"ListItem","position":2,"name":"Diana Del Bufalo e Paolo Ruffini di nuovo insieme?"}]},{"@type":"WebSite","@id":"https:\/\/www.gossip.it\/#website","url":"https:\/\/www.gossip.it\/","name":"Gossip and VIP News","description":"Quotidiano di cronaca rosa, costume e societ\u00e0","publisher":{"@id":"https:\/\/www.gossip.it\/#organization"},"alternateName":"Gossip and VIP News","potentialAction":[{"@type":"SearchAction","target":{"@type":"EntryPoint","urlTemplate":"https:\/\/www.gossip.it\/?s={search_term_string}"},"query-input":{"@type":"PropertyValueSpecification","valueRequired":true,"valueName":"search_term_string"}}],"inLanguage":"it-IT"},{"@type":"Organization","@id":"https:\/\/www.gossip.it\/#organization","name":"Gossip and VIP News","alternateName":"Gossip News","url":"https:\/\/www.gossip.it\/","logo":{"@type":"ImageObject","inLanguage":"it-IT","@id":"https:\/\/www.gossip.it\/#\/schema\/logo\/image\/","url":"https:\/\/www.gossip.it\/wp-content\/uploads\/2022\/04\/cropped-corna-alta-tiny.png","contentUrl":"https:\/\/www.gossip.it\/wp-content\/uploads\/2022\/04\/cropped-corna-alta-tiny.png","width":512,"height":512,"caption":"Gossip and VIP News"},"image":{"@id":"https:\/\/www.gossip.it\/#\/schema\/logo\/image\/"},"sameAs":["https:\/\/www.facebook.com\/GossipIT","https:\/\/x.com\/gossinews_it","https:\/\/instagram.com\/gossip_it"]},{"@type":"Person","@id":"https:\/\/www.gossip.it\/#\/schema\/person\/488896f75158bff1cc83c6c39d141110","name":"La Redazione","image":{"@type":"ImageObject","inLanguage":"it-IT","@id":"https:\/\/www.gossip.it\/#\/schema\/person\/image\/","url":"https:\/\/secure.gravatar.com\/avatar\/5a5f5c6fa3e6700e4249abdad0263a1e94e927d9e0499b1cb09c1cd29c044d80?s=96&d=mm&r=g","contentUrl":"https:\/\/secure.gravatar.com\/avatar\/5a5f5c6fa3e6700e4249abdad0263a1e94e927d9e0499b1cb09c1cd29c044d80?s=96&d=mm&r=g","caption":"La Redazione"},"sameAs":["https:\/\/www.gossip.it"]}]}},"amp_enabled":true,"_links":{"self":[{"href":"https:\/\/www.gossip.it\/api\/wp\/v2\/posts\/59255","targetHints":{"allow":["GET"]}}],"collection":[{"href":"https:\/\/www.gossip.it\/api\/wp\/v2\/posts"}],"about":[{"href":"https:\/\/www.gossip.it\/api\/wp\/v2\/types\/post"}],"author":[{"embeddable":true,"href":"https:\/\/www.gossip.it\/api\/wp\/v2\/users\/1"}],"replies":[{"embeddable":true,"href":"https:\/\/www.gossip.it\/api\/wp\/v2\/comments?post=59255"}],"version-history":[{"count":0,"href":"https:\/\/www.gossip.it\/api\/wp\/v2\/posts\/59255\/revisions"}],"wp:featuredmedia":[{"embeddable":true,"href":"https:\/\/www.gossip.it\/api\/wp\/v2\/media\/115301"}],"wp:attachment":[{"href":"https:\/\/www.gossip.it\/api\/wp\/v2\/media?parent=59255"}],"wp:term":[{"taxonomy":"category","embeddable":true,"href":"https:\/\/www.gossip.it\/api\/wp\/v2\/categories?post=59255"},{"taxonomy":"post_tag","embeddable":true,"href":"https:\/\/www.gossip.it\/api\/wp\/v2\/tags?post=59255"},{"taxonomy":"vip","embeddable":true,"href":"https:\/\/www.gossip.it\/api\/wp\/v2\/vip?post=59255"}],"curies":[{"name":"wp","href":"https:\/\/api.w.org\/{rel}","templated":true}]}}