{"id":59339,"date":"2017-10-17T00:00:00","date_gmt":"2017-10-16T22:00:00","guid":{"rendered":"https:\/\/www.gossip.it\/senza-categoria\/aida-yespica-violentata-6-anni-gf-vip-2\/"},"modified":"2017-10-17T00:00:00","modified_gmt":"2017-10-16T22:00:00","slug":"aida-yespica-violentata-6-anni-gf-vip-2","status":"publish","type":"post","link":"https:\/\/www.gossip.it\/news\/aida-yespica-violentata-6-anni-gf-vip-2\/","title":{"rendered":"Aida Yespica in lacrime al GF Vip 2: 'Violentata a 6 anni'"},"content":{"rendered":"<p><a href=\"\/vip\/aida-yespica\/\">Aida Yespica<\/a> in Confessionale al <a href=\"\/vip\/gf-vip 2\/\">GF Vip 2<\/a> racconta la sua infanzia difficile e parla degli abusi subiti: la <a href=\"\/vip\/showgirl\/\">showgirl<\/a> \u00e8 stata <strong>violentata<\/strong> quando aveva solo <strong>6 anni<\/strong>.<\/p>\n<figure class=\"caption\"><img decoding=\"async\" alt=\"\" width=\"640\" height=\"358\" src=\"https:\/\/files.gossip.it\/immagini_news\/2017\/10\/1508234539_yespica_1.jpg\" \/><figcaption>Aida Yespica al 'GF Vip 2' racconta l'infanzia difficile e svela di essere stata violentata a 6 anni<\/figcaption><\/figure>\n<p>Al<strong> GF Vip 2 Aida Yespica<\/strong> ripercorre i suoi drammi personali: la mamma ha abbandonato lei e la sorella quando aveva due anni. Entrambe sono cresciute con il padre, che ha fatto di tutto per farle stare bene. Poi arriva la rivelazione drammatica e sconvolgente: \u00e8 stata <strong>violentata<\/strong> a soli <strong>6 anni<\/strong>.<\/p>\n<div class=\"video_integrato\" data-videoid=\"4866\" data-autostart=\"true\">\u00a0<\/div>\n<figure class=\"caption\"><img decoding=\"async\" alt=\"\" width=\"640\" height=\"367\" src=\"https:\/\/files.gossip.it\/immagini_news\/2017\/10\/1508234563_yespica_2.jpg\" \/><figcaption>La showgrl piange: \u00e8 in lacrime<\/figcaption><\/figure>\n<p>Nessuno sa nulla di questa storia. Gli altri inquilini scoprono il segreto di <strong>Aida Yespica <\/strong>vedendola in diretta dal Confessionale del <strong>GF Vip 2<\/strong>. <em>\" Avevo 5 o <strong>6 anni <\/strong>e c'era una persona con la gobba che abusava di me. Mio padre non lo \u00e8 mai venuto a sapere\"<\/em>, dice la venezuelana in lacrime.<\/p>\n<figure class=\"caption\"><img decoding=\"async\" alt=\"\" width=\"640\" height=\"348\" src=\"https:\/\/files.gossip.it\/immagini_news\/2017\/10\/1508234579_yespica_3.jpg\" \/><figcaption>Nonostante il dramma, la venezuelana \u00e8 andata avanti<\/figcaption><\/figure>\n<p><em>\"Sei una donna forte<\/em> - commenta commossa <a href=\"\/vip\/cecilia-rodriguez\/\">Cecilia Rodriguez<\/a> - <em>Sei un esempio per tutte noi\"<\/em>. Dopo aver confessato di essere stata<strong> violentata <\/strong>a <strong>6 anni<\/strong>, <strong>Aida Yespica<\/strong> parla anche della madre, che l'ha lasciata sola quando era piccola: <em>\"Tutti commettiamo errori, lei era molto giovane. Io la amo, \u00e8 mia madre e le voglio dire che sono qui. Il passato \u00e8 passato. Abbiamo parlato prima di venire qui. Aveva 16 anni, ho capito perch\u00e9 mi ha abbandonato. Non ho rancori\".<\/em><\/p>\n<figure class=\"caption\"><img decoding=\"async\" alt=\"\" width=\"640\" height=\"363\" src=\"https:\/\/files.gossip.it\/immagini_news\/2017\/10\/1508234596_yespica_4.jpg\" \/><figcaption>La 35enne ha parole dolci pure per la mamma, che l'ha abbandonata quando aveva appena 2 anni<\/figcaption><\/figure>\n<p><em>\u201cPoi ho conosciuto una persona che mi ha dato tutto quello che ho, Aron mio figlio, la mia vita\u201d<\/em>, dice la 35enne. Tutti sono colpiti dalle sue parole. <a href=\"\/vip\/alfonso-signorini\/\">Alfonso Signorini<\/a>, in studio, le chiede se questi episodi raccontati l'abbiano condizionata. <em>\"Raccontarlo mi tocca tanto, ma mi d\u00e0 anche la forza di andare avanti\u201d<\/em>, sottolinea Aida.\u00a0<\/p>\n<figure class=\"caption\"><img decoding=\"async\" alt=\"\" width=\"640\" height=\"354\" src=\"https:\/\/files.gossip.it\/immagini_news\/2017\/10\/1508234613_yespica_5.jpg\" \/><figcaption>Aida sorride commossa quando le viene mostrato un video del figlio che la saluta dagli States, dove \u00e8 con il pap\u00e0, Matteo Ferrari<\/figcaption><\/figure>\n<p>Il direttore di <em>Chi <\/em>si complimenta con lei: <em>\u201cGrazie per aver avuto questo coraggio. L\u2019unico elemento che le donne possono avere nei confronti di questi animali, che attualmente sono su tutte le prime pagine dei giornali, \u00e8 la denuncia\u201d<\/em>. Poi parte un video in cui si vede Aron che saluta la mamma. Il bimbo \u00e8 a Miami con il pap\u00e0, <a href=\"\/vip\/matteo-ferrari\/\">Matteo Ferrari<\/a>. <strong>Aida Yespica<\/strong>\u00a0al <strong>GF Vip 2<\/strong> piange di nuovo.<\/p>\n<p>\u00a0<\/p>\n<p>\u00a0<\/p>\n","protected":false},"excerpt":{"rendered":"<p>Aida Yespica in Confessionale al GF Vip 2 racconta la sua infanzia difficile e parla degli abusi subiti: la showgirl \u00e8 stata violentata quando aveva solo 6 anni. Aida Yespica al 'GF Vip 2' racconta l'infanzia difficile e svela di essere stata violentata a 6 anni Al GF Vip 2 Aida Yespica ripercorre i suoi [&hellip;]<\/p>\n","protected":false},"author":1,"featured_media":115385,"comment_status":"closed","ping_status":"closed","sticky":false,"template":"","format":"standard","meta":{"footnotes":""},"categories":[54],"tags":[1925,6570,11156,2098,2102,2126,11038,1875,11214,1997,1934,2128,1967,2097,56958],"vip":[225,286,952],"class_list":["post-59339","post","type-post","status-publish","format-standard","has-post-thumbnail","hentry","category-news","tag-6-anni","tag-aaron","tag-aron","tag-canale-5","tag-dichiarazioni","tag-gf-vip","tag-gf-vip-2","tag-grande-fratello-vip","tag-grande-fratello-vip-2","tag-modella","tag-reality","tag-reality-show","tag-showgirl","tag-tv","tag-violentata","vip-aida_yespica","vip-alfonso_signorini","vip-ilary_blasi"],"yoast_head":"<title>Aida Yespica in lacrime al GF Vip 2: &#039;Violentata a 6 anni&#039; - Gossip.it | News sul Gossip e VIP<\/title>\n<meta name=\"description\" content=\"Aida Yespica in Confessionale al GF Vip 2 racconta la sua infanzia difficile e parla degli abusi subiti: la showgirl \u00e8 stata violentata quando aveva solo\" \/>\n<meta name=\"robots\" content=\"index, follow, max-snippet:-1, max-image-preview:large, max-video-preview:-1\" \/>\n<link rel=\"canonical\" href=\"https:\/\/www.gossip.it\/news\/aida-yespica-violentata-6-anni-gf-vip-2\/\" \/>\n<meta property=\"og:locale\" content=\"it_IT\" \/>\n<meta property=\"og:type\" content=\"article\" \/>\n<meta property=\"og:title\" content=\"Aida Yespica in lacrime al GF Vip 2: &#039;Violentata a 6 anni&#039; - Gossip.it | News sul Gossip e VIP\" \/>\n<meta property=\"og:description\" content=\"Aida Yespica in Confessionale al GF Vip 2 racconta la sua infanzia difficile e parla degli abusi subiti: la showgirl \u00e8 stata violentata quando aveva solo\" \/>\n<meta property=\"og:url\" content=\"https:\/\/www.gossip.it\/news\/aida-yespica-violentata-6-anni-gf-vip-2\/\" \/>\n<meta property=\"og:site_name\" content=\"Gossip.it | News sul Gossip e VIP\" \/>\n<meta property=\"article:publisher\" content=\"https:\/\/www.facebook.com\/GossipIT\" \/>\n<meta property=\"article:published_time\" content=\"2017-10-16T22:00:00+00:00\" \/>\n<meta property=\"og:image\" content=\"https:\/\/files.gossip.it\/immagini_news\/2017\/10\/1508234539_yespica_1.jpg\" \/>\n<meta name=\"author\" content=\"La Redazione\" \/>\n<meta name=\"twitter:card\" content=\"summary_large_image\" \/>\n<meta name=\"twitter:image\" content=\"https:\/\/files.gossip.it\/immagini_news\/2017\/10\/1508234539_yespica_1.jpg\" \/>\n<meta name=\"twitter:creator\" content=\"@gossinews_it\" \/>\n<meta name=\"twitter:site\" content=\"@gossinews_it\" \/>\n<meta name=\"twitter:label1\" content=\"Scritto da\" \/>\n\t<meta name=\"twitter:data1\" content=\"Annamaria Capozzi\" \/>\n\t<meta name=\"twitter:label2\" content=\"Tempo di lettura stimato\" \/>\n\t<meta name=\"twitter:data2\" content=\"2 minuti\" \/>","yoast_head_json":{"title":"Aida Yespica in lacrime al GF Vip 2: 'Violentata a 6 anni' - Gossip.it | News sul Gossip e VIP","description":"Aida Yespica in Confessionale al GF Vip 2 racconta la sua infanzia difficile e parla degli abusi subiti: la showgirl \u00e8 stata violentata quando aveva solo","robots":{"index":"index","follow":"follow","max-snippet":"max-snippet:-1","max-image-preview":"max-image-preview:large","max-video-preview":"max-video-preview:-1"},"canonical":"https:\/\/www.gossip.it\/news\/aida-yespica-violentata-6-anni-gf-vip-2\/","og_locale":"it_IT","og_type":"article","og_title":"Aida Yespica in lacrime al GF Vip 2: 'Violentata a 6 anni' - Gossip.it | News sul Gossip e VIP","og_description":"Aida Yespica in Confessionale al GF Vip 2 racconta la sua infanzia difficile e parla degli abusi subiti: la showgirl \u00e8 stata violentata quando aveva solo","og_url":"https:\/\/www.gossip.it\/news\/aida-yespica-violentata-6-anni-gf-vip-2\/","og_site_name":"Gossip.it | News sul Gossip e VIP","article_publisher":"https:\/\/www.facebook.com\/GossipIT","article_published_time":"2017-10-16T22:00:00+00:00","og_image":[{"url":"https:\/\/files.gossip.it\/immagini_news\/2017\/10\/1508234539_yespica_1.jpg"}],"author":"La Redazione","twitter_card":"summary_large_image","twitter_image":"https:\/\/files.gossip.it\/immagini_news\/2017\/10\/1508234539_yespica_1.jpg","twitter_creator":"@gossinews_it","twitter_site":"@gossinews_it","twitter_misc":{"Scritto da":"Annamaria Capozzi","Tempo di lettura stimato":"2 minuti"},"schema":{"@context":"https:\/\/schema.org","@graph":[{"@type":"Article","@id":"https:\/\/www.gossip.it\/news\/aida-yespica-violentata-6-anni-gf-vip-2\/#article","isPartOf":{"@id":"https:\/\/www.gossip.it\/news\/aida-yespica-violentata-6-anni-gf-vip-2\/"},"author":{"name":"La Redazione","@id":"https:\/\/www.gossip.it\/#\/schema\/person\/488896f75158bff1cc83c6c39d141110"},"headline":"Aida Yespica in lacrime al GF Vip 2: 'Violentata a 6 anni'","datePublished":"2017-10-16T22:00:00+00:00","dateModified":"2017-10-16T22:00:00+00:00","mainEntityOfPage":{"@id":"https:\/\/www.gossip.it\/news\/aida-yespica-violentata-6-anni-gf-vip-2\/"},"wordCount":406,"publisher":{"@id":"https:\/\/www.gossip.it\/#organization"},"image":{"@id":"https:\/\/www.gossip.it\/news\/aida-yespica-violentata-6-anni-gf-vip-2\/#primaryimage"},"thumbnailUrl":"https:\/\/files.gossip.it\/immagini_news\/2017\/10\/1508234539_yespica_1.jpg","keywords":["6 anni","aaron","aron","canale 5","dichiarazioni","gf vip","gf vip 2","grande fratello vip","grande fratello vip 2","modella","reality","reality show","showgirl","tv","violentata"],"articleSection":["News"],"inLanguage":"it-IT"},{"@type":"WebPage","@id":"https:\/\/www.gossip.it\/news\/aida-yespica-violentata-6-anni-gf-vip-2\/","url":"https:\/\/www.gossip.it\/news\/aida-yespica-violentata-6-anni-gf-vip-2\/","name":"Aida Yespica in lacrime al GF Vip 2: 'Violentata a 6 anni' - Gossip.it | News sul Gossip e VIP","isPartOf":{"@id":"https:\/\/www.gossip.it\/#website"},"primaryImageOfPage":{"@id":"https:\/\/www.gossip.it\/news\/aida-yespica-violentata-6-anni-gf-vip-2\/#primaryimage"},"image":{"@id":"https:\/\/www.gossip.it\/news\/aida-yespica-violentata-6-anni-gf-vip-2\/#primaryimage"},"thumbnailUrl":"https:\/\/files.gossip.it\/immagini_news\/2017\/10\/1508234539_yespica_1.jpg","datePublished":"2017-10-16T22:00:00+00:00","dateModified":"2017-10-16T22:00:00+00:00","description":"Aida Yespica in Confessionale al GF Vip 2 racconta la sua infanzia difficile e parla degli abusi subiti: la showgirl \u00e8 stata violentata quando aveva solo","breadcrumb":{"@id":"https:\/\/www.gossip.it\/news\/aida-yespica-violentata-6-anni-gf-vip-2\/#breadcrumb"},"inLanguage":"it-IT","potentialAction":[{"@type":"ReadAction","target":["https:\/\/www.gossip.it\/news\/aida-yespica-violentata-6-anni-gf-vip-2\/"]}]},{"@type":"ImageObject","inLanguage":"it-IT","@id":"https:\/\/www.gossip.it\/news\/aida-yespica-violentata-6-anni-gf-vip-2\/#primaryimage","url":"https:\/\/files.gossip.it\/immagini_news\/2017\/10\/1508234539_yespica_1.jpg","contentUrl":"https:\/\/files.gossip.it\/immagini_news\/2017\/10\/1508234539_yespica_1.jpg"},{"@type":"BreadcrumbList","@id":"https:\/\/www.gossip.it\/news\/aida-yespica-violentata-6-anni-gf-vip-2\/#breadcrumb","itemListElement":[{"@type":"ListItem","position":1,"name":"Home","item":"https:\/\/www.gossip.it\/"},{"@type":"ListItem","position":2,"name":"Aida Yespica in lacrime al GF Vip 2: 'Violentata a 6 anni'"}]},{"@type":"WebSite","@id":"https:\/\/www.gossip.it\/#website","url":"https:\/\/www.gossip.it\/","name":"Gossip and VIP News","description":"Quotidiano di cronaca rosa, costume e societ\u00e0","publisher":{"@id":"https:\/\/www.gossip.it\/#organization"},"alternateName":"Gossip and VIP News","potentialAction":[{"@type":"SearchAction","target":{"@type":"EntryPoint","urlTemplate":"https:\/\/www.gossip.it\/?s={search_term_string}"},"query-input":{"@type":"PropertyValueSpecification","valueRequired":true,"valueName":"search_term_string"}}],"inLanguage":"it-IT"},{"@type":"Organization","@id":"https:\/\/www.gossip.it\/#organization","name":"Gossip and VIP News","alternateName":"Gossip News","url":"https:\/\/www.gossip.it\/","logo":{"@type":"ImageObject","inLanguage":"it-IT","@id":"https:\/\/www.gossip.it\/#\/schema\/logo\/image\/","url":"https:\/\/www.gossip.it\/wp-content\/uploads\/2022\/04\/cropped-corna-alta-tiny.png","contentUrl":"https:\/\/www.gossip.it\/wp-content\/uploads\/2022\/04\/cropped-corna-alta-tiny.png","width":512,"height":512,"caption":"Gossip and VIP News"},"image":{"@id":"https:\/\/www.gossip.it\/#\/schema\/logo\/image\/"},"sameAs":["https:\/\/www.facebook.com\/GossipIT","https:\/\/x.com\/gossinews_it","https:\/\/instagram.com\/gossip_it"]},{"@type":"Person","@id":"https:\/\/www.gossip.it\/#\/schema\/person\/488896f75158bff1cc83c6c39d141110","name":"La Redazione","image":{"@type":"ImageObject","inLanguage":"it-IT","@id":"https:\/\/www.gossip.it\/#\/schema\/person\/image\/","url":"https:\/\/secure.gravatar.com\/avatar\/5a5f5c6fa3e6700e4249abdad0263a1e94e927d9e0499b1cb09c1cd29c044d80?s=96&d=mm&r=g","contentUrl":"https:\/\/secure.gravatar.com\/avatar\/5a5f5c6fa3e6700e4249abdad0263a1e94e927d9e0499b1cb09c1cd29c044d80?s=96&d=mm&r=g","caption":"La Redazione"},"sameAs":["https:\/\/www.gossip.it"]}]}},"amp_enabled":true,"_links":{"self":[{"href":"https:\/\/www.gossip.it\/api\/wp\/v2\/posts\/59339","targetHints":{"allow":["GET"]}}],"collection":[{"href":"https:\/\/www.gossip.it\/api\/wp\/v2\/posts"}],"about":[{"href":"https:\/\/www.gossip.it\/api\/wp\/v2\/types\/post"}],"author":[{"embeddable":true,"href":"https:\/\/www.gossip.it\/api\/wp\/v2\/users\/1"}],"replies":[{"embeddable":true,"href":"https:\/\/www.gossip.it\/api\/wp\/v2\/comments?post=59339"}],"version-history":[{"count":0,"href":"https:\/\/www.gossip.it\/api\/wp\/v2\/posts\/59339\/revisions"}],"wp:featuredmedia":[{"embeddable":true,"href":"https:\/\/www.gossip.it\/api\/wp\/v2\/media\/115385"}],"wp:attachment":[{"href":"https:\/\/www.gossip.it\/api\/wp\/v2\/media?parent=59339"}],"wp:term":[{"taxonomy":"category","embeddable":true,"href":"https:\/\/www.gossip.it\/api\/wp\/v2\/categories?post=59339"},{"taxonomy":"post_tag","embeddable":true,"href":"https:\/\/www.gossip.it\/api\/wp\/v2\/tags?post=59339"},{"taxonomy":"vip","embeddable":true,"href":"https:\/\/www.gossip.it\/api\/wp\/v2\/vip?post=59339"}],"curies":[{"name":"wp","href":"https:\/\/api.w.org\/{rel}","templated":true}]}}