{"id":59343,"date":"2017-10-17T00:00:00","date_gmt":"2017-10-16T22:00:00","guid":{"rendered":"https:\/\/www.gossip.it\/senza-categoria\/mario-balotelli-figlio-prima-foto\/"},"modified":"2017-10-17T00:00:00","modified_gmt":"2017-10-16T22:00:00","slug":"mario-balotelli-figlio-prima-foto","status":"publish","type":"post","link":"https:\/\/www.gossip.it\/news\/mario-balotelli-figlio-prima-foto\/","title":{"rendered":"Mario Balotelli pubblica sul social la prima foto con il figlio Lion"},"content":{"rendered":"<p><a href=\"\/vip\/mario-balotelli\/\">Mario Balotelli<\/a>, 27 anni, pubblica sul <a href=\"\/vip\/social-\/\">social <\/a>la <strong>prima foto<\/strong> insieme al <strong>figlio<\/strong> Lion, il secondogenito nato lo scorso 28 settembre: <em>\"Good night\"<\/em>, scrive il calciatore nella didascalia e usa anche l'hashtag <em>#Father&Son<\/em>.<\/p>\n<figure class=\"caption\"><img decoding=\"async\" alt=\"\" src=\"https:\/\/files.gossip.it\/immagini_news\/2017\/10\/1508240610_balo-interno.jpg\" \/><figcaption>Mario Balotelli abbracciato al figlio Lion nella prima foto social insieme\u00a0<\/figcaption><\/figure>\n<p>Padre e<strong> figlio<\/strong> in una tenera <strong>foto<\/strong>, la prima che <strong>Balotelli<\/strong> condivide sul <a href=\"\/vip\/social\/\">social<\/a> insieme al bimbo nato dalla relazione con la compagna Clelia, 26enne residente in Svizzera. Una storia d'amore di cui ancora non si conoscono molti dettagli. <strong>Mario<\/strong> sta mantenendo un basso profilo sulla sua vita privata che a quanto pare negli ultimi mesi ha subito un bellissimo scossone: l'arrivo di un altro erede.<br \/>Il campione del Nizza, infatti, \u00e8 gi\u00e0 pap\u00e0 della piccola <a href=\"\/vip\/pia\/\">Pia<\/a>, avuta da una breve relazione con l'ex gieffina <a href=\"\/vip\/raffaella-fico\/\">Raffaella Fico<\/a>.<br \/>Dopo un inizio turbolento, con la richiesta del test del DNA, il calciatore ha accolto la figlia nella sua vita ed \u00e8 diventato un pap\u00e0 modello. Ora ha fatto il bis.<\/p>\n<p><strong>Mario<\/strong> lo scorso settembre ha pubblicato la foto di un pancione, lasciando intendere che stava per diventare genitore un'altra volta. Il 28 dello stesso mese a Zurigo \u00e8 nato Lion. Finalmente <strong>Balotelli<\/strong> posta la <strong>prima foto<\/strong> che lo ritrae insieme al beb\u00e8 e presenta al mondo il secondo figlio.\u00a0<\/p>\n<div class=\"video_integrato\" data-videoid=\"4623\" data-autostart=\"true\">\u00a0<\/div>\n<p>\u00a0<\/p>\n","protected":false},"excerpt":{"rendered":"<p>Mario Balotelli, 27 anni, pubblica sul social la prima foto insieme al figlio Lion, il secondogenito nato lo scorso 28 settembre: \"Good night\", scrive il calciatore nella didascalia e usa anche l'hashtag #Father&#038;Son. Mario Balotelli abbracciato al figlio Lion nella prima foto social insieme\u00a0 Padre e figlio in una tenera foto, la prima che Balotelli [&hellip;]<\/p>\n","protected":false},"author":1,"featured_media":115389,"comment_status":"closed","ping_status":"closed","sticky":false,"template":"","format":"standard","meta":{"footnotes":""},"categories":[54],"tags":[2218,3609,11359,1942,12200,2118,39163,11036,8213,1923],"vip":[1260,1534],"class_list":["post-59343","post","type-post","status-publish","format-standard","has-post-thumbnail","hentry","category-news","tag-calciatore","tag-calcio","tag-clelia","tag-figlio","tag-follower","tag-foto","tag-lion","tag-nizza","tag-pia","tag-social","vip-mario_balotelli","vip-raffaella_fico"],"yoast_head":"<title>Mario Balotelli pubblica sul social la prima foto con il figlio Lion - Gossip.it | News sul Gossip e VIP<\/title>\n<meta name=\"description\" content=\"Mario Balotelli, 27 anni, pubblica sul social la prima foto insieme al figlio Lion, il secondogenito nato lo scorso 28 settembre: &quot;Good night&quot;, scrive il\" \/>\n<meta name=\"robots\" content=\"index, follow, max-snippet:-1, max-image-preview:large, max-video-preview:-1\" \/>\n<link rel=\"canonical\" href=\"https:\/\/www.gossip.it\/news\/mario-balotelli-figlio-prima-foto\/\" \/>\n<meta property=\"og:locale\" content=\"it_IT\" \/>\n<meta property=\"og:type\" content=\"article\" \/>\n<meta property=\"og:title\" content=\"Mario Balotelli pubblica sul social la prima foto con il figlio Lion - Gossip.it | News sul Gossip e VIP\" \/>\n<meta property=\"og:description\" content=\"Mario Balotelli, 27 anni, pubblica sul social la prima foto insieme al figlio Lion, il secondogenito nato lo scorso 28 settembre: &quot;Good night&quot;, scrive il\" \/>\n<meta property=\"og:url\" content=\"https:\/\/www.gossip.it\/news\/mario-balotelli-figlio-prima-foto\/\" \/>\n<meta property=\"og:site_name\" content=\"Gossip.it | News sul Gossip e VIP\" \/>\n<meta property=\"article:publisher\" content=\"https:\/\/www.facebook.com\/GossipIT\" \/>\n<meta property=\"article:published_time\" content=\"2017-10-16T22:00:00+00:00\" \/>\n<meta property=\"og:image\" content=\"https:\/\/files.gossip.it\/immagini_news\/2017\/10\/1508240610_balo-interno.jpg\" \/>\n<meta name=\"author\" content=\"La Redazione\" \/>\n<meta name=\"twitter:card\" content=\"summary_large_image\" \/>\n<meta name=\"twitter:image\" content=\"https:\/\/files.gossip.it\/immagini_news\/2017\/10\/1508240610_balo-interno.jpg\" \/>\n<meta name=\"twitter:creator\" content=\"@gossinews_it\" \/>\n<meta name=\"twitter:site\" content=\"@gossinews_it\" \/>\n<meta name=\"twitter:label1\" content=\"Scritto da\" \/>\n\t<meta name=\"twitter:data1\" content=\"Francesca Romana Domenici\" \/>\n\t<meta name=\"twitter:label2\" content=\"Tempo di lettura stimato\" \/>\n\t<meta name=\"twitter:data2\" content=\"1 minuto\" \/>","yoast_head_json":{"title":"Mario Balotelli pubblica sul social la prima foto con il figlio Lion - Gossip.it | News sul Gossip e VIP","description":"Mario Balotelli, 27 anni, pubblica sul social la prima foto insieme al figlio Lion, il secondogenito nato lo scorso 28 settembre: \"Good night\", scrive il","robots":{"index":"index","follow":"follow","max-snippet":"max-snippet:-1","max-image-preview":"max-image-preview:large","max-video-preview":"max-video-preview:-1"},"canonical":"https:\/\/www.gossip.it\/news\/mario-balotelli-figlio-prima-foto\/","og_locale":"it_IT","og_type":"article","og_title":"Mario Balotelli pubblica sul social la prima foto con il figlio Lion - Gossip.it | News sul Gossip e VIP","og_description":"Mario Balotelli, 27 anni, pubblica sul social la prima foto insieme al figlio Lion, il secondogenito nato lo scorso 28 settembre: \"Good night\", scrive il","og_url":"https:\/\/www.gossip.it\/news\/mario-balotelli-figlio-prima-foto\/","og_site_name":"Gossip.it | News sul Gossip e VIP","article_publisher":"https:\/\/www.facebook.com\/GossipIT","article_published_time":"2017-10-16T22:00:00+00:00","og_image":[{"url":"https:\/\/files.gossip.it\/immagini_news\/2017\/10\/1508240610_balo-interno.jpg"}],"author":"La Redazione","twitter_card":"summary_large_image","twitter_image":"https:\/\/files.gossip.it\/immagini_news\/2017\/10\/1508240610_balo-interno.jpg","twitter_creator":"@gossinews_it","twitter_site":"@gossinews_it","twitter_misc":{"Scritto da":"Francesca Romana Domenici","Tempo di lettura stimato":"1 minuto"},"schema":{"@context":"https:\/\/schema.org","@graph":[{"@type":"Article","@id":"https:\/\/www.gossip.it\/news\/mario-balotelli-figlio-prima-foto\/#article","isPartOf":{"@id":"https:\/\/www.gossip.it\/news\/mario-balotelli-figlio-prima-foto\/"},"author":{"name":"La Redazione","@id":"https:\/\/www.gossip.it\/#\/schema\/person\/488896f75158bff1cc83c6c39d141110"},"headline":"Mario Balotelli pubblica sul social la prima foto con il figlio Lion","datePublished":"2017-10-16T22:00:00+00:00","dateModified":"2017-10-16T22:00:00+00:00","mainEntityOfPage":{"@id":"https:\/\/www.gossip.it\/news\/mario-balotelli-figlio-prima-foto\/"},"wordCount":223,"publisher":{"@id":"https:\/\/www.gossip.it\/#organization"},"image":{"@id":"https:\/\/www.gossip.it\/news\/mario-balotelli-figlio-prima-foto\/#primaryimage"},"thumbnailUrl":"https:\/\/files.gossip.it\/immagini_news\/2017\/10\/1508240610_balo-interno.jpg","keywords":["calciatore","calcio","clelia","figlio","follower","foto","lion","nizza","pia","social"],"articleSection":["News"],"inLanguage":"it-IT"},{"@type":"WebPage","@id":"https:\/\/www.gossip.it\/news\/mario-balotelli-figlio-prima-foto\/","url":"https:\/\/www.gossip.it\/news\/mario-balotelli-figlio-prima-foto\/","name":"Mario Balotelli pubblica sul social la prima foto con il figlio Lion - Gossip.it | News sul Gossip e VIP","isPartOf":{"@id":"https:\/\/www.gossip.it\/#website"},"primaryImageOfPage":{"@id":"https:\/\/www.gossip.it\/news\/mario-balotelli-figlio-prima-foto\/#primaryimage"},"image":{"@id":"https:\/\/www.gossip.it\/news\/mario-balotelli-figlio-prima-foto\/#primaryimage"},"thumbnailUrl":"https:\/\/files.gossip.it\/immagini_news\/2017\/10\/1508240610_balo-interno.jpg","datePublished":"2017-10-16T22:00:00+00:00","dateModified":"2017-10-16T22:00:00+00:00","description":"Mario Balotelli, 27 anni, pubblica sul social la prima foto insieme al figlio Lion, il secondogenito nato lo scorso 28 settembre: \"Good night\", scrive il","breadcrumb":{"@id":"https:\/\/www.gossip.it\/news\/mario-balotelli-figlio-prima-foto\/#breadcrumb"},"inLanguage":"it-IT","potentialAction":[{"@type":"ReadAction","target":["https:\/\/www.gossip.it\/news\/mario-balotelli-figlio-prima-foto\/"]}]},{"@type":"ImageObject","inLanguage":"it-IT","@id":"https:\/\/www.gossip.it\/news\/mario-balotelli-figlio-prima-foto\/#primaryimage","url":"https:\/\/files.gossip.it\/immagini_news\/2017\/10\/1508240610_balo-interno.jpg","contentUrl":"https:\/\/files.gossip.it\/immagini_news\/2017\/10\/1508240610_balo-interno.jpg"},{"@type":"BreadcrumbList","@id":"https:\/\/www.gossip.it\/news\/mario-balotelli-figlio-prima-foto\/#breadcrumb","itemListElement":[{"@type":"ListItem","position":1,"name":"Home","item":"https:\/\/www.gossip.it\/"},{"@type":"ListItem","position":2,"name":"Mario Balotelli pubblica sul social la prima foto con il figlio Lion"}]},{"@type":"WebSite","@id":"https:\/\/www.gossip.it\/#website","url":"https:\/\/www.gossip.it\/","name":"Gossip and VIP News","description":"Quotidiano di cronaca rosa, costume e societ\u00e0","publisher":{"@id":"https:\/\/www.gossip.it\/#organization"},"alternateName":"Gossip and VIP News","potentialAction":[{"@type":"SearchAction","target":{"@type":"EntryPoint","urlTemplate":"https:\/\/www.gossip.it\/?s={search_term_string}"},"query-input":{"@type":"PropertyValueSpecification","valueRequired":true,"valueName":"search_term_string"}}],"inLanguage":"it-IT"},{"@type":"Organization","@id":"https:\/\/www.gossip.it\/#organization","name":"Gossip and VIP News","alternateName":"Gossip News","url":"https:\/\/www.gossip.it\/","logo":{"@type":"ImageObject","inLanguage":"it-IT","@id":"https:\/\/www.gossip.it\/#\/schema\/logo\/image\/","url":"https:\/\/www.gossip.it\/wp-content\/uploads\/2022\/04\/cropped-corna-alta-tiny.png","contentUrl":"https:\/\/www.gossip.it\/wp-content\/uploads\/2022\/04\/cropped-corna-alta-tiny.png","width":512,"height":512,"caption":"Gossip and VIP News"},"image":{"@id":"https:\/\/www.gossip.it\/#\/schema\/logo\/image\/"},"sameAs":["https:\/\/www.facebook.com\/GossipIT","https:\/\/x.com\/gossinews_it","https:\/\/instagram.com\/gossip_it"]},{"@type":"Person","@id":"https:\/\/www.gossip.it\/#\/schema\/person\/488896f75158bff1cc83c6c39d141110","name":"La Redazione","image":{"@type":"ImageObject","inLanguage":"it-IT","@id":"https:\/\/www.gossip.it\/#\/schema\/person\/image\/","url":"https:\/\/secure.gravatar.com\/avatar\/5a5f5c6fa3e6700e4249abdad0263a1e94e927d9e0499b1cb09c1cd29c044d80?s=96&d=mm&r=g","contentUrl":"https:\/\/secure.gravatar.com\/avatar\/5a5f5c6fa3e6700e4249abdad0263a1e94e927d9e0499b1cb09c1cd29c044d80?s=96&d=mm&r=g","caption":"La Redazione"},"sameAs":["https:\/\/www.gossip.it"]}]}},"amp_enabled":true,"_links":{"self":[{"href":"https:\/\/www.gossip.it\/api\/wp\/v2\/posts\/59343","targetHints":{"allow":["GET"]}}],"collection":[{"href":"https:\/\/www.gossip.it\/api\/wp\/v2\/posts"}],"about":[{"href":"https:\/\/www.gossip.it\/api\/wp\/v2\/types\/post"}],"author":[{"embeddable":true,"href":"https:\/\/www.gossip.it\/api\/wp\/v2\/users\/1"}],"replies":[{"embeddable":true,"href":"https:\/\/www.gossip.it\/api\/wp\/v2\/comments?post=59343"}],"version-history":[{"count":0,"href":"https:\/\/www.gossip.it\/api\/wp\/v2\/posts\/59343\/revisions"}],"wp:featuredmedia":[{"embeddable":true,"href":"https:\/\/www.gossip.it\/api\/wp\/v2\/media\/115389"}],"wp:attachment":[{"href":"https:\/\/www.gossip.it\/api\/wp\/v2\/media?parent=59343"}],"wp:term":[{"taxonomy":"category","embeddable":true,"href":"https:\/\/www.gossip.it\/api\/wp\/v2\/categories?post=59343"},{"taxonomy":"post_tag","embeddable":true,"href":"https:\/\/www.gossip.it\/api\/wp\/v2\/tags?post=59343"},{"taxonomy":"vip","embeddable":true,"href":"https:\/\/www.gossip.it\/api\/wp\/v2\/vip?post=59343"}],"curies":[{"name":"wp","href":"https:\/\/api.w.org\/{rel}","templated":true}]}}