{"id":59391,"date":"2017-10-23T00:00:00","date_gmt":"2017-10-22T22:00:00","guid":{"rendered":"https:\/\/www.gossip.it\/senza-categoria\/laura-freddi-incinta-domenica-live\/"},"modified":"2017-10-23T00:00:00","modified_gmt":"2017-10-22T22:00:00","slug":"laura-freddi-incinta-domenica-live","status":"publish","type":"post","link":"https:\/\/www.gossip.it\/news\/laura-freddi-incinta-domenica-live\/","title":{"rendered":"Laura Freddi incinta a 'Domenica Live': 'Dall'8 gennaio ogni momento \u00e8 buono...'"},"content":{"rendered":"<p><a href=\"\/vip\/laura-freddi\/\">Laura Freddi<\/a> <a href=\"\/vip\/incinta\/\">incinta<\/a> di sette mesi mostra il suo pancione a \"<a href=\"\/vip\/domenica-live\/\">Domenica Live<\/a>\". Ospite di <a href=\"\/vip\/barbara-d'urso\/\">Barbara D'Urso<\/a> racconta la sua felicit\u00e0 per il beb\u00e8 che porta in grembo e che partorir\u00e0 a inizio 2018.<\/p>\n<figure class=\"caption\"><img decoding=\"async\" alt=\"\" width=\"640\" height=\"640\" src=\"https:\/\/files.gossip.it\/immagini_news\/2017\/10\/1508753021_freddi-1.jpg\" \/><figcaption>Laura Freddi incinta di sette mesi ospite di Barbara D'Urso a 'Domenica Live'<\/figcaption><\/figure>\n<p><strong>Incinta<\/strong> e felice a \"<strong>Domenica Live<\/strong>\",<strong> Laura Freddi<\/strong> spiega: <em>\"Ho inseguito questo bambino per tanto tempo. Ho conosciuto il mio compagno che avevo gi\u00e0 40 anni, non \u00e8 stato semplice. Ho lasciato che le cose andassero. Ho scoperto di essere <strong>incinta<\/strong> il giorno del mio compleanno. Avrei dovuto fare delle cure, sistemare dei problemini. Una volta sistemato il problema, non ho dovuto accanirmi cos\u00ec tanto. Ringrazio Dio\".<\/em><\/p>\n<p><strong>Incinta<\/strong> della sua<em> 'Fagiolina'<\/em>, questo il nomignolo ricamato sulle prime tutine della sua bambina,<strong> Laura Freddi<\/strong> a \"Domenica Live\" svela le sue emozioni e sorride entusiasta. <em>\"Ho avuto i segnali che una donna si sente. Ho sentito il bisogno di fare un test di gravidanza. Ho concepito questo bambino a 44 anni, un mese prima del mio compleanno - dice - Sar\u00e0 una femmina. Dall\u20198 gennaio, ogni momento \u00e8 nuovo. Spero che non nasca il giorno della Befana!\".<\/em><\/p>\n<figure class=\"caption\"><img decoding=\"async\" alt=\"\" width=\"640\" height=\"357\" src=\"https:\/\/files.gossip.it\/immagini_news\/2017\/10\/1508753069_freddi-2.jpg\" \/><figcaption>La bionda vede in collegamentoil compagno, Leonardo D'Amico, e si commuove<\/figcaption><\/figure>\n<p>Emozionata per il dono ricevuto, \u00e8 orgogliosa del suo essere <strong>incinta<\/strong>. Durante l'intervista a \"Domenica Live\" in collegamento c'\u00e8 pure il suo compagno, <a href=\"\/vip\/leonardo-d'amico\/\">Leonardo D'Amico<\/a>. <strong>Laura Freddi <\/strong>si confronta con lui per la scelta del nome della piccola: al pap\u00e0 piacerebbe chiamarla Ludovica, la mamma preferirebbe Ginevra.<\/p>\n<p>Laura sar\u00e0 madre, ma i suoi sogni non sono finiti qui: le piacerebbe sposarsi con Leonardo. Scherzosamente rivolgendosi a <a href=\"\/vip\/carmelita\/\">Carmelita<\/a> esclama: <em>\"Se riesci a convincerlo a sposarmi, io mi sposo qui!\".<\/em> Il suo<em> 'lui'<\/em> al momento non si scompone, ma le fa una bellissima dedica, Laura si commuove. Anche <a href=\"\/vip\/gerry-scotti\/\">Gerry Scotti<\/a>, legato a lei da stima e amicizia, in un'altra clip video dedicata la definisce<em> \"straordinaria, simpatica e solare\".\u00a0<\/em><\/p>\n<figure class=\"caption\"><img decoding=\"async\" alt=\"\" width=\"640\" height=\"362\" src=\"https:\/\/files.gossip.it\/immagini_news\/2017\/10\/1508753114_freddi-3.jpg\" \/><figcaption>La bimba che porta in grembo nascer\u00e0 a gennaio 2018<\/figcaption><\/figure>\n<p>\u00a0<\/p>\n","protected":false},"excerpt":{"rendered":"<p>Laura Freddi incinta di sette mesi mostra il suo pancione a \"Domenica Live\". Ospite di Barbara D'Urso racconta la sua felicit\u00e0 per il beb\u00e8 che porta in grembo e che partorir\u00e0 a inizio 2018. Laura Freddi incinta di sette mesi ospite di Barbara D'Urso a 'Domenica Live' Incinta e felice a \"Domenica Live\", Laura Freddi [&hellip;]<\/p>\n","protected":false},"author":1,"featured_media":115437,"comment_status":"closed","ping_status":"closed","sticky":false,"template":"","format":"standard","meta":{"footnotes":""},"categories":[54],"tags":[40311,6288,4487,4548,2102,7441,2126,1875,2181,2094,2121,56670,13917,4812,2122,1923,2097],"vip":[1080],"class_list":["post-59391","post","type-post","status-publish","format-standard","has-post-thumbnail","hentry","category-news","tag-barbrara-durso","tag-bebe-in-arrivo","tag-bimba","tag-cicogna","tag-dichiarazioni","tag-domenica-live","tag-gf-vip","tag-grande-fratello-vip","tag-gravidanza","tag-incinta","tag-instagram","tag-lorenzo-damico","tag-pancetta","tag-pancione","tag-post","tag-social","tag-tv","vip-laura_freddi"],"yoast_head":"<title>Laura Freddi incinta a &#039;Domenica Live&#039;: &#039;Dall&#039;8 gennaio ogni momento \u00e8 buono...&#039; - Gossip.it | News sul Gossip e VIP<\/title>\n<meta name=\"description\" content=\"Laura Freddi incinta di sette mesi mostra il suo pancione a &quot;Domenica Live&quot;. Ospite di Barbara D&#039;Urso racconta la sua felicit\u00e0 per il beb\u00e8 che porta in\" \/>\n<meta name=\"robots\" content=\"index, follow, max-snippet:-1, max-image-preview:large, max-video-preview:-1\" \/>\n<link rel=\"canonical\" href=\"https:\/\/www.gossip.it\/news\/laura-freddi-incinta-domenica-live\/\" \/>\n<meta property=\"og:locale\" content=\"it_IT\" \/>\n<meta property=\"og:type\" content=\"article\" \/>\n<meta property=\"og:title\" content=\"Laura Freddi incinta a &#039;Domenica Live&#039;: &#039;Dall&#039;8 gennaio ogni momento \u00e8 buono...&#039; - Gossip.it | News sul Gossip e VIP\" \/>\n<meta property=\"og:description\" content=\"Laura Freddi incinta di sette mesi mostra il suo pancione a &quot;Domenica Live&quot;. Ospite di Barbara D&#039;Urso racconta la sua felicit\u00e0 per il beb\u00e8 che porta in\" \/>\n<meta property=\"og:url\" content=\"https:\/\/www.gossip.it\/news\/laura-freddi-incinta-domenica-live\/\" \/>\n<meta property=\"og:site_name\" content=\"Gossip.it | News sul Gossip e VIP\" \/>\n<meta property=\"article:publisher\" content=\"https:\/\/www.facebook.com\/GossipIT\" \/>\n<meta property=\"article:published_time\" content=\"2017-10-22T22:00:00+00:00\" \/>\n<meta property=\"og:image\" content=\"https:\/\/files.gossip.it\/immagini_news\/2017\/10\/1508753021_freddi-1.jpg\" \/>\n<meta name=\"author\" content=\"La Redazione\" \/>\n<meta name=\"twitter:card\" content=\"summary_large_image\" \/>\n<meta name=\"twitter:image\" content=\"https:\/\/files.gossip.it\/immagini_news\/2017\/10\/1508753021_freddi-1.jpg\" \/>\n<meta name=\"twitter:creator\" content=\"@gossinews_it\" \/>\n<meta name=\"twitter:site\" content=\"@gossinews_it\" \/>\n<meta name=\"twitter:label1\" content=\"Scritto da\" \/>\n\t<meta name=\"twitter:data1\" content=\"Annamaria Capozzi\" \/>\n\t<meta name=\"twitter:label2\" content=\"Tempo di lettura stimato\" \/>\n\t<meta name=\"twitter:data2\" content=\"2 minuti\" \/>","yoast_head_json":{"title":"Laura Freddi incinta a 'Domenica Live': 'Dall'8 gennaio ogni momento \u00e8 buono...' - Gossip.it | News sul Gossip e VIP","description":"Laura Freddi incinta di sette mesi mostra il suo pancione a \"Domenica Live\". Ospite di Barbara D'Urso racconta la sua felicit\u00e0 per il beb\u00e8 che porta in","robots":{"index":"index","follow":"follow","max-snippet":"max-snippet:-1","max-image-preview":"max-image-preview:large","max-video-preview":"max-video-preview:-1"},"canonical":"https:\/\/www.gossip.it\/news\/laura-freddi-incinta-domenica-live\/","og_locale":"it_IT","og_type":"article","og_title":"Laura Freddi incinta a 'Domenica Live': 'Dall'8 gennaio ogni momento \u00e8 buono...' - Gossip.it | News sul Gossip e VIP","og_description":"Laura Freddi incinta di sette mesi mostra il suo pancione a \"Domenica Live\". Ospite di Barbara D'Urso racconta la sua felicit\u00e0 per il beb\u00e8 che porta in","og_url":"https:\/\/www.gossip.it\/news\/laura-freddi-incinta-domenica-live\/","og_site_name":"Gossip.it | News sul Gossip e VIP","article_publisher":"https:\/\/www.facebook.com\/GossipIT","article_published_time":"2017-10-22T22:00:00+00:00","og_image":[{"url":"https:\/\/files.gossip.it\/immagini_news\/2017\/10\/1508753021_freddi-1.jpg"}],"author":"La Redazione","twitter_card":"summary_large_image","twitter_image":"https:\/\/files.gossip.it\/immagini_news\/2017\/10\/1508753021_freddi-1.jpg","twitter_creator":"@gossinews_it","twitter_site":"@gossinews_it","twitter_misc":{"Scritto da":"Annamaria Capozzi","Tempo di lettura stimato":"2 minuti"},"schema":{"@context":"https:\/\/schema.org","@graph":[{"@type":"Article","@id":"https:\/\/www.gossip.it\/news\/laura-freddi-incinta-domenica-live\/#article","isPartOf":{"@id":"https:\/\/www.gossip.it\/news\/laura-freddi-incinta-domenica-live\/"},"author":{"name":"La Redazione","@id":"https:\/\/www.gossip.it\/#\/schema\/person\/488896f75158bff1cc83c6c39d141110"},"headline":"Laura Freddi incinta a 'Domenica Live': 'Dall'8 gennaio ogni momento \u00e8 buono...'","datePublished":"2017-10-22T22:00:00+00:00","dateModified":"2017-10-22T22:00:00+00:00","mainEntityOfPage":{"@id":"https:\/\/www.gossip.it\/news\/laura-freddi-incinta-domenica-live\/"},"wordCount":339,"publisher":{"@id":"https:\/\/www.gossip.it\/#organization"},"image":{"@id":"https:\/\/www.gossip.it\/news\/laura-freddi-incinta-domenica-live\/#primaryimage"},"thumbnailUrl":"https:\/\/files.gossip.it\/immagini_news\/2017\/10\/1508753021_freddi-1.jpg","keywords":["barbrara d'urso","beb\u00e8 in arrivo","bimba","cicogna","dichiarazioni","domenica live","gf vip","grande fratello vip","gravidanza","incinta","instagram","lorenzo d'amico","pancetta","pancione","post","social","tv"],"articleSection":["News"],"inLanguage":"it-IT"},{"@type":"WebPage","@id":"https:\/\/www.gossip.it\/news\/laura-freddi-incinta-domenica-live\/","url":"https:\/\/www.gossip.it\/news\/laura-freddi-incinta-domenica-live\/","name":"Laura Freddi incinta a 'Domenica Live': 'Dall'8 gennaio ogni momento \u00e8 buono...' - Gossip.it | News sul Gossip e VIP","isPartOf":{"@id":"https:\/\/www.gossip.it\/#website"},"primaryImageOfPage":{"@id":"https:\/\/www.gossip.it\/news\/laura-freddi-incinta-domenica-live\/#primaryimage"},"image":{"@id":"https:\/\/www.gossip.it\/news\/laura-freddi-incinta-domenica-live\/#primaryimage"},"thumbnailUrl":"https:\/\/files.gossip.it\/immagini_news\/2017\/10\/1508753021_freddi-1.jpg","datePublished":"2017-10-22T22:00:00+00:00","dateModified":"2017-10-22T22:00:00+00:00","description":"Laura Freddi incinta di sette mesi mostra il suo pancione a \"Domenica Live\". Ospite di Barbara D'Urso racconta la sua felicit\u00e0 per il beb\u00e8 che porta in","breadcrumb":{"@id":"https:\/\/www.gossip.it\/news\/laura-freddi-incinta-domenica-live\/#breadcrumb"},"inLanguage":"it-IT","potentialAction":[{"@type":"ReadAction","target":["https:\/\/www.gossip.it\/news\/laura-freddi-incinta-domenica-live\/"]}]},{"@type":"ImageObject","inLanguage":"it-IT","@id":"https:\/\/www.gossip.it\/news\/laura-freddi-incinta-domenica-live\/#primaryimage","url":"https:\/\/files.gossip.it\/immagini_news\/2017\/10\/1508753021_freddi-1.jpg","contentUrl":"https:\/\/files.gossip.it\/immagini_news\/2017\/10\/1508753021_freddi-1.jpg"},{"@type":"BreadcrumbList","@id":"https:\/\/www.gossip.it\/news\/laura-freddi-incinta-domenica-live\/#breadcrumb","itemListElement":[{"@type":"ListItem","position":1,"name":"Home","item":"https:\/\/www.gossip.it\/"},{"@type":"ListItem","position":2,"name":"Laura Freddi incinta a 'Domenica Live': 'Dall'8 gennaio ogni momento \u00e8 buono...'"}]},{"@type":"WebSite","@id":"https:\/\/www.gossip.it\/#website","url":"https:\/\/www.gossip.it\/","name":"Gossip and VIP News","description":"Quotidiano di cronaca rosa, costume e societ\u00e0","publisher":{"@id":"https:\/\/www.gossip.it\/#organization"},"alternateName":"Gossip and VIP News","potentialAction":[{"@type":"SearchAction","target":{"@type":"EntryPoint","urlTemplate":"https:\/\/www.gossip.it\/?s={search_term_string}"},"query-input":{"@type":"PropertyValueSpecification","valueRequired":true,"valueName":"search_term_string"}}],"inLanguage":"it-IT"},{"@type":"Organization","@id":"https:\/\/www.gossip.it\/#organization","name":"Gossip and VIP News","alternateName":"Gossip News","url":"https:\/\/www.gossip.it\/","logo":{"@type":"ImageObject","inLanguage":"it-IT","@id":"https:\/\/www.gossip.it\/#\/schema\/logo\/image\/","url":"https:\/\/www.gossip.it\/wp-content\/uploads\/2022\/04\/cropped-corna-alta-tiny.png","contentUrl":"https:\/\/www.gossip.it\/wp-content\/uploads\/2022\/04\/cropped-corna-alta-tiny.png","width":512,"height":512,"caption":"Gossip and VIP News"},"image":{"@id":"https:\/\/www.gossip.it\/#\/schema\/logo\/image\/"},"sameAs":["https:\/\/www.facebook.com\/GossipIT","https:\/\/x.com\/gossinews_it","https:\/\/instagram.com\/gossip_it"]},{"@type":"Person","@id":"https:\/\/www.gossip.it\/#\/schema\/person\/488896f75158bff1cc83c6c39d141110","name":"La Redazione","image":{"@type":"ImageObject","inLanguage":"it-IT","@id":"https:\/\/www.gossip.it\/#\/schema\/person\/image\/","url":"https:\/\/secure.gravatar.com\/avatar\/5a5f5c6fa3e6700e4249abdad0263a1e94e927d9e0499b1cb09c1cd29c044d80?s=96&d=mm&r=g","contentUrl":"https:\/\/secure.gravatar.com\/avatar\/5a5f5c6fa3e6700e4249abdad0263a1e94e927d9e0499b1cb09c1cd29c044d80?s=96&d=mm&r=g","caption":"La Redazione"},"sameAs":["https:\/\/www.gossip.it"]}]}},"amp_enabled":true,"_links":{"self":[{"href":"https:\/\/www.gossip.it\/api\/wp\/v2\/posts\/59391","targetHints":{"allow":["GET"]}}],"collection":[{"href":"https:\/\/www.gossip.it\/api\/wp\/v2\/posts"}],"about":[{"href":"https:\/\/www.gossip.it\/api\/wp\/v2\/types\/post"}],"author":[{"embeddable":true,"href":"https:\/\/www.gossip.it\/api\/wp\/v2\/users\/1"}],"replies":[{"embeddable":true,"href":"https:\/\/www.gossip.it\/api\/wp\/v2\/comments?post=59391"}],"version-history":[{"count":0,"href":"https:\/\/www.gossip.it\/api\/wp\/v2\/posts\/59391\/revisions"}],"wp:featuredmedia":[{"embeddable":true,"href":"https:\/\/www.gossip.it\/api\/wp\/v2\/media\/115437"}],"wp:attachment":[{"href":"https:\/\/www.gossip.it\/api\/wp\/v2\/media?parent=59391"}],"wp:term":[{"taxonomy":"category","embeddable":true,"href":"https:\/\/www.gossip.it\/api\/wp\/v2\/categories?post=59391"},{"taxonomy":"post_tag","embeddable":true,"href":"https:\/\/www.gossip.it\/api\/wp\/v2\/tags?post=59391"},{"taxonomy":"vip","embeddable":true,"href":"https:\/\/www.gossip.it\/api\/wp\/v2\/vip?post=59391"}],"curies":[{"name":"wp","href":"https:\/\/api.w.org\/{rel}","templated":true}]}}