{"id":59424,"date":"2017-10-26T00:00:00","date_gmt":"2017-10-25T22:00:00","guid":{"rendered":"https:\/\/www.gossip.it\/senza-categoria\/carla-velli-diventata-mamma-uomini-e-donne\/"},"modified":"2017-10-26T00:00:00","modified_gmt":"2017-10-25T22:00:00","slug":"carla-velli-diventata-mamma-uomini-e-donne","status":"publish","type":"post","link":"https:\/\/www.gossip.it\/news\/carla-velli-diventata-mamma-uomini-e-donne\/","title":{"rendered":"'Uomini e Donne', Carla Velli \u00e8 diventata mamma di un maschietto"},"content":{"rendered":"<p><a href=\"\/vip\/carla-velli\/\">Carla Velli<\/a>, 35 anni, \u00e8 <strong>diventata mamma <\/strong>per la prima volta. Fiocco celeste per l'ex tronista di \"<a href=\"\/vip\/uomini-e donne\/\">Uomini e Donne<\/a>\" che ha dato alla luce il piccolo Emanuele dopo 14 ore di travaglio come rivela su <a href=\"\/vip\/facebook\/\">Facebook<\/a> il compagno Matteo Voltolina dando sul <a href=\"\/vip\/social\/\">social<\/a> il lieto annuncio.<\/p>\n<figure class=\"caption\"><img decoding=\"async\" alt=\"\" src=\"https:\/\/files.gossip.it\/immagini_news\/2017\/10\/1509010954_velli_1.jpg\" \/><figcaption>Carla Velli e Matteo Voltolina sono diventati genitori di un maschietto\u00a0<\/figcaption><\/figure>\n<p>E' <strong>diventata mamma Carla Velli<\/strong>, conosciuta anche come l'ex fidanzata di <a href=\"\/vip\/francesco-arca\/\">Francesco Arca<\/a>: <em>\"Alle ore 06:28 di questa mattina Carla dopo 14 ore di travaglio affrontato con l\u2019amore, la forza, il coraggio e l\u2019ironia che la contraddistinguono ha riempito i nostri cuori di gioia dando alla luce il piccolo Emanuele\"<\/em>, ha scritto mercoled\u00ec 25 ottobre il pap\u00e0 del bimbo appena nato.<\/p>\n<figure class=\"caption\"><img decoding=\"async\" alt=\"\" src=\"https:\/\/files.gossip.it\/immagini_news\/2017\/10\/1509011059_2.jpg\" \/><figcaption>Il post sul social pubblicato dal compagno dell'ex tronista per dare la bella notizia\u00a0<\/figcaption><\/figure>\n<p><strong>Carla Velli \u00e8 diventata mamma<\/strong> ed ha partorito all'Ospedale Ca'Foncello di Treviso. Ora mancano solo i fiori d'arancio, ma il matrimonio \u00e8 nei progetti dei due neo-genitori: <em>\"L\u2019idea di sposarmi lottando con le nausee, le gambe gonfie e i cali di pressione, ci ha fatto slittare un po\u2019 pi\u00f9 avanti il progetto. Per\u00f2 sicuramente vogliamo portarlo a compimento. \u00c8 sicuramente l'uomo della mia vita\"<\/em>, ha dichiarato di recente l'ex volto di \"<strong>Uomini e Donne<\/strong>\".<\/p>\n<figure class=\"caption\"><img decoding=\"async\" alt=\"\" src=\"https:\/\/files.gossip.it\/immagini_news\/2017\/10\/1509011127_3.jpg\" \/><figcaption>Carla e Matteo convivono da 4 anni e pensano anche al matrimonio\u00a0<\/figcaption><\/figure>\n<p><strong>Carla Velli<\/strong> ha partecipato a \"<strong>Uomini e Donne<\/strong>\" nel 2005 come corteggiatrice di Francesco Arca che alla fine l'ha scelta. Dopo la fine della loro storia, \u00e8 tornata in trasmissione in veste di tronista. Ha scelto <a href=\"\/vip\/cristiano-angelucci \/\">Cristiano Angelucci <\/a>che per\u00f2 le ha rifilato un secco \"no\". Poi nella sua vita \u00e8 arrivato Matteo con cui convive da quattro anni e ha deciso di mettere su famiglia.\u00a0<\/p>\n<div class=\"video_integrato\" data-videoid=\"4576\" data-autostart=\"true\">\u00a0<\/div>\n<p>\u00a0<\/p>\n","protected":false},"excerpt":{"rendered":"<p>Carla Velli, 35 anni, \u00e8 diventata mamma per la prima volta. Fiocco celeste per l'ex tronista di \"Uomini e Donne\" che ha dato alla luce il piccolo Emanuele dopo 14 ore di travaglio come rivela su Facebook il compagno Matteo Voltolina dando sul social il lieto annuncio. Carla Velli e Matteo Voltolina sono diventati genitori [&hellip;]<\/p>\n","protected":false},"author":1,"featured_media":115470,"comment_status":"closed","ping_status":"closed","sticky":false,"template":"","format":"standard","meta":{"footnotes":""},"categories":[54],"tags":[25361,2129,7916,1942,2181,1900,56995,2113,2115],"vip":[537,785],"class_list":["post-59424","post","type-post","status-publish","format-standard","has-post-thumbnail","hentry","category-news","tag-carla-velli","tag-corteggiatrice","tag-emanuele","tag-figlio","tag-gravidanza","tag-mamma","tag-matteo-voltolina","tag-tronista","tag-uomini-e-donne","vip-cristiano_angelucci","vip-francesco_arca"],"yoast_head":"<title>&#039;Uomini e Donne&#039;, Carla Velli \u00e8 diventata mamma di un maschietto - Gossip.it | News sul Gossip e VIP<\/title>\n<meta name=\"description\" content=\"Carla Velli, 35 anni, \u00e8 diventata mamma per la prima volta. Fiocco celeste per l&#039;ex tronista di &quot;Uomini e Donne&quot; che ha dato alla luce il piccolo Emanuele\" \/>\n<meta name=\"robots\" content=\"index, follow, max-snippet:-1, max-image-preview:large, max-video-preview:-1\" \/>\n<link rel=\"canonical\" href=\"https:\/\/www.gossip.it\/news\/carla-velli-diventata-mamma-uomini-e-donne\/\" \/>\n<meta property=\"og:locale\" content=\"it_IT\" \/>\n<meta property=\"og:type\" content=\"article\" \/>\n<meta property=\"og:title\" content=\"&#039;Uomini e Donne&#039;, Carla Velli \u00e8 diventata mamma di un maschietto - Gossip.it | News sul Gossip e VIP\" \/>\n<meta property=\"og:description\" content=\"Carla Velli, 35 anni, \u00e8 diventata mamma per la prima volta. Fiocco celeste per l&#039;ex tronista di &quot;Uomini e Donne&quot; che ha dato alla luce il piccolo Emanuele\" \/>\n<meta property=\"og:url\" content=\"https:\/\/www.gossip.it\/news\/carla-velli-diventata-mamma-uomini-e-donne\/\" \/>\n<meta property=\"og:site_name\" content=\"Gossip.it | News sul Gossip e VIP\" \/>\n<meta property=\"article:publisher\" content=\"https:\/\/www.facebook.com\/GossipIT\" \/>\n<meta property=\"article:published_time\" content=\"2017-10-25T22:00:00+00:00\" \/>\n<meta property=\"og:image\" content=\"https:\/\/files.gossip.it\/immagini_news\/2017\/10\/1509010954_velli_1.jpg\" \/>\n<meta name=\"author\" content=\"La Redazione\" \/>\n<meta name=\"twitter:card\" content=\"summary_large_image\" \/>\n<meta name=\"twitter:image\" content=\"https:\/\/files.gossip.it\/immagini_news\/2017\/10\/1509010954_velli_1.jpg\" \/>\n<meta name=\"twitter:creator\" content=\"@gossinews_it\" \/>\n<meta name=\"twitter:site\" content=\"@gossinews_it\" \/>\n<meta name=\"twitter:label1\" content=\"Scritto da\" \/>\n\t<meta name=\"twitter:data1\" content=\"Francesca Romana Domenici\" \/>\n\t<meta name=\"twitter:label2\" content=\"Tempo di lettura stimato\" \/>\n\t<meta name=\"twitter:data2\" content=\"1 minuto\" \/>","yoast_head_json":{"title":"'Uomini e Donne', Carla Velli \u00e8 diventata mamma di un maschietto - Gossip.it | News sul Gossip e VIP","description":"Carla Velli, 35 anni, \u00e8 diventata mamma per la prima volta. Fiocco celeste per l'ex tronista di \"Uomini e Donne\" che ha dato alla luce il piccolo Emanuele","robots":{"index":"index","follow":"follow","max-snippet":"max-snippet:-1","max-image-preview":"max-image-preview:large","max-video-preview":"max-video-preview:-1"},"canonical":"https:\/\/www.gossip.it\/news\/carla-velli-diventata-mamma-uomini-e-donne\/","og_locale":"it_IT","og_type":"article","og_title":"'Uomini e Donne', Carla Velli \u00e8 diventata mamma di un maschietto - Gossip.it | News sul Gossip e VIP","og_description":"Carla Velli, 35 anni, \u00e8 diventata mamma per la prima volta. Fiocco celeste per l'ex tronista di \"Uomini e Donne\" che ha dato alla luce il piccolo Emanuele","og_url":"https:\/\/www.gossip.it\/news\/carla-velli-diventata-mamma-uomini-e-donne\/","og_site_name":"Gossip.it | News sul Gossip e VIP","article_publisher":"https:\/\/www.facebook.com\/GossipIT","article_published_time":"2017-10-25T22:00:00+00:00","og_image":[{"url":"https:\/\/files.gossip.it\/immagini_news\/2017\/10\/1509010954_velli_1.jpg"}],"author":"La Redazione","twitter_card":"summary_large_image","twitter_image":"https:\/\/files.gossip.it\/immagini_news\/2017\/10\/1509010954_velli_1.jpg","twitter_creator":"@gossinews_it","twitter_site":"@gossinews_it","twitter_misc":{"Scritto da":"Francesca Romana Domenici","Tempo di lettura stimato":"1 minuto"},"schema":{"@context":"https:\/\/schema.org","@graph":[{"@type":"Article","@id":"https:\/\/www.gossip.it\/news\/carla-velli-diventata-mamma-uomini-e-donne\/#article","isPartOf":{"@id":"https:\/\/www.gossip.it\/news\/carla-velli-diventata-mamma-uomini-e-donne\/"},"author":{"name":"La Redazione","@id":"https:\/\/www.gossip.it\/#\/schema\/person\/488896f75158bff1cc83c6c39d141110"},"headline":"'Uomini e Donne', Carla Velli \u00e8 diventata mamma di un maschietto","datePublished":"2017-10-25T22:00:00+00:00","dateModified":"2017-10-25T22:00:00+00:00","mainEntityOfPage":{"@id":"https:\/\/www.gossip.it\/news\/carla-velli-diventata-mamma-uomini-e-donne\/"},"wordCount":294,"publisher":{"@id":"https:\/\/www.gossip.it\/#organization"},"image":{"@id":"https:\/\/www.gossip.it\/news\/carla-velli-diventata-mamma-uomini-e-donne\/#primaryimage"},"thumbnailUrl":"https:\/\/files.gossip.it\/immagini_news\/2017\/10\/1509010954_velli_1.jpg","keywords":["carla velli","corteggiatrice","emanuele","figlio","gravidanza","mamma","matteo voltolina","tronista","uomini e donne"],"articleSection":["News"],"inLanguage":"it-IT"},{"@type":"WebPage","@id":"https:\/\/www.gossip.it\/news\/carla-velli-diventata-mamma-uomini-e-donne\/","url":"https:\/\/www.gossip.it\/news\/carla-velli-diventata-mamma-uomini-e-donne\/","name":"'Uomini e Donne', Carla Velli \u00e8 diventata mamma di un maschietto - Gossip.it | News sul Gossip e VIP","isPartOf":{"@id":"https:\/\/www.gossip.it\/#website"},"primaryImageOfPage":{"@id":"https:\/\/www.gossip.it\/news\/carla-velli-diventata-mamma-uomini-e-donne\/#primaryimage"},"image":{"@id":"https:\/\/www.gossip.it\/news\/carla-velli-diventata-mamma-uomini-e-donne\/#primaryimage"},"thumbnailUrl":"https:\/\/files.gossip.it\/immagini_news\/2017\/10\/1509010954_velli_1.jpg","datePublished":"2017-10-25T22:00:00+00:00","dateModified":"2017-10-25T22:00:00+00:00","description":"Carla Velli, 35 anni, \u00e8 diventata mamma per la prima volta. Fiocco celeste per l'ex tronista di \"Uomini e Donne\" che ha dato alla luce il piccolo Emanuele","breadcrumb":{"@id":"https:\/\/www.gossip.it\/news\/carla-velli-diventata-mamma-uomini-e-donne\/#breadcrumb"},"inLanguage":"it-IT","potentialAction":[{"@type":"ReadAction","target":["https:\/\/www.gossip.it\/news\/carla-velli-diventata-mamma-uomini-e-donne\/"]}]},{"@type":"ImageObject","inLanguage":"it-IT","@id":"https:\/\/www.gossip.it\/news\/carla-velli-diventata-mamma-uomini-e-donne\/#primaryimage","url":"https:\/\/files.gossip.it\/immagini_news\/2017\/10\/1509010954_velli_1.jpg","contentUrl":"https:\/\/files.gossip.it\/immagini_news\/2017\/10\/1509010954_velli_1.jpg"},{"@type":"BreadcrumbList","@id":"https:\/\/www.gossip.it\/news\/carla-velli-diventata-mamma-uomini-e-donne\/#breadcrumb","itemListElement":[{"@type":"ListItem","position":1,"name":"Home","item":"https:\/\/www.gossip.it\/"},{"@type":"ListItem","position":2,"name":"'Uomini e Donne', Carla Velli \u00e8 diventata mamma di un maschietto"}]},{"@type":"WebSite","@id":"https:\/\/www.gossip.it\/#website","url":"https:\/\/www.gossip.it\/","name":"Gossip and VIP News","description":"Quotidiano di cronaca rosa, costume e societ\u00e0","publisher":{"@id":"https:\/\/www.gossip.it\/#organization"},"alternateName":"Gossip and VIP News","potentialAction":[{"@type":"SearchAction","target":{"@type":"EntryPoint","urlTemplate":"https:\/\/www.gossip.it\/?s={search_term_string}"},"query-input":{"@type":"PropertyValueSpecification","valueRequired":true,"valueName":"search_term_string"}}],"inLanguage":"it-IT"},{"@type":"Organization","@id":"https:\/\/www.gossip.it\/#organization","name":"Gossip and VIP News","alternateName":"Gossip News","url":"https:\/\/www.gossip.it\/","logo":{"@type":"ImageObject","inLanguage":"it-IT","@id":"https:\/\/www.gossip.it\/#\/schema\/logo\/image\/","url":"https:\/\/www.gossip.it\/wp-content\/uploads\/2022\/04\/cropped-corna-alta-tiny.png","contentUrl":"https:\/\/www.gossip.it\/wp-content\/uploads\/2022\/04\/cropped-corna-alta-tiny.png","width":512,"height":512,"caption":"Gossip and VIP News"},"image":{"@id":"https:\/\/www.gossip.it\/#\/schema\/logo\/image\/"},"sameAs":["https:\/\/www.facebook.com\/GossipIT","https:\/\/x.com\/gossinews_it","https:\/\/instagram.com\/gossip_it"]},{"@type":"Person","@id":"https:\/\/www.gossip.it\/#\/schema\/person\/488896f75158bff1cc83c6c39d141110","name":"La Redazione","image":{"@type":"ImageObject","inLanguage":"it-IT","@id":"https:\/\/www.gossip.it\/#\/schema\/person\/image\/","url":"https:\/\/secure.gravatar.com\/avatar\/5a5f5c6fa3e6700e4249abdad0263a1e94e927d9e0499b1cb09c1cd29c044d80?s=96&d=mm&r=g","contentUrl":"https:\/\/secure.gravatar.com\/avatar\/5a5f5c6fa3e6700e4249abdad0263a1e94e927d9e0499b1cb09c1cd29c044d80?s=96&d=mm&r=g","caption":"La Redazione"},"sameAs":["https:\/\/www.gossip.it"]}]}},"amp_enabled":true,"_links":{"self":[{"href":"https:\/\/www.gossip.it\/api\/wp\/v2\/posts\/59424","targetHints":{"allow":["GET"]}}],"collection":[{"href":"https:\/\/www.gossip.it\/api\/wp\/v2\/posts"}],"about":[{"href":"https:\/\/www.gossip.it\/api\/wp\/v2\/types\/post"}],"author":[{"embeddable":true,"href":"https:\/\/www.gossip.it\/api\/wp\/v2\/users\/1"}],"replies":[{"embeddable":true,"href":"https:\/\/www.gossip.it\/api\/wp\/v2\/comments?post=59424"}],"version-history":[{"count":0,"href":"https:\/\/www.gossip.it\/api\/wp\/v2\/posts\/59424\/revisions"}],"wp:featuredmedia":[{"embeddable":true,"href":"https:\/\/www.gossip.it\/api\/wp\/v2\/media\/115470"}],"wp:attachment":[{"href":"https:\/\/www.gossip.it\/api\/wp\/v2\/media?parent=59424"}],"wp:term":[{"taxonomy":"category","embeddable":true,"href":"https:\/\/www.gossip.it\/api\/wp\/v2\/categories?post=59424"},{"taxonomy":"post_tag","embeddable":true,"href":"https:\/\/www.gossip.it\/api\/wp\/v2\/tags?post=59424"},{"taxonomy":"vip","embeddable":true,"href":"https:\/\/www.gossip.it\/api\/wp\/v2\/vip?post=59424"}],"curies":[{"name":"wp","href":"https:\/\/api.w.org\/{rel}","templated":true}]}}