{"id":59465,"date":"2017-10-31T00:00:00","date_gmt":"2017-10-30T23:00:00","guid":{"rendered":"https:\/\/www.gossip.it\/senza-categoria\/giorgia-palmas-look-dietro-le-quinte-de-il-processo-di-biscardi\/"},"modified":"2017-10-31T00:00:00","modified_gmt":"2017-10-30T23:00:00","slug":"giorgia-palmas-look-dietro-le-quinte-de-il-processo-di-biscardi","status":"publish","type":"post","link":"https:\/\/www.gossip.it\/news\/giorgia-palmas-look-dietro-le-quinte-de-il-processo-di-biscardi\/","title":{"rendered":"Giorgia Palmas, look glamour dietro le quinte de 'Il Processo di Biscardi': foto"},"content":{"rendered":"<p><a href=\"\/vip\/giorgia-palmas\/\">Giorgia Palmas<\/a>, 35 anni, <strong>dietro le quinte<\/strong> de \"<strong>Il Processo di Biscardi<\/strong>\", posa cinta da un abito rosa pallido con sandali dorati glamour abbinati alla cintura. Il<strong> look<\/strong> \u00e8 fashion e i capelli sono legati in una coda di cavallo. Pettinatura che mette in risalto il bellissimo viso perfettamente truccato.\u00a0<\/p>\n<figure class=\"caption\"><img decoding=\"async\" alt=\"\" width=\"640\" height=\"743\" src=\"https:\/\/files.gossip.it\/immagini_news\/2017\/10\/1509446423_giorgia_palmas.jpg\" \/><figcaption>Giorgia Palmas dietro le quinte de 'Il Processo di Biscardi'\u00a0<\/figcaption><\/figure>\n<p>L'ex velina mora ha scattato la foto<strong> dietro le quinte <\/strong>de \"<strong>Il Processo di Biscardi<\/strong>\", il programma sportivo che conduce su 7Gold, per condividerla con i tanti ammiratori che la seguono su <a href=\"\/vip\/instagram\/\">Instagram<\/a>: <em>\"Con la tua bellezza la giornata inizia alla grande\"<\/em>, le scrive un <a href=\"\/vip\/follower\/\">follower<\/a>. E sono tanti che fanno i complimenti alla <strong>Palmas<\/strong>.<br \/><strong>Giorgia<\/strong> quest'anno ha debuttato in tv con \"<strong>Il Processo di Biscardi<\/strong>\". Una sfida che a quanto pare sta vincendo e<strong> dietro le quinte<\/strong> del programma appare al top della forma.<\/p>\n<p>Di recente si \u00e8 parlato della presunta fine della relazione con <a href=\"\/vip\/vittorio-brumotti\/\">Vittorio Brumotti<\/a>. <strong>Giorgia<\/strong>\u00a0non ha \u00a0smentito o confermato la notizia. Si \u00e8 semplicemente limitata a glissare le domande sulla sua vita privata. Non \u00e8 la prima volta che si parla di una rottura. Finora, per\u00f2, i rumours sono stati sempre messi a tacere.<br \/>Intanto l'ex della<strong> Palmas<\/strong>, <a href=\"\/vip\/davide-bombardini\/\">Davide Bombardini<\/a>, pap\u00e0 di sua figlia Sofia, \u00e8 stato paparazzato insieme a <a href=\"\/vip\/francesca-de andr\u00e8\/\">Francesca De Andr\u00e8<\/a>.\u00a0<\/p>\n<div class=\"video_integrato\" data-videoid=\"4856\" data-autostart=\"true\">\u00a0<\/div>\n<p>\u00a0<\/p>\n","protected":false},"excerpt":{"rendered":"<p>Giorgia Palmas, 35 anni, dietro le quinte de \"Il Processo di Biscardi\", posa cinta da un abito rosa pallido con sandali dorati glamour abbinati alla cintura. Il look \u00e8 fashion e i capelli sono legati in una coda di cavallo. Pettinatura che mette in risalto il bellissimo viso perfettamente truccato.\u00a0 Giorgia Palmas dietro le quinte [&hellip;]<\/p>\n","protected":false},"author":1,"featured_media":115511,"comment_status":"closed","ping_status":"closed","sticky":false,"template":"","format":"standard","meta":{"footnotes":""},"categories":[54],"tags":[3609,12200,18095,2121,1970,1923,2682,2097,6561],"vip":[866,1845],"class_list":["post-59465","post","type-post","status-publish","format-standard","has-post-thumbnail","hentry","category-news","tag-calcio","tag-follower","tag-il-processo-di-biscardi","tag-instagram","tag-look","tag-social","tag-sport","tag-tv","tag-velina","vip-giorgia_palmas","vip-vittorio_brumotti"],"yoast_head":"<title>Giorgia Palmas, look glamour dietro le quinte de &#039;Il Processo di Biscardi&#039;: foto - Gossip.it | News sul Gossip e VIP<\/title>\n<meta name=\"description\" content=\"Giorgia Palmas, 35 anni, dietro le quinte de &quot;Il Processo di Biscardi&quot;, posa cinta da un abito rosa pallido con sandali dorati glamour abbinati alla\" \/>\n<meta name=\"robots\" content=\"index, follow, max-snippet:-1, max-image-preview:large, max-video-preview:-1\" \/>\n<link rel=\"canonical\" href=\"https:\/\/www.gossip.it\/news\/giorgia-palmas-look-dietro-le-quinte-de-il-processo-di-biscardi\/\" \/>\n<meta property=\"og:locale\" content=\"it_IT\" \/>\n<meta property=\"og:type\" content=\"article\" \/>\n<meta property=\"og:title\" content=\"Giorgia Palmas, look glamour dietro le quinte de &#039;Il Processo di Biscardi&#039;: foto - Gossip.it | News sul Gossip e VIP\" \/>\n<meta property=\"og:description\" content=\"Giorgia Palmas, 35 anni, dietro le quinte de &quot;Il Processo di Biscardi&quot;, posa cinta da un abito rosa pallido con sandali dorati glamour abbinati alla\" \/>\n<meta property=\"og:url\" content=\"https:\/\/www.gossip.it\/news\/giorgia-palmas-look-dietro-le-quinte-de-il-processo-di-biscardi\/\" \/>\n<meta property=\"og:site_name\" content=\"Gossip.it | News sul Gossip e VIP\" \/>\n<meta property=\"article:publisher\" content=\"https:\/\/www.facebook.com\/GossipIT\" \/>\n<meta property=\"article:published_time\" content=\"2017-10-30T23:00:00+00:00\" \/>\n<meta property=\"og:image\" content=\"https:\/\/files.gossip.it\/immagini_news\/2017\/10\/1509446423_giorgia_palmas.jpg\" \/>\n<meta name=\"author\" content=\"La Redazione\" \/>\n<meta name=\"twitter:card\" content=\"summary_large_image\" \/>\n<meta name=\"twitter:image\" content=\"https:\/\/files.gossip.it\/immagini_news\/2017\/10\/1509446423_giorgia_palmas.jpg\" \/>\n<meta name=\"twitter:creator\" content=\"@gossinews_it\" \/>\n<meta name=\"twitter:site\" content=\"@gossinews_it\" \/>\n<meta name=\"twitter:label1\" content=\"Scritto da\" \/>\n\t<meta name=\"twitter:data1\" content=\"Francesca Romana Domenici \" \/>\n\t<meta name=\"twitter:label2\" content=\"Tempo di lettura stimato\" \/>\n\t<meta name=\"twitter:data2\" content=\"1 minuto\" \/>","yoast_head_json":{"title":"Giorgia Palmas, look glamour dietro le quinte de 'Il Processo di Biscardi': foto - Gossip.it | News sul Gossip e VIP","description":"Giorgia Palmas, 35 anni, dietro le quinte de \"Il Processo di Biscardi\", posa cinta da un abito rosa pallido con sandali dorati glamour abbinati alla","robots":{"index":"index","follow":"follow","max-snippet":"max-snippet:-1","max-image-preview":"max-image-preview:large","max-video-preview":"max-video-preview:-1"},"canonical":"https:\/\/www.gossip.it\/news\/giorgia-palmas-look-dietro-le-quinte-de-il-processo-di-biscardi\/","og_locale":"it_IT","og_type":"article","og_title":"Giorgia Palmas, look glamour dietro le quinte de 'Il Processo di Biscardi': foto - Gossip.it | News sul Gossip e VIP","og_description":"Giorgia Palmas, 35 anni, dietro le quinte de \"Il Processo di Biscardi\", posa cinta da un abito rosa pallido con sandali dorati glamour abbinati alla","og_url":"https:\/\/www.gossip.it\/news\/giorgia-palmas-look-dietro-le-quinte-de-il-processo-di-biscardi\/","og_site_name":"Gossip.it | News sul Gossip e VIP","article_publisher":"https:\/\/www.facebook.com\/GossipIT","article_published_time":"2017-10-30T23:00:00+00:00","og_image":[{"url":"https:\/\/files.gossip.it\/immagini_news\/2017\/10\/1509446423_giorgia_palmas.jpg"}],"author":"La Redazione","twitter_card":"summary_large_image","twitter_image":"https:\/\/files.gossip.it\/immagini_news\/2017\/10\/1509446423_giorgia_palmas.jpg","twitter_creator":"@gossinews_it","twitter_site":"@gossinews_it","twitter_misc":{"Scritto da":"Francesca Romana Domenici ","Tempo di lettura stimato":"1 minuto"},"schema":{"@context":"https:\/\/schema.org","@graph":[{"@type":"Article","@id":"https:\/\/www.gossip.it\/news\/giorgia-palmas-look-dietro-le-quinte-de-il-processo-di-biscardi\/#article","isPartOf":{"@id":"https:\/\/www.gossip.it\/news\/giorgia-palmas-look-dietro-le-quinte-de-il-processo-di-biscardi\/"},"author":{"name":"La Redazione","@id":"https:\/\/www.gossip.it\/#\/schema\/person\/488896f75158bff1cc83c6c39d141110"},"headline":"Giorgia Palmas, look glamour dietro le quinte de 'Il Processo di Biscardi': foto","datePublished":"2017-10-30T23:00:00+00:00","dateModified":"2017-10-30T23:00:00+00:00","mainEntityOfPage":{"@id":"https:\/\/www.gossip.it\/news\/giorgia-palmas-look-dietro-le-quinte-de-il-processo-di-biscardi\/"},"wordCount":228,"publisher":{"@id":"https:\/\/www.gossip.it\/#organization"},"image":{"@id":"https:\/\/www.gossip.it\/news\/giorgia-palmas-look-dietro-le-quinte-de-il-processo-di-biscardi\/#primaryimage"},"thumbnailUrl":"https:\/\/files.gossip.it\/immagini_news\/2017\/10\/1509446423_giorgia_palmas.jpg","keywords":["calcio","follower","il processo di biscardi","instagram","look","social","sport","tv","velina"],"articleSection":["News"],"inLanguage":"it-IT"},{"@type":"WebPage","@id":"https:\/\/www.gossip.it\/news\/giorgia-palmas-look-dietro-le-quinte-de-il-processo-di-biscardi\/","url":"https:\/\/www.gossip.it\/news\/giorgia-palmas-look-dietro-le-quinte-de-il-processo-di-biscardi\/","name":"Giorgia Palmas, look glamour dietro le quinte de 'Il Processo di Biscardi': foto - Gossip.it | News sul Gossip e VIP","isPartOf":{"@id":"https:\/\/www.gossip.it\/#website"},"primaryImageOfPage":{"@id":"https:\/\/www.gossip.it\/news\/giorgia-palmas-look-dietro-le-quinte-de-il-processo-di-biscardi\/#primaryimage"},"image":{"@id":"https:\/\/www.gossip.it\/news\/giorgia-palmas-look-dietro-le-quinte-de-il-processo-di-biscardi\/#primaryimage"},"thumbnailUrl":"https:\/\/files.gossip.it\/immagini_news\/2017\/10\/1509446423_giorgia_palmas.jpg","datePublished":"2017-10-30T23:00:00+00:00","dateModified":"2017-10-30T23:00:00+00:00","description":"Giorgia Palmas, 35 anni, dietro le quinte de \"Il Processo di Biscardi\", posa cinta da un abito rosa pallido con sandali dorati glamour abbinati alla","breadcrumb":{"@id":"https:\/\/www.gossip.it\/news\/giorgia-palmas-look-dietro-le-quinte-de-il-processo-di-biscardi\/#breadcrumb"},"inLanguage":"it-IT","potentialAction":[{"@type":"ReadAction","target":["https:\/\/www.gossip.it\/news\/giorgia-palmas-look-dietro-le-quinte-de-il-processo-di-biscardi\/"]}]},{"@type":"ImageObject","inLanguage":"it-IT","@id":"https:\/\/www.gossip.it\/news\/giorgia-palmas-look-dietro-le-quinte-de-il-processo-di-biscardi\/#primaryimage","url":"https:\/\/files.gossip.it\/immagini_news\/2017\/10\/1509446423_giorgia_palmas.jpg","contentUrl":"https:\/\/files.gossip.it\/immagini_news\/2017\/10\/1509446423_giorgia_palmas.jpg"},{"@type":"BreadcrumbList","@id":"https:\/\/www.gossip.it\/news\/giorgia-palmas-look-dietro-le-quinte-de-il-processo-di-biscardi\/#breadcrumb","itemListElement":[{"@type":"ListItem","position":1,"name":"Home","item":"https:\/\/www.gossip.it\/"},{"@type":"ListItem","position":2,"name":"Giorgia Palmas, look glamour dietro le quinte de 'Il Processo di Biscardi': foto"}]},{"@type":"WebSite","@id":"https:\/\/www.gossip.it\/#website","url":"https:\/\/www.gossip.it\/","name":"Gossip and VIP News","description":"Quotidiano di cronaca rosa, costume e societ\u00e0","publisher":{"@id":"https:\/\/www.gossip.it\/#organization"},"alternateName":"Gossip and VIP News","potentialAction":[{"@type":"SearchAction","target":{"@type":"EntryPoint","urlTemplate":"https:\/\/www.gossip.it\/?s={search_term_string}"},"query-input":{"@type":"PropertyValueSpecification","valueRequired":true,"valueName":"search_term_string"}}],"inLanguage":"it-IT"},{"@type":"Organization","@id":"https:\/\/www.gossip.it\/#organization","name":"Gossip and VIP News","alternateName":"Gossip News","url":"https:\/\/www.gossip.it\/","logo":{"@type":"ImageObject","inLanguage":"it-IT","@id":"https:\/\/www.gossip.it\/#\/schema\/logo\/image\/","url":"https:\/\/www.gossip.it\/wp-content\/uploads\/2022\/04\/cropped-corna-alta-tiny.png","contentUrl":"https:\/\/www.gossip.it\/wp-content\/uploads\/2022\/04\/cropped-corna-alta-tiny.png","width":512,"height":512,"caption":"Gossip and VIP News"},"image":{"@id":"https:\/\/www.gossip.it\/#\/schema\/logo\/image\/"},"sameAs":["https:\/\/www.facebook.com\/GossipIT","https:\/\/x.com\/gossinews_it","https:\/\/instagram.com\/gossip_it"]},{"@type":"Person","@id":"https:\/\/www.gossip.it\/#\/schema\/person\/488896f75158bff1cc83c6c39d141110","name":"La Redazione","image":{"@type":"ImageObject","inLanguage":"it-IT","@id":"https:\/\/www.gossip.it\/#\/schema\/person\/image\/","url":"https:\/\/secure.gravatar.com\/avatar\/5a5f5c6fa3e6700e4249abdad0263a1e94e927d9e0499b1cb09c1cd29c044d80?s=96&d=mm&r=g","contentUrl":"https:\/\/secure.gravatar.com\/avatar\/5a5f5c6fa3e6700e4249abdad0263a1e94e927d9e0499b1cb09c1cd29c044d80?s=96&d=mm&r=g","caption":"La Redazione"},"sameAs":["https:\/\/www.gossip.it"]}]}},"amp_enabled":true,"_links":{"self":[{"href":"https:\/\/www.gossip.it\/api\/wp\/v2\/posts\/59465","targetHints":{"allow":["GET"]}}],"collection":[{"href":"https:\/\/www.gossip.it\/api\/wp\/v2\/posts"}],"about":[{"href":"https:\/\/www.gossip.it\/api\/wp\/v2\/types\/post"}],"author":[{"embeddable":true,"href":"https:\/\/www.gossip.it\/api\/wp\/v2\/users\/1"}],"replies":[{"embeddable":true,"href":"https:\/\/www.gossip.it\/api\/wp\/v2\/comments?post=59465"}],"version-history":[{"count":0,"href":"https:\/\/www.gossip.it\/api\/wp\/v2\/posts\/59465\/revisions"}],"wp:featuredmedia":[{"embeddable":true,"href":"https:\/\/www.gossip.it\/api\/wp\/v2\/media\/115511"}],"wp:attachment":[{"href":"https:\/\/www.gossip.it\/api\/wp\/v2\/media?parent=59465"}],"wp:term":[{"taxonomy":"category","embeddable":true,"href":"https:\/\/www.gossip.it\/api\/wp\/v2\/categories?post=59465"},{"taxonomy":"post_tag","embeddable":true,"href":"https:\/\/www.gossip.it\/api\/wp\/v2\/tags?post=59465"},{"taxonomy":"vip","embeddable":true,"href":"https:\/\/www.gossip.it\/api\/wp\/v2\/vip?post=59465"}],"curies":[{"name":"wp","href":"https:\/\/api.w.org\/{rel}","templated":true}]}}