{"id":59500,"date":"2017-11-03T00:00:00","date_gmt":"2017-11-02T23:00:00","guid":{"rendered":"https:\/\/www.gossip.it\/senza-categoria\/stefano-de-martino-santiago-pausa-relax-montagna\/"},"modified":"2017-11-03T00:00:00","modified_gmt":"2017-11-02T23:00:00","slug":"stefano-de-martino-santiago-pausa-relax-montagna","status":"publish","type":"post","link":"https:\/\/www.gossip.it\/news\/stefano-de-martino-santiago-pausa-relax-montagna\/","title":{"rendered":"Stefano De Martino, pausa relax in montagna con Santiago"},"content":{"rendered":"<p><a href=\"\/vip\/stefano-de martino\/\">Stefano De Martino<\/a> si regala una <strong>pausa relax<\/strong> con <a href=\"\/vip\/santiago-\/\">Santiago<\/a>\u00a0in <strong>montagna<\/strong>. Su una foto <a href=\"\/vip\/social\/\">social<\/a> si fa vedere con il figlio di 4 anni sulle spalle, pap\u00e0 come sempre tenerissimo. Accanto a loro c'\u00e8 un pony, il paesaggio \u00e8 nostalgico come solo una giornata autunnale ad alta quota sa essere, dietro di loro c'\u00e8 anche un lago.<\/p>\n<figure class=\"caption\"><img decoding=\"async\" alt=\"\" width=\"640\" height=\"798\" src=\"https:\/\/files.gossip.it\/immagini_news\/2017\/11\/1509713438_de-martino-santi.jpg\" \/><figcaption>Stefano De Martino in montagna si gode una pausa relax con Santiago<\/figcaption><\/figure>\n<p>In <strong>montagna<\/strong>, libero dalla <a href=\"\/vip\/tv\/\">tv<\/a>, <strong>Stefano De Martino<\/strong> \u00e8 in <strong>pausa relax <\/strong>e al suo fianco vuole il figlio <strong>Santiago<\/strong>. Con il bambino si diverte e ogni break dal lavoro \u00e8 buono per volare da lui. Il 28enne \u00e8 impegnato su Real Time con \"<a href=\"\/vip\/amici-casting\/\">Amici Casting<\/a>\", ma c'\u00e8 molto di pi\u00f9 in ballo. Sar\u00e0 il prossimo inviato dell'<a href=\"\/vip\/isola-13\/\">Isola 13<\/a>:\u00a0a febbraio 2018 voler\u00e0 in Honduras e star\u00e0 via per un po', non vuole assolutamente perdere un istante con il pargoletto.<\/p>\n<figure class=\"caption\"><img decoding=\"async\" alt=\"\" width=\"640\" height=\"777\" src=\"https:\/\/files.gossip.it\/immagini_news\/2017\/11\/1509713471_de-martino.jpg\" \/><figcaption>Il ballerino \u00e8 andato in alta quota con il figlio di 4 anni<\/figcaption><\/figure>\n<p>La<strong> pausa relax <\/strong>con <strong>Santiago<\/strong> in <strong>montagna <\/strong>gli regala serenit\u00e0, quella che, forse, avrebbe perso in amore. Secondo <em>Spy<\/em> il ballerino avrebbe lasciato repentinamente <a href=\"\/vip\/gilda-ambrosio\/\">Gilda Ambrosio<\/a>. Si sussurra anche che l'ex moglie <a href=\"\/vip\/belen-rodriguez\/\">Belen Rodriguez<\/a> avrebbe detto di no alla proposta di convivenza di <a href=\"\/vip\/andrea-iannone\/\">Andrea Iannone<\/a>. I due, <strong>Stefano De Martino<\/strong> e <a href=\"\/vip\/belen\/\">Belen<\/a>, si vedrebbero spesso ultimamente e gi\u00e0 si sussurra di un possibile ritorno di fiamma. Sar\u00e0...<\/p>\n<figure class=\"caption\"><img decoding=\"async\" alt=\"\" width=\"640\" height=\"785\" src=\"https:\/\/files.gossip.it\/immagini_news\/2017\/11\/1509713511_de-martino-nudo.jpg\" \/><figcaption>Si vocifera abbia gi\u00e0 lasciato Gilda Ambrosio e sia molto vicino all'ex Belen...<\/figcaption><\/figure>\n<p>\u00a0<\/p>\n","protected":false},"excerpt":{"rendered":"<p>Stefano De Martino si regala una pausa relax con Santiago\u00a0in montagna. Su una foto social si fa vedere con il figlio di 4 anni sulle spalle, pap\u00e0 come sempre tenerissimo. Accanto a loro c'\u00e8 un pony, il paesaggio \u00e8 nostalgico come solo una giornata autunnale ad alta quota sa essere, dietro di loro c'\u00e8 anche [&hellip;]<\/p>\n","protected":false},"author":1,"featured_media":115546,"comment_status":"closed","ping_status":"closed","sticky":false,"template":"","format":"standard","meta":{"footnotes":""},"categories":[54],"tags":[10372,2504,2299,1942,57026,2121,6165,2199,11317,2095,11340,6722,57025,1934,2128,7659,1967,1923],"vip":[396,1731],"class_list":["post-59500","post","type-post","status-publish","format-standard","has-post-thumbnail","hentry","category-news","tag-andrea-iannone","tag-ballerino","tag-belen","tag-figlio","tag-glida-ambrosio","tag-instagram","tag-inviato","tag-isola","tag-isola-13","tag-isola-dei-famosi","tag-isola-dei-famosi-13","tag-montagna","tag-pausa-relax","tag-reality","tag-reality-show","tag-santiago","tag-showgirl","tag-social","vip-belen_rodriguez","vip-stefano_de_martino"],"yoast_head":"<title>Stefano De Martino, pausa relax in montagna con Santiago - Gossip.it | News sul Gossip e VIP<\/title>\n<meta name=\"description\" content=\"Stefano De Martino si regala una pausa relax con Santiago\u00a0in montagna. Su una foto social si fa vedere con il figlio di 4 anni sulle spalle, pap\u00e0 come\" \/>\n<meta name=\"robots\" content=\"index, follow, max-snippet:-1, max-image-preview:large, max-video-preview:-1\" \/>\n<link rel=\"canonical\" href=\"https:\/\/www.gossip.it\/news\/stefano-de-martino-santiago-pausa-relax-montagna\/\" \/>\n<meta property=\"og:locale\" content=\"it_IT\" \/>\n<meta property=\"og:type\" content=\"article\" \/>\n<meta property=\"og:title\" content=\"Stefano De Martino, pausa relax in montagna con Santiago - Gossip.it | News sul Gossip e VIP\" \/>\n<meta property=\"og:description\" content=\"Stefano De Martino si regala una pausa relax con Santiago\u00a0in montagna. Su una foto social si fa vedere con il figlio di 4 anni sulle spalle, pap\u00e0 come\" \/>\n<meta property=\"og:url\" content=\"https:\/\/www.gossip.it\/news\/stefano-de-martino-santiago-pausa-relax-montagna\/\" \/>\n<meta property=\"og:site_name\" content=\"Gossip.it | News sul Gossip e VIP\" \/>\n<meta property=\"article:publisher\" content=\"https:\/\/www.facebook.com\/GossipIT\" \/>\n<meta property=\"article:published_time\" content=\"2017-11-02T23:00:00+00:00\" \/>\n<meta property=\"og:image\" content=\"https:\/\/files.gossip.it\/immagini_news\/2017\/11\/1509713438_de-martino-santi.jpg\" \/>\n<meta name=\"author\" content=\"La Redazione\" \/>\n<meta name=\"twitter:card\" content=\"summary_large_image\" \/>\n<meta name=\"twitter:image\" content=\"https:\/\/files.gossip.it\/immagini_news\/2017\/11\/1509713438_de-martino-santi.jpg\" \/>\n<meta name=\"twitter:creator\" content=\"@gossinews_it\" \/>\n<meta name=\"twitter:site\" content=\"@gossinews_it\" \/>\n<meta name=\"twitter:label1\" content=\"Scritto da\" \/>\n\t<meta name=\"twitter:data1\" content=\"Annamaria Capozzi\" \/>\n\t<meta name=\"twitter:label2\" content=\"Tempo di lettura stimato\" \/>\n\t<meta name=\"twitter:data2\" content=\"1 minuto\" \/>","yoast_head_json":{"title":"Stefano De Martino, pausa relax in montagna con Santiago - Gossip.it | News sul Gossip e VIP","description":"Stefano De Martino si regala una pausa relax con Santiago\u00a0in montagna. Su una foto social si fa vedere con il figlio di 4 anni sulle spalle, pap\u00e0 come","robots":{"index":"index","follow":"follow","max-snippet":"max-snippet:-1","max-image-preview":"max-image-preview:large","max-video-preview":"max-video-preview:-1"},"canonical":"https:\/\/www.gossip.it\/news\/stefano-de-martino-santiago-pausa-relax-montagna\/","og_locale":"it_IT","og_type":"article","og_title":"Stefano De Martino, pausa relax in montagna con Santiago - Gossip.it | News sul Gossip e VIP","og_description":"Stefano De Martino si regala una pausa relax con Santiago\u00a0in montagna. Su una foto social si fa vedere con il figlio di 4 anni sulle spalle, pap\u00e0 come","og_url":"https:\/\/www.gossip.it\/news\/stefano-de-martino-santiago-pausa-relax-montagna\/","og_site_name":"Gossip.it | News sul Gossip e VIP","article_publisher":"https:\/\/www.facebook.com\/GossipIT","article_published_time":"2017-11-02T23:00:00+00:00","og_image":[{"url":"https:\/\/files.gossip.it\/immagini_news\/2017\/11\/1509713438_de-martino-santi.jpg"}],"author":"La Redazione","twitter_card":"summary_large_image","twitter_image":"https:\/\/files.gossip.it\/immagini_news\/2017\/11\/1509713438_de-martino-santi.jpg","twitter_creator":"@gossinews_it","twitter_site":"@gossinews_it","twitter_misc":{"Scritto da":"Annamaria Capozzi","Tempo di lettura stimato":"1 minuto"},"schema":{"@context":"https:\/\/schema.org","@graph":[{"@type":"Article","@id":"https:\/\/www.gossip.it\/news\/stefano-de-martino-santiago-pausa-relax-montagna\/#article","isPartOf":{"@id":"https:\/\/www.gossip.it\/news\/stefano-de-martino-santiago-pausa-relax-montagna\/"},"author":{"name":"La Redazione","@id":"https:\/\/www.gossip.it\/#\/schema\/person\/488896f75158bff1cc83c6c39d141110"},"headline":"Stefano De Martino, pausa relax in montagna con Santiago","datePublished":"2017-11-02T23:00:00+00:00","dateModified":"2017-11-02T23:00:00+00:00","mainEntityOfPage":{"@id":"https:\/\/www.gossip.it\/news\/stefano-de-martino-santiago-pausa-relax-montagna\/"},"wordCount":246,"publisher":{"@id":"https:\/\/www.gossip.it\/#organization"},"image":{"@id":"https:\/\/www.gossip.it\/news\/stefano-de-martino-santiago-pausa-relax-montagna\/#primaryimage"},"thumbnailUrl":"https:\/\/files.gossip.it\/immagini_news\/2017\/11\/1509713438_de-martino-santi.jpg","keywords":["andrea iannone","ballerino","belen","figlio","glida ambrosio","instagram","inviato","isola","isola 13","isola dei famosi","isola dei famosi 13","montagna","pausa relax","reality","reality show","santiago","showgirl","social"],"articleSection":["News"],"inLanguage":"it-IT"},{"@type":"WebPage","@id":"https:\/\/www.gossip.it\/news\/stefano-de-martino-santiago-pausa-relax-montagna\/","url":"https:\/\/www.gossip.it\/news\/stefano-de-martino-santiago-pausa-relax-montagna\/","name":"Stefano De Martino, pausa relax in montagna con Santiago - Gossip.it | News sul Gossip e VIP","isPartOf":{"@id":"https:\/\/www.gossip.it\/#website"},"primaryImageOfPage":{"@id":"https:\/\/www.gossip.it\/news\/stefano-de-martino-santiago-pausa-relax-montagna\/#primaryimage"},"image":{"@id":"https:\/\/www.gossip.it\/news\/stefano-de-martino-santiago-pausa-relax-montagna\/#primaryimage"},"thumbnailUrl":"https:\/\/files.gossip.it\/immagini_news\/2017\/11\/1509713438_de-martino-santi.jpg","datePublished":"2017-11-02T23:00:00+00:00","dateModified":"2017-11-02T23:00:00+00:00","description":"Stefano De Martino si regala una pausa relax con Santiago\u00a0in montagna. Su una foto social si fa vedere con il figlio di 4 anni sulle spalle, pap\u00e0 come","breadcrumb":{"@id":"https:\/\/www.gossip.it\/news\/stefano-de-martino-santiago-pausa-relax-montagna\/#breadcrumb"},"inLanguage":"it-IT","potentialAction":[{"@type":"ReadAction","target":["https:\/\/www.gossip.it\/news\/stefano-de-martino-santiago-pausa-relax-montagna\/"]}]},{"@type":"ImageObject","inLanguage":"it-IT","@id":"https:\/\/www.gossip.it\/news\/stefano-de-martino-santiago-pausa-relax-montagna\/#primaryimage","url":"https:\/\/files.gossip.it\/immagini_news\/2017\/11\/1509713438_de-martino-santi.jpg","contentUrl":"https:\/\/files.gossip.it\/immagini_news\/2017\/11\/1509713438_de-martino-santi.jpg"},{"@type":"BreadcrumbList","@id":"https:\/\/www.gossip.it\/news\/stefano-de-martino-santiago-pausa-relax-montagna\/#breadcrumb","itemListElement":[{"@type":"ListItem","position":1,"name":"Home","item":"https:\/\/www.gossip.it\/"},{"@type":"ListItem","position":2,"name":"Stefano De Martino, pausa relax in montagna con Santiago"}]},{"@type":"WebSite","@id":"https:\/\/www.gossip.it\/#website","url":"https:\/\/www.gossip.it\/","name":"Gossip and VIP News","description":"Quotidiano di cronaca rosa, costume e societ\u00e0","publisher":{"@id":"https:\/\/www.gossip.it\/#organization"},"alternateName":"Gossip and VIP News","potentialAction":[{"@type":"SearchAction","target":{"@type":"EntryPoint","urlTemplate":"https:\/\/www.gossip.it\/?s={search_term_string}"},"query-input":{"@type":"PropertyValueSpecification","valueRequired":true,"valueName":"search_term_string"}}],"inLanguage":"it-IT"},{"@type":"Organization","@id":"https:\/\/www.gossip.it\/#organization","name":"Gossip and VIP News","alternateName":"Gossip News","url":"https:\/\/www.gossip.it\/","logo":{"@type":"ImageObject","inLanguage":"it-IT","@id":"https:\/\/www.gossip.it\/#\/schema\/logo\/image\/","url":"https:\/\/www.gossip.it\/wp-content\/uploads\/2022\/04\/cropped-corna-alta-tiny.png","contentUrl":"https:\/\/www.gossip.it\/wp-content\/uploads\/2022\/04\/cropped-corna-alta-tiny.png","width":512,"height":512,"caption":"Gossip and VIP News"},"image":{"@id":"https:\/\/www.gossip.it\/#\/schema\/logo\/image\/"},"sameAs":["https:\/\/www.facebook.com\/GossipIT","https:\/\/x.com\/gossinews_it","https:\/\/instagram.com\/gossip_it"]},{"@type":"Person","@id":"https:\/\/www.gossip.it\/#\/schema\/person\/488896f75158bff1cc83c6c39d141110","name":"La Redazione","image":{"@type":"ImageObject","inLanguage":"it-IT","@id":"https:\/\/www.gossip.it\/#\/schema\/person\/image\/","url":"https:\/\/secure.gravatar.com\/avatar\/5a5f5c6fa3e6700e4249abdad0263a1e94e927d9e0499b1cb09c1cd29c044d80?s=96&d=mm&r=g","contentUrl":"https:\/\/secure.gravatar.com\/avatar\/5a5f5c6fa3e6700e4249abdad0263a1e94e927d9e0499b1cb09c1cd29c044d80?s=96&d=mm&r=g","caption":"La Redazione"},"sameAs":["https:\/\/www.gossip.it"]}]}},"amp_enabled":true,"_links":{"self":[{"href":"https:\/\/www.gossip.it\/api\/wp\/v2\/posts\/59500","targetHints":{"allow":["GET"]}}],"collection":[{"href":"https:\/\/www.gossip.it\/api\/wp\/v2\/posts"}],"about":[{"href":"https:\/\/www.gossip.it\/api\/wp\/v2\/types\/post"}],"author":[{"embeddable":true,"href":"https:\/\/www.gossip.it\/api\/wp\/v2\/users\/1"}],"replies":[{"embeddable":true,"href":"https:\/\/www.gossip.it\/api\/wp\/v2\/comments?post=59500"}],"version-history":[{"count":0,"href":"https:\/\/www.gossip.it\/api\/wp\/v2\/posts\/59500\/revisions"}],"wp:featuredmedia":[{"embeddable":true,"href":"https:\/\/www.gossip.it\/api\/wp\/v2\/media\/115546"}],"wp:attachment":[{"href":"https:\/\/www.gossip.it\/api\/wp\/v2\/media?parent=59500"}],"wp:term":[{"taxonomy":"category","embeddable":true,"href":"https:\/\/www.gossip.it\/api\/wp\/v2\/categories?post=59500"},{"taxonomy":"post_tag","embeddable":true,"href":"https:\/\/www.gossip.it\/api\/wp\/v2\/tags?post=59500"},{"taxonomy":"vip","embeddable":true,"href":"https:\/\/www.gossip.it\/api\/wp\/v2\/vip?post=59500"}],"curies":[{"name":"wp","href":"https:\/\/api.w.org\/{rel}","templated":true}]}}