{"id":59607,"date":"2017-11-15T00:00:00","date_gmt":"2017-11-14T23:00:00","guid":{"rendered":"https:\/\/www.gossip.it\/senza-categoria\/anna-valle-prodigi\/"},"modified":"2017-11-15T00:00:00","modified_gmt":"2017-11-14T23:00:00","slug":"anna-valle-prodigi","status":"publish","type":"post","link":"https:\/\/www.gossip.it\/news\/anna-valle-prodigi\/","title":{"rendered":"Anna Valle presenta 'Prodigi - La musica \u00e8 vita'"},"content":{"rendered":"<p><a href=\"\/vip\/anna-valle\/\">Anna Valle<\/a>, 42 anni, ha presentato a Roma la serata Unicef \"<strong>Prodigi<\/strong> - La musica \u00e8 vita\" che condurr\u00e0 su Raiuno sabato 18 dicembre al fianco di <a href=\"\/vip\/flavio-insinna\/\">Flavio Insinna<\/a>.<\/p>\n<figure class=\"caption\"><img decoding=\"async\" alt=\"\" src=\"https:\/\/files.gossip.it\/immagini_news\/2017\/11\/1510749141_anna_valle.jpg\" \/><figcaption>Anna Valle alla presentazione di 'Prodigi' la serata Unicef che andr\u00e0 in onda sulla Rai\u00a0<\/figcaption><\/figure>\n<p><strong>Anna <\/strong>per l'occasione ha scelto un sobrio ma elegante completo giacca e pantalone scuro con camicetta. In forma smagliante, l'ex <a href=\"\/vip\/miss-italia\/\">Miss Italia<\/a> ha posato serena di fronte ai fotografi accorsi alla presentazione di \"<strong>Prodigi<\/strong>\".<br \/>Parlando con la stampa, la <strong>Valle<\/strong> ha anche affrontato lo spinoso problema delle molestie sessuali: <em>\"E' un momento<\/em> - ha dichiarato -<em> in cui si sta generando un po' di confusione. Ci sono le avance fatte perch\u00e9 uno ci prova. E ci sta che un uomo ci possa provare. Bisogna per\u00f2 vedere come lo fa\"<\/em>. <em>\"In questa baraonda di cose che sono uscite secondo me<\/em>\u00a0 - ha proseguito la<strong> Valle <\/strong>- <em>ci sono delle cose che la stampa ha gonfiato, mentre \u00e8 importante stare attenti perch\u00e9 si rischia di rovinare delle famiglie. Occorre verificare in che modo si d\u00e0 la notizia e se chi la sta dando ha chiaro cosa dice. Ci vuole poco a fraintendere le cose o ampliarle. E' giusto che vengano fuori denunce per abusi sessuali nei confronti di uomini che usano il loro potere per portarsi a letto delle donne, anche dopo 20 anni\"<\/em>.<\/p>\n<p><em>\"Ci sono donne<\/em> - ha proseguito <strong>Anna Valle<\/strong> - <em>che si sentono quasi in dovere di accogliere una molestia, una avance un po' esagerata, un po' aggressiva e invece no! Bisogna avere la forza di dire no, io sono qui per lavoro e tu mi devi trattare in modo professionale\"<\/em>.\u00a0<\/p>\n","protected":false},"excerpt":{"rendered":"<p>Anna Valle, 42 anni, ha presentato a Roma la serata Unicef \"Prodigi - La musica \u00e8 vita\" che condurr\u00e0 su Raiuno sabato 18 dicembre al fianco di Flavio Insinna. Anna Valle alla presentazione di 'Prodigi' la serata Unicef che andr\u00e0 in onda sulla Rai\u00a0 Anna per l'occasione ha scelto un sobrio ma elegante completo giacca [&hellip;]<\/p>\n","protected":false},"author":1,"featured_media":115653,"comment_status":"closed","ping_status":"closed","sticky":false,"template":"","format":"standard","meta":{"footnotes":""},"categories":[54],"tags":[1983,2466,2102,2910,57080,4938,2097,5443],"vip":[338,764],"class_list":["post-59607","post","type-post","status-publish","format-standard","has-post-thumbnail","hentry","category-news","tag-attrice","tag-beneficenza","tag-dichiarazioni","tag-miss-italia","tag-prodigi","tag-raiuno","tag-tv","tag-unicef","vip-anna_valle","vip-flavio_insinna"],"yoast_head":"<title>Anna Valle presenta &#039;Prodigi - La musica \u00e8 vita&#039; - Gossip.it | News sul Gossip e VIP<\/title>\n<meta name=\"description\" content=\"Anna Valle, 42 anni, ha presentato a Roma la serata Unicef &quot;Prodigi - La musica \u00e8 vita&quot; che condurr\u00e0 su Raiuno sabato 18 dicembre al fianco di Flavio\" \/>\n<meta name=\"robots\" content=\"index, follow, max-snippet:-1, max-image-preview:large, max-video-preview:-1\" \/>\n<link rel=\"canonical\" href=\"https:\/\/www.gossip.it\/news\/anna-valle-prodigi\/\" \/>\n<meta property=\"og:locale\" content=\"it_IT\" \/>\n<meta property=\"og:type\" content=\"article\" \/>\n<meta property=\"og:title\" content=\"Anna Valle presenta &#039;Prodigi - La musica \u00e8 vita&#039; - Gossip.it | News sul Gossip e VIP\" \/>\n<meta property=\"og:description\" content=\"Anna Valle, 42 anni, ha presentato a Roma la serata Unicef &quot;Prodigi - La musica \u00e8 vita&quot; che condurr\u00e0 su Raiuno sabato 18 dicembre al fianco di Flavio\" \/>\n<meta property=\"og:url\" content=\"https:\/\/www.gossip.it\/news\/anna-valle-prodigi\/\" \/>\n<meta property=\"og:site_name\" content=\"Gossip.it | News sul Gossip e VIP\" \/>\n<meta property=\"article:publisher\" content=\"https:\/\/www.facebook.com\/GossipIT\" \/>\n<meta property=\"article:published_time\" content=\"2017-11-14T23:00:00+00:00\" \/>\n<meta property=\"og:image\" content=\"https:\/\/files.gossip.it\/immagini_news\/2017\/11\/1510749141_anna_valle.jpg\" \/>\n<meta name=\"author\" content=\"La Redazione\" \/>\n<meta name=\"twitter:card\" content=\"summary_large_image\" \/>\n<meta name=\"twitter:image\" content=\"https:\/\/files.gossip.it\/immagini_news\/2017\/11\/1510749141_anna_valle.jpg\" \/>\n<meta name=\"twitter:creator\" content=\"@gossinews_it\" \/>\n<meta name=\"twitter:site\" content=\"@gossinews_it\" \/>\n<meta name=\"twitter:label1\" content=\"Scritto da\" \/>\n\t<meta name=\"twitter:data1\" content=\"La Redazione\" \/>\n\t<meta name=\"twitter:label2\" content=\"Tempo di lettura stimato\" \/>\n\t<meta name=\"twitter:data2\" content=\"1 minuto\" \/>","yoast_head_json":{"title":"Anna Valle presenta 'Prodigi - La musica \u00e8 vita' - Gossip.it | News sul Gossip e VIP","description":"Anna Valle, 42 anni, ha presentato a Roma la serata Unicef \"Prodigi - La musica \u00e8 vita\" che condurr\u00e0 su Raiuno sabato 18 dicembre al fianco di Flavio","robots":{"index":"index","follow":"follow","max-snippet":"max-snippet:-1","max-image-preview":"max-image-preview:large","max-video-preview":"max-video-preview:-1"},"canonical":"https:\/\/www.gossip.it\/news\/anna-valle-prodigi\/","og_locale":"it_IT","og_type":"article","og_title":"Anna Valle presenta 'Prodigi - La musica \u00e8 vita' - Gossip.it | News sul Gossip e VIP","og_description":"Anna Valle, 42 anni, ha presentato a Roma la serata Unicef \"Prodigi - La musica \u00e8 vita\" che condurr\u00e0 su Raiuno sabato 18 dicembre al fianco di Flavio","og_url":"https:\/\/www.gossip.it\/news\/anna-valle-prodigi\/","og_site_name":"Gossip.it | News sul Gossip e VIP","article_publisher":"https:\/\/www.facebook.com\/GossipIT","article_published_time":"2017-11-14T23:00:00+00:00","og_image":[{"url":"https:\/\/files.gossip.it\/immagini_news\/2017\/11\/1510749141_anna_valle.jpg"}],"author":"La Redazione","twitter_card":"summary_large_image","twitter_image":"https:\/\/files.gossip.it\/immagini_news\/2017\/11\/1510749141_anna_valle.jpg","twitter_creator":"@gossinews_it","twitter_site":"@gossinews_it","twitter_misc":{"Scritto da":"La Redazione","Tempo di lettura stimato":"1 minuto"},"schema":{"@context":"https:\/\/schema.org","@graph":[{"@type":"Article","@id":"https:\/\/www.gossip.it\/news\/anna-valle-prodigi\/#article","isPartOf":{"@id":"https:\/\/www.gossip.it\/news\/anna-valle-prodigi\/"},"author":{"name":"La Redazione","@id":"https:\/\/www.gossip.it\/#\/schema\/person\/488896f75158bff1cc83c6c39d141110"},"headline":"Anna Valle presenta 'Prodigi - La musica \u00e8 vita'","datePublished":"2017-11-14T23:00:00+00:00","dateModified":"2017-11-14T23:00:00+00:00","mainEntityOfPage":{"@id":"https:\/\/www.gossip.it\/news\/anna-valle-prodigi\/"},"wordCount":281,"publisher":{"@id":"https:\/\/www.gossip.it\/#organization"},"image":{"@id":"https:\/\/www.gossip.it\/news\/anna-valle-prodigi\/#primaryimage"},"thumbnailUrl":"https:\/\/files.gossip.it\/immagini_news\/2017\/11\/1510749141_anna_valle.jpg","keywords":["attrice","beneficenza","dichiarazioni","miss italia","prodigi","raiuno","tv","unicef"],"articleSection":["News"],"inLanguage":"it-IT"},{"@type":"WebPage","@id":"https:\/\/www.gossip.it\/news\/anna-valle-prodigi\/","url":"https:\/\/www.gossip.it\/news\/anna-valle-prodigi\/","name":"Anna Valle presenta 'Prodigi - La musica \u00e8 vita' - Gossip.it | News sul Gossip e VIP","isPartOf":{"@id":"https:\/\/www.gossip.it\/#website"},"primaryImageOfPage":{"@id":"https:\/\/www.gossip.it\/news\/anna-valle-prodigi\/#primaryimage"},"image":{"@id":"https:\/\/www.gossip.it\/news\/anna-valle-prodigi\/#primaryimage"},"thumbnailUrl":"https:\/\/files.gossip.it\/immagini_news\/2017\/11\/1510749141_anna_valle.jpg","datePublished":"2017-11-14T23:00:00+00:00","dateModified":"2017-11-14T23:00:00+00:00","description":"Anna Valle, 42 anni, ha presentato a Roma la serata Unicef \"Prodigi - La musica \u00e8 vita\" che condurr\u00e0 su Raiuno sabato 18 dicembre al fianco di Flavio","breadcrumb":{"@id":"https:\/\/www.gossip.it\/news\/anna-valle-prodigi\/#breadcrumb"},"inLanguage":"it-IT","potentialAction":[{"@type":"ReadAction","target":["https:\/\/www.gossip.it\/news\/anna-valle-prodigi\/"]}]},{"@type":"ImageObject","inLanguage":"it-IT","@id":"https:\/\/www.gossip.it\/news\/anna-valle-prodigi\/#primaryimage","url":"https:\/\/files.gossip.it\/immagini_news\/2017\/11\/1510749141_anna_valle.jpg","contentUrl":"https:\/\/files.gossip.it\/immagini_news\/2017\/11\/1510749141_anna_valle.jpg"},{"@type":"BreadcrumbList","@id":"https:\/\/www.gossip.it\/news\/anna-valle-prodigi\/#breadcrumb","itemListElement":[{"@type":"ListItem","position":1,"name":"Home","item":"https:\/\/www.gossip.it\/"},{"@type":"ListItem","position":2,"name":"Anna Valle presenta 'Prodigi - La musica \u00e8 vita'"}]},{"@type":"WebSite","@id":"https:\/\/www.gossip.it\/#website","url":"https:\/\/www.gossip.it\/","name":"Gossip and VIP News","description":"Quotidiano di cronaca rosa, costume e societ\u00e0","publisher":{"@id":"https:\/\/www.gossip.it\/#organization"},"alternateName":"Gossip and VIP News","potentialAction":[{"@type":"SearchAction","target":{"@type":"EntryPoint","urlTemplate":"https:\/\/www.gossip.it\/?s={search_term_string}"},"query-input":{"@type":"PropertyValueSpecification","valueRequired":true,"valueName":"search_term_string"}}],"inLanguage":"it-IT"},{"@type":"Organization","@id":"https:\/\/www.gossip.it\/#organization","name":"Gossip and VIP News","alternateName":"Gossip News","url":"https:\/\/www.gossip.it\/","logo":{"@type":"ImageObject","inLanguage":"it-IT","@id":"https:\/\/www.gossip.it\/#\/schema\/logo\/image\/","url":"https:\/\/www.gossip.it\/wp-content\/uploads\/2022\/04\/cropped-corna-alta-tiny.png","contentUrl":"https:\/\/www.gossip.it\/wp-content\/uploads\/2022\/04\/cropped-corna-alta-tiny.png","width":512,"height":512,"caption":"Gossip and VIP News"},"image":{"@id":"https:\/\/www.gossip.it\/#\/schema\/logo\/image\/"},"sameAs":["https:\/\/www.facebook.com\/GossipIT","https:\/\/x.com\/gossinews_it","https:\/\/instagram.com\/gossip_it"]},{"@type":"Person","@id":"https:\/\/www.gossip.it\/#\/schema\/person\/488896f75158bff1cc83c6c39d141110","name":"La Redazione","image":{"@type":"ImageObject","inLanguage":"it-IT","@id":"https:\/\/www.gossip.it\/#\/schema\/person\/image\/","url":"https:\/\/secure.gravatar.com\/avatar\/5a5f5c6fa3e6700e4249abdad0263a1e94e927d9e0499b1cb09c1cd29c044d80?s=96&d=mm&r=g","contentUrl":"https:\/\/secure.gravatar.com\/avatar\/5a5f5c6fa3e6700e4249abdad0263a1e94e927d9e0499b1cb09c1cd29c044d80?s=96&d=mm&r=g","caption":"La Redazione"},"sameAs":["https:\/\/www.gossip.it"]}]}},"amp_enabled":true,"_links":{"self":[{"href":"https:\/\/www.gossip.it\/api\/wp\/v2\/posts\/59607","targetHints":{"allow":["GET"]}}],"collection":[{"href":"https:\/\/www.gossip.it\/api\/wp\/v2\/posts"}],"about":[{"href":"https:\/\/www.gossip.it\/api\/wp\/v2\/types\/post"}],"author":[{"embeddable":true,"href":"https:\/\/www.gossip.it\/api\/wp\/v2\/users\/1"}],"replies":[{"embeddable":true,"href":"https:\/\/www.gossip.it\/api\/wp\/v2\/comments?post=59607"}],"version-history":[{"count":0,"href":"https:\/\/www.gossip.it\/api\/wp\/v2\/posts\/59607\/revisions"}],"wp:featuredmedia":[{"embeddable":true,"href":"https:\/\/www.gossip.it\/api\/wp\/v2\/media\/115653"}],"wp:attachment":[{"href":"https:\/\/www.gossip.it\/api\/wp\/v2\/media?parent=59607"}],"wp:term":[{"taxonomy":"category","embeddable":true,"href":"https:\/\/www.gossip.it\/api\/wp\/v2\/categories?post=59607"},{"taxonomy":"post_tag","embeddable":true,"href":"https:\/\/www.gossip.it\/api\/wp\/v2\/tags?post=59607"},{"taxonomy":"vip","embeddable":true,"href":"https:\/\/www.gossip.it\/api\/wp\/v2\/vip?post=59607"}],"curies":[{"name":"wp","href":"https:\/\/api.w.org\/{rel}","templated":true}]}}