{"id":59628,"date":"2017-11-17T00:00:00","date_gmt":"2017-11-16T23:00:00","guid":{"rendered":"https:\/\/www.gossip.it\/senza-categoria\/stefano-de-martino-difende-francesco-monte-mcs\/"},"modified":"2017-11-17T00:00:00","modified_gmt":"2017-11-16T23:00:00","slug":"stefano-de-martino-difende-francesco-monte-mcs","status":"publish","type":"post","link":"https:\/\/www.gossip.it\/news\/stefano-de-martino-difende-francesco-monte-mcs\/","title":{"rendered":"Stefano De Martino difende Francesco Monte al MCS"},"content":{"rendered":"<p><a href=\"\/vip\/stefano-de martino\/\">Stefano De Martino<\/a> \u00e8 dalla parte di <a href=\"\/vip\/francesco-monte\/\">Francesco Monte<\/a> al <a href=\"\/vip\/mcs\/\">MCS<\/a>. Il ballerino 28enne <strong>difende<\/strong> l<em>''ex cognato'.<\/em> Parla dell'addio di <a href=\"\/vip\/cecilia\/\">Cecilia<\/a> al <a href=\"\/vip\/gf-vip\/\">GF Vip<\/a> e dice: <em>\"Il modo e il contesto sbagliati\"<\/em>, forse dimenticando che proprio lui, quando esplose la passione con <a href=\"\/vip\/belen-rodriguez\/\">Belen Rodriguez<\/a>, con <a href=\"\/vip\/emma-marrone\/\">Emma Marrone<\/a> fece pi\u00f9 o meno lo stesso e non si espose mai davanti al pubblico. Fu l'argentina durante una puntata di <a href=\"\/vip\/amici\/\">Amici<\/a> a prendere il mano il microfono e a parlare a chi li fischiava...<\/p>\n<figure class=\"caption\"><img decoding=\"async\" alt=\"\" width=\"640\" height=\"361\" src=\"https:\/\/files.gossip.it\/immagini_news\/2017\/11\/1510912265_DE-MARTINO-MONTE-MCS.jpg\" \/><figcaption>Stefano De Martino si schiera dalla parte di Francesco Monte sul 'caso Cecilia' al MCS e lo difende<\/figcaption><\/figure>\n<p><strong>Difende Francesco Monte<\/strong>. <a href=\"\/vip\/maurizio-costanzo\/\">Maurizio Costanzo<\/a> lo interpella maliziosamente e dice: <em>\"Uno storico della famiglia <\/em><a href=\"\/vip\/rodriguez\/\">Rodriguez<\/a><em> \u00e8 <strong>Stefano De Martino<\/strong>. L\u2019apripista \u00e8 stato Stefano. Balla ancora il tango argentino?\u201d<\/em>. Il 28enne al <strong>MCS <\/strong>replica: <em>\"C\u2019\u00e8 di peggio per\u00f2 quello che voglio dire \u00e8 che l\u2019amore \u00e8 difficile da gestire, mi dispiace per Francesco. Il contesto e il modo sono stati sbagliati, non voglio cavalcare finiti moralismi, tutti abbiamo lasciato e siamo stati lasciati ma non in questo modo\u201d.<\/em><\/p>\n<div class=\"video_integrato\" data-videoid=\"4927\" data-autostart=\"true\">\u00a0<\/div>\n<p>Al <strong>MCS Stefano De Martino<\/strong> non \u00e8 l'unico che <strong>difende Francesco Monte<\/strong>. Gi\u00e0 l'intervento di <a href=\"\/vip\/dario-vergassola\/\">Dario Vergassola<\/a> d\u00e0 un ottimo assist a Costanzo. Il comico sottolinea ironicamente: <em>\u201cA proposito di \u2018donne che non la danno mai, Monte ne vogliamo parlare? Lei ha scoperto certe verit\u00e0. Il vostro rapporto era vero e consolidato\".\u00a0<\/em><\/p>\n<figure class=\"caption\"><img decoding=\"async\" alt=\"\" width=\"640\" height=\"357\" src=\"https:\/\/files.gossip.it\/immagini_news\/2017\/11\/1510912312_DE-MARTINO-MCS.jpg\" \/><figcaption>Per il ballerino 28enne 'modo e tempi sbagliati' nell'addio con l'ex tronista<\/figcaption><\/figure>\n<p>Il pugliese risponde: <em>\u201cForse ho scoperto una verit\u00e0 che forse gi\u00e0 sapevo, s\u00ec erano 4 anni e mezzo che stavamo insieme. Sfido chiunque a non soffrire in un situazione del genere\u201d. <\/em>Maurizio interviene ed \u00e8 spietato: <em>\u201cLei \u00e8 stato lasciato davanti a milioni di persone. La trovo una cosa di una sgradevolezza assoluta, una mancanza di riguardo, una cosa di malcostume. Ma \u00e8 modo di lasciare davanti alle telecamere con milioni di telespettatori che guardano? Ma dai!\u201d<\/em>. E poi chiede:<em> \u201cL\u2019ha gi\u00e0 rimpiazzata?\u201d<\/em>,<em> \u201cNo\u201d,<\/em> risponde lapidario <strong>Francesco Monte<\/strong>.\u00a0<\/p>\n<p>L'ex tronista si consola ballando davanti a tutti sul palco con la bella <a href=\"\/vip\/michelle-hunziker\/\">Michelle Hunziker<\/a>, anche lei ospite del <strong>MCS<\/strong>. Intanto nella Casa del GF VIp, <a href=\"\/vip\/cecilia-rodriguez\/\">Cecilia Rodriguez<\/a>, ignara di tutto, spiega ad <a href=\"\/vip\/aida-yespica\/\">Aida Yespica<\/a> e <a href=\"\/vip\/ivana-mrazova\/\">Ivana Mrazova<\/a> perch\u00e9 \u00e8 finita con Monte.<\/p>\n<figure class=\"caption\"><img decoding=\"async\" alt=\"\" width=\"687\" height=\"384\" src=\"https:\/\/files.gossip.it\/immagini_news\/2017\/11\/1510912354_MONTE-MCS.jpg\" \/><figcaption>Il pugliese sta ancora soffrendo, ma pensa di aver scoperto verit\u00e0 che in fondo al cuore gi\u00e0 conosceva...<\/figcaption><\/figure>\n<p><em>\"Io sono cambiata tanto<\/em> - dice - <em>cose buone altre meno, ma io cos\u00ec non sono mai stata me stessa\"<\/em>. Il fidanzato voleva cambiarla. Non solo: era pazzamente geloso. <em>\"Io vado a lavorare e non posso cambiarmi davanti alla gente! E' assurdo, questo \u00e8 il mio lavoro non posso perdere tempo ad andare nelle altre stanze, non faccio niente di male. Anch'io sono gelosa,\u00a0 ma se tu non manchi di rispetto puoi fare tutto!\"<\/em>, sottolinea.\u00a0<\/p>\n<p><em>\"La gelosia rovina tutte le storie!\",\u00a0<\/em>dice Ivana. Aida confessa che a lei un po' di gelosia non dispiace. Eppure Cecilia ribadisce di non essere stata bene fino in fondo nel rapporto con <strong>Francesco Monte<\/strong>.<em> \"Se tu diventi il nucleo della mia vita, la mia vita gira tutto intorno alla tua! Io mi voglio sentire di essere libera di fare quello che voglio!\"<\/em>, chiarisce ancora.\u00a0<\/p>\n<p>\u00a0<\/p>\n","protected":false},"excerpt":{"rendered":"<p>Stefano De Martino \u00e8 dalla parte di Francesco Monte al MCS. Il ballerino 28enne difende l''ex cognato'. Parla dell'addio di Cecilia al GF Vip e dice: \"Il modo e il contesto sbagliati\", forse dimenticando che proprio lui, quando esplose la passione con Belen Rodriguez, con Emma Marrone fece pi\u00f9 o meno lo stesso e non [&hellip;]<\/p>\n","protected":false},"author":1,"featured_media":115674,"comment_status":"closed","ping_status":"closed","sticky":false,"template":"","format":"standard","meta":{"footnotes":""},"categories":[54],"tags":[2137,2504,2098,11357,2102,12913,8847,2126,11038,1875,11214,1929,10245,11358,1997,2205,1934,2128,2113,2097],"vip":[474,1320,1731],"class_list":["post-59628","post","type-post","status-publish","format-standard","has-post-thumbnail","hentry","category-news","tag-attore","tag-ballerino","tag-canale-5","tag-cecilia","tag-dichiarazioni","tag-difende","tag-francesco-monte","tag-gf-vip","tag-gf-vip-2","tag-grande-fratello-vip","tag-grande-fratello-vip-2","tag-ignazio-moser","tag-maurizio-costanzo-show","tag-mcs","tag-modella","tag-modello","tag-reality","tag-reality-show","tag-tronista","tag-tv","vip-cecilia_rodriguez","vip-maurizio_costanzo","vip-stefano_de_martino"],"yoast_head":"<title>Stefano De Martino difende Francesco Monte al MCS - Gossip.it | News sul Gossip e VIP<\/title>\n<meta name=\"description\" content=\"Stefano De Martino \u00e8 dalla parte di Francesco Monte al MCS. Il ballerino 28enne difende l&#039;&#039;ex cognato&#039;. Parla dell&#039;addio di Cecilia al GF Vip e dice: &quot;Il\" \/>\n<meta name=\"robots\" content=\"index, follow, max-snippet:-1, max-image-preview:large, max-video-preview:-1\" \/>\n<link rel=\"canonical\" href=\"https:\/\/www.gossip.it\/news\/stefano-de-martino-difende-francesco-monte-mcs\/\" \/>\n<meta property=\"og:locale\" content=\"it_IT\" \/>\n<meta property=\"og:type\" content=\"article\" \/>\n<meta property=\"og:title\" content=\"Stefano De Martino difende Francesco Monte al MCS - Gossip.it | News sul Gossip e VIP\" \/>\n<meta property=\"og:description\" content=\"Stefano De Martino \u00e8 dalla parte di Francesco Monte al MCS. Il ballerino 28enne difende l&#039;&#039;ex cognato&#039;. Parla dell&#039;addio di Cecilia al GF Vip e dice: &quot;Il\" \/>\n<meta property=\"og:url\" content=\"https:\/\/www.gossip.it\/news\/stefano-de-martino-difende-francesco-monte-mcs\/\" \/>\n<meta property=\"og:site_name\" content=\"Gossip.it | News sul Gossip e VIP\" \/>\n<meta property=\"article:publisher\" content=\"https:\/\/www.facebook.com\/GossipIT\" \/>\n<meta property=\"article:published_time\" content=\"2017-11-16T23:00:00+00:00\" \/>\n<meta property=\"og:image\" content=\"https:\/\/files.gossip.it\/immagini_news\/2017\/11\/1510912265_DE-MARTINO-MONTE-MCS.jpg\" \/>\n<meta name=\"author\" content=\"La Redazione\" \/>\n<meta name=\"twitter:card\" content=\"summary_large_image\" \/>\n<meta name=\"twitter:image\" content=\"https:\/\/files.gossip.it\/immagini_news\/2017\/11\/1510912265_DE-MARTINO-MONTE-MCS.jpg\" \/>\n<meta name=\"twitter:creator\" content=\"@gossinews_it\" \/>\n<meta name=\"twitter:site\" content=\"@gossinews_it\" \/>\n<meta name=\"twitter:label1\" content=\"Scritto da\" \/>\n\t<meta name=\"twitter:data1\" content=\"Annamaria Capozzi\" \/>\n\t<meta name=\"twitter:label2\" content=\"Tempo di lettura stimato\" \/>\n\t<meta name=\"twitter:data2\" content=\"3 minuti\" \/>","yoast_head_json":{"title":"Stefano De Martino difende Francesco Monte al MCS - Gossip.it | News sul Gossip e VIP","description":"Stefano De Martino \u00e8 dalla parte di Francesco Monte al MCS. Il ballerino 28enne difende l''ex cognato'. Parla dell'addio di Cecilia al GF Vip e dice: \"Il","robots":{"index":"index","follow":"follow","max-snippet":"max-snippet:-1","max-image-preview":"max-image-preview:large","max-video-preview":"max-video-preview:-1"},"canonical":"https:\/\/www.gossip.it\/news\/stefano-de-martino-difende-francesco-monte-mcs\/","og_locale":"it_IT","og_type":"article","og_title":"Stefano De Martino difende Francesco Monte al MCS - Gossip.it | News sul Gossip e VIP","og_description":"Stefano De Martino \u00e8 dalla parte di Francesco Monte al MCS. Il ballerino 28enne difende l''ex cognato'. Parla dell'addio di Cecilia al GF Vip e dice: \"Il","og_url":"https:\/\/www.gossip.it\/news\/stefano-de-martino-difende-francesco-monte-mcs\/","og_site_name":"Gossip.it | News sul Gossip e VIP","article_publisher":"https:\/\/www.facebook.com\/GossipIT","article_published_time":"2017-11-16T23:00:00+00:00","og_image":[{"url":"https:\/\/files.gossip.it\/immagini_news\/2017\/11\/1510912265_DE-MARTINO-MONTE-MCS.jpg"}],"author":"La Redazione","twitter_card":"summary_large_image","twitter_image":"https:\/\/files.gossip.it\/immagini_news\/2017\/11\/1510912265_DE-MARTINO-MONTE-MCS.jpg","twitter_creator":"@gossinews_it","twitter_site":"@gossinews_it","twitter_misc":{"Scritto da":"Annamaria Capozzi","Tempo di lettura stimato":"3 minuti"},"schema":{"@context":"https:\/\/schema.org","@graph":[{"@type":"Article","@id":"https:\/\/www.gossip.it\/news\/stefano-de-martino-difende-francesco-monte-mcs\/#article","isPartOf":{"@id":"https:\/\/www.gossip.it\/news\/stefano-de-martino-difende-francesco-monte-mcs\/"},"author":{"name":"La Redazione","@id":"https:\/\/www.gossip.it\/#\/schema\/person\/488896f75158bff1cc83c6c39d141110"},"headline":"Stefano De Martino difende Francesco Monte al MCS","datePublished":"2017-11-16T23:00:00+00:00","dateModified":"2017-11-16T23:00:00+00:00","mainEntityOfPage":{"@id":"https:\/\/www.gossip.it\/news\/stefano-de-martino-difende-francesco-monte-mcs\/"},"wordCount":537,"publisher":{"@id":"https:\/\/www.gossip.it\/#organization"},"image":{"@id":"https:\/\/www.gossip.it\/news\/stefano-de-martino-difende-francesco-monte-mcs\/#primaryimage"},"thumbnailUrl":"https:\/\/files.gossip.it\/immagini_news\/2017\/11\/1510912265_DE-MARTINO-MONTE-MCS.jpg","keywords":["attore","ballerino","canale 5","cecilia","dichiarazioni","difende","francesco monte","gf vip","gf vip 2","grande fratello vip","grande fratello vip 2","ignazio moser","maurizio costanzo show","mcs","modella","modello","reality","reality show","tronista","tv"],"articleSection":["News"],"inLanguage":"it-IT"},{"@type":"WebPage","@id":"https:\/\/www.gossip.it\/news\/stefano-de-martino-difende-francesco-monte-mcs\/","url":"https:\/\/www.gossip.it\/news\/stefano-de-martino-difende-francesco-monte-mcs\/","name":"Stefano De Martino difende Francesco Monte al MCS - Gossip.it | News sul Gossip e VIP","isPartOf":{"@id":"https:\/\/www.gossip.it\/#website"},"primaryImageOfPage":{"@id":"https:\/\/www.gossip.it\/news\/stefano-de-martino-difende-francesco-monte-mcs\/#primaryimage"},"image":{"@id":"https:\/\/www.gossip.it\/news\/stefano-de-martino-difende-francesco-monte-mcs\/#primaryimage"},"thumbnailUrl":"https:\/\/files.gossip.it\/immagini_news\/2017\/11\/1510912265_DE-MARTINO-MONTE-MCS.jpg","datePublished":"2017-11-16T23:00:00+00:00","dateModified":"2017-11-16T23:00:00+00:00","description":"Stefano De Martino \u00e8 dalla parte di Francesco Monte al MCS. Il ballerino 28enne difende l''ex cognato'. Parla dell'addio di Cecilia al GF Vip e dice: \"Il","breadcrumb":{"@id":"https:\/\/www.gossip.it\/news\/stefano-de-martino-difende-francesco-monte-mcs\/#breadcrumb"},"inLanguage":"it-IT","potentialAction":[{"@type":"ReadAction","target":["https:\/\/www.gossip.it\/news\/stefano-de-martino-difende-francesco-monte-mcs\/"]}]},{"@type":"ImageObject","inLanguage":"it-IT","@id":"https:\/\/www.gossip.it\/news\/stefano-de-martino-difende-francesco-monte-mcs\/#primaryimage","url":"https:\/\/files.gossip.it\/immagini_news\/2017\/11\/1510912265_DE-MARTINO-MONTE-MCS.jpg","contentUrl":"https:\/\/files.gossip.it\/immagini_news\/2017\/11\/1510912265_DE-MARTINO-MONTE-MCS.jpg"},{"@type":"BreadcrumbList","@id":"https:\/\/www.gossip.it\/news\/stefano-de-martino-difende-francesco-monte-mcs\/#breadcrumb","itemListElement":[{"@type":"ListItem","position":1,"name":"Home","item":"https:\/\/www.gossip.it\/"},{"@type":"ListItem","position":2,"name":"Stefano De Martino difende Francesco Monte al MCS"}]},{"@type":"WebSite","@id":"https:\/\/www.gossip.it\/#website","url":"https:\/\/www.gossip.it\/","name":"Gossip and VIP News","description":"Quotidiano di cronaca rosa, costume e societ\u00e0","publisher":{"@id":"https:\/\/www.gossip.it\/#organization"},"alternateName":"Gossip and VIP News","potentialAction":[{"@type":"SearchAction","target":{"@type":"EntryPoint","urlTemplate":"https:\/\/www.gossip.it\/?s={search_term_string}"},"query-input":{"@type":"PropertyValueSpecification","valueRequired":true,"valueName":"search_term_string"}}],"inLanguage":"it-IT"},{"@type":"Organization","@id":"https:\/\/www.gossip.it\/#organization","name":"Gossip and VIP News","alternateName":"Gossip News","url":"https:\/\/www.gossip.it\/","logo":{"@type":"ImageObject","inLanguage":"it-IT","@id":"https:\/\/www.gossip.it\/#\/schema\/logo\/image\/","url":"https:\/\/www.gossip.it\/wp-content\/uploads\/2022\/04\/cropped-corna-alta-tiny.png","contentUrl":"https:\/\/www.gossip.it\/wp-content\/uploads\/2022\/04\/cropped-corna-alta-tiny.png","width":512,"height":512,"caption":"Gossip and VIP News"},"image":{"@id":"https:\/\/www.gossip.it\/#\/schema\/logo\/image\/"},"sameAs":["https:\/\/www.facebook.com\/GossipIT","https:\/\/x.com\/gossinews_it","https:\/\/instagram.com\/gossip_it"]},{"@type":"Person","@id":"https:\/\/www.gossip.it\/#\/schema\/person\/488896f75158bff1cc83c6c39d141110","name":"La Redazione","image":{"@type":"ImageObject","inLanguage":"it-IT","@id":"https:\/\/www.gossip.it\/#\/schema\/person\/image\/","url":"https:\/\/secure.gravatar.com\/avatar\/5a5f5c6fa3e6700e4249abdad0263a1e94e927d9e0499b1cb09c1cd29c044d80?s=96&d=mm&r=g","contentUrl":"https:\/\/secure.gravatar.com\/avatar\/5a5f5c6fa3e6700e4249abdad0263a1e94e927d9e0499b1cb09c1cd29c044d80?s=96&d=mm&r=g","caption":"La Redazione"},"sameAs":["https:\/\/www.gossip.it"]}]}},"amp_enabled":true,"_links":{"self":[{"href":"https:\/\/www.gossip.it\/api\/wp\/v2\/posts\/59628","targetHints":{"allow":["GET"]}}],"collection":[{"href":"https:\/\/www.gossip.it\/api\/wp\/v2\/posts"}],"about":[{"href":"https:\/\/www.gossip.it\/api\/wp\/v2\/types\/post"}],"author":[{"embeddable":true,"href":"https:\/\/www.gossip.it\/api\/wp\/v2\/users\/1"}],"replies":[{"embeddable":true,"href":"https:\/\/www.gossip.it\/api\/wp\/v2\/comments?post=59628"}],"version-history":[{"count":0,"href":"https:\/\/www.gossip.it\/api\/wp\/v2\/posts\/59628\/revisions"}],"wp:featuredmedia":[{"embeddable":true,"href":"https:\/\/www.gossip.it\/api\/wp\/v2\/media\/115674"}],"wp:attachment":[{"href":"https:\/\/www.gossip.it\/api\/wp\/v2\/media?parent=59628"}],"wp:term":[{"taxonomy":"category","embeddable":true,"href":"https:\/\/www.gossip.it\/api\/wp\/v2\/categories?post=59628"},{"taxonomy":"post_tag","embeddable":true,"href":"https:\/\/www.gossip.it\/api\/wp\/v2\/tags?post=59628"},{"taxonomy":"vip","embeddable":true,"href":"https:\/\/www.gossip.it\/api\/wp\/v2\/vip?post=59628"}],"curies":[{"name":"wp","href":"https:\/\/api.w.org\/{rel}","templated":true}]}}