{"id":59729,"date":"2017-11-28T00:00:00","date_gmt":"2017-11-27T23:00:00","guid":{"rendered":"https:\/\/www.gossip.it\/senza-categoria\/melissa-satta-look-gitana\/"},"modified":"2017-11-28T00:00:00","modified_gmt":"2017-11-27T23:00:00","slug":"melissa-satta-look-gitana","status":"publish","type":"post","link":"https:\/\/www.gossip.it\/news\/melissa-satta-look-gitana\/","title":{"rendered":"Melissa Satta e il suo look gipsy: 'Mi sento un po' gitana'"},"content":{"rendered":"<p><em>\"Un po' <strong>gitana<\/strong>\"<\/em> scrive <a href=\"\/vip\/melissa-satta\/\">Melissa Satta<\/a>, 31 anni, sul <a href=\"\/vip\/social-\/\">social <\/a>accanto a uno scatto che la ritrae nei camerini di \"<a href=\"\/vip\/tiki-taka\/\">Tiki Taka<\/a>\" con il <strong>look<\/strong> scelto per la trasmissione sportiva di Italiauno. L'ex velina mora nel selfie condiviso con i tanti <a href=\"\/vip\/follower\/\">follower<\/a> che la seguono su <a href=\"\/vip\/instagram\/\">Instagram<\/a> indossa un abito bordeaux con fiorellini e frange.<\/p>\n<figure class=\"caption\"><img decoding=\"async\" alt=\"\" width=\"640\" height=\"781\" src=\"https:\/\/files.gossip.it\/immagini_news\/2017\/11\/1511867146_melissa_satta-2.jpg\" \/><figcaption>Melissa Satta si scatta un selfie con il suo look da gitana\u00a0<\/figcaption><\/figure>\n<p><strong>Melissa Satta<\/strong> sfoggia un <strong>look <\/strong>da <strong>gitana<\/strong> e i fan a quanto pare apprezzano: <em>\"A 'Tiki Taka' sei la pi\u00f9 bella\"<\/em>, le scrive un ammiratore. Mentre un altro alla signora <a href=\"\/vip\/boateng-\/\">Boateng <\/a>fa sapere: <em>\"Amore ieri sera eri meravigliosa\"<\/em>. <em>\"Sei incinta? Si vede un po' di pancetta\"<\/em>, si legge ancora tra i commenti. In realt\u00e0 <strong>Melissa <\/strong>con il <strong>look<\/strong> da <strong>gitana<\/strong> appare in splendida forma. Le curve come sempre sono al punto giusto e la sua mise \u00e8 completata da un trucco impeccabile.<\/p>\n<p><strong>Melissa Satta <\/strong>ama mostrare agli ammiratori i suoi outfit sempre alla moda. Il volto della tv, infatti, adora il mondo del fashion ed \u00e8 sempre molto attenta alla sua immagine. Ma non ha paura di cambiare. Cos\u00ec eccola versione gipsy e come sempre \u00e8 bellissima.\u00a0<\/p>\n","protected":false},"excerpt":{"rendered":"<p>\"Un po' gitana\" scrive Melissa Satta, 31 anni, sul social accanto a uno scatto che la ritrae nei camerini di \"Tiki Taka\" con il look scelto per la trasmissione sportiva di Italiauno. L'ex velina mora nel selfie condiviso con i tanti follower che la seguono su Instagram indossa un abito bordeaux con fiorellini e frange. [&hellip;]<\/p>\n","protected":false},"author":1,"featured_media":115775,"comment_status":"closed","ping_status":"closed","sticky":false,"template":"","format":"standard","meta":{"footnotes":""},"categories":[54],"tags":[12082,3102,57153,3952,2121,1970,1923,8533],"vip":[1333],"class_list":["post-59729","post","type-post","status-publish","format-standard","has-post-thumbnail","hentry","category-news","tag-boateng","tag-fashion","tag-gispy","tag-gitana","tag-instagram","tag-look","tag-social","tag-tiki-taka","vip-melissa_satta"],"yoast_head":"<title>Melissa Satta e il suo look gipsy: &#039;Mi sento un po&#039; gitana&#039; - Gossip.it | News sul Gossip e VIP<\/title>\n<meta name=\"description\" content=\"&quot;Un po&#039; gitana&quot; scrive Melissa Satta, 31 anni, sul social accanto a uno scatto che la ritrae nei camerini di &quot;Tiki Taka&quot; con il look scelto per la\" \/>\n<meta name=\"robots\" content=\"index, follow, max-snippet:-1, max-image-preview:large, max-video-preview:-1\" \/>\n<link rel=\"canonical\" href=\"https:\/\/www.gossip.it\/news\/melissa-satta-look-gitana\/\" \/>\n<meta property=\"og:locale\" content=\"it_IT\" \/>\n<meta property=\"og:type\" content=\"article\" \/>\n<meta property=\"og:title\" content=\"Melissa Satta e il suo look gipsy: &#039;Mi sento un po&#039; gitana&#039; - Gossip.it | News sul Gossip e VIP\" \/>\n<meta property=\"og:description\" content=\"&quot;Un po&#039; gitana&quot; scrive Melissa Satta, 31 anni, sul social accanto a uno scatto che la ritrae nei camerini di &quot;Tiki Taka&quot; con il look scelto per la\" \/>\n<meta property=\"og:url\" content=\"https:\/\/www.gossip.it\/news\/melissa-satta-look-gitana\/\" \/>\n<meta property=\"og:site_name\" content=\"Gossip.it | News sul Gossip e VIP\" \/>\n<meta property=\"article:publisher\" content=\"https:\/\/www.facebook.com\/GossipIT\" \/>\n<meta property=\"article:published_time\" content=\"2017-11-27T23:00:00+00:00\" \/>\n<meta property=\"og:image\" content=\"https:\/\/files.gossip.it\/immagini_news\/2017\/11\/1511867146_melissa_satta-2.jpg\" \/>\n<meta name=\"author\" content=\"La Redazione\" \/>\n<meta name=\"twitter:card\" content=\"summary_large_image\" \/>\n<meta name=\"twitter:image\" content=\"https:\/\/files.gossip.it\/immagini_news\/2017\/11\/1511867146_melissa_satta-2.jpg\" \/>\n<meta name=\"twitter:creator\" content=\"@gossinews_it\" \/>\n<meta name=\"twitter:site\" content=\"@gossinews_it\" \/>\n<meta name=\"twitter:label1\" content=\"Scritto da\" \/>\n\t<meta name=\"twitter:data1\" content=\"Francesca Romana Domenici\" \/>\n\t<meta name=\"twitter:label2\" content=\"Tempo di lettura stimato\" \/>\n\t<meta name=\"twitter:data2\" content=\"1 minuto\" \/>","yoast_head_json":{"title":"Melissa Satta e il suo look gipsy: 'Mi sento un po' gitana' - Gossip.it | News sul Gossip e VIP","description":"\"Un po' gitana\" scrive Melissa Satta, 31 anni, sul social accanto a uno scatto che la ritrae nei camerini di \"Tiki Taka\" con il look scelto per la","robots":{"index":"index","follow":"follow","max-snippet":"max-snippet:-1","max-image-preview":"max-image-preview:large","max-video-preview":"max-video-preview:-1"},"canonical":"https:\/\/www.gossip.it\/news\/melissa-satta-look-gitana\/","og_locale":"it_IT","og_type":"article","og_title":"Melissa Satta e il suo look gipsy: 'Mi sento un po' gitana' - Gossip.it | News sul Gossip e VIP","og_description":"\"Un po' gitana\" scrive Melissa Satta, 31 anni, sul social accanto a uno scatto che la ritrae nei camerini di \"Tiki Taka\" con il look scelto per la","og_url":"https:\/\/www.gossip.it\/news\/melissa-satta-look-gitana\/","og_site_name":"Gossip.it | News sul Gossip e VIP","article_publisher":"https:\/\/www.facebook.com\/GossipIT","article_published_time":"2017-11-27T23:00:00+00:00","og_image":[{"url":"https:\/\/files.gossip.it\/immagini_news\/2017\/11\/1511867146_melissa_satta-2.jpg"}],"author":"La Redazione","twitter_card":"summary_large_image","twitter_image":"https:\/\/files.gossip.it\/immagini_news\/2017\/11\/1511867146_melissa_satta-2.jpg","twitter_creator":"@gossinews_it","twitter_site":"@gossinews_it","twitter_misc":{"Scritto da":"Francesca Romana Domenici","Tempo di lettura stimato":"1 minuto"},"schema":{"@context":"https:\/\/schema.org","@graph":[{"@type":"Article","@id":"https:\/\/www.gossip.it\/news\/melissa-satta-look-gitana\/#article","isPartOf":{"@id":"https:\/\/www.gossip.it\/news\/melissa-satta-look-gitana\/"},"author":{"name":"La Redazione","@id":"https:\/\/www.gossip.it\/#\/schema\/person\/488896f75158bff1cc83c6c39d141110"},"headline":"Melissa Satta e il suo look gipsy: 'Mi sento un po' gitana'","datePublished":"2017-11-27T23:00:00+00:00","dateModified":"2017-11-27T23:00:00+00:00","mainEntityOfPage":{"@id":"https:\/\/www.gossip.it\/news\/melissa-satta-look-gitana\/"},"wordCount":203,"publisher":{"@id":"https:\/\/www.gossip.it\/#organization"},"image":{"@id":"https:\/\/www.gossip.it\/news\/melissa-satta-look-gitana\/#primaryimage"},"thumbnailUrl":"https:\/\/files.gossip.it\/immagini_news\/2017\/11\/1511867146_melissa_satta-2.jpg","keywords":["boateng","fashion","gispy","gitana","instagram","look","social","tiki taka"],"articleSection":["News"],"inLanguage":"it-IT"},{"@type":"WebPage","@id":"https:\/\/www.gossip.it\/news\/melissa-satta-look-gitana\/","url":"https:\/\/www.gossip.it\/news\/melissa-satta-look-gitana\/","name":"Melissa Satta e il suo look gipsy: 'Mi sento un po' gitana' - Gossip.it | News sul Gossip e VIP","isPartOf":{"@id":"https:\/\/www.gossip.it\/#website"},"primaryImageOfPage":{"@id":"https:\/\/www.gossip.it\/news\/melissa-satta-look-gitana\/#primaryimage"},"image":{"@id":"https:\/\/www.gossip.it\/news\/melissa-satta-look-gitana\/#primaryimage"},"thumbnailUrl":"https:\/\/files.gossip.it\/immagini_news\/2017\/11\/1511867146_melissa_satta-2.jpg","datePublished":"2017-11-27T23:00:00+00:00","dateModified":"2017-11-27T23:00:00+00:00","description":"\"Un po' gitana\" scrive Melissa Satta, 31 anni, sul social accanto a uno scatto che la ritrae nei camerini di \"Tiki Taka\" con il look scelto per la","breadcrumb":{"@id":"https:\/\/www.gossip.it\/news\/melissa-satta-look-gitana\/#breadcrumb"},"inLanguage":"it-IT","potentialAction":[{"@type":"ReadAction","target":["https:\/\/www.gossip.it\/news\/melissa-satta-look-gitana\/"]}]},{"@type":"ImageObject","inLanguage":"it-IT","@id":"https:\/\/www.gossip.it\/news\/melissa-satta-look-gitana\/#primaryimage","url":"https:\/\/files.gossip.it\/immagini_news\/2017\/11\/1511867146_melissa_satta-2.jpg","contentUrl":"https:\/\/files.gossip.it\/immagini_news\/2017\/11\/1511867146_melissa_satta-2.jpg"},{"@type":"BreadcrumbList","@id":"https:\/\/www.gossip.it\/news\/melissa-satta-look-gitana\/#breadcrumb","itemListElement":[{"@type":"ListItem","position":1,"name":"Home","item":"https:\/\/www.gossip.it\/"},{"@type":"ListItem","position":2,"name":"Melissa Satta e il suo look gipsy: 'Mi sento un po' gitana'"}]},{"@type":"WebSite","@id":"https:\/\/www.gossip.it\/#website","url":"https:\/\/www.gossip.it\/","name":"Gossip and VIP News","description":"Quotidiano di cronaca rosa, costume e societ\u00e0","publisher":{"@id":"https:\/\/www.gossip.it\/#organization"},"alternateName":"Gossip and VIP News","potentialAction":[{"@type":"SearchAction","target":{"@type":"EntryPoint","urlTemplate":"https:\/\/www.gossip.it\/?s={search_term_string}"},"query-input":{"@type":"PropertyValueSpecification","valueRequired":true,"valueName":"search_term_string"}}],"inLanguage":"it-IT"},{"@type":"Organization","@id":"https:\/\/www.gossip.it\/#organization","name":"Gossip and VIP News","alternateName":"Gossip News","url":"https:\/\/www.gossip.it\/","logo":{"@type":"ImageObject","inLanguage":"it-IT","@id":"https:\/\/www.gossip.it\/#\/schema\/logo\/image\/","url":"https:\/\/www.gossip.it\/wp-content\/uploads\/2022\/04\/cropped-corna-alta-tiny.png","contentUrl":"https:\/\/www.gossip.it\/wp-content\/uploads\/2022\/04\/cropped-corna-alta-tiny.png","width":512,"height":512,"caption":"Gossip and VIP News"},"image":{"@id":"https:\/\/www.gossip.it\/#\/schema\/logo\/image\/"},"sameAs":["https:\/\/www.facebook.com\/GossipIT","https:\/\/x.com\/gossinews_it","https:\/\/instagram.com\/gossip_it"]},{"@type":"Person","@id":"https:\/\/www.gossip.it\/#\/schema\/person\/488896f75158bff1cc83c6c39d141110","name":"La Redazione","image":{"@type":"ImageObject","inLanguage":"it-IT","@id":"https:\/\/www.gossip.it\/#\/schema\/person\/image\/","url":"https:\/\/secure.gravatar.com\/avatar\/5a5f5c6fa3e6700e4249abdad0263a1e94e927d9e0499b1cb09c1cd29c044d80?s=96&d=mm&r=g","contentUrl":"https:\/\/secure.gravatar.com\/avatar\/5a5f5c6fa3e6700e4249abdad0263a1e94e927d9e0499b1cb09c1cd29c044d80?s=96&d=mm&r=g","caption":"La Redazione"},"sameAs":["https:\/\/www.gossip.it"]}]}},"amp_enabled":true,"_links":{"self":[{"href":"https:\/\/www.gossip.it\/api\/wp\/v2\/posts\/59729","targetHints":{"allow":["GET"]}}],"collection":[{"href":"https:\/\/www.gossip.it\/api\/wp\/v2\/posts"}],"about":[{"href":"https:\/\/www.gossip.it\/api\/wp\/v2\/types\/post"}],"author":[{"embeddable":true,"href":"https:\/\/www.gossip.it\/api\/wp\/v2\/users\/1"}],"replies":[{"embeddable":true,"href":"https:\/\/www.gossip.it\/api\/wp\/v2\/comments?post=59729"}],"version-history":[{"count":0,"href":"https:\/\/www.gossip.it\/api\/wp\/v2\/posts\/59729\/revisions"}],"wp:featuredmedia":[{"embeddable":true,"href":"https:\/\/www.gossip.it\/api\/wp\/v2\/media\/115775"}],"wp:attachment":[{"href":"https:\/\/www.gossip.it\/api\/wp\/v2\/media?parent=59729"}],"wp:term":[{"taxonomy":"category","embeddable":true,"href":"https:\/\/www.gossip.it\/api\/wp\/v2\/categories?post=59729"},{"taxonomy":"post_tag","embeddable":true,"href":"https:\/\/www.gossip.it\/api\/wp\/v2\/tags?post=59729"},{"taxonomy":"vip","embeddable":true,"href":"https:\/\/www.gossip.it\/api\/wp\/v2\/vip?post=59729"}],"curies":[{"name":"wp","href":"https:\/\/api.w.org\/{rel}","templated":true}]}}