{"id":59833,"date":"2017-12-07T00:00:00","date_gmt":"2017-12-06T23:00:00","guid":{"rendered":"https:\/\/www.gossip.it\/senza-categoria\/chiara-ferragni-fedez-natale-svizzera\/"},"modified":"2017-12-07T00:00:00","modified_gmt":"2017-12-06T23:00:00","slug":"chiara-ferragni-fedez-natale-svizzera","status":"publish","type":"post","link":"https:\/\/www.gossip.it\/news\/chiara-ferragni-fedez-natale-svizzera\/","title":{"rendered":"Chiara Ferragni e Fedez, il primo Natale con Leo in Svizzera"},"content":{"rendered":"<p><a href=\"\/vip\/chiara-ferragni\/\">Chiara Ferragni<\/a> e <a href=\"\/vip\/fedez\/\">Fedez<\/a> trascorreranno il <strong>Natale<\/strong> in montagna, partiranno per la <strong>Svizzera<\/strong> con le rispettive famiglie. La <a href=\"\/vip\/fashion-blogger\/\">fashion blogger<\/a> 30enne <a href=\"\/vip\/incinta\/\">incinta<\/a> di sei mesi svela a <em>Grazia<\/em> i progetti di viaggio per le festivit\u00e0: in questo 2017 niente Los Angeles.<\/p>\n<figure class=\"caption\"><img decoding=\"async\" alt=\"\" width=\"640\" height=\"788\" src=\"https:\/\/files.gossip.it\/immagini_news\/2017\/12\/1512648343_chiara-ferragni.jpg\" \/><figcaption>Chiara Ferragni trascorrer\u00e0 il Natale in montagna in Svizzera con Fedez e le rispettive famiglie<\/figcaption><\/figure>\n<p><em>\"Da quando mi sono trasferita a Los Angeles, il <strong>Natale<\/strong> l'abbiamo sempre trascorso l\u00ec. Quando ero piccola, facevamo il presepe e l'albero a casa, a Cremona, ma poi partivamo per la montagna a sciare\"<\/em>, dice <strong>Chiara Ferragni<\/strong>.<\/p>\n<figure class=\"caption\"><img decoding=\"async\" alt=\"\" width=\"640\" height=\"457\" src=\"https:\/\/files.gossip.it\/immagini_news\/2017\/12\/1512648395_ferragni-fedez.jpg\" \/><figcaption>I due subito dopo partiranno per gli States, dove ad aprile nascer\u00e0 il bambino, Leo<\/figcaption><\/figure>\n<p>Per questo suo primo <strong>Natale<\/strong> con Leo ha deciso di fare quasi lo stesso:<em> \"Andremo in <strong>Svizzera<\/strong> con tutta la mia famiglia e quella di <strong>Fedez<\/strong>. Porter\u00f2 anche la mia cagnolina Matilde. Io purtroppo non posso sciare, Federico andr\u00e0 sulle piste con le mie sorelle, io mi dedicher\u00f2 alle camminate e al relax\".<\/em><\/p>\n<figure class=\"caption\"><img decoding=\"async\" alt=\"\" width=\"640\" height=\"644\" src=\"https:\/\/files.gossip.it\/immagini_news\/2017\/12\/1512648443_ferragni-ecografia.jpg\" \/><figcaption>La coppia sul social condivide la nuova ecografia del beb\u00e8: la fashion blogger \u00e8 incinta di 6 mesi<\/figcaption><\/figure>\n<p>Prima il <strong>Natale<\/strong> in<strong> Svizzera<\/strong> e poi gli States, sempre con <strong>Fedez<\/strong> accanto. Leo, diminutivo di Leone, dovrebbe nascere intorno al 9 aprile. Sul <a href=\"\/vip\/social\/\">social<\/a> arriva la nuova ecografia che mostra il volto del beb\u00e8.<\/p>\n<figure class=\"caption\"><img decoding=\"async\" alt=\"\" width=\"640\" height=\"694\" src=\"https:\/\/files.gossip.it\/immagini_news\/2017\/12\/1512648488_ferragni-sorelle-papa.jpg\" \/><figcaption>Chiara con le sorelle Francesca e Valentina e il pap\u00e0 Marco<\/figcaption><\/figure>\n<p><em>\"Il vero regalo di queste feste per noi arriver\u00e0 nel 2018<\/em> - sottolinea Chiara - <em>Siamo tutti contentissimi e non vediamo l'ora di conoscere Leo. Il prossimo anno sar\u00e0 un <strong>Natale<\/strong> ancora pi\u00f9 speciale. Quello dell'anno scorso \u00e8 stato importante perch\u00e9 era la prima volta che passavo tanti giorni con <strong>Fedez<\/strong> ed \u00e8 stato il momento in cui ha conosciuto la mia famiglia. Ero felice che si fosse creata subito una bella atmosfera\"<\/em>.\u00a0<\/p>\n<div class=\"video_integrato\" data-videoid=\"4962\" data-autostart=\"true\">\u00a0<\/div>\n<p>\u00a0<\/p>\n","protected":false},"excerpt":{"rendered":"<p>Chiara Ferragni e Fedez trascorreranno il Natale in montagna, partiranno per la Svizzera con le rispettive famiglie. La fashion blogger 30enne incinta di sei mesi svela a Grazia i progetti di viaggio per le festivit\u00e0: in questo 2017 niente Los Angeles. Chiara Ferragni trascorrer\u00e0 il Natale in montagna in Svizzera con Fedez e le rispettive [&hellip;]<\/p>\n","protected":false},"author":1,"featured_media":115879,"comment_status":"closed","ping_status":"closed","sticky":false,"template":"","format":"standard","meta":{"footnotes":""},"categories":[54],"tags":[6288,4548,2102,4645,8349,7313,6035,2181,2306,2094,2121,2103,9080,7543,2002,2465,5463,1923,2926],"vip":[481],"class_list":["post-59833","post","type-post","status-publish","format-standard","has-post-thumbnail","hentry","category-news","tag-bebe-in-arrivo","tag-cicogna","tag-dichiarazioni","tag-dolce-attesa","tag-ecografia","tag-fashion-blogger","tag-fedez","tag-gravidanza","tag-grazia","tag-incinta","tag-instagram","tag-intervista","tag-leo","tag-leone","tag-maschio","tag-natale","tag-rapper","tag-social","tag-svizzera","vip-chiara_ferragni"],"yoast_head":"<title>Chiara Ferragni e Fedez, il primo Natale con Leo in Svizzera - Gossip.it | News sul Gossip e VIP<\/title>\n<meta name=\"description\" content=\"Chiara Ferragni e Fedez trascorreranno il Natale in montagna, partiranno per la Svizzera con le rispettive famiglie. La fashion blogger 30enne incinta di\" \/>\n<meta name=\"robots\" content=\"index, follow, max-snippet:-1, max-image-preview:large, max-video-preview:-1\" \/>\n<link rel=\"canonical\" href=\"https:\/\/www.gossip.it\/news\/chiara-ferragni-fedez-natale-svizzera\/\" \/>\n<meta property=\"og:locale\" content=\"it_IT\" \/>\n<meta property=\"og:type\" content=\"article\" \/>\n<meta property=\"og:title\" content=\"Chiara Ferragni e Fedez, il primo Natale con Leo in Svizzera - Gossip.it | News sul Gossip e VIP\" \/>\n<meta property=\"og:description\" content=\"Chiara Ferragni e Fedez trascorreranno il Natale in montagna, partiranno per la Svizzera con le rispettive famiglie. La fashion blogger 30enne incinta di\" \/>\n<meta property=\"og:url\" content=\"https:\/\/www.gossip.it\/news\/chiara-ferragni-fedez-natale-svizzera\/\" \/>\n<meta property=\"og:site_name\" content=\"Gossip.it | News sul Gossip e VIP\" \/>\n<meta property=\"article:publisher\" content=\"https:\/\/www.facebook.com\/GossipIT\" \/>\n<meta property=\"article:published_time\" content=\"2017-12-06T23:00:00+00:00\" \/>\n<meta property=\"og:image\" content=\"https:\/\/files.gossip.it\/immagini_news\/2017\/12\/1512648343_chiara-ferragni.jpg\" \/>\n<meta name=\"author\" content=\"La Redazione\" \/>\n<meta name=\"twitter:card\" content=\"summary_large_image\" \/>\n<meta name=\"twitter:image\" content=\"https:\/\/files.gossip.it\/immagini_news\/2017\/12\/1512648343_chiara-ferragni.jpg\" \/>\n<meta name=\"twitter:creator\" content=\"@gossinews_it\" \/>\n<meta name=\"twitter:site\" content=\"@gossinews_it\" \/>\n<meta name=\"twitter:label1\" content=\"Scritto da\" \/>\n\t<meta name=\"twitter:data1\" content=\"Annamaria Capozzi\" \/>\n\t<meta name=\"twitter:label2\" content=\"Tempo di lettura stimato\" \/>\n\t<meta name=\"twitter:data2\" content=\"1 minuto\" \/>","yoast_head_json":{"title":"Chiara Ferragni e Fedez, il primo Natale con Leo in Svizzera - Gossip.it | News sul Gossip e VIP","description":"Chiara Ferragni e Fedez trascorreranno il Natale in montagna, partiranno per la Svizzera con le rispettive famiglie. La fashion blogger 30enne incinta di","robots":{"index":"index","follow":"follow","max-snippet":"max-snippet:-1","max-image-preview":"max-image-preview:large","max-video-preview":"max-video-preview:-1"},"canonical":"https:\/\/www.gossip.it\/news\/chiara-ferragni-fedez-natale-svizzera\/","og_locale":"it_IT","og_type":"article","og_title":"Chiara Ferragni e Fedez, il primo Natale con Leo in Svizzera - Gossip.it | News sul Gossip e VIP","og_description":"Chiara Ferragni e Fedez trascorreranno il Natale in montagna, partiranno per la Svizzera con le rispettive famiglie. La fashion blogger 30enne incinta di","og_url":"https:\/\/www.gossip.it\/news\/chiara-ferragni-fedez-natale-svizzera\/","og_site_name":"Gossip.it | News sul Gossip e VIP","article_publisher":"https:\/\/www.facebook.com\/GossipIT","article_published_time":"2017-12-06T23:00:00+00:00","og_image":[{"url":"https:\/\/files.gossip.it\/immagini_news\/2017\/12\/1512648343_chiara-ferragni.jpg"}],"author":"La Redazione","twitter_card":"summary_large_image","twitter_image":"https:\/\/files.gossip.it\/immagini_news\/2017\/12\/1512648343_chiara-ferragni.jpg","twitter_creator":"@gossinews_it","twitter_site":"@gossinews_it","twitter_misc":{"Scritto da":"Annamaria Capozzi","Tempo di lettura stimato":"1 minuto"},"schema":{"@context":"https:\/\/schema.org","@graph":[{"@type":"Article","@id":"https:\/\/www.gossip.it\/news\/chiara-ferragni-fedez-natale-svizzera\/#article","isPartOf":{"@id":"https:\/\/www.gossip.it\/news\/chiara-ferragni-fedez-natale-svizzera\/"},"author":{"name":"La Redazione","@id":"https:\/\/www.gossip.it\/#\/schema\/person\/488896f75158bff1cc83c6c39d141110"},"headline":"Chiara Ferragni e Fedez, il primo Natale con Leo in Svizzera","datePublished":"2017-12-06T23:00:00+00:00","dateModified":"2017-12-06T23:00:00+00:00","mainEntityOfPage":{"@id":"https:\/\/www.gossip.it\/news\/chiara-ferragni-fedez-natale-svizzera\/"},"wordCount":306,"publisher":{"@id":"https:\/\/www.gossip.it\/#organization"},"image":{"@id":"https:\/\/www.gossip.it\/news\/chiara-ferragni-fedez-natale-svizzera\/#primaryimage"},"thumbnailUrl":"https:\/\/files.gossip.it\/immagini_news\/2017\/12\/1512648343_chiara-ferragni.jpg","keywords":["beb\u00e8 in arrivo","cicogna","dichiarazioni","dolce attesa","ecografia","fashion blogger","fedez","gravidanza","grazia","incinta","instagram","intervista","Leo","Leone","maschio","natale","rapper","social","svizzera"],"articleSection":["News"],"inLanguage":"it-IT"},{"@type":"WebPage","@id":"https:\/\/www.gossip.it\/news\/chiara-ferragni-fedez-natale-svizzera\/","url":"https:\/\/www.gossip.it\/news\/chiara-ferragni-fedez-natale-svizzera\/","name":"Chiara Ferragni e Fedez, il primo Natale con Leo in Svizzera - Gossip.it | News sul Gossip e VIP","isPartOf":{"@id":"https:\/\/www.gossip.it\/#website"},"primaryImageOfPage":{"@id":"https:\/\/www.gossip.it\/news\/chiara-ferragni-fedez-natale-svizzera\/#primaryimage"},"image":{"@id":"https:\/\/www.gossip.it\/news\/chiara-ferragni-fedez-natale-svizzera\/#primaryimage"},"thumbnailUrl":"https:\/\/files.gossip.it\/immagini_news\/2017\/12\/1512648343_chiara-ferragni.jpg","datePublished":"2017-12-06T23:00:00+00:00","dateModified":"2017-12-06T23:00:00+00:00","description":"Chiara Ferragni e Fedez trascorreranno il Natale in montagna, partiranno per la Svizzera con le rispettive famiglie. La fashion blogger 30enne incinta di","breadcrumb":{"@id":"https:\/\/www.gossip.it\/news\/chiara-ferragni-fedez-natale-svizzera\/#breadcrumb"},"inLanguage":"it-IT","potentialAction":[{"@type":"ReadAction","target":["https:\/\/www.gossip.it\/news\/chiara-ferragni-fedez-natale-svizzera\/"]}]},{"@type":"ImageObject","inLanguage":"it-IT","@id":"https:\/\/www.gossip.it\/news\/chiara-ferragni-fedez-natale-svizzera\/#primaryimage","url":"https:\/\/files.gossip.it\/immagini_news\/2017\/12\/1512648343_chiara-ferragni.jpg","contentUrl":"https:\/\/files.gossip.it\/immagini_news\/2017\/12\/1512648343_chiara-ferragni.jpg"},{"@type":"BreadcrumbList","@id":"https:\/\/www.gossip.it\/news\/chiara-ferragni-fedez-natale-svizzera\/#breadcrumb","itemListElement":[{"@type":"ListItem","position":1,"name":"Home","item":"https:\/\/www.gossip.it\/"},{"@type":"ListItem","position":2,"name":"Chiara Ferragni e Fedez, il primo Natale con Leo in Svizzera"}]},{"@type":"WebSite","@id":"https:\/\/www.gossip.it\/#website","url":"https:\/\/www.gossip.it\/","name":"Gossip and VIP News","description":"Quotidiano di cronaca rosa, costume e societ\u00e0","publisher":{"@id":"https:\/\/www.gossip.it\/#organization"},"alternateName":"Gossip and VIP News","potentialAction":[{"@type":"SearchAction","target":{"@type":"EntryPoint","urlTemplate":"https:\/\/www.gossip.it\/?s={search_term_string}"},"query-input":{"@type":"PropertyValueSpecification","valueRequired":true,"valueName":"search_term_string"}}],"inLanguage":"it-IT"},{"@type":"Organization","@id":"https:\/\/www.gossip.it\/#organization","name":"Gossip and VIP News","alternateName":"Gossip News","url":"https:\/\/www.gossip.it\/","logo":{"@type":"ImageObject","inLanguage":"it-IT","@id":"https:\/\/www.gossip.it\/#\/schema\/logo\/image\/","url":"https:\/\/www.gossip.it\/wp-content\/uploads\/2022\/04\/cropped-corna-alta-tiny.png","contentUrl":"https:\/\/www.gossip.it\/wp-content\/uploads\/2022\/04\/cropped-corna-alta-tiny.png","width":512,"height":512,"caption":"Gossip and VIP News"},"image":{"@id":"https:\/\/www.gossip.it\/#\/schema\/logo\/image\/"},"sameAs":["https:\/\/www.facebook.com\/GossipIT","https:\/\/x.com\/gossinews_it","https:\/\/instagram.com\/gossip_it"]},{"@type":"Person","@id":"https:\/\/www.gossip.it\/#\/schema\/person\/488896f75158bff1cc83c6c39d141110","name":"La Redazione","image":{"@type":"ImageObject","inLanguage":"it-IT","@id":"https:\/\/www.gossip.it\/#\/schema\/person\/image\/","url":"https:\/\/secure.gravatar.com\/avatar\/5a5f5c6fa3e6700e4249abdad0263a1e94e927d9e0499b1cb09c1cd29c044d80?s=96&d=mm&r=g","contentUrl":"https:\/\/secure.gravatar.com\/avatar\/5a5f5c6fa3e6700e4249abdad0263a1e94e927d9e0499b1cb09c1cd29c044d80?s=96&d=mm&r=g","caption":"La Redazione"},"sameAs":["https:\/\/www.gossip.it"]}]}},"amp_enabled":true,"_links":{"self":[{"href":"https:\/\/www.gossip.it\/api\/wp\/v2\/posts\/59833","targetHints":{"allow":["GET"]}}],"collection":[{"href":"https:\/\/www.gossip.it\/api\/wp\/v2\/posts"}],"about":[{"href":"https:\/\/www.gossip.it\/api\/wp\/v2\/types\/post"}],"author":[{"embeddable":true,"href":"https:\/\/www.gossip.it\/api\/wp\/v2\/users\/1"}],"replies":[{"embeddable":true,"href":"https:\/\/www.gossip.it\/api\/wp\/v2\/comments?post=59833"}],"version-history":[{"count":0,"href":"https:\/\/www.gossip.it\/api\/wp\/v2\/posts\/59833\/revisions"}],"wp:featuredmedia":[{"embeddable":true,"href":"https:\/\/www.gossip.it\/api\/wp\/v2\/media\/115879"}],"wp:attachment":[{"href":"https:\/\/www.gossip.it\/api\/wp\/v2\/media?parent=59833"}],"wp:term":[{"taxonomy":"category","embeddable":true,"href":"https:\/\/www.gossip.it\/api\/wp\/v2\/categories?post=59833"},{"taxonomy":"post_tag","embeddable":true,"href":"https:\/\/www.gossip.it\/api\/wp\/v2\/tags?post=59833"},{"taxonomy":"vip","embeddable":true,"href":"https:\/\/www.gossip.it\/api\/wp\/v2\/vip?post=59833"}],"curies":[{"name":"wp","href":"https:\/\/api.w.org\/{rel}","templated":true}]}}