{"id":59875,"date":"2017-12-13T00:00:00","date_gmt":"2017-12-12T23:00:00","guid":{"rendered":"https:\/\/www.gossip.it\/senza-categoria\/gabriel-garko-paparazzato-milano\/"},"modified":"2017-12-13T00:00:00","modified_gmt":"2017-12-12T23:00:00","slug":"gabriel-garko-paparazzato-milano","status":"publish","type":"post","link":"https:\/\/www.gossip.it\/news\/gabriel-garko-paparazzato-milano\/","title":{"rendered":"Gabriel Garko paparazzato durante lo shopping a Milano: foto"},"content":{"rendered":"<p><a href=\"\/vip\/gabriel-garko\/\">Gabriel Garko<\/a>, 45 anni, \u00e8 stato <strong>paparazzato<\/strong> per le vie di <strong>Milano<\/strong>. L'affascinante attore indossava un caldo piumino blu con maglione di lana a collo alto grigio, jeans, sneakers bianche ai piedi, occhiali sa sole a coprirgli lo sguardo: la star delle fiction tv ha sfoggiato un look comodo ma curato e alla moda.<\/p>\n<figure class=\"caption\"><img decoding=\"async\" alt=\"\" src=\"https:\/\/files.gossip.it\/immagini_news\/2017\/12\/1513168223_gabriel_garko-1.jpg\" \/><figcaption>Gabriel Garko durante la sua passeggiata a Milano<\/figcaption><\/figure>\n<p><strong>Gabriel<\/strong> \u00e8 stato <strong>paparazzato<\/strong> a <strong>Milano <\/strong>senza la fidanzata 26enne <a href=\"\/vip\/adua-del vesco\/\">Adua Del Vesco<\/a>. L'attore per\u00f2 di recente ha fatto sapere che le cose tra loro vanno bene e c'\u00e8 anche chi mormora che <strong>Garko<\/strong> si troverebbe nel capoluogo meneghino per arredare un nuovo nido d'amore da condividere con la dolce met\u00e0. Ma sono solo indiscrezioni. Fatto sta che <strong>Gabriel<\/strong> si \u00e8 concesso una passeggiata a <strong>Milano<\/strong> seguito naturalmente dai fotografi. Non \u00e8 apparso infastidito ma \u00e8 andato dritto per la sua strada. Ha anche incontrato un amico ed \u00e8 sembrato sereno.<\/p>\n<p>Per <strong>Gabriel Garko<\/strong> il 2017 \u00e8 stato molto intenso dal punto di vista lavorativo e non solo in tv: di recente \u00e8 tornato a teatro con una commedia diretta da <a href=\"\/vip\/alessandro-benvenuti\/\">Alessandro Benvenuti<\/a> dal titolo \"Odio Amleto\" che l'ha visto recitare al fianco di Ugo Pagliai.<\/p>\n<div class=\"video_integrato\" data-videoid=\"3694\" data-autostart=\"true\">\u00a0<\/div>\n<p>\u00a0<\/p>\n","protected":false},"excerpt":{"rendered":"<p>Gabriel Garko, 45 anni, \u00e8 stato paparazzato per le vie di Milano. L'affascinante attore indossava un caldo piumino blu con maglione di lana a collo alto grigio, jeans, sneakers bianche ai piedi, occhiali sa sole a coprirgli lo sguardo: la star delle fiction tv ha sfoggiato un look comodo ma curato e alla moda. Gabriel [&hellip;]<\/p>\n","protected":false},"author":1,"featured_media":115921,"comment_status":"closed","ping_status":"closed","sticky":false,"template":"","format":"standard","meta":{"footnotes":""},"categories":[54],"tags":[8498,2137,2498,1979,2110,2097],"vip":[810],"class_list":["post-59875","post","type-post","status-publish","format-standard","has-post-thumbnail","hentry","category-news","tag-adua-del-vesco","tag-attore","tag-fiction","tag-milano","tag-paparazzata","tag-tv","vip-gabriel_garko"],"yoast_head":"<title>Gabriel Garko paparazzato durante lo shopping a Milano: foto - Gossip.it | News sul Gossip e VIP<\/title>\n<meta name=\"description\" content=\"Gabriel Garko, 45 anni, \u00e8 stato paparazzato per le vie di Milano. L&#039;affascinante attore indossava un caldo piumino blu con maglione di lana a collo alto\" \/>\n<meta name=\"robots\" content=\"index, follow, max-snippet:-1, max-image-preview:large, max-video-preview:-1\" \/>\n<link rel=\"canonical\" href=\"https:\/\/www.gossip.it\/news\/gabriel-garko-paparazzato-milano\/\" \/>\n<meta property=\"og:locale\" content=\"it_IT\" \/>\n<meta property=\"og:type\" content=\"article\" \/>\n<meta property=\"og:title\" content=\"Gabriel Garko paparazzato durante lo shopping a Milano: foto - Gossip.it | News sul Gossip e VIP\" \/>\n<meta property=\"og:description\" content=\"Gabriel Garko, 45 anni, \u00e8 stato paparazzato per le vie di Milano. L&#039;affascinante attore indossava un caldo piumino blu con maglione di lana a collo alto\" \/>\n<meta property=\"og:url\" content=\"https:\/\/www.gossip.it\/news\/gabriel-garko-paparazzato-milano\/\" \/>\n<meta property=\"og:site_name\" content=\"Gossip.it | News sul Gossip e VIP\" \/>\n<meta property=\"article:publisher\" content=\"https:\/\/www.facebook.com\/GossipIT\" \/>\n<meta property=\"article:published_time\" content=\"2017-12-12T23:00:00+00:00\" \/>\n<meta property=\"og:image\" content=\"https:\/\/files.gossip.it\/immagini_news\/2017\/12\/1513168223_gabriel_garko-1.jpg\" \/>\n<meta name=\"author\" content=\"La Redazione\" \/>\n<meta name=\"twitter:card\" content=\"summary_large_image\" \/>\n<meta name=\"twitter:image\" content=\"https:\/\/files.gossip.it\/immagini_news\/2017\/12\/1513168223_gabriel_garko-1.jpg\" \/>\n<meta name=\"twitter:creator\" content=\"@gossinews_it\" \/>\n<meta name=\"twitter:site\" content=\"@gossinews_it\" \/>\n<meta name=\"twitter:label1\" content=\"Scritto da\" \/>\n\t<meta name=\"twitter:data1\" content=\"Francesca Romana Domenici\" \/>\n\t<meta name=\"twitter:label2\" content=\"Tempo di lettura stimato\" \/>\n\t<meta name=\"twitter:data2\" content=\"1 minuto\" \/>","yoast_head_json":{"title":"Gabriel Garko paparazzato durante lo shopping a Milano: foto - Gossip.it | News sul Gossip e VIP","description":"Gabriel Garko, 45 anni, \u00e8 stato paparazzato per le vie di Milano. L'affascinante attore indossava un caldo piumino blu con maglione di lana a collo alto","robots":{"index":"index","follow":"follow","max-snippet":"max-snippet:-1","max-image-preview":"max-image-preview:large","max-video-preview":"max-video-preview:-1"},"canonical":"https:\/\/www.gossip.it\/news\/gabriel-garko-paparazzato-milano\/","og_locale":"it_IT","og_type":"article","og_title":"Gabriel Garko paparazzato durante lo shopping a Milano: foto - Gossip.it | News sul Gossip e VIP","og_description":"Gabriel Garko, 45 anni, \u00e8 stato paparazzato per le vie di Milano. L'affascinante attore indossava un caldo piumino blu con maglione di lana a collo alto","og_url":"https:\/\/www.gossip.it\/news\/gabriel-garko-paparazzato-milano\/","og_site_name":"Gossip.it | News sul Gossip e VIP","article_publisher":"https:\/\/www.facebook.com\/GossipIT","article_published_time":"2017-12-12T23:00:00+00:00","og_image":[{"url":"https:\/\/files.gossip.it\/immagini_news\/2017\/12\/1513168223_gabriel_garko-1.jpg"}],"author":"La Redazione","twitter_card":"summary_large_image","twitter_image":"https:\/\/files.gossip.it\/immagini_news\/2017\/12\/1513168223_gabriel_garko-1.jpg","twitter_creator":"@gossinews_it","twitter_site":"@gossinews_it","twitter_misc":{"Scritto da":"Francesca Romana Domenici","Tempo di lettura stimato":"1 minuto"},"schema":{"@context":"https:\/\/schema.org","@graph":[{"@type":"Article","@id":"https:\/\/www.gossip.it\/news\/gabriel-garko-paparazzato-milano\/#article","isPartOf":{"@id":"https:\/\/www.gossip.it\/news\/gabriel-garko-paparazzato-milano\/"},"author":{"name":"La Redazione","@id":"https:\/\/www.gossip.it\/#\/schema\/person\/488896f75158bff1cc83c6c39d141110"},"headline":"Gabriel Garko paparazzato durante lo shopping a Milano: foto","datePublished":"2017-12-12T23:00:00+00:00","dateModified":"2017-12-12T23:00:00+00:00","mainEntityOfPage":{"@id":"https:\/\/www.gossip.it\/news\/gabriel-garko-paparazzato-milano\/"},"wordCount":201,"publisher":{"@id":"https:\/\/www.gossip.it\/#organization"},"image":{"@id":"https:\/\/www.gossip.it\/news\/gabriel-garko-paparazzato-milano\/#primaryimage"},"thumbnailUrl":"https:\/\/files.gossip.it\/immagini_news\/2017\/12\/1513168223_gabriel_garko-1.jpg","keywords":["Adua Del Vesco","attore","fiction","milano","paparazzata","tv"],"articleSection":["News"],"inLanguage":"it-IT"},{"@type":"WebPage","@id":"https:\/\/www.gossip.it\/news\/gabriel-garko-paparazzato-milano\/","url":"https:\/\/www.gossip.it\/news\/gabriel-garko-paparazzato-milano\/","name":"Gabriel Garko paparazzato durante lo shopping a Milano: foto - Gossip.it | News sul Gossip e VIP","isPartOf":{"@id":"https:\/\/www.gossip.it\/#website"},"primaryImageOfPage":{"@id":"https:\/\/www.gossip.it\/news\/gabriel-garko-paparazzato-milano\/#primaryimage"},"image":{"@id":"https:\/\/www.gossip.it\/news\/gabriel-garko-paparazzato-milano\/#primaryimage"},"thumbnailUrl":"https:\/\/files.gossip.it\/immagini_news\/2017\/12\/1513168223_gabriel_garko-1.jpg","datePublished":"2017-12-12T23:00:00+00:00","dateModified":"2017-12-12T23:00:00+00:00","description":"Gabriel Garko, 45 anni, \u00e8 stato paparazzato per le vie di Milano. L'affascinante attore indossava un caldo piumino blu con maglione di lana a collo alto","breadcrumb":{"@id":"https:\/\/www.gossip.it\/news\/gabriel-garko-paparazzato-milano\/#breadcrumb"},"inLanguage":"it-IT","potentialAction":[{"@type":"ReadAction","target":["https:\/\/www.gossip.it\/news\/gabriel-garko-paparazzato-milano\/"]}]},{"@type":"ImageObject","inLanguage":"it-IT","@id":"https:\/\/www.gossip.it\/news\/gabriel-garko-paparazzato-milano\/#primaryimage","url":"https:\/\/files.gossip.it\/immagini_news\/2017\/12\/1513168223_gabriel_garko-1.jpg","contentUrl":"https:\/\/files.gossip.it\/immagini_news\/2017\/12\/1513168223_gabriel_garko-1.jpg"},{"@type":"BreadcrumbList","@id":"https:\/\/www.gossip.it\/news\/gabriel-garko-paparazzato-milano\/#breadcrumb","itemListElement":[{"@type":"ListItem","position":1,"name":"Home","item":"https:\/\/www.gossip.it\/"},{"@type":"ListItem","position":2,"name":"Gabriel Garko paparazzato durante lo shopping a Milano: foto"}]},{"@type":"WebSite","@id":"https:\/\/www.gossip.it\/#website","url":"https:\/\/www.gossip.it\/","name":"Gossip and VIP News","description":"Quotidiano di cronaca rosa, costume e societ\u00e0","publisher":{"@id":"https:\/\/www.gossip.it\/#organization"},"alternateName":"Gossip and VIP News","potentialAction":[{"@type":"SearchAction","target":{"@type":"EntryPoint","urlTemplate":"https:\/\/www.gossip.it\/?s={search_term_string}"},"query-input":{"@type":"PropertyValueSpecification","valueRequired":true,"valueName":"search_term_string"}}],"inLanguage":"it-IT"},{"@type":"Organization","@id":"https:\/\/www.gossip.it\/#organization","name":"Gossip and VIP News","alternateName":"Gossip News","url":"https:\/\/www.gossip.it\/","logo":{"@type":"ImageObject","inLanguage":"it-IT","@id":"https:\/\/www.gossip.it\/#\/schema\/logo\/image\/","url":"https:\/\/www.gossip.it\/wp-content\/uploads\/2022\/04\/cropped-corna-alta-tiny.png","contentUrl":"https:\/\/www.gossip.it\/wp-content\/uploads\/2022\/04\/cropped-corna-alta-tiny.png","width":512,"height":512,"caption":"Gossip and VIP News"},"image":{"@id":"https:\/\/www.gossip.it\/#\/schema\/logo\/image\/"},"sameAs":["https:\/\/www.facebook.com\/GossipIT","https:\/\/x.com\/gossinews_it","https:\/\/instagram.com\/gossip_it"]},{"@type":"Person","@id":"https:\/\/www.gossip.it\/#\/schema\/person\/488896f75158bff1cc83c6c39d141110","name":"La Redazione","image":{"@type":"ImageObject","inLanguage":"it-IT","@id":"https:\/\/www.gossip.it\/#\/schema\/person\/image\/","url":"https:\/\/secure.gravatar.com\/avatar\/5a5f5c6fa3e6700e4249abdad0263a1e94e927d9e0499b1cb09c1cd29c044d80?s=96&d=mm&r=g","contentUrl":"https:\/\/secure.gravatar.com\/avatar\/5a5f5c6fa3e6700e4249abdad0263a1e94e927d9e0499b1cb09c1cd29c044d80?s=96&d=mm&r=g","caption":"La Redazione"},"sameAs":["https:\/\/www.gossip.it"]}]}},"amp_enabled":true,"_links":{"self":[{"href":"https:\/\/www.gossip.it\/api\/wp\/v2\/posts\/59875","targetHints":{"allow":["GET"]}}],"collection":[{"href":"https:\/\/www.gossip.it\/api\/wp\/v2\/posts"}],"about":[{"href":"https:\/\/www.gossip.it\/api\/wp\/v2\/types\/post"}],"author":[{"embeddable":true,"href":"https:\/\/www.gossip.it\/api\/wp\/v2\/users\/1"}],"replies":[{"embeddable":true,"href":"https:\/\/www.gossip.it\/api\/wp\/v2\/comments?post=59875"}],"version-history":[{"count":0,"href":"https:\/\/www.gossip.it\/api\/wp\/v2\/posts\/59875\/revisions"}],"wp:featuredmedia":[{"embeddable":true,"href":"https:\/\/www.gossip.it\/api\/wp\/v2\/media\/115921"}],"wp:attachment":[{"href":"https:\/\/www.gossip.it\/api\/wp\/v2\/media?parent=59875"}],"wp:term":[{"taxonomy":"category","embeddable":true,"href":"https:\/\/www.gossip.it\/api\/wp\/v2\/categories?post=59875"},{"taxonomy":"post_tag","embeddable":true,"href":"https:\/\/www.gossip.it\/api\/wp\/v2\/tags?post=59875"},{"taxonomy":"vip","embeddable":true,"href":"https:\/\/www.gossip.it\/api\/wp\/v2\/vip?post=59875"}],"curies":[{"name":"wp","href":"https:\/\/api.w.org\/{rel}","templated":true}]}}