{"id":59910,"date":"2017-12-18T00:00:00","date_gmt":"2017-12-17T23:00:00","guid":{"rendered":"https:\/\/www.gossip.it\/senza-categoria\/nadia-toffa-tv-le-iene-dopo-malore\/"},"modified":"2017-12-18T00:00:00","modified_gmt":"2017-12-17T23:00:00","slug":"nadia-toffa-tv-le-iene-dopo-malore","status":"publish","type":"post","link":"https:\/\/www.gossip.it\/news\/nadia-toffa-tv-le-iene-dopo-malore\/","title":{"rendered":"Nadia Toffa, il ritorno in tv a Le Iene dopo il malore: 'Sto bene, ma che paura!'"},"content":{"rendered":"<p><a href=\"\/vip\/nadia-toffa\/\">Nadia Toffa<\/a> torna in <a href=\"\/vip\/tv\/\">tv<\/a> a <a href=\"\/vip\/le-iene\/\">Le Iene<\/a> <strong>dopo<\/strong> il <strong>malore<\/strong> che due settimane fa l'ha colpita a Trieste e spedita improvvisamente in terapia intensiva: tutti hanno temuto per la sua vita. La conduttrice e inviata del programma cult di Italia 1 \u00e8 in collegamento dal salotto di casa dov'\u00e8 in convalescenza e racconta commossa quel che le \u00e8 accaduto.<\/p>\n<figure class=\"caption\"><img decoding=\"async\" alt=\"\" width=\"640\" height=\"368\" src=\"https:\/\/files.gossip.it\/immagini_news\/2017\/12\/1513594520_nadia-toffa.jpg\" \/><figcaption>Nadia Toffa dopo il malore torna in tv<\/figcaption><\/figure>\n<p>Torna in<strong> tv dopo<\/strong> il <strong>malore<\/strong> e ha sulla faccia ancora i segni dello svenimento, quando ha perso conoscenza. <strong>Nadia Toffa <\/strong>a <strong>Le Iene<\/strong> dice: <em>\"Sto bene, ma che paura!\"<\/em>.\u00a0<\/p>\n<p><em>\"Un paio di settimane fa ero nella mia amata Trieste a fare un servizio, dovevamo incontrare un segretario di un sindacato. La sera sono andata a mangiare, ho brindato con l'autore perch\u00e9 siamo riusciti a incontrarlo e poi sono andata a letto in hotel. Tutto normale. La mattina poi mi alzo, faccio il caff\u00e8 e chiamo <\/em><a href=\"\/vip\/davide-parenti\/\">Davide Parenti<\/a><em> per parlare di lavoro. Lui poi mi ha detto che ero molto rallentata. Io sinceramente non ricordo benissimo, mi sentivo strana...\"<\/em>, spiega.<\/p>\n<p>In <strong>tv<\/strong> a <strong>Le Iene dopo<\/strong> il <strong>malore<\/strong>, <strong>Nadia Toffa<\/strong> si commuove. Il suo racconto prosegue: <em>\"Avevo prenotato il treno alle 13.02, erano le 11.30 e dico: 'Potrei anticiparlo, quasi quasi scendo gi\u00f9 nella hall, pago e semmai faccio il cambio del treno per arrivare prima a Milano e iniziare subito a montare il servizio...'. Tutto normalissimo ma io mi sentivo un po' strana. Avevo chiuso la valigia, messo il cappotto e prima di scendere ho detto: 'Sai che quasi quasi mi sdraio un attimo?', ma non \u00e8 da me. E' raro che io mi senta stanca, non ho tanti momenti in cui dico: 'Mi rilasso', sono fatta cos\u00ec: io vado a mille, corro sempre. In effetti era una cosa strana...\".<\/em><\/p>\n<figure class=\"caption\"><img decoding=\"async\" alt=\"\" width=\"640\" height=\"356\" src=\"https:\/\/files.gossip.it\/immagini_news\/2017\/12\/1513594553_nadia-toffa-2.jpg\" \/><figcaption>La conduttrice e inviata si fa intervistare dal suo programma, 'Le Iene'<\/figcaption><\/figure>\n<p><em>\"Ho detto 'mi sdraio', invece non l'ho fatto. Quindi scendo, mi ricordo benissimo la hall dell'hotel. Ho chiesto di pagare e il taxi per andare in stazione. A un certo punto, sono caduta<\/em> - continua<strong> Nadia Toffa<\/strong> -<em> L'ultima frase che mi ricordo era quella della ragazza della reception che mi ha detto: 'Vuoi che ti dia una mano con le valigie, 'ch\u00e9 \u00e8 arrivato il taxi?'. Poi sono caduta di faccia, ho ancora un livido ma sta migliorando\".<\/em><\/p>\n<p>Il black-out e poi la ripresa. <strong>Nadia Toffa<\/strong> svela: <em>\"Non ricordo il malore, ma mi ricordo l'ambulanza. Nella mia vita non l'avevo mai presa. All'inizio ho pensato fosse successo un incidente perch\u00e9 sentivo un'ambulanza, ma dopo un po' mi sono resa conto che forse sentivo la sirena un po' troppo vicina. Quindi ho realizzato e mi sono detta: 'Vuoi vedere che \u00e8 la mia ambulanza?'. Ho ripreso conoscenza in ambulanza. Poi a un certo punto ho visto Max\u00a0<\/em>(ndr, autore storico della trasmissione)<em>\u00a0ma erano passate ormai cinque ore, ho avuto un black-out. Lo vedo e gli dico: 'Ma tu cosa ci fai a Trieste?'. Ero lucida, ma non mi sono resa conto di ci\u00f2 che stava accadendo, della gravit\u00e0. Nessuno sapeva cosa avessi\".<\/em><\/p>\n<figure class=\"caption\"><img decoding=\"async\" alt=\"\" width=\"640\" height=\"353\" src=\"https:\/\/files.gossip.it\/immagini_news\/2017\/12\/1513594584_nadia-toffa-3.jpg\" \/><figcaption>La 38enne si emoziona: ora sta bene, ma la paura \u00e8 stata tanta<\/figcaption><\/figure>\n<p>Parla del viaggio in elicottero, trasportata da trieste a Milano: <em>\"A un certo punto, il viaggio in elicottero, che \u00e8 stato una figata pazzesca. Non l'avevo mai preso e mi piacciono da impazzire queste cose: ho fatto bungee jumping... l'elicottero in effetti non l'avevo mai provato. Mi dicono: 'Si deve andare in elicottero. C'\u00e8 la bora'. Mi hanno messo le cuffie perch\u00e9 l'elicottero fa molto casino, avevo un microfonino e parlavo con il capitano, ero l\u00e0 a chiacchierare. Sorvolavamo le citt\u00e0, lo vedevo sulla destra. Diceva il capitano: 'Adesso stiamo passando Porto Marghera', poi eravamo passati per Vicenza... Quando parlavo col capitano e mi illustrava le citt\u00e0, io pensavo ai servizi che avevo realizzato. Quando poi sono arrivata al San Raffaele c'era un sacco di gente, io dicevo: 'Ma cosa ci fate qua?'\".<\/em><\/p>\n<p>Nadia non si \u00e8 resa conto di quanto la gente fosse in pena per lei: <em>\"C'\u00e8 stato poi un momento in cui \u00e8 arrivata un'infermiera e mi ha detto: 'E' iniziato adesso <\/em><a href=\"\/vip\/tu-s\u00ec que vales\/\">Tu s\u00ec que vales<\/a><em> e <\/em><a href=\"\/vip\/maria-de filippi\/\">Maria De Filippi<\/a><em> ha iniziato salutandoti e facendoti un grande in bocca al lupo con un pensiero per te'. Io la guardo e dico: 'Ma chi \u00e8 che gliel'ha detto? Chi ha detto a Maria De Filippi che sono stata male?'. Invece poi mi hanno detto che \u00e8 successo un putiferio. Io mi sono molto commossa, mi hanno detto di citt\u00e0 che hanno pregato per me, citt\u00e0 intere: a Taranto hanno fatto la fiaccolata, Napoli ha pregato per me... scusate se mi commuovo ma... mi ha stupito tanto l'affetto della gente comune, perch\u00e9 secondo me non contava tanto il personaggio, pregavano davvero per me, per le battaglie che portiamo avanti\".<\/em><\/p>\n<p>In ospedale \u00e8 rimasta stupita dei messaggi dei politici, anche quelli con cui ha avuto rapporti conflittuali. E' arrivata, inaspettata, anche la telefonata di <a href=\"\/vip\/silvio-berlusconi\/\">Silvio Berlusconi<\/a>.<\/p>\n<p><em>\"Adesso ci rido per\u00f2 ci sono tante persone che si sono preoccupate e me ne rendo conto. Io prendo molto la vita con ironia, se le cose devono succedere \u00e8 perch\u00e9 devono accadere, e ogni cosa ti insegna qualcosa, per\u00f2 se mi metto nei panni delle persone che si sono preoccupate per me un po' mi commuovo. I miei genitori si sono preoccupati da morire, tutti voi...\"<\/em>, sottolinea. E conclude: <em>\"Grazie per l\u2019amore che mi avete dato, ve lo restituir\u00f2 con gli interessi. Sappiate che la Toffa ha la capa tosta!\".<\/em><\/p>\n<p>\u00a0<\/p>\n","protected":false},"excerpt":{"rendered":"<p>Nadia Toffa torna in tv a Le Iene dopo il malore che due settimane fa l'ha colpita a Trieste e spedita improvvisamente in terapia intensiva: tutti hanno temuto per la sua vita. La conduttrice e inviata del programma cult di Italia 1 \u00e8 in collegamento dal salotto di casa dov'\u00e8 in convalescenza e racconta commossa [&hellip;]<\/p>\n","protected":false},"author":1,"featured_media":115956,"comment_status":"closed","ping_status":"closed","sticky":false,"template":"","format":"standard","meta":{"footnotes":""},"categories":[54],"tags":[1992,2102,57233,2168,6421,2103,9071,2131,1928,6818,11391,2097],"vip":[],"class_list":["post-59910","post","type-post","status-publish","format-standard","has-post-thumbnail","hentry","category-news","tag-conduttrice","tag-dichiarazioni","tag-dopo-malore","tag-giornalista","tag-iena","tag-intervista","tag-inviata","tag-italia-1","tag-le-iene","tag-malore","tag-nadia-toffa","tag-tv"],"yoast_head":"<title>Nadia Toffa, il ritorno in tv a Le Iene dopo il malore: &#039;Sto bene, ma che paura!&#039; - Gossip.it | News sul Gossip e VIP<\/title>\n<meta name=\"description\" content=\"Nadia Toffa torna in tv a Le Iene dopo il malore che due settimane fa l&#039;ha colpita a Trieste e spedita improvvisamente in terapia intensiva: tutti hanno\" \/>\n<meta name=\"robots\" content=\"index, follow, max-snippet:-1, max-image-preview:large, max-video-preview:-1\" \/>\n<link rel=\"canonical\" href=\"https:\/\/www.gossip.it\/news\/nadia-toffa-tv-le-iene-dopo-malore\/\" \/>\n<meta property=\"og:locale\" content=\"it_IT\" \/>\n<meta property=\"og:type\" content=\"article\" \/>\n<meta property=\"og:title\" content=\"Nadia Toffa, il ritorno in tv a Le Iene dopo il malore: &#039;Sto bene, ma che paura!&#039; - Gossip.it | News sul Gossip e VIP\" \/>\n<meta property=\"og:description\" content=\"Nadia Toffa torna in tv a Le Iene dopo il malore che due settimane fa l&#039;ha colpita a Trieste e spedita improvvisamente in terapia intensiva: tutti hanno\" \/>\n<meta property=\"og:url\" content=\"https:\/\/www.gossip.it\/news\/nadia-toffa-tv-le-iene-dopo-malore\/\" \/>\n<meta property=\"og:site_name\" content=\"Gossip.it | News sul Gossip e VIP\" \/>\n<meta property=\"article:publisher\" content=\"https:\/\/www.facebook.com\/GossipIT\" \/>\n<meta property=\"article:published_time\" content=\"2017-12-17T23:00:00+00:00\" \/>\n<meta property=\"og:image\" content=\"https:\/\/files.gossip.it\/immagini_news\/2017\/12\/1513594520_nadia-toffa.jpg\" \/>\n<meta name=\"author\" content=\"La Redazione\" \/>\n<meta name=\"twitter:card\" content=\"summary_large_image\" \/>\n<meta name=\"twitter:image\" content=\"https:\/\/files.gossip.it\/immagini_news\/2017\/12\/1513594520_nadia-toffa.jpg\" \/>\n<meta name=\"twitter:creator\" content=\"@gossinews_it\" \/>\n<meta name=\"twitter:site\" content=\"@gossinews_it\" \/>\n<meta name=\"twitter:label1\" content=\"Scritto da\" \/>\n\t<meta name=\"twitter:data1\" content=\"Annamaria Capozzi\" \/>\n\t<meta name=\"twitter:label2\" content=\"Tempo di lettura stimato\" \/>\n\t<meta name=\"twitter:data2\" content=\"5 minuti\" \/>","yoast_head_json":{"title":"Nadia Toffa, il ritorno in tv a Le Iene dopo il malore: 'Sto bene, ma che paura!' - Gossip.it | News sul Gossip e VIP","description":"Nadia Toffa torna in tv a Le Iene dopo il malore che due settimane fa l'ha colpita a Trieste e spedita improvvisamente in terapia intensiva: tutti hanno","robots":{"index":"index","follow":"follow","max-snippet":"max-snippet:-1","max-image-preview":"max-image-preview:large","max-video-preview":"max-video-preview:-1"},"canonical":"https:\/\/www.gossip.it\/news\/nadia-toffa-tv-le-iene-dopo-malore\/","og_locale":"it_IT","og_type":"article","og_title":"Nadia Toffa, il ritorno in tv a Le Iene dopo il malore: 'Sto bene, ma che paura!' - Gossip.it | News sul Gossip e VIP","og_description":"Nadia Toffa torna in tv a Le Iene dopo il malore che due settimane fa l'ha colpita a Trieste e spedita improvvisamente in terapia intensiva: tutti hanno","og_url":"https:\/\/www.gossip.it\/news\/nadia-toffa-tv-le-iene-dopo-malore\/","og_site_name":"Gossip.it | News sul Gossip e VIP","article_publisher":"https:\/\/www.facebook.com\/GossipIT","article_published_time":"2017-12-17T23:00:00+00:00","og_image":[{"url":"https:\/\/files.gossip.it\/immagini_news\/2017\/12\/1513594520_nadia-toffa.jpg"}],"author":"La Redazione","twitter_card":"summary_large_image","twitter_image":"https:\/\/files.gossip.it\/immagini_news\/2017\/12\/1513594520_nadia-toffa.jpg","twitter_creator":"@gossinews_it","twitter_site":"@gossinews_it","twitter_misc":{"Scritto da":"Annamaria Capozzi","Tempo di lettura stimato":"5 minuti"},"schema":{"@context":"https:\/\/schema.org","@graph":[{"@type":"Article","@id":"https:\/\/www.gossip.it\/news\/nadia-toffa-tv-le-iene-dopo-malore\/#article","isPartOf":{"@id":"https:\/\/www.gossip.it\/news\/nadia-toffa-tv-le-iene-dopo-malore\/"},"author":{"name":"La Redazione","@id":"https:\/\/www.gossip.it\/#\/schema\/person\/488896f75158bff1cc83c6c39d141110"},"headline":"Nadia Toffa, il ritorno in tv a Le Iene dopo il malore: 'Sto bene, ma che paura!'","datePublished":"2017-12-17T23:00:00+00:00","dateModified":"2017-12-17T23:00:00+00:00","mainEntityOfPage":{"@id":"https:\/\/www.gossip.it\/news\/nadia-toffa-tv-le-iene-dopo-malore\/"},"wordCount":943,"publisher":{"@id":"https:\/\/www.gossip.it\/#organization"},"image":{"@id":"https:\/\/www.gossip.it\/news\/nadia-toffa-tv-le-iene-dopo-malore\/#primaryimage"},"thumbnailUrl":"https:\/\/files.gossip.it\/immagini_news\/2017\/12\/1513594520_nadia-toffa.jpg","keywords":["conduttrice","dichiarazioni","dopo malore","giornalista","iena","intervista","inviata","italia 1","le iene","malore","nadia toffa","tv"],"articleSection":["News"],"inLanguage":"it-IT"},{"@type":"WebPage","@id":"https:\/\/www.gossip.it\/news\/nadia-toffa-tv-le-iene-dopo-malore\/","url":"https:\/\/www.gossip.it\/news\/nadia-toffa-tv-le-iene-dopo-malore\/","name":"Nadia Toffa, il ritorno in tv a Le Iene dopo il malore: 'Sto bene, ma che paura!' - Gossip.it | News sul Gossip e VIP","isPartOf":{"@id":"https:\/\/www.gossip.it\/#website"},"primaryImageOfPage":{"@id":"https:\/\/www.gossip.it\/news\/nadia-toffa-tv-le-iene-dopo-malore\/#primaryimage"},"image":{"@id":"https:\/\/www.gossip.it\/news\/nadia-toffa-tv-le-iene-dopo-malore\/#primaryimage"},"thumbnailUrl":"https:\/\/files.gossip.it\/immagini_news\/2017\/12\/1513594520_nadia-toffa.jpg","datePublished":"2017-12-17T23:00:00+00:00","dateModified":"2017-12-17T23:00:00+00:00","description":"Nadia Toffa torna in tv a Le Iene dopo il malore che due settimane fa l'ha colpita a Trieste e spedita improvvisamente in terapia intensiva: tutti hanno","breadcrumb":{"@id":"https:\/\/www.gossip.it\/news\/nadia-toffa-tv-le-iene-dopo-malore\/#breadcrumb"},"inLanguage":"it-IT","potentialAction":[{"@type":"ReadAction","target":["https:\/\/www.gossip.it\/news\/nadia-toffa-tv-le-iene-dopo-malore\/"]}]},{"@type":"ImageObject","inLanguage":"it-IT","@id":"https:\/\/www.gossip.it\/news\/nadia-toffa-tv-le-iene-dopo-malore\/#primaryimage","url":"https:\/\/files.gossip.it\/immagini_news\/2017\/12\/1513594520_nadia-toffa.jpg","contentUrl":"https:\/\/files.gossip.it\/immagini_news\/2017\/12\/1513594520_nadia-toffa.jpg"},{"@type":"BreadcrumbList","@id":"https:\/\/www.gossip.it\/news\/nadia-toffa-tv-le-iene-dopo-malore\/#breadcrumb","itemListElement":[{"@type":"ListItem","position":1,"name":"Home","item":"https:\/\/www.gossip.it\/"},{"@type":"ListItem","position":2,"name":"Nadia Toffa, il ritorno in tv a Le Iene dopo il malore: 'Sto bene, ma che paura!'"}]},{"@type":"WebSite","@id":"https:\/\/www.gossip.it\/#website","url":"https:\/\/www.gossip.it\/","name":"Gossip and VIP News","description":"Quotidiano di cronaca rosa, costume e societ\u00e0","publisher":{"@id":"https:\/\/www.gossip.it\/#organization"},"alternateName":"Gossip and VIP News","potentialAction":[{"@type":"SearchAction","target":{"@type":"EntryPoint","urlTemplate":"https:\/\/www.gossip.it\/?s={search_term_string}"},"query-input":{"@type":"PropertyValueSpecification","valueRequired":true,"valueName":"search_term_string"}}],"inLanguage":"it-IT"},{"@type":"Organization","@id":"https:\/\/www.gossip.it\/#organization","name":"Gossip and VIP News","alternateName":"Gossip News","url":"https:\/\/www.gossip.it\/","logo":{"@type":"ImageObject","inLanguage":"it-IT","@id":"https:\/\/www.gossip.it\/#\/schema\/logo\/image\/","url":"https:\/\/www.gossip.it\/wp-content\/uploads\/2022\/04\/cropped-corna-alta-tiny.png","contentUrl":"https:\/\/www.gossip.it\/wp-content\/uploads\/2022\/04\/cropped-corna-alta-tiny.png","width":512,"height":512,"caption":"Gossip and VIP News"},"image":{"@id":"https:\/\/www.gossip.it\/#\/schema\/logo\/image\/"},"sameAs":["https:\/\/www.facebook.com\/GossipIT","https:\/\/x.com\/gossinews_it","https:\/\/instagram.com\/gossip_it"]},{"@type":"Person","@id":"https:\/\/www.gossip.it\/#\/schema\/person\/488896f75158bff1cc83c6c39d141110","name":"La Redazione","image":{"@type":"ImageObject","inLanguage":"it-IT","@id":"https:\/\/www.gossip.it\/#\/schema\/person\/image\/","url":"https:\/\/secure.gravatar.com\/avatar\/5a5f5c6fa3e6700e4249abdad0263a1e94e927d9e0499b1cb09c1cd29c044d80?s=96&d=mm&r=g","contentUrl":"https:\/\/secure.gravatar.com\/avatar\/5a5f5c6fa3e6700e4249abdad0263a1e94e927d9e0499b1cb09c1cd29c044d80?s=96&d=mm&r=g","caption":"La Redazione"},"sameAs":["https:\/\/www.gossip.it"]}]}},"amp_enabled":true,"_links":{"self":[{"href":"https:\/\/www.gossip.it\/api\/wp\/v2\/posts\/59910","targetHints":{"allow":["GET"]}}],"collection":[{"href":"https:\/\/www.gossip.it\/api\/wp\/v2\/posts"}],"about":[{"href":"https:\/\/www.gossip.it\/api\/wp\/v2\/types\/post"}],"author":[{"embeddable":true,"href":"https:\/\/www.gossip.it\/api\/wp\/v2\/users\/1"}],"replies":[{"embeddable":true,"href":"https:\/\/www.gossip.it\/api\/wp\/v2\/comments?post=59910"}],"version-history":[{"count":0,"href":"https:\/\/www.gossip.it\/api\/wp\/v2\/posts\/59910\/revisions"}],"wp:featuredmedia":[{"embeddable":true,"href":"https:\/\/www.gossip.it\/api\/wp\/v2\/media\/115956"}],"wp:attachment":[{"href":"https:\/\/www.gossip.it\/api\/wp\/v2\/media?parent=59910"}],"wp:term":[{"taxonomy":"category","embeddable":true,"href":"https:\/\/www.gossip.it\/api\/wp\/v2\/categories?post=59910"},{"taxonomy":"post_tag","embeddable":true,"href":"https:\/\/www.gossip.it\/api\/wp\/v2\/tags?post=59910"},{"taxonomy":"vip","embeddable":true,"href":"https:\/\/www.gossip.it\/api\/wp\/v2\/vip?post=59910"}],"curies":[{"name":"wp","href":"https:\/\/api.w.org\/{rel}","templated":true}]}}