{"id":59923,"date":"2017-12-19T00:00:00","date_gmt":"2017-12-18T23:00:00","guid":{"rendered":"https:\/\/www.gossip.it\/senza-categoria\/isola-dei-famosi-alessia-marcuzzi-stefano-de-martino-22-gennaio\/"},"modified":"2017-12-19T00:00:00","modified_gmt":"2017-12-18T23:00:00","slug":"isola-dei-famosi-alessia-marcuzzi-stefano-de-martino-22-gennaio","status":"publish","type":"post","link":"https:\/\/www.gossip.it\/news\/isola-dei-famosi-alessia-marcuzzi-stefano-de-martino-22-gennaio\/","title":{"rendered":"Alessia Marcuzzi, il benvenuto a Stefano De Martino: l'Isola dei Famosi parte il 22 gennaio"},"content":{"rendered":"<p><a href=\"\/vip\/alessia-marcuzzi\/\">Alessia Marcuzzi<\/a> d\u00e0 il suo benvenuto a <a href=\"\/vip\/stefano-de martino\/\">Stefano De Martino<\/a>. L'<a href=\"\/vip\/'isola-dei famosi\/\">Isola dei Famosi<\/a> partir\u00e0 su Canale 5 il prossimo <strong>22 gennaio<\/strong>: finalmente c'\u00e8 la data. Il ballerino, che sabato ha salutato <a href=\"\/vip\/amici\/\">Amici<\/a>, con la benedizione di <a href=\"\/vip\/maria-de filippi\/\">Maria De Filippi<\/a>, sar\u00e0 accanto alla bionda al <a href=\"\/vip\/reality-show\/\">reality show<\/a>, \u00e8 il nuovo inviato in Honduras.<\/p>\n<figure class=\"caption\"><img decoding=\"async\" alt=\"\" width=\"640\" height=\"382\" src=\"https:\/\/files.gossip.it\/immagini_news\/2017\/12\/1513683345_alessia-marcuzzi.jpg\" \/><figcaption>Alessia marcuzzi sul social d\u00e0 il benvenuto al nuovo inviato della sua 'Isola dei Famosi'<\/figcaption><\/figure>\n<p><strong>Stefano De Martino<\/strong> ha detto di s\u00ec all'<strong>Isola dei Famosi <\/strong>e il<strong> 22 gennaio<\/strong> prossimo sar\u00e0 in collegamento da molto lontano con gli studi Mediaset di Cologno Monzese. <strong>Alessia Marcuzzi <\/strong>\u00e8 felice che il napoletano sia al suo fianco e sul <a href=\"\/vip\/social\/\">social<\/a> lo sfida.<\/p>\n<p><em>\"Devi sapere una cosa di vitale importanza: io sono una ballerina bravisssssssima che non ha avuto modo di esprimersi al meglio... e il pensiero che tu sappia fare delle cose meglio di me mi distrugge! Sappi che io ti sfider\u00f2\"<\/em>, fa sapere a <strong>Stefano De Martino Alessia Marcuzzi<\/strong>.<\/p>\n<figure class=\"caption\"><img decoding=\"async\" alt=\"\" width=\"640\" height=\"628\" src=\"https:\/\/files.gossip.it\/immagini_news\/2017\/12\/1513683393_stefano-de-martino-isola-13.jpg\" \/><figcaption>In Honduras dal 22 gennaio prossimo ci sar\u00e0 Stefano De Martino<\/figcaption><\/figure>\n<p><em>\"A suon di acrobazie e quant'altro... e alla fine uno dei due vincer\u00e0... Aspettati di tutto<\/em>\", prosegue la conduttrice, Stefano commenta divertito con una emoticon. Dal<strong> 22 gennaio<\/strong> con l'<strong>Isola dei Famosi<\/strong> ha la sua grande occasione in <a href=\"\/vip\/tv\/\">tv<\/a>, quella che gli permetter\u00e0 di crescere ancora.<\/p>\n<p>E' tutto pronto per l'<a href=\"\/vip\/isola-13\/\">Isola 13<\/a>, anche se i riflettori si accendono gi\u00e0 il prossimo 8 gennaio.\u00a0 Al via su Mediaset on Demand e sul sito ufficiale del <a href=\"\/vip\/reality\/\">reality<\/a> <em>\"L\u2019<strong>Isola dei Famosi<\/strong> - #SarannoIsolani\"<\/em>: 8 puntate con protagonisti 10 concorrenti <em>'nip'<\/em>. Tra questi, il pubblico ne sceglier\u00e0 3: nel corso della prima diretta su Canale 5, la <a href=\"\/vip\/pinella\/\">Pinella<\/a> decreter\u00e0 il vincitore che, scelto tramite televoto, approder\u00e0 a Cayo Cochinos, entrando ufficialmente nel cast con gli altri vip.<\/p>\n<figure class=\"caption\"><img decoding=\"async\" alt=\"\" width=\"640\" height=\"307\" src=\"https:\/\/files.gossip.it\/immagini_news\/2017\/12\/1513683429_saranno-isolani.jpg\" \/><figcaption>I 10 'nip' di 'L&rsquo;Isola dei Famosi - #SarannoIsolani' che si sfideranno per un posto nel cast del reality<\/figcaption><\/figure>\n<p>Tra i dieci non famosi ci sono un avvocato, un personal trainer, una life coach, esperti di social, fenomeni virali, neofiti digitali. I concorrenti\u00a0 vivranno ripresi dalle telecamere e si sfideranno per la sopravvivenza in un campo di addestramento nella Maremma toscana.<\/p>\n","protected":false},"excerpt":{"rendered":"<p>Alessia Marcuzzi d\u00e0 il suo benvenuto a Stefano De Martino. L'Isola dei Famosi partir\u00e0 su Canale 5 il prossimo 22 gennaio: finalmente c'\u00e8 la data. Il ballerino, che sabato ha salutato Amici, con la benedizione di Maria De Filippi, sar\u00e0 accanto alla bionda al reality show, \u00e8 il nuovo inviato in Honduras. Alessia marcuzzi sul [&hellip;]<\/p>\n","protected":false},"author":1,"featured_media":115969,"comment_status":"closed","ping_status":"closed","sticky":false,"template":"","format":"standard","meta":{"footnotes":""},"categories":[54],"tags":[57241,2098,2228,1992,2102,6273,6165,2199,11317,2095,11340,3349,11223,1934,2128,12130,57242,2097],"vip":[275,1731],"class_list":["post-59923","post","type-post","status-publish","format-standard","has-post-thumbnail","hentry","category-news","tag-22-gennaio","tag-canale-5","tag-cast","tag-conduttrice","tag-dichiarazioni","tag-honduras","tag-inviato","tag-isola","tag-isola-13","tag-isola-dei-famosi","tag-isola-dei-famosi-13","tag-nip","tag-pinella","tag-reality","tag-reality-show","tag-saranno-isolani","tag-sarannoisolani","tag-tv","vip-alessia_marcuzzi","vip-stefano_de_martino"],"yoast_head":"<title>Alessia Marcuzzi, il benvenuto a Stefano De Martino: l&#039;Isola dei Famosi parte il 22 gennaio - Gossip.it | News sul Gossip e VIP<\/title>\n<meta name=\"description\" content=\"Alessia Marcuzzi d\u00e0 il suo benvenuto a Stefano De Martino. L&#039;Isola dei Famosi partir\u00e0 su Canale 5 il prossimo 22 gennaio: finalmente c&#039;\u00e8 la data. Il\" \/>\n<meta name=\"robots\" content=\"index, follow, max-snippet:-1, max-image-preview:large, max-video-preview:-1\" \/>\n<link rel=\"canonical\" href=\"https:\/\/www.gossip.it\/news\/isola-dei-famosi-alessia-marcuzzi-stefano-de-martino-22-gennaio\/\" \/>\n<meta property=\"og:locale\" content=\"it_IT\" \/>\n<meta property=\"og:type\" content=\"article\" \/>\n<meta property=\"og:title\" content=\"Alessia Marcuzzi, il benvenuto a Stefano De Martino: l&#039;Isola dei Famosi parte il 22 gennaio - Gossip.it | News sul Gossip e VIP\" \/>\n<meta property=\"og:description\" content=\"Alessia Marcuzzi d\u00e0 il suo benvenuto a Stefano De Martino. L&#039;Isola dei Famosi partir\u00e0 su Canale 5 il prossimo 22 gennaio: finalmente c&#039;\u00e8 la data. Il\" \/>\n<meta property=\"og:url\" content=\"https:\/\/www.gossip.it\/news\/isola-dei-famosi-alessia-marcuzzi-stefano-de-martino-22-gennaio\/\" \/>\n<meta property=\"og:site_name\" content=\"Gossip.it | News sul Gossip e VIP\" \/>\n<meta property=\"article:publisher\" content=\"https:\/\/www.facebook.com\/GossipIT\" \/>\n<meta property=\"article:published_time\" content=\"2017-12-18T23:00:00+00:00\" \/>\n<meta property=\"og:image\" content=\"https:\/\/files.gossip.it\/immagini_news\/2017\/12\/1513683345_alessia-marcuzzi.jpg\" \/>\n<meta name=\"author\" content=\"La Redazione\" \/>\n<meta name=\"twitter:card\" content=\"summary_large_image\" \/>\n<meta name=\"twitter:image\" content=\"https:\/\/files.gossip.it\/immagini_news\/2017\/12\/1513683345_alessia-marcuzzi.jpg\" \/>\n<meta name=\"twitter:creator\" content=\"@gossinews_it\" \/>\n<meta name=\"twitter:site\" content=\"@gossinews_it\" \/>\n<meta name=\"twitter:label1\" content=\"Scritto da\" \/>\n\t<meta name=\"twitter:data1\" content=\"Annamaria Capozzi\" \/>\n\t<meta name=\"twitter:label2\" content=\"Tempo di lettura stimato\" \/>\n\t<meta name=\"twitter:data2\" content=\"2 minuti\" \/>","yoast_head_json":{"title":"Alessia Marcuzzi, il benvenuto a Stefano De Martino: l'Isola dei Famosi parte il 22 gennaio - Gossip.it | News sul Gossip e VIP","description":"Alessia Marcuzzi d\u00e0 il suo benvenuto a Stefano De Martino. L'Isola dei Famosi partir\u00e0 su Canale 5 il prossimo 22 gennaio: finalmente c'\u00e8 la data. Il","robots":{"index":"index","follow":"follow","max-snippet":"max-snippet:-1","max-image-preview":"max-image-preview:large","max-video-preview":"max-video-preview:-1"},"canonical":"https:\/\/www.gossip.it\/news\/isola-dei-famosi-alessia-marcuzzi-stefano-de-martino-22-gennaio\/","og_locale":"it_IT","og_type":"article","og_title":"Alessia Marcuzzi, il benvenuto a Stefano De Martino: l'Isola dei Famosi parte il 22 gennaio - Gossip.it | News sul Gossip e VIP","og_description":"Alessia Marcuzzi d\u00e0 il suo benvenuto a Stefano De Martino. L'Isola dei Famosi partir\u00e0 su Canale 5 il prossimo 22 gennaio: finalmente c'\u00e8 la data. Il","og_url":"https:\/\/www.gossip.it\/news\/isola-dei-famosi-alessia-marcuzzi-stefano-de-martino-22-gennaio\/","og_site_name":"Gossip.it | News sul Gossip e VIP","article_publisher":"https:\/\/www.facebook.com\/GossipIT","article_published_time":"2017-12-18T23:00:00+00:00","og_image":[{"url":"https:\/\/files.gossip.it\/immagini_news\/2017\/12\/1513683345_alessia-marcuzzi.jpg"}],"author":"La Redazione","twitter_card":"summary_large_image","twitter_image":"https:\/\/files.gossip.it\/immagini_news\/2017\/12\/1513683345_alessia-marcuzzi.jpg","twitter_creator":"@gossinews_it","twitter_site":"@gossinews_it","twitter_misc":{"Scritto da":"Annamaria Capozzi","Tempo di lettura stimato":"2 minuti"},"schema":{"@context":"https:\/\/schema.org","@graph":[{"@type":"Article","@id":"https:\/\/www.gossip.it\/news\/isola-dei-famosi-alessia-marcuzzi-stefano-de-martino-22-gennaio\/#article","isPartOf":{"@id":"https:\/\/www.gossip.it\/news\/isola-dei-famosi-alessia-marcuzzi-stefano-de-martino-22-gennaio\/"},"author":{"name":"La Redazione","@id":"https:\/\/www.gossip.it\/#\/schema\/person\/488896f75158bff1cc83c6c39d141110"},"headline":"Alessia Marcuzzi, il benvenuto a Stefano De Martino: l'Isola dei Famosi parte il 22 gennaio","datePublished":"2017-12-18T23:00:00+00:00","dateModified":"2017-12-18T23:00:00+00:00","mainEntityOfPage":{"@id":"https:\/\/www.gossip.it\/news\/isola-dei-famosi-alessia-marcuzzi-stefano-de-martino-22-gennaio\/"},"wordCount":363,"publisher":{"@id":"https:\/\/www.gossip.it\/#organization"},"image":{"@id":"https:\/\/www.gossip.it\/news\/isola-dei-famosi-alessia-marcuzzi-stefano-de-martino-22-gennaio\/#primaryimage"},"thumbnailUrl":"https:\/\/files.gossip.it\/immagini_news\/2017\/12\/1513683345_alessia-marcuzzi.jpg","keywords":["22 gennaio","canale 5","cast","conduttrice","dichiarazioni","honduras","inviato","isola","isola 13","isola dei famosi","isola dei famosi 13","nip","pinella","reality","reality show","saranno isolani","sarannoisolani","tv"],"articleSection":["News"],"inLanguage":"it-IT"},{"@type":"WebPage","@id":"https:\/\/www.gossip.it\/news\/isola-dei-famosi-alessia-marcuzzi-stefano-de-martino-22-gennaio\/","url":"https:\/\/www.gossip.it\/news\/isola-dei-famosi-alessia-marcuzzi-stefano-de-martino-22-gennaio\/","name":"Alessia Marcuzzi, il benvenuto a Stefano De Martino: l'Isola dei Famosi parte il 22 gennaio - Gossip.it | News sul Gossip e VIP","isPartOf":{"@id":"https:\/\/www.gossip.it\/#website"},"primaryImageOfPage":{"@id":"https:\/\/www.gossip.it\/news\/isola-dei-famosi-alessia-marcuzzi-stefano-de-martino-22-gennaio\/#primaryimage"},"image":{"@id":"https:\/\/www.gossip.it\/news\/isola-dei-famosi-alessia-marcuzzi-stefano-de-martino-22-gennaio\/#primaryimage"},"thumbnailUrl":"https:\/\/files.gossip.it\/immagini_news\/2017\/12\/1513683345_alessia-marcuzzi.jpg","datePublished":"2017-12-18T23:00:00+00:00","dateModified":"2017-12-18T23:00:00+00:00","description":"Alessia Marcuzzi d\u00e0 il suo benvenuto a Stefano De Martino. L'Isola dei Famosi partir\u00e0 su Canale 5 il prossimo 22 gennaio: finalmente c'\u00e8 la data. Il","breadcrumb":{"@id":"https:\/\/www.gossip.it\/news\/isola-dei-famosi-alessia-marcuzzi-stefano-de-martino-22-gennaio\/#breadcrumb"},"inLanguage":"it-IT","potentialAction":[{"@type":"ReadAction","target":["https:\/\/www.gossip.it\/news\/isola-dei-famosi-alessia-marcuzzi-stefano-de-martino-22-gennaio\/"]}]},{"@type":"ImageObject","inLanguage":"it-IT","@id":"https:\/\/www.gossip.it\/news\/isola-dei-famosi-alessia-marcuzzi-stefano-de-martino-22-gennaio\/#primaryimage","url":"https:\/\/files.gossip.it\/immagini_news\/2017\/12\/1513683345_alessia-marcuzzi.jpg","contentUrl":"https:\/\/files.gossip.it\/immagini_news\/2017\/12\/1513683345_alessia-marcuzzi.jpg"},{"@type":"BreadcrumbList","@id":"https:\/\/www.gossip.it\/news\/isola-dei-famosi-alessia-marcuzzi-stefano-de-martino-22-gennaio\/#breadcrumb","itemListElement":[{"@type":"ListItem","position":1,"name":"Home","item":"https:\/\/www.gossip.it\/"},{"@type":"ListItem","position":2,"name":"Alessia Marcuzzi, il benvenuto a Stefano De Martino: l'Isola dei Famosi parte il 22 gennaio"}]},{"@type":"WebSite","@id":"https:\/\/www.gossip.it\/#website","url":"https:\/\/www.gossip.it\/","name":"Gossip and VIP News","description":"Quotidiano di cronaca rosa, costume e societ\u00e0","publisher":{"@id":"https:\/\/www.gossip.it\/#organization"},"alternateName":"Gossip and VIP News","potentialAction":[{"@type":"SearchAction","target":{"@type":"EntryPoint","urlTemplate":"https:\/\/www.gossip.it\/?s={search_term_string}"},"query-input":{"@type":"PropertyValueSpecification","valueRequired":true,"valueName":"search_term_string"}}],"inLanguage":"it-IT"},{"@type":"Organization","@id":"https:\/\/www.gossip.it\/#organization","name":"Gossip and VIP News","alternateName":"Gossip News","url":"https:\/\/www.gossip.it\/","logo":{"@type":"ImageObject","inLanguage":"it-IT","@id":"https:\/\/www.gossip.it\/#\/schema\/logo\/image\/","url":"https:\/\/www.gossip.it\/wp-content\/uploads\/2022\/04\/cropped-corna-alta-tiny.png","contentUrl":"https:\/\/www.gossip.it\/wp-content\/uploads\/2022\/04\/cropped-corna-alta-tiny.png","width":512,"height":512,"caption":"Gossip and VIP News"},"image":{"@id":"https:\/\/www.gossip.it\/#\/schema\/logo\/image\/"},"sameAs":["https:\/\/www.facebook.com\/GossipIT","https:\/\/x.com\/gossinews_it","https:\/\/instagram.com\/gossip_it"]},{"@type":"Person","@id":"https:\/\/www.gossip.it\/#\/schema\/person\/488896f75158bff1cc83c6c39d141110","name":"La Redazione","image":{"@type":"ImageObject","inLanguage":"it-IT","@id":"https:\/\/www.gossip.it\/#\/schema\/person\/image\/","url":"https:\/\/secure.gravatar.com\/avatar\/5a5f5c6fa3e6700e4249abdad0263a1e94e927d9e0499b1cb09c1cd29c044d80?s=96&d=mm&r=g","contentUrl":"https:\/\/secure.gravatar.com\/avatar\/5a5f5c6fa3e6700e4249abdad0263a1e94e927d9e0499b1cb09c1cd29c044d80?s=96&d=mm&r=g","caption":"La Redazione"},"sameAs":["https:\/\/www.gossip.it"]}]}},"amp_enabled":true,"_links":{"self":[{"href":"https:\/\/www.gossip.it\/api\/wp\/v2\/posts\/59923","targetHints":{"allow":["GET"]}}],"collection":[{"href":"https:\/\/www.gossip.it\/api\/wp\/v2\/posts"}],"about":[{"href":"https:\/\/www.gossip.it\/api\/wp\/v2\/types\/post"}],"author":[{"embeddable":true,"href":"https:\/\/www.gossip.it\/api\/wp\/v2\/users\/1"}],"replies":[{"embeddable":true,"href":"https:\/\/www.gossip.it\/api\/wp\/v2\/comments?post=59923"}],"version-history":[{"count":0,"href":"https:\/\/www.gossip.it\/api\/wp\/v2\/posts\/59923\/revisions"}],"wp:featuredmedia":[{"embeddable":true,"href":"https:\/\/www.gossip.it\/api\/wp\/v2\/media\/115969"}],"wp:attachment":[{"href":"https:\/\/www.gossip.it\/api\/wp\/v2\/media?parent=59923"}],"wp:term":[{"taxonomy":"category","embeddable":true,"href":"https:\/\/www.gossip.it\/api\/wp\/v2\/categories?post=59923"},{"taxonomy":"post_tag","embeddable":true,"href":"https:\/\/www.gossip.it\/api\/wp\/v2\/tags?post=59923"},{"taxonomy":"vip","embeddable":true,"href":"https:\/\/www.gossip.it\/api\/wp\/v2\/vip?post=59923"}],"curies":[{"name":"wp","href":"https:\/\/api.w.org\/{rel}","templated":true}]}}