{"id":59926,"date":"2017-12-19T00:00:00","date_gmt":"2017-12-18T23:00:00","guid":{"rendered":"https:\/\/www.gossip.it\/senza-categoria\/michele-placido-federica-vincenti-differenza-eta-amore-finito\/"},"modified":"2017-12-19T00:00:00","modified_gmt":"2017-12-18T23:00:00","slug":"michele-placido-federica-vincenti-differenza-eta-amore-finito","status":"publish","type":"post","link":"https:\/\/www.gossip.it\/news\/michele-placido-federica-vincenti-differenza-eta-amore-finito\/","title":{"rendered":"Federica Vincenti: 'Con Michele Placido amore finito a causa della differenza d'et\u00e0'"},"content":{"rendered":"<p><a href=\"\/vip\/federica-vincenti\/\">Federica Vincenti<\/a>, intervistata da <em>Vanity Fair<\/em>, ha parlato dell'addio a <a href=\"\/vip\/michele-placido\/\">Michele Placido<\/a>. L'<strong>amore <\/strong>dopo tanti anni insieme \u00e8<strong> finito<\/strong>. L'attrice 34enne e il regista 71enne si sono separati. Il motivo? La <strong>differenza <\/strong>d'<strong>et\u00e0<\/strong>.\u00a0<\/p>\n<figure class=\"caption\"><img decoding=\"async\" alt=\"\" width=\"640\" height=\"320\" src=\"https:\/\/files.gossip.it\/immagini_news\/2017\/12\/1513687610_placido_vincenti_addio.jpg\" \/><figcaption>Federica Vincenti e Michele Placido si sono lasciati a causa della differenza d'et\u00e0\u00a0<\/figcaption><\/figure>\n<p><em>L\u2019amore cambia<\/em> - ha dichiarato <strong>Federica Vincenti<\/strong> - <em>Quando \u00e8 agli inizi non ci pensi: che un giorno quella <strong>differenza <\/strong>d\u2019<strong>et\u00e0<\/strong> vi divider\u00e0 per forza di cose, che tra voi ci sar\u00e0 la vecchiaia, e che sar\u00e0 abissale. Tra noi si \u00e8 allargata, piano piano. Fino a farsi voragine, non a distruggerci, ma a governare lei\"<\/em>. <em>\"Cambia il corpo, cambiano i muscoli, le forze. Cambia la testa, pu\u00f2 togliere i pensieri e il ricordo a un uomo che ha fatto la cultura nel mondo al pari di mostri d\u2019intelletto come <a href=\"\/vip\/monicelli\/\">Monicelli<\/a>, <a href=\"\/vip\/albertazzi\/\">Albertazzi<\/a>. Cambiano i desideri. Le voglie non sono pi\u00f9 comuni. \u00c8 raro che usciamo, ma l\u2019altra sera per esempio eravamo a un concerto di <a href=\"\/vip\/ermal-meta\/\">Ermal Meta<\/a>. Ballavo. Mi ha guardato: 'Fede, ma che stai a fa? Che te balli?'\"<\/em>, ha aggiunto l'ex moglie di <strong>Michele Placido<\/strong>.<\/p>\n<p>La coppia, che si \u00e8 sposata nel 2012, nel 2006 ha salutato la nascita di Gabriele: <em>\"A 70 anni l\u2019uomo della mia vita e padre di mio figlio resta l\u2019uomo della mia vita e il padre di mio figlio anche nell\u2019allontanarci, anche a stagione dell\u2019<strong>amore<\/strong> finita, perch\u00e9 comunque resta che io ci sar\u00f2 sempre per lui e lui ci sar\u00e0 sempre per me, e questo ci fortifica\"<\/em>, ha sottolineato la <strong>Vincenti<\/strong>. <em>\"Continueremo a lavorare insieme. A cenare insieme tutte le sere, con lui che cucina la peperonata e io la parmigiana di melanzane. A educare nostro figlio\",<\/em> ha fatto sapere <strong>Federica<\/strong>.\u00a0<\/p>\n<p>L'ex di <strong>Placido<\/strong> ha anche detto di non desiderare al suo fianco un uomo pi\u00f9 giovane: <em>\"I quarantenni mi fanno tristezza. Mi annoiano. Mentre Michele non mi lascia alcun amaro in bocca\"<\/em>. Insomma, l<strong>'amore<\/strong> \u00e8 <strong>finito<\/strong> a causa delle<strong> differenza <\/strong>d'<strong>et\u00e0<\/strong> ma il legame con l'attore e regista rimane indissolubile.\u00a0<\/p>\n<div class=\"video_integrato\" data-videoid=\"2896\" data-autostart=\"true\">\u00a0<\/div>\n<p>\u00a0<\/p>\n","protected":false},"excerpt":{"rendered":"<p>Federica Vincenti, intervistata da Vanity Fair, ha parlato dell'addio a Michele Placido. L'amore dopo tanti anni insieme \u00e8 finito. L'attrice 34enne e il regista 71enne si sono separati. Il motivo? La differenza d'et\u00e0.\u00a0 Federica Vincenti e Michele Placido si sono lasciati a causa della differenza d'et\u00e0\u00a0 L\u2019amore cambia - ha dichiarato Federica Vincenti - Quando [&hellip;]<\/p>\n","protected":false},"author":1,"featured_media":115972,"comment_status":"closed","ping_status":"closed","sticky":false,"template":"","format":"standard","meta":{"footnotes":""},"categories":[54],"tags":[2350,1983,1981,57245,57244,7797,1942,1943,2343],"vip":[1349],"class_list":["post-59926","post","type-post","status-publish","format-standard","has-post-thumbnail","hentry","category-news","tag-addio","tag-attrice","tag-cantante","tag-dichiarazioni-matrimonio","tag-differenza-deto","tag-federica-vincenti","tag-figlio","tag-gabriele","tag-produttrice","vip-michele_placido"],"yoast_head":"<title>Federica Vincenti: &#039;Con Michele Placido amore finito a causa della differenza d&#039;et\u00e0&#039; - Gossip.it | News sul Gossip e VIP<\/title>\n<meta name=\"description\" content=\"Federica Vincenti, intervistata da Vanity Fair, ha parlato dell&#039;addio a Michele Placido. L&#039;amore dopo tanti anni insieme \u00e8 finito. L&#039;attrice 34enne e il\" \/>\n<meta name=\"robots\" content=\"index, follow, max-snippet:-1, max-image-preview:large, max-video-preview:-1\" \/>\n<link rel=\"canonical\" href=\"https:\/\/www.gossip.it\/news\/michele-placido-federica-vincenti-differenza-eta-amore-finito\/\" \/>\n<meta property=\"og:locale\" content=\"it_IT\" \/>\n<meta property=\"og:type\" content=\"article\" \/>\n<meta property=\"og:title\" content=\"Federica Vincenti: &#039;Con Michele Placido amore finito a causa della differenza d&#039;et\u00e0&#039; - Gossip.it | News sul Gossip e VIP\" \/>\n<meta property=\"og:description\" content=\"Federica Vincenti, intervistata da Vanity Fair, ha parlato dell&#039;addio a Michele Placido. L&#039;amore dopo tanti anni insieme \u00e8 finito. L&#039;attrice 34enne e il\" \/>\n<meta property=\"og:url\" content=\"https:\/\/www.gossip.it\/news\/michele-placido-federica-vincenti-differenza-eta-amore-finito\/\" \/>\n<meta property=\"og:site_name\" content=\"Gossip.it | News sul Gossip e VIP\" \/>\n<meta property=\"article:publisher\" content=\"https:\/\/www.facebook.com\/GossipIT\" \/>\n<meta property=\"article:published_time\" content=\"2017-12-18T23:00:00+00:00\" \/>\n<meta property=\"og:image\" content=\"https:\/\/files.gossip.it\/immagini_news\/2017\/12\/1513687610_placido_vincenti_addio.jpg\" \/>\n<meta name=\"author\" content=\"La Redazione\" \/>\n<meta name=\"twitter:card\" content=\"summary_large_image\" \/>\n<meta name=\"twitter:image\" content=\"https:\/\/files.gossip.it\/immagini_news\/2017\/12\/1513687610_placido_vincenti_addio.jpg\" \/>\n<meta name=\"twitter:creator\" content=\"@gossinews_it\" \/>\n<meta name=\"twitter:site\" content=\"@gossinews_it\" \/>\n<meta name=\"twitter:label1\" content=\"Scritto da\" \/>\n\t<meta name=\"twitter:data1\" content=\"Francesca Romana Domenici\" \/>\n\t<meta name=\"twitter:label2\" content=\"Tempo di lettura stimato\" \/>\n\t<meta name=\"twitter:data2\" content=\"2 minuti\" \/>","yoast_head_json":{"title":"Federica Vincenti: 'Con Michele Placido amore finito a causa della differenza d'et\u00e0' - Gossip.it | News sul Gossip e VIP","description":"Federica Vincenti, intervistata da Vanity Fair, ha parlato dell'addio a Michele Placido. L'amore dopo tanti anni insieme \u00e8 finito. L'attrice 34enne e il","robots":{"index":"index","follow":"follow","max-snippet":"max-snippet:-1","max-image-preview":"max-image-preview:large","max-video-preview":"max-video-preview:-1"},"canonical":"https:\/\/www.gossip.it\/news\/michele-placido-federica-vincenti-differenza-eta-amore-finito\/","og_locale":"it_IT","og_type":"article","og_title":"Federica Vincenti: 'Con Michele Placido amore finito a causa della differenza d'et\u00e0' - Gossip.it | News sul Gossip e VIP","og_description":"Federica Vincenti, intervistata da Vanity Fair, ha parlato dell'addio a Michele Placido. L'amore dopo tanti anni insieme \u00e8 finito. L'attrice 34enne e il","og_url":"https:\/\/www.gossip.it\/news\/michele-placido-federica-vincenti-differenza-eta-amore-finito\/","og_site_name":"Gossip.it | News sul Gossip e VIP","article_publisher":"https:\/\/www.facebook.com\/GossipIT","article_published_time":"2017-12-18T23:00:00+00:00","og_image":[{"url":"https:\/\/files.gossip.it\/immagini_news\/2017\/12\/1513687610_placido_vincenti_addio.jpg"}],"author":"La Redazione","twitter_card":"summary_large_image","twitter_image":"https:\/\/files.gossip.it\/immagini_news\/2017\/12\/1513687610_placido_vincenti_addio.jpg","twitter_creator":"@gossinews_it","twitter_site":"@gossinews_it","twitter_misc":{"Scritto da":"Francesca Romana Domenici","Tempo di lettura stimato":"2 minuti"},"schema":{"@context":"https:\/\/schema.org","@graph":[{"@type":"Article","@id":"https:\/\/www.gossip.it\/news\/michele-placido-federica-vincenti-differenza-eta-amore-finito\/#article","isPartOf":{"@id":"https:\/\/www.gossip.it\/news\/michele-placido-federica-vincenti-differenza-eta-amore-finito\/"},"author":{"name":"La Redazione","@id":"https:\/\/www.gossip.it\/#\/schema\/person\/488896f75158bff1cc83c6c39d141110"},"headline":"Federica Vincenti: 'Con Michele Placido amore finito a causa della differenza d'et\u00e0'","datePublished":"2017-12-18T23:00:00+00:00","dateModified":"2017-12-18T23:00:00+00:00","mainEntityOfPage":{"@id":"https:\/\/www.gossip.it\/news\/michele-placido-federica-vincenti-differenza-eta-amore-finito\/"},"wordCount":356,"publisher":{"@id":"https:\/\/www.gossip.it\/#organization"},"image":{"@id":"https:\/\/www.gossip.it\/news\/michele-placido-federica-vincenti-differenza-eta-amore-finito\/#primaryimage"},"thumbnailUrl":"https:\/\/files.gossip.it\/immagini_news\/2017\/12\/1513687610_placido_vincenti_addio.jpg","keywords":["addio","attrice","cantante","dichiarazioni matrimonio","differenza d'et\u00f2","federica vincenti","figlio","gabriele","produttrice"],"articleSection":["News"],"inLanguage":"it-IT"},{"@type":"WebPage","@id":"https:\/\/www.gossip.it\/news\/michele-placido-federica-vincenti-differenza-eta-amore-finito\/","url":"https:\/\/www.gossip.it\/news\/michele-placido-federica-vincenti-differenza-eta-amore-finito\/","name":"Federica Vincenti: 'Con Michele Placido amore finito a causa della differenza d'et\u00e0' - Gossip.it | News sul Gossip e VIP","isPartOf":{"@id":"https:\/\/www.gossip.it\/#website"},"primaryImageOfPage":{"@id":"https:\/\/www.gossip.it\/news\/michele-placido-federica-vincenti-differenza-eta-amore-finito\/#primaryimage"},"image":{"@id":"https:\/\/www.gossip.it\/news\/michele-placido-federica-vincenti-differenza-eta-amore-finito\/#primaryimage"},"thumbnailUrl":"https:\/\/files.gossip.it\/immagini_news\/2017\/12\/1513687610_placido_vincenti_addio.jpg","datePublished":"2017-12-18T23:00:00+00:00","dateModified":"2017-12-18T23:00:00+00:00","description":"Federica Vincenti, intervistata da Vanity Fair, ha parlato dell'addio a Michele Placido. L'amore dopo tanti anni insieme \u00e8 finito. L'attrice 34enne e il","breadcrumb":{"@id":"https:\/\/www.gossip.it\/news\/michele-placido-federica-vincenti-differenza-eta-amore-finito\/#breadcrumb"},"inLanguage":"it-IT","potentialAction":[{"@type":"ReadAction","target":["https:\/\/www.gossip.it\/news\/michele-placido-federica-vincenti-differenza-eta-amore-finito\/"]}]},{"@type":"ImageObject","inLanguage":"it-IT","@id":"https:\/\/www.gossip.it\/news\/michele-placido-federica-vincenti-differenza-eta-amore-finito\/#primaryimage","url":"https:\/\/files.gossip.it\/immagini_news\/2017\/12\/1513687610_placido_vincenti_addio.jpg","contentUrl":"https:\/\/files.gossip.it\/immagini_news\/2017\/12\/1513687610_placido_vincenti_addio.jpg"},{"@type":"BreadcrumbList","@id":"https:\/\/www.gossip.it\/news\/michele-placido-federica-vincenti-differenza-eta-amore-finito\/#breadcrumb","itemListElement":[{"@type":"ListItem","position":1,"name":"Home","item":"https:\/\/www.gossip.it\/"},{"@type":"ListItem","position":2,"name":"Federica Vincenti: 'Con Michele Placido amore finito a causa della differenza d'et\u00e0'"}]},{"@type":"WebSite","@id":"https:\/\/www.gossip.it\/#website","url":"https:\/\/www.gossip.it\/","name":"Gossip and VIP News","description":"Quotidiano di cronaca rosa, costume e societ\u00e0","publisher":{"@id":"https:\/\/www.gossip.it\/#organization"},"alternateName":"Gossip and VIP News","potentialAction":[{"@type":"SearchAction","target":{"@type":"EntryPoint","urlTemplate":"https:\/\/www.gossip.it\/?s={search_term_string}"},"query-input":{"@type":"PropertyValueSpecification","valueRequired":true,"valueName":"search_term_string"}}],"inLanguage":"it-IT"},{"@type":"Organization","@id":"https:\/\/www.gossip.it\/#organization","name":"Gossip and VIP News","alternateName":"Gossip News","url":"https:\/\/www.gossip.it\/","logo":{"@type":"ImageObject","inLanguage":"it-IT","@id":"https:\/\/www.gossip.it\/#\/schema\/logo\/image\/","url":"https:\/\/www.gossip.it\/wp-content\/uploads\/2022\/04\/cropped-corna-alta-tiny.png","contentUrl":"https:\/\/www.gossip.it\/wp-content\/uploads\/2022\/04\/cropped-corna-alta-tiny.png","width":512,"height":512,"caption":"Gossip and VIP News"},"image":{"@id":"https:\/\/www.gossip.it\/#\/schema\/logo\/image\/"},"sameAs":["https:\/\/www.facebook.com\/GossipIT","https:\/\/x.com\/gossinews_it","https:\/\/instagram.com\/gossip_it"]},{"@type":"Person","@id":"https:\/\/www.gossip.it\/#\/schema\/person\/488896f75158bff1cc83c6c39d141110","name":"La Redazione","image":{"@type":"ImageObject","inLanguage":"it-IT","@id":"https:\/\/www.gossip.it\/#\/schema\/person\/image\/","url":"https:\/\/secure.gravatar.com\/avatar\/5a5f5c6fa3e6700e4249abdad0263a1e94e927d9e0499b1cb09c1cd29c044d80?s=96&d=mm&r=g","contentUrl":"https:\/\/secure.gravatar.com\/avatar\/5a5f5c6fa3e6700e4249abdad0263a1e94e927d9e0499b1cb09c1cd29c044d80?s=96&d=mm&r=g","caption":"La Redazione"},"sameAs":["https:\/\/www.gossip.it"]}]}},"amp_enabled":true,"_links":{"self":[{"href":"https:\/\/www.gossip.it\/api\/wp\/v2\/posts\/59926","targetHints":{"allow":["GET"]}}],"collection":[{"href":"https:\/\/www.gossip.it\/api\/wp\/v2\/posts"}],"about":[{"href":"https:\/\/www.gossip.it\/api\/wp\/v2\/types\/post"}],"author":[{"embeddable":true,"href":"https:\/\/www.gossip.it\/api\/wp\/v2\/users\/1"}],"replies":[{"embeddable":true,"href":"https:\/\/www.gossip.it\/api\/wp\/v2\/comments?post=59926"}],"version-history":[{"count":0,"href":"https:\/\/www.gossip.it\/api\/wp\/v2\/posts\/59926\/revisions"}],"wp:featuredmedia":[{"embeddable":true,"href":"https:\/\/www.gossip.it\/api\/wp\/v2\/media\/115972"}],"wp:attachment":[{"href":"https:\/\/www.gossip.it\/api\/wp\/v2\/media?parent=59926"}],"wp:term":[{"taxonomy":"category","embeddable":true,"href":"https:\/\/www.gossip.it\/api\/wp\/v2\/categories?post=59926"},{"taxonomy":"post_tag","embeddable":true,"href":"https:\/\/www.gossip.it\/api\/wp\/v2\/tags?post=59926"},{"taxonomy":"vip","embeddable":true,"href":"https:\/\/www.gossip.it\/api\/wp\/v2\/vip?post=59926"}],"curies":[{"name":"wp","href":"https:\/\/api.w.org\/{rel}","templated":true}]}}