{"id":59962,"date":"2017-12-22T00:00:00","date_gmt":"2017-12-21T23:00:00","guid":{"rendered":"https:\/\/www.gossip.it\/senza-categoria\/roberto-bolle-torna-su-raiuno\/"},"modified":"2017-12-22T00:00:00","modified_gmt":"2017-12-21T23:00:00","slug":"roberto-bolle-torna-su-raiuno","status":"publish","type":"post","link":"https:\/\/www.gossip.it\/news\/roberto-bolle-torna-su-raiuno\/","title":{"rendered":"Roberto Bolle torna su Raiuno con 'Danza con me': foto"},"content":{"rendered":"<p><a href=\"\/vip\/roberto-bolle\/\">Roberto Bolle<\/a>, dopo il successo della corsa stagione, <strong>torna su Raiuno<\/strong> con \"Roberto Bolle - Danza con me\", in onda il 1 gennaio alle 21.\u00a0<\/p>\n<figure class=\"caption\"><img decoding=\"async\" alt=\"\" src=\"https:\/\/files.gossip.it\/immagini_news\/2017\/12\/1513945754_roberto_bolle.jpg\" \/><figcaption>Roberto Bolle presenta la trasmissione\u00a0<\/figcaption><\/figure>\n<p>Il ballerino ha presentato lo show a Milano durante la conferenza stampa tenutasi all'Accademia del Teatro alla Scala. Tanti gli ospiti internazionali che parteciperanno al programma. Molti pure i volti noti dello spettacolo italiano come\u00a0<a href=\"\/vip\/-marco d'amore\/\">Marco D'Amore<\/a>, Ciro di \"<a href=\"\/vip\/gomorra\/\">Gomorra<\/a>\":<em> \"Balleremo insieme in un pezzo di 'West side story'<\/em> - ha raccontato <strong>Roberto Bolle<\/strong> - <em>dove lui diventer\u00e0 un po' pi\u00f9 buono e io un po' pi\u00f9 cattivo\"<\/em>. Ma ci saranno anche <a href=\"\/vip\/fabri-fibra\/\">Fabri Fibra<\/a>, <a href=\"\/vip\/geppi-cucciari\/\">Geppi Cucciari<\/a>, <a href=\"\/vip\/tiziano-ferro\/\">Tiziano Ferro<\/a> e <a href=\"\/vip\/virginia-raffaele\/\">Virginia Raffaele<\/a>.\u00a0<\/p>\n<p><strong>Roberto torna su Raiuno<\/strong> ed \u00e8 felice:<em> \"Lo confesso<\/em> - ha detto - <em>questo show \u00e8 l'esperienza pi\u00f9 bella della mia carriera, anche perch\u00e9 \u00e8 qualcosa che resta, mentre a teatro quello che faccio vale solo nel momento in cui \u00e8 presentato. E poi mi piace mescolare alto e basso, i genieri e gli artisti. E mi sono divertito anche perch\u00e9 stavolta abbiamo usato nuove tecnologie come il body mapping sul mio corpo, con effetti particolari e unici\"<\/em>.\u00a0<\/p>\n<p>Durante la conferenza stampa, come riporta<em> La Repubblica<\/em>, <strong>Roberto Bolle<\/strong> ha anche anticipato che tra i suoi nuovi progetti c'\u00e8 una Festa della Danza. Intanto <strong>torna<\/strong> a Capodanno <strong>su Raiuno<\/strong> e chiss\u00e0 che non riesca a superare il record di ascolti dell'anno scorso.\u00a0<\/p>\n<div class=\"video_integrato\" data-videoid=\"2077\" data-autostart=\"true\">\u00a0<\/div>\n<p>\u00a0<\/p>\n","protected":false},"excerpt":{"rendered":"<p>Roberto Bolle, dopo il successo della corsa stagione, torna su Raiuno con \"Roberto Bolle - Danza con me\", in onda il 1 gennaio alle 21.\u00a0 Roberto Bolle presenta la trasmissione\u00a0 Il ballerino ha presentato lo show a Milano durante la conferenza stampa tenutasi all'Accademia del Teatro alla Scala. Tanti gli ospiti internazionali che parteciperanno al [&hellip;]<\/p>\n","protected":false},"author":1,"featured_media":116008,"comment_status":"closed","ping_status":"closed","sticky":false,"template":"","format":"standard","meta":{"footnotes":""},"categories":[54],"tags":[2504,3494,2446,57269,6950,4938,6947,4510,2279],"vip":[],"class_list":["post-59962","post","type-post","status-publish","format-standard","has-post-thumbnail","hentry","category-news","tag-ballerino","tag-capodanno","tag-conferenza-stampa","tag-danza-con-me","tag-etoile","tag-raiuno","tag-roberto-bolle","tag-show","tag-torna"],"yoast_head":"<title>Roberto Bolle torna su Raiuno con &#039;Danza con me&#039;: foto - Gossip.it | News sul Gossip e VIP<\/title>\n<meta name=\"description\" content=\"Roberto Bolle, dopo il successo della corsa stagione, torna su Raiuno con &quot;Roberto Bolle - Danza con me&quot;, in onda il 1 gennaio alle 21.\u00a0Roberto Bolle\" \/>\n<meta name=\"robots\" content=\"index, follow, max-snippet:-1, max-image-preview:large, max-video-preview:-1\" \/>\n<link rel=\"canonical\" href=\"https:\/\/www.gossip.it\/news\/roberto-bolle-torna-su-raiuno\/\" \/>\n<meta property=\"og:locale\" content=\"it_IT\" \/>\n<meta property=\"og:type\" content=\"article\" \/>\n<meta property=\"og:title\" content=\"Roberto Bolle torna su Raiuno con &#039;Danza con me&#039;: foto - Gossip.it | News sul Gossip e VIP\" \/>\n<meta property=\"og:description\" content=\"Roberto Bolle, dopo il successo della corsa stagione, torna su Raiuno con &quot;Roberto Bolle - Danza con me&quot;, in onda il 1 gennaio alle 21.\u00a0Roberto Bolle\" \/>\n<meta property=\"og:url\" content=\"https:\/\/www.gossip.it\/news\/roberto-bolle-torna-su-raiuno\/\" \/>\n<meta property=\"og:site_name\" content=\"Gossip.it | News sul Gossip e VIP\" \/>\n<meta property=\"article:publisher\" content=\"https:\/\/www.facebook.com\/GossipIT\" \/>\n<meta property=\"article:published_time\" content=\"2017-12-21T23:00:00+00:00\" \/>\n<meta property=\"og:image\" content=\"https:\/\/files.gossip.it\/immagini_news\/2017\/12\/1513945754_roberto_bolle.jpg\" \/>\n<meta name=\"author\" content=\"La Redazione\" \/>\n<meta name=\"twitter:card\" content=\"summary_large_image\" \/>\n<meta name=\"twitter:image\" content=\"https:\/\/files.gossip.it\/immagini_news\/2017\/12\/1513945754_roberto_bolle.jpg\" \/>\n<meta name=\"twitter:creator\" content=\"@gossinews_it\" \/>\n<meta name=\"twitter:site\" content=\"@gossinews_it\" \/>\n<meta name=\"twitter:label1\" content=\"Scritto da\" \/>\n\t<meta name=\"twitter:data1\" content=\"Francesca Romana Domenici \" \/>\n\t<meta name=\"twitter:label2\" content=\"Tempo di lettura stimato\" \/>\n\t<meta name=\"twitter:data2\" content=\"1 minuto\" \/>","yoast_head_json":{"title":"Roberto Bolle torna su Raiuno con 'Danza con me': foto - Gossip.it | News sul Gossip e VIP","description":"Roberto Bolle, dopo il successo della corsa stagione, torna su Raiuno con \"Roberto Bolle - Danza con me\", in onda il 1 gennaio alle 21.\u00a0Roberto Bolle","robots":{"index":"index","follow":"follow","max-snippet":"max-snippet:-1","max-image-preview":"max-image-preview:large","max-video-preview":"max-video-preview:-1"},"canonical":"https:\/\/www.gossip.it\/news\/roberto-bolle-torna-su-raiuno\/","og_locale":"it_IT","og_type":"article","og_title":"Roberto Bolle torna su Raiuno con 'Danza con me': foto - Gossip.it | News sul Gossip e VIP","og_description":"Roberto Bolle, dopo il successo della corsa stagione, torna su Raiuno con \"Roberto Bolle - Danza con me\", in onda il 1 gennaio alle 21.\u00a0Roberto Bolle","og_url":"https:\/\/www.gossip.it\/news\/roberto-bolle-torna-su-raiuno\/","og_site_name":"Gossip.it | News sul Gossip e VIP","article_publisher":"https:\/\/www.facebook.com\/GossipIT","article_published_time":"2017-12-21T23:00:00+00:00","og_image":[{"url":"https:\/\/files.gossip.it\/immagini_news\/2017\/12\/1513945754_roberto_bolle.jpg"}],"author":"La Redazione","twitter_card":"summary_large_image","twitter_image":"https:\/\/files.gossip.it\/immagini_news\/2017\/12\/1513945754_roberto_bolle.jpg","twitter_creator":"@gossinews_it","twitter_site":"@gossinews_it","twitter_misc":{"Scritto da":"Francesca Romana Domenici ","Tempo di lettura stimato":"1 minuto"},"schema":{"@context":"https:\/\/schema.org","@graph":[{"@type":"Article","@id":"https:\/\/www.gossip.it\/news\/roberto-bolle-torna-su-raiuno\/#article","isPartOf":{"@id":"https:\/\/www.gossip.it\/news\/roberto-bolle-torna-su-raiuno\/"},"author":{"name":"La Redazione","@id":"https:\/\/www.gossip.it\/#\/schema\/person\/488896f75158bff1cc83c6c39d141110"},"headline":"Roberto Bolle torna su Raiuno con 'Danza con me': foto","datePublished":"2017-12-21T23:00:00+00:00","dateModified":"2017-12-21T23:00:00+00:00","mainEntityOfPage":{"@id":"https:\/\/www.gossip.it\/news\/roberto-bolle-torna-su-raiuno\/"},"wordCount":240,"publisher":{"@id":"https:\/\/www.gossip.it\/#organization"},"image":{"@id":"https:\/\/www.gossip.it\/news\/roberto-bolle-torna-su-raiuno\/#primaryimage"},"thumbnailUrl":"https:\/\/files.gossip.it\/immagini_news\/2017\/12\/1513945754_roberto_bolle.jpg","keywords":["ballerino","capodanno","conferenza stampa","danza con me","etoile","raiuno","roberto bolle","show","torna"],"articleSection":["News"],"inLanguage":"it-IT"},{"@type":"WebPage","@id":"https:\/\/www.gossip.it\/news\/roberto-bolle-torna-su-raiuno\/","url":"https:\/\/www.gossip.it\/news\/roberto-bolle-torna-su-raiuno\/","name":"Roberto Bolle torna su Raiuno con 'Danza con me': foto - Gossip.it | News sul Gossip e VIP","isPartOf":{"@id":"https:\/\/www.gossip.it\/#website"},"primaryImageOfPage":{"@id":"https:\/\/www.gossip.it\/news\/roberto-bolle-torna-su-raiuno\/#primaryimage"},"image":{"@id":"https:\/\/www.gossip.it\/news\/roberto-bolle-torna-su-raiuno\/#primaryimage"},"thumbnailUrl":"https:\/\/files.gossip.it\/immagini_news\/2017\/12\/1513945754_roberto_bolle.jpg","datePublished":"2017-12-21T23:00:00+00:00","dateModified":"2017-12-21T23:00:00+00:00","description":"Roberto Bolle, dopo il successo della corsa stagione, torna su Raiuno con \"Roberto Bolle - Danza con me\", in onda il 1 gennaio alle 21.\u00a0Roberto Bolle","breadcrumb":{"@id":"https:\/\/www.gossip.it\/news\/roberto-bolle-torna-su-raiuno\/#breadcrumb"},"inLanguage":"it-IT","potentialAction":[{"@type":"ReadAction","target":["https:\/\/www.gossip.it\/news\/roberto-bolle-torna-su-raiuno\/"]}]},{"@type":"ImageObject","inLanguage":"it-IT","@id":"https:\/\/www.gossip.it\/news\/roberto-bolle-torna-su-raiuno\/#primaryimage","url":"https:\/\/files.gossip.it\/immagini_news\/2017\/12\/1513945754_roberto_bolle.jpg","contentUrl":"https:\/\/files.gossip.it\/immagini_news\/2017\/12\/1513945754_roberto_bolle.jpg"},{"@type":"BreadcrumbList","@id":"https:\/\/www.gossip.it\/news\/roberto-bolle-torna-su-raiuno\/#breadcrumb","itemListElement":[{"@type":"ListItem","position":1,"name":"Home","item":"https:\/\/www.gossip.it\/"},{"@type":"ListItem","position":2,"name":"Roberto Bolle torna su Raiuno con 'Danza con me': foto"}]},{"@type":"WebSite","@id":"https:\/\/www.gossip.it\/#website","url":"https:\/\/www.gossip.it\/","name":"Gossip and VIP News","description":"Quotidiano di cronaca rosa, costume e societ\u00e0","publisher":{"@id":"https:\/\/www.gossip.it\/#organization"},"alternateName":"Gossip and VIP News","potentialAction":[{"@type":"SearchAction","target":{"@type":"EntryPoint","urlTemplate":"https:\/\/www.gossip.it\/?s={search_term_string}"},"query-input":{"@type":"PropertyValueSpecification","valueRequired":true,"valueName":"search_term_string"}}],"inLanguage":"it-IT"},{"@type":"Organization","@id":"https:\/\/www.gossip.it\/#organization","name":"Gossip and VIP News","alternateName":"Gossip News","url":"https:\/\/www.gossip.it\/","logo":{"@type":"ImageObject","inLanguage":"it-IT","@id":"https:\/\/www.gossip.it\/#\/schema\/logo\/image\/","url":"https:\/\/www.gossip.it\/wp-content\/uploads\/2022\/04\/cropped-corna-alta-tiny.png","contentUrl":"https:\/\/www.gossip.it\/wp-content\/uploads\/2022\/04\/cropped-corna-alta-tiny.png","width":512,"height":512,"caption":"Gossip and VIP News"},"image":{"@id":"https:\/\/www.gossip.it\/#\/schema\/logo\/image\/"},"sameAs":["https:\/\/www.facebook.com\/GossipIT","https:\/\/x.com\/gossinews_it","https:\/\/instagram.com\/gossip_it"]},{"@type":"Person","@id":"https:\/\/www.gossip.it\/#\/schema\/person\/488896f75158bff1cc83c6c39d141110","name":"La Redazione","image":{"@type":"ImageObject","inLanguage":"it-IT","@id":"https:\/\/www.gossip.it\/#\/schema\/person\/image\/","url":"https:\/\/secure.gravatar.com\/avatar\/5a5f5c6fa3e6700e4249abdad0263a1e94e927d9e0499b1cb09c1cd29c044d80?s=96&d=mm&r=g","contentUrl":"https:\/\/secure.gravatar.com\/avatar\/5a5f5c6fa3e6700e4249abdad0263a1e94e927d9e0499b1cb09c1cd29c044d80?s=96&d=mm&r=g","caption":"La Redazione"},"sameAs":["https:\/\/www.gossip.it"]}]}},"amp_enabled":true,"_links":{"self":[{"href":"https:\/\/www.gossip.it\/api\/wp\/v2\/posts\/59962","targetHints":{"allow":["GET"]}}],"collection":[{"href":"https:\/\/www.gossip.it\/api\/wp\/v2\/posts"}],"about":[{"href":"https:\/\/www.gossip.it\/api\/wp\/v2\/types\/post"}],"author":[{"embeddable":true,"href":"https:\/\/www.gossip.it\/api\/wp\/v2\/users\/1"}],"replies":[{"embeddable":true,"href":"https:\/\/www.gossip.it\/api\/wp\/v2\/comments?post=59962"}],"version-history":[{"count":0,"href":"https:\/\/www.gossip.it\/api\/wp\/v2\/posts\/59962\/revisions"}],"wp:featuredmedia":[{"embeddable":true,"href":"https:\/\/www.gossip.it\/api\/wp\/v2\/media\/116008"}],"wp:attachment":[{"href":"https:\/\/www.gossip.it\/api\/wp\/v2\/media?parent=59962"}],"wp:term":[{"taxonomy":"category","embeddable":true,"href":"https:\/\/www.gossip.it\/api\/wp\/v2\/categories?post=59962"},{"taxonomy":"post_tag","embeddable":true,"href":"https:\/\/www.gossip.it\/api\/wp\/v2\/tags?post=59962"},{"taxonomy":"vip","embeddable":true,"href":"https:\/\/www.gossip.it\/api\/wp\/v2\/vip?post=59962"}],"curies":[{"name":"wp","href":"https:\/\/api.w.org\/{rel}","templated":true}]}}