{"id":60128,"date":"2018-01-17T00:00:00","date_gmt":"2018-01-16T23:00:00","guid":{"rendered":"https:\/\/www.gossip.it\/senza-categoria\/morgan-ermal-meta-scontro-social\/"},"modified":"2018-01-17T00:00:00","modified_gmt":"2018-01-16T23:00:00","slug":"morgan-ermal-meta-scontro-social","status":"publish","type":"post","link":"https:\/\/www.gossip.it\/news\/morgan-ermal-meta-scontro-social\/","title":{"rendered":"Morgan ed Ermal Meta: scontro durissimo sul social"},"content":{"rendered":"<p><a href=\"\/vip\/morgan\/\">Morgan<\/a> contro <a href=\"\/vip\/ermal-meta\/\">Ermal Meta<\/a>, tutta colpa dell'esclusione del primo da <a href=\"\/vip\/sanremo-2018\/\">Sanremo 2018<\/a>, dove il secondo parteciper\u00e0 in coppia con <a href=\"\/vip\/fabrizio-moro\/\">Fabrizio Moro<\/a>. Lo <strong>scontro<\/strong> tra i due artisti \u00e8 durissimo e va in scena sul <a href=\"\/vip\/social\/\">social<\/a>.<\/p>\n<figure class=\"caption\"><img decoding=\"async\" alt=\"\" width=\"640\" height=\"565\" src=\"https:\/\/files.gossip.it\/immagini_news\/2018\/01\/1516192809_morgan.jpg\" \/><figcaption>Morgan, intervistato da red Ronnie, provoca Ermal Meta e nasce lo scontro sul social<\/figcaption><\/figure>\n<p><strong>Morgan<\/strong>, intervistato da <a href=\"\/vip\/red-ronnie\/\">Red Ronnie<\/a> sulla sua Roxy Bar Tv, parla del Festival e attacca il cantautore albanese con cui ha condiviso la sua breve esperienza ad <a href=\"\/vip\/amici\/\">Amici<\/a>. <em>\"Cio\u00e8 il <\/em><a href=\"\/vip\/sanremo\/\">Sanremo<\/a><em> di Baglioni lo vince Fabrizio Moro, che poi sta con Ermal Merdal. Cio\u00e8 Meta, come Metadone\"<\/em>, dice senza mezzi termini. Immediata arriva la replica su Twitter e cos\u00ec parte lo<strong> scontro social<\/strong>.<\/p>\n<figure class=\"caption\"><img decoding=\"async\" alt=\"\" width=\"640\" height=\"655\" src=\"https:\/\/files.gossip.it\/immagini_news\/2018\/01\/1516192848_ermal-meta.jpg\" \/><figcaption>Il cantautore replica duramente<\/figcaption><\/figure>\n<p><em>\"Caro <strong>Morgan<\/strong> anni fa in un'intervista dicesti 'se non amo l'uomo, non amo l'artista'. Spero che tu sia orgoglioso dell'uomo che sei. Io di me lo sono anche se tu mi definisci Merdal o Metadone. Io per\u00f2 non capisco perch\u00e9 non sono esperto in nessuna delle due cose\"<\/em>, cinguetta <strong>Ermal Meta<\/strong>. Lo <strong>scontro <\/strong>non si arresta.<\/p>\n<p><strong>Morgan<\/strong> risponde. <em>\"Brillante replica quella di<strong> Ermal Meta<\/strong> devo dire. Non capisco come faccia per\u00f2 a non intendersi di merda visto che \u00e8 un essere umano e in quanto tale la gestisce quotidianamente. Inoltre andr\u00e0 a <\/em><a href=\"\/vip\/sanremo\/\">Sanremo<\/a><em> con Fabrizio Moro\u201d<\/em>, scrive.\u00a0<\/p>\n<figure class=\"caption\"><img decoding=\"async\" alt=\"\" width=\"640\" height=\"470\" src=\"https:\/\/files.gossip.it\/immagini_news\/2018\/01\/1516192874_ermal-morgan-tweet.jpg\" \/><figcaption>I tweet dei due artisti<\/figcaption><\/figure>\n<p><strong>Ermal Meta<\/strong> non vuole soccombere nello <strong>scontro social<\/strong> e nella notte twitta ancora:<em> \"Che tristezza Marco. Il primo viaggio che ho fatto appena ho preso la patente era per venire ad un tuo concerto. Che amarezza. Basta con queste caz*ate, non sperperare il tuo immenso patrimonio musicale. Pubblica un disco e lasciaci tutti senza parole. Io almeno ti aspetto ancora\u201d<\/em>. Le sue parole lasciano il segno.\u00a0<\/p>\n<p>\u00a0<\/p>\n<p>\u00a0<\/p>\n","protected":false},"excerpt":{"rendered":"<p>Morgan contro Ermal Meta, tutta colpa dell'esclusione del primo da Sanremo 2018, dove il secondo parteciper\u00e0 in coppia con Fabrizio Moro. Lo scontro tra i due artisti \u00e8 durissimo e va in scena sul social. Morgan, intervistato da red Ronnie, provoca Ermal Meta e nasce lo scontro sul social Morgan, intervistato da Red Ronnie sulla [&hellip;]<\/p>\n","protected":false},"author":1,"featured_media":116174,"comment_status":"closed","ping_status":"closed","sticky":false,"template":"","format":"standard","meta":{"footnotes":""},"categories":[54],"tags":[1909,1981,2156,2102,55797,10499,7730,2582,11370,4232,1923,7346],"vip":[1381],"class_list":["post-60128","post","type-post","status-publish","format-standard","has-post-thumbnail","hentry","category-news","tag-amici","tag-cantante","tag-cantautore","tag-dichiarazioni","tag-ermal-meta","tag-fabrizio-moro","tag-lite","tag-sanremo","tag-sanremo-2018","tag-scontro","tag-social","tag-twitter","vip-morgan"],"yoast_head":"<title>Morgan ed Ermal Meta: scontro durissimo sul social - Gossip.it | News sul Gossip e VIP<\/title>\n<meta name=\"description\" content=\"Morgan contro Ermal Meta, tutta colpa dell&#039;esclusione del primo da Sanremo 2018, dove il secondo parteciper\u00e0 in coppia con Fabrizio Moro. Lo scontro tra i\" \/>\n<meta name=\"robots\" content=\"index, follow, max-snippet:-1, max-image-preview:large, max-video-preview:-1\" \/>\n<link rel=\"canonical\" href=\"https:\/\/www.gossip.it\/news\/morgan-ermal-meta-scontro-social\/\" \/>\n<meta property=\"og:locale\" content=\"it_IT\" \/>\n<meta property=\"og:type\" content=\"article\" \/>\n<meta property=\"og:title\" content=\"Morgan ed Ermal Meta: scontro durissimo sul social - Gossip.it | News sul Gossip e VIP\" \/>\n<meta property=\"og:description\" content=\"Morgan contro Ermal Meta, tutta colpa dell&#039;esclusione del primo da Sanremo 2018, dove il secondo parteciper\u00e0 in coppia con Fabrizio Moro. Lo scontro tra i\" \/>\n<meta property=\"og:url\" content=\"https:\/\/www.gossip.it\/news\/morgan-ermal-meta-scontro-social\/\" \/>\n<meta property=\"og:site_name\" content=\"Gossip.it | News sul Gossip e VIP\" \/>\n<meta property=\"article:publisher\" content=\"https:\/\/www.facebook.com\/GossipIT\" \/>\n<meta property=\"article:published_time\" content=\"2018-01-16T23:00:00+00:00\" \/>\n<meta property=\"og:image\" content=\"https:\/\/files.gossip.it\/immagini_news\/2018\/01\/1516192809_morgan.jpg\" \/>\n<meta name=\"author\" content=\"La Redazione\" \/>\n<meta name=\"twitter:card\" content=\"summary_large_image\" \/>\n<meta name=\"twitter:image\" content=\"https:\/\/files.gossip.it\/immagini_news\/2018\/01\/1516192809_morgan.jpg\" \/>\n<meta name=\"twitter:creator\" content=\"@gossinews_it\" \/>\n<meta name=\"twitter:site\" content=\"@gossinews_it\" \/>\n<meta name=\"twitter:label1\" content=\"Scritto da\" \/>\n\t<meta name=\"twitter:data1\" content=\"Annamaria Capozzi\" \/>\n\t<meta name=\"twitter:label2\" content=\"Tempo di lettura stimato\" \/>\n\t<meta name=\"twitter:data2\" content=\"1 minuto\" \/>","yoast_head_json":{"title":"Morgan ed Ermal Meta: scontro durissimo sul social - Gossip.it | News sul Gossip e VIP","description":"Morgan contro Ermal Meta, tutta colpa dell'esclusione del primo da Sanremo 2018, dove il secondo parteciper\u00e0 in coppia con Fabrizio Moro. Lo scontro tra i","robots":{"index":"index","follow":"follow","max-snippet":"max-snippet:-1","max-image-preview":"max-image-preview:large","max-video-preview":"max-video-preview:-1"},"canonical":"https:\/\/www.gossip.it\/news\/morgan-ermal-meta-scontro-social\/","og_locale":"it_IT","og_type":"article","og_title":"Morgan ed Ermal Meta: scontro durissimo sul social - Gossip.it | News sul Gossip e VIP","og_description":"Morgan contro Ermal Meta, tutta colpa dell'esclusione del primo da Sanremo 2018, dove il secondo parteciper\u00e0 in coppia con Fabrizio Moro. Lo scontro tra i","og_url":"https:\/\/www.gossip.it\/news\/morgan-ermal-meta-scontro-social\/","og_site_name":"Gossip.it | News sul Gossip e VIP","article_publisher":"https:\/\/www.facebook.com\/GossipIT","article_published_time":"2018-01-16T23:00:00+00:00","og_image":[{"url":"https:\/\/files.gossip.it\/immagini_news\/2018\/01\/1516192809_morgan.jpg"}],"author":"La Redazione","twitter_card":"summary_large_image","twitter_image":"https:\/\/files.gossip.it\/immagini_news\/2018\/01\/1516192809_morgan.jpg","twitter_creator":"@gossinews_it","twitter_site":"@gossinews_it","twitter_misc":{"Scritto da":"Annamaria Capozzi","Tempo di lettura stimato":"1 minuto"},"schema":{"@context":"https:\/\/schema.org","@graph":[{"@type":"Article","@id":"https:\/\/www.gossip.it\/news\/morgan-ermal-meta-scontro-social\/#article","isPartOf":{"@id":"https:\/\/www.gossip.it\/news\/morgan-ermal-meta-scontro-social\/"},"author":{"name":"La Redazione","@id":"https:\/\/www.gossip.it\/#\/schema\/person\/488896f75158bff1cc83c6c39d141110"},"headline":"Morgan ed Ermal Meta: scontro durissimo sul social","datePublished":"2018-01-16T23:00:00+00:00","dateModified":"2018-01-16T23:00:00+00:00","mainEntityOfPage":{"@id":"https:\/\/www.gossip.it\/news\/morgan-ermal-meta-scontro-social\/"},"wordCount":295,"publisher":{"@id":"https:\/\/www.gossip.it\/#organization"},"image":{"@id":"https:\/\/www.gossip.it\/news\/morgan-ermal-meta-scontro-social\/#primaryimage"},"thumbnailUrl":"https:\/\/files.gossip.it\/immagini_news\/2018\/01\/1516192809_morgan.jpg","keywords":["amici","cantante","cantautore","dichiarazioni","Ermal Meta","Fabrizio Moro","lite","sanremo","sanremo 2018","scontro","social","twitter"],"articleSection":["News"],"inLanguage":"it-IT"},{"@type":"WebPage","@id":"https:\/\/www.gossip.it\/news\/morgan-ermal-meta-scontro-social\/","url":"https:\/\/www.gossip.it\/news\/morgan-ermal-meta-scontro-social\/","name":"Morgan ed Ermal Meta: scontro durissimo sul social - Gossip.it | News sul Gossip e VIP","isPartOf":{"@id":"https:\/\/www.gossip.it\/#website"},"primaryImageOfPage":{"@id":"https:\/\/www.gossip.it\/news\/morgan-ermal-meta-scontro-social\/#primaryimage"},"image":{"@id":"https:\/\/www.gossip.it\/news\/morgan-ermal-meta-scontro-social\/#primaryimage"},"thumbnailUrl":"https:\/\/files.gossip.it\/immagini_news\/2018\/01\/1516192809_morgan.jpg","datePublished":"2018-01-16T23:00:00+00:00","dateModified":"2018-01-16T23:00:00+00:00","description":"Morgan contro Ermal Meta, tutta colpa dell'esclusione del primo da Sanremo 2018, dove il secondo parteciper\u00e0 in coppia con Fabrizio Moro. Lo scontro tra i","breadcrumb":{"@id":"https:\/\/www.gossip.it\/news\/morgan-ermal-meta-scontro-social\/#breadcrumb"},"inLanguage":"it-IT","potentialAction":[{"@type":"ReadAction","target":["https:\/\/www.gossip.it\/news\/morgan-ermal-meta-scontro-social\/"]}]},{"@type":"ImageObject","inLanguage":"it-IT","@id":"https:\/\/www.gossip.it\/news\/morgan-ermal-meta-scontro-social\/#primaryimage","url":"https:\/\/files.gossip.it\/immagini_news\/2018\/01\/1516192809_morgan.jpg","contentUrl":"https:\/\/files.gossip.it\/immagini_news\/2018\/01\/1516192809_morgan.jpg"},{"@type":"BreadcrumbList","@id":"https:\/\/www.gossip.it\/news\/morgan-ermal-meta-scontro-social\/#breadcrumb","itemListElement":[{"@type":"ListItem","position":1,"name":"Home","item":"https:\/\/www.gossip.it\/"},{"@type":"ListItem","position":2,"name":"Morgan ed Ermal Meta: scontro durissimo sul social"}]},{"@type":"WebSite","@id":"https:\/\/www.gossip.it\/#website","url":"https:\/\/www.gossip.it\/","name":"Gossip and VIP News","description":"Quotidiano di cronaca rosa, costume e societ\u00e0","publisher":{"@id":"https:\/\/www.gossip.it\/#organization"},"alternateName":"Gossip and VIP News","potentialAction":[{"@type":"SearchAction","target":{"@type":"EntryPoint","urlTemplate":"https:\/\/www.gossip.it\/?s={search_term_string}"},"query-input":{"@type":"PropertyValueSpecification","valueRequired":true,"valueName":"search_term_string"}}],"inLanguage":"it-IT"},{"@type":"Organization","@id":"https:\/\/www.gossip.it\/#organization","name":"Gossip and VIP News","alternateName":"Gossip News","url":"https:\/\/www.gossip.it\/","logo":{"@type":"ImageObject","inLanguage":"it-IT","@id":"https:\/\/www.gossip.it\/#\/schema\/logo\/image\/","url":"https:\/\/www.gossip.it\/wp-content\/uploads\/2022\/04\/cropped-corna-alta-tiny.png","contentUrl":"https:\/\/www.gossip.it\/wp-content\/uploads\/2022\/04\/cropped-corna-alta-tiny.png","width":512,"height":512,"caption":"Gossip and VIP News"},"image":{"@id":"https:\/\/www.gossip.it\/#\/schema\/logo\/image\/"},"sameAs":["https:\/\/www.facebook.com\/GossipIT","https:\/\/x.com\/gossinews_it","https:\/\/instagram.com\/gossip_it"]},{"@type":"Person","@id":"https:\/\/www.gossip.it\/#\/schema\/person\/488896f75158bff1cc83c6c39d141110","name":"La Redazione","image":{"@type":"ImageObject","inLanguage":"it-IT","@id":"https:\/\/www.gossip.it\/#\/schema\/person\/image\/","url":"https:\/\/secure.gravatar.com\/avatar\/5a5f5c6fa3e6700e4249abdad0263a1e94e927d9e0499b1cb09c1cd29c044d80?s=96&d=mm&r=g","contentUrl":"https:\/\/secure.gravatar.com\/avatar\/5a5f5c6fa3e6700e4249abdad0263a1e94e927d9e0499b1cb09c1cd29c044d80?s=96&d=mm&r=g","caption":"La Redazione"},"sameAs":["https:\/\/www.gossip.it"]}]}},"amp_enabled":true,"_links":{"self":[{"href":"https:\/\/www.gossip.it\/api\/wp\/v2\/posts\/60128","targetHints":{"allow":["GET"]}}],"collection":[{"href":"https:\/\/www.gossip.it\/api\/wp\/v2\/posts"}],"about":[{"href":"https:\/\/www.gossip.it\/api\/wp\/v2\/types\/post"}],"author":[{"embeddable":true,"href":"https:\/\/www.gossip.it\/api\/wp\/v2\/users\/1"}],"replies":[{"embeddable":true,"href":"https:\/\/www.gossip.it\/api\/wp\/v2\/comments?post=60128"}],"version-history":[{"count":0,"href":"https:\/\/www.gossip.it\/api\/wp\/v2\/posts\/60128\/revisions"}],"wp:featuredmedia":[{"embeddable":true,"href":"https:\/\/www.gossip.it\/api\/wp\/v2\/media\/116174"}],"wp:attachment":[{"href":"https:\/\/www.gossip.it\/api\/wp\/v2\/media?parent=60128"}],"wp:term":[{"taxonomy":"category","embeddable":true,"href":"https:\/\/www.gossip.it\/api\/wp\/v2\/categories?post=60128"},{"taxonomy":"post_tag","embeddable":true,"href":"https:\/\/www.gossip.it\/api\/wp\/v2\/tags?post=60128"},{"taxonomy":"vip","embeddable":true,"href":"https:\/\/www.gossip.it\/api\/wp\/v2\/vip?post=60128"}],"curies":[{"name":"wp","href":"https:\/\/api.w.org\/{rel}","templated":true}]}}