{"id":60170,"date":"2018-01-23T00:00:00","date_gmt":"2018-01-22T23:00:00","guid":{"rendered":"https:\/\/www.gossip.it\/senza-categoria\/francesca-cipriani-isola-dei-famosi-attacco-di-panico-elicottero\/"},"modified":"2018-01-23T00:00:00","modified_gmt":"2018-01-22T23:00:00","slug":"francesca-cipriani-isola-dei-famosi-attacco-di-panico-elicottero","status":"publish","type":"post","link":"https:\/\/www.gossip.it\/news\/francesca-cipriani-isola-dei-famosi-attacco-di-panico-elicottero\/","title":{"rendered":"Francesca Cipriani, attacco di panico sull'elicottero all'Isola dei Famosi"},"content":{"rendered":"<p><a href=\"\/vip\/francesca-cipriani\/\">Francesca Cipriani<\/a> all'<a href=\"\/vip\/isola-dei famosi\/\">Isola dei Famosi<\/a> \u00e8 subito protagonista. Sull'<strong>elicottero<\/strong> a inizio puntata \u00e8 una delle naufraghe che dovrebbero tuffarsi per prime nel mare blu dell'Honduras, ma un <strong>attacco di panico<\/strong> la terrorizza. Urla e pianti per l'ex <a href=\"\/vip\/pupa\/\">Pupa<\/a> che grida: <em>\"Abbassa, abbassa, abbassaaaa!\" <\/em>al povero pilota del mezzo, colpevole, secondo lei, di volerla far tuffare da un\u2019altezza spropositata.<\/p>\n<figure class=\"caption\"><img decoding=\"async\" alt=\"\" width=\"640\" height=\"355\" src=\"https:\/\/files.gossip.it\/immagini_news\/2018\/01\/1516703351_cipriani-1.jpg\" \/><figcaption>Francesca Cipriani all''Isola dei Famosi', sull'elicottero, prima di tuffarsi, ha un attacco di panico<\/figcaption><\/figure>\n<p>L'<strong>attacco di panico<\/strong> di <strong>Francesca Cipriani<\/strong>, che quasi si scaglia contro il pilota dell'<strong>elicottero<\/strong> all'<strong>Isola dei Famosi<\/strong>, \u00e8 il momento iconico della prima puntata, quello che diventa virale sul web. La 33enne continua a sistemarsi il cerchietto con i fiori che fa tanto <em>'Cicciolina'<\/em>, si sporge, rientra, dice: <em>\"Non ce la faccio\"<\/em>. <a href=\"\/vip\/alessia-marcuzzi\/\">Alessia Marcuzzi<\/a> in studio all'inizio ci scherza su.\u00a0 <em>\"Chiamiamo un esorcista per la Cipriani\"<\/em>, esclama. Poi per\u00f2 si preoccupa, sorattutto per l'incolumit\u00e0 del pilota. Da casa, per\u00f2, chi guarda non \u00e8 convinto e ironizza.<\/p>\n<div class=\"video_integrato\" data-videoid=\"5049\" data-autostart=\"true\">\u00a0<\/div>\n<figure class=\"caption\"><img decoding=\"async\" alt=\"\" width=\"640\" height=\"358\" src=\"https:\/\/files.gossip.it\/immagini_news\/2018\/01\/1516703404_cipriani-2.jpg\" \/><figcaption>La 33enne inizia a piangere<\/figcaption><\/figure>\n<p>In effetti i naufraghi, tutti, prima di cimentarsi nelle varie prove al <a href=\"\/vip\/reality\/\">reality<\/a>, tuffo dall'elicottero compreso, devono sostenere una serie di allenamenti e c'\u00e8 chi \u00e8 sicuro siano stati in un certo senso<em> 'addestrati'<\/em> al tuffo dall'alto. Eppure l'<strong>attacco di panico<\/strong> sull'<strong>elicottero<\/strong> di <strong>Francesca Cipriani <\/strong>lascia basita la <a href=\"\/vip\/pinella\/\">Pinella<\/a> e i suoi opinionisti. Il popolo della rete, invece, si scatena con varie gif e meme divertenti e prende in giro la bionda che esclama: <em>\"Non voglio morire!\".<\/em><\/p>\n<figure class=\"caption\"><img decoding=\"async\" alt=\"\" width=\"640\" height=\"358\" src=\"https:\/\/files.gossip.it\/immagini_news\/2018\/01\/1516703429_cipriani-3.jpg\" \/><figcaption>La bionda urla: 'Non voglio morire!'<\/figcaption><\/figure>\n<p>Alla fine Francesca torna ancora sull'<strong>elicottero<\/strong>. Pure la sua seconda volta \u00e8 tutta da guardare: inizia nuovamente a piangere e a urlare, fa abbassare il pilota oltre il limite di sicurezza, sembra che stia per svenire, finalmente, per\u00f2, dopo essersi fatta il segno della croce, si tuffa e gli autori tirano un sospiro di sollievo. I telespettatori malignano e ne parlano, ma questo \u00e8 gi\u00e0 un successo, e la puntata pu\u00f2 proseguire.<\/p>\n<figure class=\"caption\"><img decoding=\"async\" alt=\"\" width=\"640\" height=\"356\" src=\"https:\/\/files.gossip.it\/immagini_news\/2018\/01\/1516703461_cipriani-4.jpg\" \/><figcaption>L'ex Pupa si scaglia pure contro il pilota del mezzo...<\/figcaption><\/figure>\n<p>\u00a0<\/p>\n","protected":false},"excerpt":{"rendered":"<p>Francesca Cipriani all'Isola dei Famosi \u00e8 subito protagonista. Sull'elicottero a inizio puntata \u00e8 una delle naufraghe che dovrebbero tuffarsi per prime nel mare blu dell'Honduras, ma un attacco di panico la terrorizza. Urla e pianti per l'ex Pupa che grida: \"Abbassa, abbassa, abbassaaaa!\" al povero pilota del mezzo, colpevole, secondo lei, di volerla far tuffare [&hellip;]<\/p>\n","protected":false},"author":1,"featured_media":116216,"comment_status":"closed","ping_status":"closed","sticky":false,"template":"","format":"standard","meta":{"footnotes":""},"categories":[54],"tags":[57357,2098,5328,2199,11317,2095,11340,6274,6010,1934,2128,1967,2776,2097],"vip":[275,555,772,1195],"class_list":["post-60170","post","type-post","status-publish","format-standard","has-post-thumbnail","hentry","category-news","tag-attacco-di-panico","tag-canale-5","tag-elicottero","tag-isola","tag-isola-13","tag-isola-dei-famosi","tag-isola-dei-famosi-13","tag-opinionista","tag-pupa","tag-reality","tag-reality-show","tag-showgirl","tag-tuffo","tag-tv","vip-alessia_marcuzzi","vip-daniele_bossari","vip-francesca_cipriani","vip-mara_venier"],"yoast_head":"<title>Francesca Cipriani, attacco di panico sull&#039;elicottero all&#039;Isola dei Famosi - Gossip.it | News sul Gossip e VIP<\/title>\n<meta name=\"description\" content=\"Francesca Cipriani all&#039;Isola dei Famosi \u00e8 subito protagonista. Sull&#039;elicottero a inizio puntata \u00e8 una delle naufraghe che dovrebbero tuffarsi per prime\" \/>\n<meta name=\"robots\" content=\"index, follow, max-snippet:-1, max-image-preview:large, max-video-preview:-1\" \/>\n<link rel=\"canonical\" href=\"https:\/\/www.gossip.it\/news\/francesca-cipriani-isola-dei-famosi-attacco-di-panico-elicottero\/\" \/>\n<meta property=\"og:locale\" content=\"it_IT\" \/>\n<meta property=\"og:type\" content=\"article\" \/>\n<meta property=\"og:title\" content=\"Francesca Cipriani, attacco di panico sull&#039;elicottero all&#039;Isola dei Famosi - Gossip.it | News sul Gossip e VIP\" \/>\n<meta property=\"og:description\" content=\"Francesca Cipriani all&#039;Isola dei Famosi \u00e8 subito protagonista. Sull&#039;elicottero a inizio puntata \u00e8 una delle naufraghe che dovrebbero tuffarsi per prime\" \/>\n<meta property=\"og:url\" content=\"https:\/\/www.gossip.it\/news\/francesca-cipriani-isola-dei-famosi-attacco-di-panico-elicottero\/\" \/>\n<meta property=\"og:site_name\" content=\"Gossip.it | News sul Gossip e VIP\" \/>\n<meta property=\"article:publisher\" content=\"https:\/\/www.facebook.com\/GossipIT\" \/>\n<meta property=\"article:published_time\" content=\"2018-01-22T23:00:00+00:00\" \/>\n<meta property=\"og:image\" content=\"https:\/\/files.gossip.it\/immagini_news\/2018\/01\/1516703351_cipriani-1.jpg\" \/>\n<meta name=\"author\" content=\"La Redazione\" \/>\n<meta name=\"twitter:card\" content=\"summary_large_image\" \/>\n<meta name=\"twitter:image\" content=\"https:\/\/files.gossip.it\/immagini_news\/2018\/01\/1516703351_cipriani-1.jpg\" \/>\n<meta name=\"twitter:creator\" content=\"@gossinews_it\" \/>\n<meta name=\"twitter:site\" content=\"@gossinews_it\" \/>\n<meta name=\"twitter:label1\" content=\"Scritto da\" \/>\n\t<meta name=\"twitter:data1\" content=\"Annamaria Capozzi\" \/>\n\t<meta name=\"twitter:label2\" content=\"Tempo di lettura stimato\" \/>\n\t<meta name=\"twitter:data2\" content=\"2 minuti\" \/>","yoast_head_json":{"title":"Francesca Cipriani, attacco di panico sull'elicottero all'Isola dei Famosi - Gossip.it | News sul Gossip e VIP","description":"Francesca Cipriani all'Isola dei Famosi \u00e8 subito protagonista. Sull'elicottero a inizio puntata \u00e8 una delle naufraghe che dovrebbero tuffarsi per prime","robots":{"index":"index","follow":"follow","max-snippet":"max-snippet:-1","max-image-preview":"max-image-preview:large","max-video-preview":"max-video-preview:-1"},"canonical":"https:\/\/www.gossip.it\/news\/francesca-cipriani-isola-dei-famosi-attacco-di-panico-elicottero\/","og_locale":"it_IT","og_type":"article","og_title":"Francesca Cipriani, attacco di panico sull'elicottero all'Isola dei Famosi - Gossip.it | News sul Gossip e VIP","og_description":"Francesca Cipriani all'Isola dei Famosi \u00e8 subito protagonista. Sull'elicottero a inizio puntata \u00e8 una delle naufraghe che dovrebbero tuffarsi per prime","og_url":"https:\/\/www.gossip.it\/news\/francesca-cipriani-isola-dei-famosi-attacco-di-panico-elicottero\/","og_site_name":"Gossip.it | News sul Gossip e VIP","article_publisher":"https:\/\/www.facebook.com\/GossipIT","article_published_time":"2018-01-22T23:00:00+00:00","og_image":[{"url":"https:\/\/files.gossip.it\/immagini_news\/2018\/01\/1516703351_cipriani-1.jpg"}],"author":"La Redazione","twitter_card":"summary_large_image","twitter_image":"https:\/\/files.gossip.it\/immagini_news\/2018\/01\/1516703351_cipriani-1.jpg","twitter_creator":"@gossinews_it","twitter_site":"@gossinews_it","twitter_misc":{"Scritto da":"Annamaria Capozzi","Tempo di lettura stimato":"2 minuti"},"schema":{"@context":"https:\/\/schema.org","@graph":[{"@type":"Article","@id":"https:\/\/www.gossip.it\/news\/francesca-cipriani-isola-dei-famosi-attacco-di-panico-elicottero\/#article","isPartOf":{"@id":"https:\/\/www.gossip.it\/news\/francesca-cipriani-isola-dei-famosi-attacco-di-panico-elicottero\/"},"author":{"name":"La Redazione","@id":"https:\/\/www.gossip.it\/#\/schema\/person\/488896f75158bff1cc83c6c39d141110"},"headline":"Francesca Cipriani, attacco di panico sull'elicottero all'Isola dei Famosi","datePublished":"2018-01-22T23:00:00+00:00","dateModified":"2018-01-22T23:00:00+00:00","mainEntityOfPage":{"@id":"https:\/\/www.gossip.it\/news\/francesca-cipriani-isola-dei-famosi-attacco-di-panico-elicottero\/"},"wordCount":350,"publisher":{"@id":"https:\/\/www.gossip.it\/#organization"},"image":{"@id":"https:\/\/www.gossip.it\/news\/francesca-cipriani-isola-dei-famosi-attacco-di-panico-elicottero\/#primaryimage"},"thumbnailUrl":"https:\/\/files.gossip.it\/immagini_news\/2018\/01\/1516703351_cipriani-1.jpg","keywords":["attacco di panico","canale 5","elicottero","isola","isola 13","isola dei famosi","isola dei famosi 13","opinionista","pupa","reality","reality show","showgirl","tuffo","tv"],"articleSection":["News"],"inLanguage":"it-IT"},{"@type":"WebPage","@id":"https:\/\/www.gossip.it\/news\/francesca-cipriani-isola-dei-famosi-attacco-di-panico-elicottero\/","url":"https:\/\/www.gossip.it\/news\/francesca-cipriani-isola-dei-famosi-attacco-di-panico-elicottero\/","name":"Francesca Cipriani, attacco di panico sull'elicottero all'Isola dei Famosi - Gossip.it | News sul Gossip e VIP","isPartOf":{"@id":"https:\/\/www.gossip.it\/#website"},"primaryImageOfPage":{"@id":"https:\/\/www.gossip.it\/news\/francesca-cipriani-isola-dei-famosi-attacco-di-panico-elicottero\/#primaryimage"},"image":{"@id":"https:\/\/www.gossip.it\/news\/francesca-cipriani-isola-dei-famosi-attacco-di-panico-elicottero\/#primaryimage"},"thumbnailUrl":"https:\/\/files.gossip.it\/immagini_news\/2018\/01\/1516703351_cipriani-1.jpg","datePublished":"2018-01-22T23:00:00+00:00","dateModified":"2018-01-22T23:00:00+00:00","description":"Francesca Cipriani all'Isola dei Famosi \u00e8 subito protagonista. Sull'elicottero a inizio puntata \u00e8 una delle naufraghe che dovrebbero tuffarsi per prime","breadcrumb":{"@id":"https:\/\/www.gossip.it\/news\/francesca-cipriani-isola-dei-famosi-attacco-di-panico-elicottero\/#breadcrumb"},"inLanguage":"it-IT","potentialAction":[{"@type":"ReadAction","target":["https:\/\/www.gossip.it\/news\/francesca-cipriani-isola-dei-famosi-attacco-di-panico-elicottero\/"]}]},{"@type":"ImageObject","inLanguage":"it-IT","@id":"https:\/\/www.gossip.it\/news\/francesca-cipriani-isola-dei-famosi-attacco-di-panico-elicottero\/#primaryimage","url":"https:\/\/files.gossip.it\/immagini_news\/2018\/01\/1516703351_cipriani-1.jpg","contentUrl":"https:\/\/files.gossip.it\/immagini_news\/2018\/01\/1516703351_cipriani-1.jpg"},{"@type":"BreadcrumbList","@id":"https:\/\/www.gossip.it\/news\/francesca-cipriani-isola-dei-famosi-attacco-di-panico-elicottero\/#breadcrumb","itemListElement":[{"@type":"ListItem","position":1,"name":"Home","item":"https:\/\/www.gossip.it\/"},{"@type":"ListItem","position":2,"name":"Francesca Cipriani, attacco di panico sull'elicottero all'Isola dei Famosi"}]},{"@type":"WebSite","@id":"https:\/\/www.gossip.it\/#website","url":"https:\/\/www.gossip.it\/","name":"Gossip and VIP News","description":"Quotidiano di cronaca rosa, costume e societ\u00e0","publisher":{"@id":"https:\/\/www.gossip.it\/#organization"},"alternateName":"Gossip and VIP News","potentialAction":[{"@type":"SearchAction","target":{"@type":"EntryPoint","urlTemplate":"https:\/\/www.gossip.it\/?s={search_term_string}"},"query-input":{"@type":"PropertyValueSpecification","valueRequired":true,"valueName":"search_term_string"}}],"inLanguage":"it-IT"},{"@type":"Organization","@id":"https:\/\/www.gossip.it\/#organization","name":"Gossip and VIP News","alternateName":"Gossip News","url":"https:\/\/www.gossip.it\/","logo":{"@type":"ImageObject","inLanguage":"it-IT","@id":"https:\/\/www.gossip.it\/#\/schema\/logo\/image\/","url":"https:\/\/www.gossip.it\/wp-content\/uploads\/2022\/04\/cropped-corna-alta-tiny.png","contentUrl":"https:\/\/www.gossip.it\/wp-content\/uploads\/2022\/04\/cropped-corna-alta-tiny.png","width":512,"height":512,"caption":"Gossip and VIP News"},"image":{"@id":"https:\/\/www.gossip.it\/#\/schema\/logo\/image\/"},"sameAs":["https:\/\/www.facebook.com\/GossipIT","https:\/\/x.com\/gossinews_it","https:\/\/instagram.com\/gossip_it"]},{"@type":"Person","@id":"https:\/\/www.gossip.it\/#\/schema\/person\/488896f75158bff1cc83c6c39d141110","name":"La Redazione","image":{"@type":"ImageObject","inLanguage":"it-IT","@id":"https:\/\/www.gossip.it\/#\/schema\/person\/image\/","url":"https:\/\/secure.gravatar.com\/avatar\/5a5f5c6fa3e6700e4249abdad0263a1e94e927d9e0499b1cb09c1cd29c044d80?s=96&d=mm&r=g","contentUrl":"https:\/\/secure.gravatar.com\/avatar\/5a5f5c6fa3e6700e4249abdad0263a1e94e927d9e0499b1cb09c1cd29c044d80?s=96&d=mm&r=g","caption":"La Redazione"},"sameAs":["https:\/\/www.gossip.it"]}]}},"amp_enabled":true,"_links":{"self":[{"href":"https:\/\/www.gossip.it\/api\/wp\/v2\/posts\/60170","targetHints":{"allow":["GET"]}}],"collection":[{"href":"https:\/\/www.gossip.it\/api\/wp\/v2\/posts"}],"about":[{"href":"https:\/\/www.gossip.it\/api\/wp\/v2\/types\/post"}],"author":[{"embeddable":true,"href":"https:\/\/www.gossip.it\/api\/wp\/v2\/users\/1"}],"replies":[{"embeddable":true,"href":"https:\/\/www.gossip.it\/api\/wp\/v2\/comments?post=60170"}],"version-history":[{"count":0,"href":"https:\/\/www.gossip.it\/api\/wp\/v2\/posts\/60170\/revisions"}],"wp:featuredmedia":[{"embeddable":true,"href":"https:\/\/www.gossip.it\/api\/wp\/v2\/media\/116216"}],"wp:attachment":[{"href":"https:\/\/www.gossip.it\/api\/wp\/v2\/media?parent=60170"}],"wp:term":[{"taxonomy":"category","embeddable":true,"href":"https:\/\/www.gossip.it\/api\/wp\/v2\/categories?post=60170"},{"taxonomy":"post_tag","embeddable":true,"href":"https:\/\/www.gossip.it\/api\/wp\/v2\/tags?post=60170"},{"taxonomy":"vip","embeddable":true,"href":"https:\/\/www.gossip.it\/api\/wp\/v2\/vip?post=60170"}],"curies":[{"name":"wp","href":"https:\/\/api.w.org\/{rel}","templated":true}]}}