{"id":60176,"date":"2018-01-23T00:00:00","date_gmt":"2018-01-22T23:00:00","guid":{"rendered":"https:\/\/www.gossip.it\/senza-categoria\/chiara-ferragni-pancione-sfilata-dior\/"},"modified":"2018-01-23T00:00:00","modified_gmt":"2018-01-22T23:00:00","slug":"chiara-ferragni-pancione-sfilata-dior","status":"publish","type":"post","link":"https:\/\/www.gossip.it\/news\/chiara-ferragni-pancione-sfilata-dior\/","title":{"rendered":"Chiara Ferragni, che bel pancione alla sfilata di Dior: foto"},"content":{"rendered":"<p><a href=\"\/vip\/chiara-ferragni\/\">Chiara Ferragni<\/a>, 30 anni, a Parigi per la Fashion Week, era tra gli ospiti della<strong>\u00a0sfilata<\/strong> di <a href=\"\/vip\/dior\/\">Dior<\/a>. La \u00a0futura mamma per l'occasione ha sfoggiato un abito fashion che metteva in risalto il<strong> pancione<\/strong>. Sempre molto attenta ai dettagli, ha abbinato al vestito argento un cappellino black e stivali cuissard.<\/p>\n<figure class=\"caption\"><img decoding=\"async\" alt=\"\" src=\"https:\/\/files.gossip.it\/immagini_news\/2018\/01\/1516713840_chiara_ferragni_dior.jpg\" \/><figcaption>Chiara Ferragni, incinta di 7 mesi, alla sfilata di Dior a Parigi\u00a0<\/figcaption><\/figure>\n<p><strong>Chiara<\/strong> al settimo mese di <a href=\"\/vip\/gravidanza\/\">gravidanza<\/a> non si \u00e8 voluta perdere la settimana della monda parigina e naturalmente ha presenziato a uno degli eventi pi\u00f9 glamour: la <strong>sfilata<\/strong> di <strong>Dior<\/strong>.<br \/>La <strong>Ferragni<\/strong> anche con il <strong>pancione<\/strong> non rinuncia a look sofisticati e le sue mise non passano mai inosservate. Ma la fashion blogger in dolce attesa non era l'unica celebrities presente alla <strong>sfilata<\/strong> che <strong>Dior <\/strong>ha organizzato a Parigi. Tra le bellezze dello showbiz internazionale c'erano <a href=\"\/vip\/monica-bellucci \/\">Monica Bellucci <\/a>con\u00a0la sua nuova acconciatura senza frangetta, la Venere Nera <a href=\"\/vip\/naomi-campbell\/\">Naomi Campbell<\/a>, l'attrice italiana <a href=\"\/vip\/vittoria-puccini\/\">Vittoria Puccini<\/a>, la statuaria <a href=\"\/vip\/eva-herzigova\/\">Eva Herzigova<\/a> e la modella <a href=\"\/vip\/bianca-brandolini d'adda\/\">Bianca Brandolini d'Adda<\/a>.<\/p>\n<p>Il <strong>pancione<\/strong> di <strong>Chiara<\/strong> cresce e lei \u00e8 sempre glam. La <strong>Ferragni<\/strong> \u00e8 una delle donne incinte pi\u00f9 alla moda e, in attesa che nasca il piccolo Leone (il parto \u00e8 previsto per aprile), continua a seguire la sua passione fashion, senza fermarsi mai.\u00a0<\/p>\n<div class=\"video_integrato\" data-videoid=\"5034\" data-autostart=\"true\">\u00a0<\/div>\n<p>\u00a0<\/p>\n","protected":false},"excerpt":{"rendered":"<p>Chiara Ferragni, 30 anni, a Parigi per la Fashion Week, era tra gli ospiti della\u00a0sfilata di Dior. La \u00a0futura mamma per l'occasione ha sfoggiato un abito fashion che metteva in risalto il pancione. Sempre molto attenta ai dettagli, ha abbinato al vestito argento un cappellino black e stivali cuissard. Chiara Ferragni, incinta di 7 mesi, [&hellip;]<\/p>\n","protected":false},"author":1,"featured_media":116222,"comment_status":"closed","ping_status":"closed","sticky":false,"template":"","format":"standard","meta":{"footnotes":""},"categories":[54],"tags":[57355,6580,5419,6035,2181,7543,3099,4812,4694,2835],"vip":[481],"class_list":["post-60176","post","type-post","status-publish","format-standard","has-post-thumbnail","hentry","category-news","tag-29esima-settimana","tag-dior","tag-fashion-week","tag-fedez","tag-gravidanza","tag-leone","tag-moda","tag-pancione","tag-parigi","tag-sfilata","vip-chiara_ferragni"],"yoast_head":"<title>Chiara Ferragni, che bel pancione alla sfilata di Dior: foto - Gossip.it | News sul Gossip e VIP<\/title>\n<meta name=\"description\" content=\"Chiara Ferragni, 30 anni, a Parigi per la Fashion Week, era tra gli ospiti della\u00a0sfilata di Dior. La \u00a0futura mamma per l&#039;occasione ha sfoggiato un abito\" \/>\n<meta name=\"robots\" content=\"index, follow, max-snippet:-1, max-image-preview:large, max-video-preview:-1\" \/>\n<link rel=\"canonical\" href=\"https:\/\/www.gossip.it\/news\/chiara-ferragni-pancione-sfilata-dior\/\" \/>\n<meta property=\"og:locale\" content=\"it_IT\" \/>\n<meta property=\"og:type\" content=\"article\" \/>\n<meta property=\"og:title\" content=\"Chiara Ferragni, che bel pancione alla sfilata di Dior: foto - Gossip.it | News sul Gossip e VIP\" \/>\n<meta property=\"og:description\" content=\"Chiara Ferragni, 30 anni, a Parigi per la Fashion Week, era tra gli ospiti della\u00a0sfilata di Dior. La \u00a0futura mamma per l&#039;occasione ha sfoggiato un abito\" \/>\n<meta property=\"og:url\" content=\"https:\/\/www.gossip.it\/news\/chiara-ferragni-pancione-sfilata-dior\/\" \/>\n<meta property=\"og:site_name\" content=\"Gossip.it | News sul Gossip e VIP\" \/>\n<meta property=\"article:publisher\" content=\"https:\/\/www.facebook.com\/GossipIT\" \/>\n<meta property=\"article:published_time\" content=\"2018-01-22T23:00:00+00:00\" \/>\n<meta property=\"og:image\" content=\"https:\/\/files.gossip.it\/immagini_news\/2018\/01\/1516713840_chiara_ferragni_dior.jpg\" \/>\n<meta name=\"author\" content=\"La Redazione\" \/>\n<meta name=\"twitter:card\" content=\"summary_large_image\" \/>\n<meta name=\"twitter:image\" content=\"https:\/\/files.gossip.it\/immagini_news\/2018\/01\/1516713840_chiara_ferragni_dior.jpg\" \/>\n<meta name=\"twitter:creator\" content=\"@gossinews_it\" \/>\n<meta name=\"twitter:site\" content=\"@gossinews_it\" \/>\n<meta name=\"twitter:label1\" content=\"Scritto da\" \/>\n\t<meta name=\"twitter:data1\" content=\"Francesca Romana Domenici\" \/>\n\t<meta name=\"twitter:label2\" content=\"Tempo di lettura stimato\" \/>\n\t<meta name=\"twitter:data2\" content=\"1 minuto\" \/>","yoast_head_json":{"title":"Chiara Ferragni, che bel pancione alla sfilata di Dior: foto - Gossip.it | News sul Gossip e VIP","description":"Chiara Ferragni, 30 anni, a Parigi per la Fashion Week, era tra gli ospiti della\u00a0sfilata di Dior. La \u00a0futura mamma per l'occasione ha sfoggiato un abito","robots":{"index":"index","follow":"follow","max-snippet":"max-snippet:-1","max-image-preview":"max-image-preview:large","max-video-preview":"max-video-preview:-1"},"canonical":"https:\/\/www.gossip.it\/news\/chiara-ferragni-pancione-sfilata-dior\/","og_locale":"it_IT","og_type":"article","og_title":"Chiara Ferragni, che bel pancione alla sfilata di Dior: foto - Gossip.it | News sul Gossip e VIP","og_description":"Chiara Ferragni, 30 anni, a Parigi per la Fashion Week, era tra gli ospiti della\u00a0sfilata di Dior. La \u00a0futura mamma per l'occasione ha sfoggiato un abito","og_url":"https:\/\/www.gossip.it\/news\/chiara-ferragni-pancione-sfilata-dior\/","og_site_name":"Gossip.it | News sul Gossip e VIP","article_publisher":"https:\/\/www.facebook.com\/GossipIT","article_published_time":"2018-01-22T23:00:00+00:00","og_image":[{"url":"https:\/\/files.gossip.it\/immagini_news\/2018\/01\/1516713840_chiara_ferragni_dior.jpg"}],"author":"La Redazione","twitter_card":"summary_large_image","twitter_image":"https:\/\/files.gossip.it\/immagini_news\/2018\/01\/1516713840_chiara_ferragni_dior.jpg","twitter_creator":"@gossinews_it","twitter_site":"@gossinews_it","twitter_misc":{"Scritto da":"Francesca Romana Domenici","Tempo di lettura stimato":"1 minuto"},"schema":{"@context":"https:\/\/schema.org","@graph":[{"@type":"Article","@id":"https:\/\/www.gossip.it\/news\/chiara-ferragni-pancione-sfilata-dior\/#article","isPartOf":{"@id":"https:\/\/www.gossip.it\/news\/chiara-ferragni-pancione-sfilata-dior\/"},"author":{"name":"La Redazione","@id":"https:\/\/www.gossip.it\/#\/schema\/person\/488896f75158bff1cc83c6c39d141110"},"headline":"Chiara Ferragni, che bel pancione alla sfilata di Dior: foto","datePublished":"2018-01-22T23:00:00+00:00","dateModified":"2018-01-22T23:00:00+00:00","mainEntityOfPage":{"@id":"https:\/\/www.gossip.it\/news\/chiara-ferragni-pancione-sfilata-dior\/"},"wordCount":219,"publisher":{"@id":"https:\/\/www.gossip.it\/#organization"},"image":{"@id":"https:\/\/www.gossip.it\/news\/chiara-ferragni-pancione-sfilata-dior\/#primaryimage"},"thumbnailUrl":"https:\/\/files.gossip.it\/immagini_news\/2018\/01\/1516713840_chiara_ferragni_dior.jpg","keywords":["29esima settimana","dior","fashion week","fedez","gravidanza","Leone","moda","pancione","parigi","sfilata"],"articleSection":["News"],"inLanguage":"it-IT"},{"@type":"WebPage","@id":"https:\/\/www.gossip.it\/news\/chiara-ferragni-pancione-sfilata-dior\/","url":"https:\/\/www.gossip.it\/news\/chiara-ferragni-pancione-sfilata-dior\/","name":"Chiara Ferragni, che bel pancione alla sfilata di Dior: foto - Gossip.it | News sul Gossip e VIP","isPartOf":{"@id":"https:\/\/www.gossip.it\/#website"},"primaryImageOfPage":{"@id":"https:\/\/www.gossip.it\/news\/chiara-ferragni-pancione-sfilata-dior\/#primaryimage"},"image":{"@id":"https:\/\/www.gossip.it\/news\/chiara-ferragni-pancione-sfilata-dior\/#primaryimage"},"thumbnailUrl":"https:\/\/files.gossip.it\/immagini_news\/2018\/01\/1516713840_chiara_ferragni_dior.jpg","datePublished":"2018-01-22T23:00:00+00:00","dateModified":"2018-01-22T23:00:00+00:00","description":"Chiara Ferragni, 30 anni, a Parigi per la Fashion Week, era tra gli ospiti della\u00a0sfilata di Dior. La \u00a0futura mamma per l'occasione ha sfoggiato un abito","breadcrumb":{"@id":"https:\/\/www.gossip.it\/news\/chiara-ferragni-pancione-sfilata-dior\/#breadcrumb"},"inLanguage":"it-IT","potentialAction":[{"@type":"ReadAction","target":["https:\/\/www.gossip.it\/news\/chiara-ferragni-pancione-sfilata-dior\/"]}]},{"@type":"ImageObject","inLanguage":"it-IT","@id":"https:\/\/www.gossip.it\/news\/chiara-ferragni-pancione-sfilata-dior\/#primaryimage","url":"https:\/\/files.gossip.it\/immagini_news\/2018\/01\/1516713840_chiara_ferragni_dior.jpg","contentUrl":"https:\/\/files.gossip.it\/immagini_news\/2018\/01\/1516713840_chiara_ferragni_dior.jpg"},{"@type":"BreadcrumbList","@id":"https:\/\/www.gossip.it\/news\/chiara-ferragni-pancione-sfilata-dior\/#breadcrumb","itemListElement":[{"@type":"ListItem","position":1,"name":"Home","item":"https:\/\/www.gossip.it\/"},{"@type":"ListItem","position":2,"name":"Chiara Ferragni, che bel pancione alla sfilata di Dior: foto"}]},{"@type":"WebSite","@id":"https:\/\/www.gossip.it\/#website","url":"https:\/\/www.gossip.it\/","name":"Gossip and VIP News","description":"Quotidiano di cronaca rosa, costume e societ\u00e0","publisher":{"@id":"https:\/\/www.gossip.it\/#organization"},"alternateName":"Gossip and VIP News","potentialAction":[{"@type":"SearchAction","target":{"@type":"EntryPoint","urlTemplate":"https:\/\/www.gossip.it\/?s={search_term_string}"},"query-input":{"@type":"PropertyValueSpecification","valueRequired":true,"valueName":"search_term_string"}}],"inLanguage":"it-IT"},{"@type":"Organization","@id":"https:\/\/www.gossip.it\/#organization","name":"Gossip and VIP News","alternateName":"Gossip News","url":"https:\/\/www.gossip.it\/","logo":{"@type":"ImageObject","inLanguage":"it-IT","@id":"https:\/\/www.gossip.it\/#\/schema\/logo\/image\/","url":"https:\/\/www.gossip.it\/wp-content\/uploads\/2022\/04\/cropped-corna-alta-tiny.png","contentUrl":"https:\/\/www.gossip.it\/wp-content\/uploads\/2022\/04\/cropped-corna-alta-tiny.png","width":512,"height":512,"caption":"Gossip and VIP News"},"image":{"@id":"https:\/\/www.gossip.it\/#\/schema\/logo\/image\/"},"sameAs":["https:\/\/www.facebook.com\/GossipIT","https:\/\/x.com\/gossinews_it","https:\/\/instagram.com\/gossip_it"]},{"@type":"Person","@id":"https:\/\/www.gossip.it\/#\/schema\/person\/488896f75158bff1cc83c6c39d141110","name":"La Redazione","image":{"@type":"ImageObject","inLanguage":"it-IT","@id":"https:\/\/www.gossip.it\/#\/schema\/person\/image\/","url":"https:\/\/secure.gravatar.com\/avatar\/5a5f5c6fa3e6700e4249abdad0263a1e94e927d9e0499b1cb09c1cd29c044d80?s=96&d=mm&r=g","contentUrl":"https:\/\/secure.gravatar.com\/avatar\/5a5f5c6fa3e6700e4249abdad0263a1e94e927d9e0499b1cb09c1cd29c044d80?s=96&d=mm&r=g","caption":"La Redazione"},"sameAs":["https:\/\/www.gossip.it"]}]}},"amp_enabled":true,"_links":{"self":[{"href":"https:\/\/www.gossip.it\/api\/wp\/v2\/posts\/60176","targetHints":{"allow":["GET"]}}],"collection":[{"href":"https:\/\/www.gossip.it\/api\/wp\/v2\/posts"}],"about":[{"href":"https:\/\/www.gossip.it\/api\/wp\/v2\/types\/post"}],"author":[{"embeddable":true,"href":"https:\/\/www.gossip.it\/api\/wp\/v2\/users\/1"}],"replies":[{"embeddable":true,"href":"https:\/\/www.gossip.it\/api\/wp\/v2\/comments?post=60176"}],"version-history":[{"count":0,"href":"https:\/\/www.gossip.it\/api\/wp\/v2\/posts\/60176\/revisions"}],"wp:featuredmedia":[{"embeddable":true,"href":"https:\/\/www.gossip.it\/api\/wp\/v2\/media\/116222"}],"wp:attachment":[{"href":"https:\/\/www.gossip.it\/api\/wp\/v2\/media?parent=60176"}],"wp:term":[{"taxonomy":"category","embeddable":true,"href":"https:\/\/www.gossip.it\/api\/wp\/v2\/categories?post=60176"},{"taxonomy":"post_tag","embeddable":true,"href":"https:\/\/www.gossip.it\/api\/wp\/v2\/tags?post=60176"},{"taxonomy":"vip","embeddable":true,"href":"https:\/\/www.gossip.it\/api\/wp\/v2\/vip?post=60176"}],"curies":[{"name":"wp","href":"https:\/\/api.w.org\/{rel}","templated":true}]}}