{"id":60198,"date":"2018-01-25T00:00:00","date_gmt":"2018-01-24T23:00:00","guid":{"rendered":"https:\/\/www.gossip.it\/senza-categoria\/sonia-bruganelli-invidiata\/"},"modified":"2018-01-25T00:00:00","modified_gmt":"2018-01-24T23:00:00","slug":"sonia-bruganelli-invidiata","status":"publish","type":"post","link":"https:\/\/www.gossip.it\/news\/sonia-bruganelli-invidiata\/","title":{"rendered":"Sonia Bruganelli: 'Fra essere compatita e invidiata, scelgo l'invidia per tutta la vita'"},"content":{"rendered":"<p><a href=\"\/vip\/sonia-bruganelli\/\">Sonia Bruganelli<\/a> torna a parlare degli haters sui <a href=\"\/vip\/social\/\">social<\/a> e delle reazioni che scatenano alcune foto che ha pubblicato. La 43enne a <em>Oggi<\/em> nel numero in edicola spiega:<em> \"Fra essere compatita e <strong>invidiata<\/strong>, scelgo l'invidia per tutta la vita\".<\/em><\/p>\n<figure class=\"caption\"><img decoding=\"async\" alt=\"\" width=\"640\" height=\"619\" src=\"https:\/\/files.gossip.it\/immagini_news\/2018\/01\/1516882750_sonia-bruganelli.jpg\" \/><figcaption>Sonia Bruganelli sugli haters e gli attacchi sul social: 'Fra essere compatita e invidiata, scelgo l'invidia per tutta la vita'<\/figcaption><\/figure>\n<p><strong>Sonia Bruganelli<\/strong>, moglie di <a href=\"\/vip\/paolo-bonolis\/\">Paolo Bonolis<\/a>, 56 anni, sottolinea: <em>\"Me ne frego, questa \u00e8 la verit\u00e0. Ho attraversato stagioni meno fortunate e fasi decisamente pi\u00f9 impegnative: questa valanga di cattiveria mi lascia davvero indifferente. Sono io che 'gioco' con Instagram, che scelgo cosa mostrare di me: le reazioni che scateno sono decisamente accessorie\".<\/em><\/p>\n<p><em>\"Io non ho un pubblico a cui rendere conto, non pubblicizzo marchi che mi pagano, non devo piacere per forza<\/em> - continua <strong>Sonia Bruganelli <\/strong>-\u00a0 <em>L\u2019invidia sociale la capisco pure, perch\u00e9<br \/>la gente in questo periodo storico \u00e8 altamente insoddisfatta, quindi la metto pure in conto. Ma faccio pi\u00f9 fatica a comprendere l\u2019interesse di certi giornalisti che invece strumentalizzano quello che \u201cposto\u201d. Il mio profilo \u00e8 di fatto un esperimento, un modo di mostrare in maniera giocosa uno spaccato di una piccola parte di me, rigorosamente sempre sopra le righe\".<\/em><\/p>\n<figure class=\"caption\"><img decoding=\"async\" alt=\"\" width=\"640\" height=\"635\" src=\"https:\/\/files.gossip.it\/immagini_news\/2018\/01\/1516882897_bruganelli-bonolis.jpg\" \/><figcaption>Paolo Bonolis, il marito, si \u00e8 'rassegnato' alla sua 'vita sui social'...<\/figcaption><\/figure>\n<p>Non si offende:<em> \"Reagisco male solo se ricevo attacchi gratuiti verso le persone che amo. Divento una furia\".<\/em> Ma non c'\u00e8 dubbito, tra l'essere compatita e l'essere<strong> invidiata<\/strong> la bionda preferisce l'invidia.<\/p>\n<p><em>\"Non riesco a condividere con nessuno, oltre alla miafamiglia e a pochissimi amici, quello che pu\u00f2 farmi stare male\"<\/em>, fa sapere Sonia. <em>\"La mia fatica, il mio disagio, la mia tristezza: tengo tutto per me, sono prepotentemente chiusa in me stessa. Non riuscirei mai a parlare, che so, di un letto di ospedale, di una malattia, di una perdita con chicchessia. Figuriamoci pubblicarlo. Fra essere compatita ed essere <strong>invidiata<\/strong>, scelgo l\u2019invidia per tutta la vita\".<\/em><\/p>\n<p>Il marito si \u00e8<em> 'rassegnato' <\/em>alla sua voglia di postare sui social: <em>\"Per lui parlo troppo. Mi asseconda, ma eviterebbe volentieri\"<\/em>. Il loro legame del resto \u00e8 profondo: tre figli e insieme da vent'anni. \"Abbiamo raggiunto un nostro equilibrio, ridiamo parecchio insieme. Paolo \u00e8 follemente innamorato di me\", sottolinea ancora <strong>Sonia Bruganelli<\/strong>.<\/p>\n<p>\u00a0<\/p>\n","protected":false},"excerpt":{"rendered":"<p>Sonia Bruganelli torna a parlare degli haters sui social e delle reazioni che scatenano alcune foto che ha pubblicato. La 43enne a Oggi nel numero in edicola spiega: \"Fra essere compatita e invidiata, scelgo l'invidia per tutta la vita\". Sonia Bruganelli sugli haters e gli attacchi sul social: 'Fra essere compatita e invidiata, scelgo l'invidia [&hellip;]<\/p>\n","protected":false},"author":1,"featured_media":116244,"comment_status":"closed","ping_status":"closed","sticky":false,"template":"","format":"standard","meta":{"footnotes":""},"categories":[54],"tags":[],"vip":[],"class_list":["post-60198","post","type-post","status-publish","format-standard","has-post-thumbnail","hentry","category-news"],"yoast_head":"<title>Sonia Bruganelli: &#039;Fra essere compatita e invidiata, scelgo l&#039;invidia per tutta la vita&#039; - Gossip.it | News sul Gossip e VIP<\/title>\n<meta name=\"description\" content=\"Sonia Bruganelli torna a parlare degli haters sui social e delle reazioni che scatenano alcune foto che ha pubblicato. La 43enne a Oggi nel numero in\" \/>\n<meta name=\"robots\" content=\"index, follow, max-snippet:-1, max-image-preview:large, max-video-preview:-1\" \/>\n<link rel=\"canonical\" href=\"https:\/\/www.gossip.it\/news\/sonia-bruganelli-invidiata\/\" \/>\n<meta property=\"og:locale\" content=\"it_IT\" \/>\n<meta property=\"og:type\" content=\"article\" \/>\n<meta property=\"og:title\" content=\"Sonia Bruganelli: &#039;Fra essere compatita e invidiata, scelgo l&#039;invidia per tutta la vita&#039; - Gossip.it | News sul Gossip e VIP\" \/>\n<meta property=\"og:description\" content=\"Sonia Bruganelli torna a parlare degli haters sui social e delle reazioni che scatenano alcune foto che ha pubblicato. La 43enne a Oggi nel numero in\" \/>\n<meta property=\"og:url\" content=\"https:\/\/www.gossip.it\/news\/sonia-bruganelli-invidiata\/\" \/>\n<meta property=\"og:site_name\" content=\"Gossip.it | News sul Gossip e VIP\" \/>\n<meta property=\"article:publisher\" content=\"https:\/\/www.facebook.com\/GossipIT\" \/>\n<meta property=\"article:published_time\" content=\"2018-01-24T23:00:00+00:00\" \/>\n<meta property=\"og:image\" content=\"https:\/\/files.gossip.it\/immagini_news\/2018\/01\/1516882750_sonia-bruganelli.jpg\" \/>\n<meta name=\"author\" content=\"La Redazione\" \/>\n<meta name=\"twitter:card\" content=\"summary_large_image\" \/>\n<meta name=\"twitter:image\" content=\"https:\/\/files.gossip.it\/immagini_news\/2018\/01\/1516882750_sonia-bruganelli.jpg\" \/>\n<meta name=\"twitter:creator\" content=\"@gossinews_it\" \/>\n<meta name=\"twitter:site\" content=\"@gossinews_it\" \/>\n<meta name=\"twitter:label1\" content=\"Scritto da\" \/>\n\t<meta name=\"twitter:data1\" content=\"Annamaria Capozzi\" \/>\n\t<meta name=\"twitter:label2\" content=\"Tempo di lettura stimato\" \/>\n\t<meta name=\"twitter:data2\" content=\"2 minuti\" \/>","yoast_head_json":{"title":"Sonia Bruganelli: 'Fra essere compatita e invidiata, scelgo l'invidia per tutta la vita' - Gossip.it | News sul Gossip e VIP","description":"Sonia Bruganelli torna a parlare degli haters sui social e delle reazioni che scatenano alcune foto che ha pubblicato. La 43enne a Oggi nel numero in","robots":{"index":"index","follow":"follow","max-snippet":"max-snippet:-1","max-image-preview":"max-image-preview:large","max-video-preview":"max-video-preview:-1"},"canonical":"https:\/\/www.gossip.it\/news\/sonia-bruganelli-invidiata\/","og_locale":"it_IT","og_type":"article","og_title":"Sonia Bruganelli: 'Fra essere compatita e invidiata, scelgo l'invidia per tutta la vita' - Gossip.it | News sul Gossip e VIP","og_description":"Sonia Bruganelli torna a parlare degli haters sui social e delle reazioni che scatenano alcune foto che ha pubblicato. La 43enne a Oggi nel numero in","og_url":"https:\/\/www.gossip.it\/news\/sonia-bruganelli-invidiata\/","og_site_name":"Gossip.it | News sul Gossip e VIP","article_publisher":"https:\/\/www.facebook.com\/GossipIT","article_published_time":"2018-01-24T23:00:00+00:00","og_image":[{"url":"https:\/\/files.gossip.it\/immagini_news\/2018\/01\/1516882750_sonia-bruganelli.jpg"}],"author":"La Redazione","twitter_card":"summary_large_image","twitter_image":"https:\/\/files.gossip.it\/immagini_news\/2018\/01\/1516882750_sonia-bruganelli.jpg","twitter_creator":"@gossinews_it","twitter_site":"@gossinews_it","twitter_misc":{"Scritto da":"Annamaria Capozzi","Tempo di lettura stimato":"2 minuti"},"schema":{"@context":"https:\/\/schema.org","@graph":[{"@type":"Article","@id":"https:\/\/www.gossip.it\/news\/sonia-bruganelli-invidiata\/#article","isPartOf":{"@id":"https:\/\/www.gossip.it\/news\/sonia-bruganelli-invidiata\/"},"author":{"name":"La Redazione","@id":"https:\/\/www.gossip.it\/#\/schema\/person\/488896f75158bff1cc83c6c39d141110"},"headline":"Sonia Bruganelli: 'Fra essere compatita e invidiata, scelgo l'invidia per tutta la vita'","datePublished":"2018-01-24T23:00:00+00:00","dateModified":"2018-01-24T23:00:00+00:00","mainEntityOfPage":{"@id":"https:\/\/www.gossip.it\/news\/sonia-bruganelli-invidiata\/"},"wordCount":388,"publisher":{"@id":"https:\/\/www.gossip.it\/#organization"},"image":{"@id":"https:\/\/www.gossip.it\/news\/sonia-bruganelli-invidiata\/#primaryimage"},"thumbnailUrl":"https:\/\/files.gossip.it\/immagini_news\/2018\/01\/1516882750_sonia-bruganelli.jpg","articleSection":["News"],"inLanguage":"it-IT"},{"@type":"WebPage","@id":"https:\/\/www.gossip.it\/news\/sonia-bruganelli-invidiata\/","url":"https:\/\/www.gossip.it\/news\/sonia-bruganelli-invidiata\/","name":"Sonia Bruganelli: 'Fra essere compatita e invidiata, scelgo l'invidia per tutta la vita' - Gossip.it | News sul Gossip e VIP","isPartOf":{"@id":"https:\/\/www.gossip.it\/#website"},"primaryImageOfPage":{"@id":"https:\/\/www.gossip.it\/news\/sonia-bruganelli-invidiata\/#primaryimage"},"image":{"@id":"https:\/\/www.gossip.it\/news\/sonia-bruganelli-invidiata\/#primaryimage"},"thumbnailUrl":"https:\/\/files.gossip.it\/immagini_news\/2018\/01\/1516882750_sonia-bruganelli.jpg","datePublished":"2018-01-24T23:00:00+00:00","dateModified":"2018-01-24T23:00:00+00:00","description":"Sonia Bruganelli torna a parlare degli haters sui social e delle reazioni che scatenano alcune foto che ha pubblicato. La 43enne a Oggi nel numero in","breadcrumb":{"@id":"https:\/\/www.gossip.it\/news\/sonia-bruganelli-invidiata\/#breadcrumb"},"inLanguage":"it-IT","potentialAction":[{"@type":"ReadAction","target":["https:\/\/www.gossip.it\/news\/sonia-bruganelli-invidiata\/"]}]},{"@type":"ImageObject","inLanguage":"it-IT","@id":"https:\/\/www.gossip.it\/news\/sonia-bruganelli-invidiata\/#primaryimage","url":"https:\/\/files.gossip.it\/immagini_news\/2018\/01\/1516882750_sonia-bruganelli.jpg","contentUrl":"https:\/\/files.gossip.it\/immagini_news\/2018\/01\/1516882750_sonia-bruganelli.jpg"},{"@type":"BreadcrumbList","@id":"https:\/\/www.gossip.it\/news\/sonia-bruganelli-invidiata\/#breadcrumb","itemListElement":[{"@type":"ListItem","position":1,"name":"Home","item":"https:\/\/www.gossip.it\/"},{"@type":"ListItem","position":2,"name":"Sonia Bruganelli: 'Fra essere compatita e invidiata, scelgo l'invidia per tutta la vita'"}]},{"@type":"WebSite","@id":"https:\/\/www.gossip.it\/#website","url":"https:\/\/www.gossip.it\/","name":"Gossip and VIP News","description":"Quotidiano di cronaca rosa, costume e societ\u00e0","publisher":{"@id":"https:\/\/www.gossip.it\/#organization"},"alternateName":"Gossip and VIP News","potentialAction":[{"@type":"SearchAction","target":{"@type":"EntryPoint","urlTemplate":"https:\/\/www.gossip.it\/?s={search_term_string}"},"query-input":{"@type":"PropertyValueSpecification","valueRequired":true,"valueName":"search_term_string"}}],"inLanguage":"it-IT"},{"@type":"Organization","@id":"https:\/\/www.gossip.it\/#organization","name":"Gossip and VIP News","alternateName":"Gossip News","url":"https:\/\/www.gossip.it\/","logo":{"@type":"ImageObject","inLanguage":"it-IT","@id":"https:\/\/www.gossip.it\/#\/schema\/logo\/image\/","url":"https:\/\/www.gossip.it\/wp-content\/uploads\/2022\/04\/cropped-corna-alta-tiny.png","contentUrl":"https:\/\/www.gossip.it\/wp-content\/uploads\/2022\/04\/cropped-corna-alta-tiny.png","width":512,"height":512,"caption":"Gossip and VIP News"},"image":{"@id":"https:\/\/www.gossip.it\/#\/schema\/logo\/image\/"},"sameAs":["https:\/\/www.facebook.com\/GossipIT","https:\/\/x.com\/gossinews_it","https:\/\/instagram.com\/gossip_it"]},{"@type":"Person","@id":"https:\/\/www.gossip.it\/#\/schema\/person\/488896f75158bff1cc83c6c39d141110","name":"La Redazione","image":{"@type":"ImageObject","inLanguage":"it-IT","@id":"https:\/\/www.gossip.it\/#\/schema\/person\/image\/","url":"https:\/\/secure.gravatar.com\/avatar\/5a5f5c6fa3e6700e4249abdad0263a1e94e927d9e0499b1cb09c1cd29c044d80?s=96&d=mm&r=g","contentUrl":"https:\/\/secure.gravatar.com\/avatar\/5a5f5c6fa3e6700e4249abdad0263a1e94e927d9e0499b1cb09c1cd29c044d80?s=96&d=mm&r=g","caption":"La Redazione"},"sameAs":["https:\/\/www.gossip.it"]}]}},"amp_enabled":true,"_links":{"self":[{"href":"https:\/\/www.gossip.it\/api\/wp\/v2\/posts\/60198","targetHints":{"allow":["GET"]}}],"collection":[{"href":"https:\/\/www.gossip.it\/api\/wp\/v2\/posts"}],"about":[{"href":"https:\/\/www.gossip.it\/api\/wp\/v2\/types\/post"}],"author":[{"embeddable":true,"href":"https:\/\/www.gossip.it\/api\/wp\/v2\/users\/1"}],"replies":[{"embeddable":true,"href":"https:\/\/www.gossip.it\/api\/wp\/v2\/comments?post=60198"}],"version-history":[{"count":0,"href":"https:\/\/www.gossip.it\/api\/wp\/v2\/posts\/60198\/revisions"}],"wp:featuredmedia":[{"embeddable":true,"href":"https:\/\/www.gossip.it\/api\/wp\/v2\/media\/116244"}],"wp:attachment":[{"href":"https:\/\/www.gossip.it\/api\/wp\/v2\/media?parent=60198"}],"wp:term":[{"taxonomy":"category","embeddable":true,"href":"https:\/\/www.gossip.it\/api\/wp\/v2\/categories?post=60198"},{"taxonomy":"post_tag","embeddable":true,"href":"https:\/\/www.gossip.it\/api\/wp\/v2\/tags?post=60198"},{"taxonomy":"vip","embeddable":true,"href":"https:\/\/www.gossip.it\/api\/wp\/v2\/vip?post=60198"}],"curies":[{"name":"wp","href":"https:\/\/api.w.org\/{rel}","templated":true}]}}