{"id":60275,"date":"2018-02-02T00:00:00","date_gmt":"2018-02-01T23:00:00","guid":{"rendered":"https:\/\/www.gossip.it\/senza-categoria\/elisabetta-canalis-skyler-eva-neve-wyoming\/"},"modified":"2018-02-02T00:00:00","modified_gmt":"2018-02-01T23:00:00","slug":"elisabetta-canalis-skyler-eva-neve-wyoming","status":"publish","type":"post","link":"https:\/\/www.gossip.it\/news\/elisabetta-canalis-skyler-eva-neve-wyoming\/","title":{"rendered":"Elisabetta Canalis sulla neve del Wyoming con Skyler Eva"},"content":{"rendered":"<p><a href=\"\/vip\/elisabetta-canalis\/\">Elisabetta Canalis<\/a> ha portato <strong>Skyler Eva<\/strong> sulla<strong> neve<\/strong>. L'ex velina e la figlia si sono prese una pausa dal mite febbraio californiano con i suoi 26 gradi e hanno raggiunto insieme a un'amica il <strong>Wyoming<\/strong>.\u00a0<\/p>\n<figure class=\"caption\"><img decoding=\"async\" alt=\"\" src=\"https:\/\/files.gossip.it\/immagini_news\/2018\/02\/1517573210_canalis_1.jpg\" \/><figcaption>Elisabetta Canalis in Wyoming con Skyler Eva\u00a0<\/figcaption><\/figure>\n<p><strong>Elisabetta <\/strong>sulla <strong>neve<\/strong> torna bambina e si diverte un mondo a saltare sul manto bianco che ricopre le strade del <strong>Wyoming<\/strong>. La figlia la segue:<em> \"Mamma ma che fai?\"<\/em>, scrive la <strong>Canalis <\/strong>accanto alla foto postata su <a href=\"\/vip\/instagram\/\">Instagram<\/a>, sembra voler dire che quella \"seria\" \u00e8 la sua bimba di quasi 2 anni e mezzo.<\/p>\n<figure class=\"caption\"><img decoding=\"async\" alt=\"\" width=\"640\" height=\"640\" src=\"https:\/\/files.gossip.it\/immagini_news\/2018\/02\/1517573265_canalis_2.jpg\" \/><figcaption>L'ex velina sulla neve torna bambina\u00a0<\/figcaption><\/figure>\n<p><strong>Elisabetta <\/strong>vive a Los Angeles insieme a <strong>Skyler Eva <\/strong>e al marito, il medico ortopedico <a href=\"\/vip\/brian-perri\/\">Brian Perri<\/a>. E' abituata alle calde temperature e da buona sarda apprezza il mare. Pure le vacanze spesso le passa in Messico, quando non torna in Italia. Ma le piace anche il fascino del paesaggio invernale e si \u00e8 voluta cos\u00ec concedere momenti di libert\u00e0 assoluta sulla <strong>neve i<\/strong>nsieme alla figlia.<\/p>\n<p>La <strong>Canalis<\/strong>, insomma, appena pu\u00f2 si ritaglia del tempo da dedicare interamente a <strong>Skyler Eva<\/strong>. E cos\u00ec ha lasciato per un po' L.A., dove gestisce una palestra insieme alla sua amica del cuore <a href=\"\/vip\/maddalena-corvaglia\/\">Maddalena Corvaglia<\/a>, ha indossato piumino e scarponi e ha raggiunto il freddo <strong>Wyoming<\/strong>.\u00a0<\/p>\n<div class=\"video_integrato\" data-videoid=\"4842\" data-autostart=\"true\">\u00a0<\/div>\n<p>\u00a0<\/p>\n","protected":false},"excerpt":{"rendered":"<p>Elisabetta Canalis ha portato Skyler Eva sulla neve. L'ex velina e la figlia si sono prese una pausa dal mite febbraio californiano con i suoi 26 gradi e hanno raggiunto insieme a un'amica il Wyoming.\u00a0 Elisabetta Canalis in Wyoming con Skyler Eva\u00a0 Elisabetta sulla neve torna bambina e si diverte un mondo a saltare sul [&hellip;]<\/p>\n","protected":false},"author":1,"featured_media":116321,"comment_status":"closed","ping_status":"closed","sticky":false,"template":"","format":"standard","meta":{"footnotes":""},"categories":[54],"tags":[7326,1905,7325,1900,6935,9734,1923,6561,38425],"vip":[649],"class_list":["post-60275","post","type-post","status-publish","format-standard","has-post-thumbnail","hentry","category-news","tag-california","tag-figlia","tag-los-angeles","tag-mamma","tag-neve","tag-skyler-eva","tag-social","tag-velina","tag-wyoming","vip-elisabetta_canalis"],"yoast_head":"<title>Elisabetta Canalis sulla neve del Wyoming con Skyler Eva - Gossip.it | News sul Gossip e VIP<\/title>\n<meta name=\"description\" content=\"Elisabetta Canalis ha portato Skyler Eva sulla neve. L&#039;ex velina e la figlia si sono prese una pausa dal mite febbraio californiano con i suoi 26 gradi e\" \/>\n<meta name=\"robots\" content=\"index, follow, max-snippet:-1, max-image-preview:large, max-video-preview:-1\" \/>\n<link rel=\"canonical\" href=\"https:\/\/www.gossip.it\/news\/elisabetta-canalis-skyler-eva-neve-wyoming\/\" \/>\n<meta property=\"og:locale\" content=\"it_IT\" \/>\n<meta property=\"og:type\" content=\"article\" \/>\n<meta property=\"og:title\" content=\"Elisabetta Canalis sulla neve del Wyoming con Skyler Eva - Gossip.it | News sul Gossip e VIP\" \/>\n<meta property=\"og:description\" content=\"Elisabetta Canalis ha portato Skyler Eva sulla neve. L&#039;ex velina e la figlia si sono prese una pausa dal mite febbraio californiano con i suoi 26 gradi e\" \/>\n<meta property=\"og:url\" content=\"https:\/\/www.gossip.it\/news\/elisabetta-canalis-skyler-eva-neve-wyoming\/\" \/>\n<meta property=\"og:site_name\" content=\"Gossip.it | News sul Gossip e VIP\" \/>\n<meta property=\"article:publisher\" content=\"https:\/\/www.facebook.com\/GossipIT\" \/>\n<meta property=\"article:published_time\" content=\"2018-02-01T23:00:00+00:00\" \/>\n<meta property=\"og:image\" content=\"https:\/\/files.gossip.it\/immagini_news\/2018\/02\/1517573210_canalis_1.jpg\" \/>\n<meta name=\"author\" content=\"La Redazione\" \/>\n<meta name=\"twitter:card\" content=\"summary_large_image\" \/>\n<meta name=\"twitter:image\" content=\"https:\/\/files.gossip.it\/immagini_news\/2018\/02\/1517573210_canalis_1.jpg\" \/>\n<meta name=\"twitter:creator\" content=\"@gossinews_it\" \/>\n<meta name=\"twitter:site\" content=\"@gossinews_it\" \/>\n<meta name=\"twitter:label1\" content=\"Scritto da\" \/>\n\t<meta name=\"twitter:data1\" content=\"Francesca Romana Domenici\" \/>\n\t<meta name=\"twitter:label2\" content=\"Tempo di lettura stimato\" \/>\n\t<meta name=\"twitter:data2\" content=\"1 minuto\" \/>","yoast_head_json":{"title":"Elisabetta Canalis sulla neve del Wyoming con Skyler Eva - Gossip.it | News sul Gossip e VIP","description":"Elisabetta Canalis ha portato Skyler Eva sulla neve. L'ex velina e la figlia si sono prese una pausa dal mite febbraio californiano con i suoi 26 gradi e","robots":{"index":"index","follow":"follow","max-snippet":"max-snippet:-1","max-image-preview":"max-image-preview:large","max-video-preview":"max-video-preview:-1"},"canonical":"https:\/\/www.gossip.it\/news\/elisabetta-canalis-skyler-eva-neve-wyoming\/","og_locale":"it_IT","og_type":"article","og_title":"Elisabetta Canalis sulla neve del Wyoming con Skyler Eva - Gossip.it | News sul Gossip e VIP","og_description":"Elisabetta Canalis ha portato Skyler Eva sulla neve. L'ex velina e la figlia si sono prese una pausa dal mite febbraio californiano con i suoi 26 gradi e","og_url":"https:\/\/www.gossip.it\/news\/elisabetta-canalis-skyler-eva-neve-wyoming\/","og_site_name":"Gossip.it | News sul Gossip e VIP","article_publisher":"https:\/\/www.facebook.com\/GossipIT","article_published_time":"2018-02-01T23:00:00+00:00","og_image":[{"url":"https:\/\/files.gossip.it\/immagini_news\/2018\/02\/1517573210_canalis_1.jpg"}],"author":"La Redazione","twitter_card":"summary_large_image","twitter_image":"https:\/\/files.gossip.it\/immagini_news\/2018\/02\/1517573210_canalis_1.jpg","twitter_creator":"@gossinews_it","twitter_site":"@gossinews_it","twitter_misc":{"Scritto da":"Francesca Romana Domenici","Tempo di lettura stimato":"1 minuto"},"schema":{"@context":"https:\/\/schema.org","@graph":[{"@type":"Article","@id":"https:\/\/www.gossip.it\/news\/elisabetta-canalis-skyler-eva-neve-wyoming\/#article","isPartOf":{"@id":"https:\/\/www.gossip.it\/news\/elisabetta-canalis-skyler-eva-neve-wyoming\/"},"author":{"name":"La Redazione","@id":"https:\/\/www.gossip.it\/#\/schema\/person\/488896f75158bff1cc83c6c39d141110"},"headline":"Elisabetta Canalis sulla neve del Wyoming con Skyler Eva","datePublished":"2018-02-01T23:00:00+00:00","dateModified":"2018-02-01T23:00:00+00:00","mainEntityOfPage":{"@id":"https:\/\/www.gossip.it\/news\/elisabetta-canalis-skyler-eva-neve-wyoming\/"},"wordCount":223,"publisher":{"@id":"https:\/\/www.gossip.it\/#organization"},"image":{"@id":"https:\/\/www.gossip.it\/news\/elisabetta-canalis-skyler-eva-neve-wyoming\/#primaryimage"},"thumbnailUrl":"https:\/\/files.gossip.it\/immagini_news\/2018\/02\/1517573210_canalis_1.jpg","keywords":["california","figlia","los angeles","mamma","neve","skyler eva","social","velina","wyoming"],"articleSection":["News"],"inLanguage":"it-IT"},{"@type":"WebPage","@id":"https:\/\/www.gossip.it\/news\/elisabetta-canalis-skyler-eva-neve-wyoming\/","url":"https:\/\/www.gossip.it\/news\/elisabetta-canalis-skyler-eva-neve-wyoming\/","name":"Elisabetta Canalis sulla neve del Wyoming con Skyler Eva - Gossip.it | News sul Gossip e VIP","isPartOf":{"@id":"https:\/\/www.gossip.it\/#website"},"primaryImageOfPage":{"@id":"https:\/\/www.gossip.it\/news\/elisabetta-canalis-skyler-eva-neve-wyoming\/#primaryimage"},"image":{"@id":"https:\/\/www.gossip.it\/news\/elisabetta-canalis-skyler-eva-neve-wyoming\/#primaryimage"},"thumbnailUrl":"https:\/\/files.gossip.it\/immagini_news\/2018\/02\/1517573210_canalis_1.jpg","datePublished":"2018-02-01T23:00:00+00:00","dateModified":"2018-02-01T23:00:00+00:00","description":"Elisabetta Canalis ha portato Skyler Eva sulla neve. L'ex velina e la figlia si sono prese una pausa dal mite febbraio californiano con i suoi 26 gradi e","breadcrumb":{"@id":"https:\/\/www.gossip.it\/news\/elisabetta-canalis-skyler-eva-neve-wyoming\/#breadcrumb"},"inLanguage":"it-IT","potentialAction":[{"@type":"ReadAction","target":["https:\/\/www.gossip.it\/news\/elisabetta-canalis-skyler-eva-neve-wyoming\/"]}]},{"@type":"ImageObject","inLanguage":"it-IT","@id":"https:\/\/www.gossip.it\/news\/elisabetta-canalis-skyler-eva-neve-wyoming\/#primaryimage","url":"https:\/\/files.gossip.it\/immagini_news\/2018\/02\/1517573210_canalis_1.jpg","contentUrl":"https:\/\/files.gossip.it\/immagini_news\/2018\/02\/1517573210_canalis_1.jpg"},{"@type":"BreadcrumbList","@id":"https:\/\/www.gossip.it\/news\/elisabetta-canalis-skyler-eva-neve-wyoming\/#breadcrumb","itemListElement":[{"@type":"ListItem","position":1,"name":"Home","item":"https:\/\/www.gossip.it\/"},{"@type":"ListItem","position":2,"name":"Elisabetta Canalis sulla neve del Wyoming con Skyler Eva"}]},{"@type":"WebSite","@id":"https:\/\/www.gossip.it\/#website","url":"https:\/\/www.gossip.it\/","name":"Gossip and VIP News","description":"Quotidiano di cronaca rosa, costume e societ\u00e0","publisher":{"@id":"https:\/\/www.gossip.it\/#organization"},"alternateName":"Gossip and VIP News","potentialAction":[{"@type":"SearchAction","target":{"@type":"EntryPoint","urlTemplate":"https:\/\/www.gossip.it\/?s={search_term_string}"},"query-input":{"@type":"PropertyValueSpecification","valueRequired":true,"valueName":"search_term_string"}}],"inLanguage":"it-IT"},{"@type":"Organization","@id":"https:\/\/www.gossip.it\/#organization","name":"Gossip and VIP News","alternateName":"Gossip News","url":"https:\/\/www.gossip.it\/","logo":{"@type":"ImageObject","inLanguage":"it-IT","@id":"https:\/\/www.gossip.it\/#\/schema\/logo\/image\/","url":"https:\/\/www.gossip.it\/wp-content\/uploads\/2022\/04\/cropped-corna-alta-tiny.png","contentUrl":"https:\/\/www.gossip.it\/wp-content\/uploads\/2022\/04\/cropped-corna-alta-tiny.png","width":512,"height":512,"caption":"Gossip and VIP News"},"image":{"@id":"https:\/\/www.gossip.it\/#\/schema\/logo\/image\/"},"sameAs":["https:\/\/www.facebook.com\/GossipIT","https:\/\/x.com\/gossinews_it","https:\/\/instagram.com\/gossip_it"]},{"@type":"Person","@id":"https:\/\/www.gossip.it\/#\/schema\/person\/488896f75158bff1cc83c6c39d141110","name":"La Redazione","image":{"@type":"ImageObject","inLanguage":"it-IT","@id":"https:\/\/www.gossip.it\/#\/schema\/person\/image\/","url":"https:\/\/secure.gravatar.com\/avatar\/5a5f5c6fa3e6700e4249abdad0263a1e94e927d9e0499b1cb09c1cd29c044d80?s=96&d=mm&r=g","contentUrl":"https:\/\/secure.gravatar.com\/avatar\/5a5f5c6fa3e6700e4249abdad0263a1e94e927d9e0499b1cb09c1cd29c044d80?s=96&d=mm&r=g","caption":"La Redazione"},"sameAs":["https:\/\/www.gossip.it"]}]}},"amp_enabled":true,"_links":{"self":[{"href":"https:\/\/www.gossip.it\/api\/wp\/v2\/posts\/60275","targetHints":{"allow":["GET"]}}],"collection":[{"href":"https:\/\/www.gossip.it\/api\/wp\/v2\/posts"}],"about":[{"href":"https:\/\/www.gossip.it\/api\/wp\/v2\/types\/post"}],"author":[{"embeddable":true,"href":"https:\/\/www.gossip.it\/api\/wp\/v2\/users\/1"}],"replies":[{"embeddable":true,"href":"https:\/\/www.gossip.it\/api\/wp\/v2\/comments?post=60275"}],"version-history":[{"count":0,"href":"https:\/\/www.gossip.it\/api\/wp\/v2\/posts\/60275\/revisions"}],"wp:featuredmedia":[{"embeddable":true,"href":"https:\/\/www.gossip.it\/api\/wp\/v2\/media\/116321"}],"wp:attachment":[{"href":"https:\/\/www.gossip.it\/api\/wp\/v2\/media?parent=60275"}],"wp:term":[{"taxonomy":"category","embeddable":true,"href":"https:\/\/www.gossip.it\/api\/wp\/v2\/categories?post=60275"},{"taxonomy":"post_tag","embeddable":true,"href":"https:\/\/www.gossip.it\/api\/wp\/v2\/tags?post=60275"},{"taxonomy":"vip","embeddable":true,"href":"https:\/\/www.gossip.it\/api\/wp\/v2\/vip?post=60275"}],"curies":[{"name":"wp","href":"https:\/\/api.w.org\/{rel}","templated":true}]}}