{"id":60330,"date":"2018-02-09T00:00:00","date_gmt":"2018-02-08T23:00:00","guid":{"rendered":"https:\/\/www.gossip.it\/senza-categoria\/sfogo-alessia-marcuzzi\/"},"modified":"2018-02-09T00:00:00","modified_gmt":"2018-02-08T23:00:00","slug":"sfogo-alessia-marcuzzi","status":"publish","type":"post","link":"https:\/\/www.gossip.it\/news\/sfogo-alessia-marcuzzi\/","title":{"rendered":"Alessia Marcuzzi ed Eva Henger, lo sfogo della conduttrice: 'Non mi \u00e8 piaciuto il modo di fare'"},"content":{"rendered":"<p>Le polemiche sul canna-gate all'\"<a href=\"\/vip\/isola-dei famosi\/\">Isola dei Famosi<\/a>\" non si placano. Sotto accusa stavolta <a href=\"\/vip\/alessia-marcuzzi\/\">Alessia Marcuzzi<\/a>. Secondo alcuni utenti la conduttrice durante l'intervista fatta a <a href=\"\/vip\/eva-henger\/\">Eva Henger<\/a> luned\u00ec scorso avrebbe preso le parti <a href=\"\/vip\/francesco-monte\/\">Francesco Monte<\/a>, dimostrando un atteggiamento poco professionale. La bionda padrona di casa del <a href=\"\/vip\/reality-\/\">reality <\/a>targato Canale 5 non \u00e8 certo rimasta in silenzio e si \u00e8 lasciata andare a un duro<strong> sfogo<\/strong>.<\/p>\n<figure class=\"caption\"><img decoding=\"async\" alt=\"\" width=\"640\" height=\"355\" src=\"https:\/\/files.gossip.it\/immagini_news\/2018\/02\/1518170215_marcuzzi_2 (1).jpg\" \/><figcaption>Alessia Marcuzzi criticata per come ha gestito il caso Monte-Henger\u00a0<\/figcaption><\/figure>\n<p><em>\"In certi casi e con certe persone, sapere di non essere come loro \u00e8 gi\u00e0 una gran bella soddisfazione\"<\/em>, ha scritto <strong>Alessia<\/strong> su <a href=\"\/vip\/instagram\/\">Instagram<\/a>. <a href=\"\/vip\/gabriele-parpiglia\/\">Gabriele Parpiglia<\/a>, autore dell'\"Isola dei Famosi\", ha commentato: <em>\"Troppo alta, loro sono bassi, non capirebbero\"<\/em>. <em>\"Grazie\"<\/em>, ha risposto la <strong>Marcuzzi<\/strong>. Anche <a href=\"\/vip\/mara-venier\/\">Mara Venier<\/a> ha appoggiato la conduttrice: <em>\"Lasciali parlare... tutto torna\"<\/em>, ha scritto.\u00a0<\/p>\n<figure class=\"caption\"><img decoding=\"async\" alt=\"\" width=\"640\" height=\"442\" src=\"https:\/\/files.gossip.it\/immagini_news\/2018\/02\/1518170263_marcuzzi_1.jpg\" \/><figcaption>Lo sfogo social della conduttrice dell'Isola dei Famosi\u00a0<\/figcaption><\/figure>\n<p>Ma lo <strong>sfogo<\/strong> di <strong>Alessia<\/strong> non si \u00e8 limitato a quanto pubblicato su Instagram, la <strong>Marcuzzi<\/strong> ha anche replicato direttamente ai vari commenti degli haters: <em>\"Lavoro in tv da 25 anni. Non mi dovete insegnare come si conduce un programma. Accetto il fatto che io non vi piaccia, ma io sono cos\u00ec anche nella vita... dico tutto quello che penso senza problemi. Se non vi garba, non guardatemi\"<\/em>. E ancora: <em>\"A me non \u00e8 piaciuto il modo di fare, dovevo fingere? Mai\"<\/em>.<em> \"Io sono fedele a me stessa e faccio questo lavoro con onest\u00e0 da 25 anni. Figurati se mi faccio rovinare le giornate per cos\u00ec poco (...) Adesso \u00e8 troppo facile parlare e sparlare di tutti, ah... la visibilit\u00e0 quanto pu\u00f2 incattivire le persone\"<\/em>, ha fatto sapere la <strong>Marcuzz<\/strong>i.<\/p>\n<div class=\"video_integrato\" data-videoid=\"5077\" data-autostart=\"true\">\u00a0<\/div>\n<p>\u00a0<\/p>\n","protected":false},"excerpt":{"rendered":"<p>Le polemiche sul canna-gate all'\"Isola dei Famosi\" non si placano. Sotto accusa stavolta Alessia Marcuzzi. Secondo alcuni utenti la conduttrice durante l'intervista fatta a Eva Henger luned\u00ec scorso avrebbe preso le parti Francesco Monte, dimostrando un atteggiamento poco professionale. La bionda padrona di casa del reality targato Canale 5 non \u00e8 certo rimasta in silenzio [&hellip;]<\/p>\n","protected":false},"author":1,"featured_media":116376,"comment_status":"closed","ping_status":"closed","sticky":false,"template":"","format":"standard","meta":{"footnotes":""},"categories":[54],"tags":[8847,10649,2095,2271,1923],"vip":[275,699],"class_list":["post-60330","post","type-post","status-publish","format-standard","has-post-thumbnail","hentry","category-news","tag-francesco-monte","tag-isola-12","tag-isola-dei-famosi","tag-sfogo","tag-social","vip-alessia_marcuzzi","vip-eva_henger"],"yoast_head":"<title>Alessia Marcuzzi ed Eva Henger, lo sfogo della conduttrice: &#039;Non mi \u00e8 piaciuto il modo di fare&#039; - Gossip.it | News sul Gossip e VIP<\/title>\n<meta name=\"description\" content=\"Le polemiche sul canna-gate all&#039;&quot;Isola dei Famosi&quot; non si placano. Sotto accusa stavolta Alessia Marcuzzi. Secondo alcuni utenti la conduttrice durante\" \/>\n<meta name=\"robots\" content=\"index, follow, max-snippet:-1, max-image-preview:large, max-video-preview:-1\" \/>\n<link rel=\"canonical\" href=\"https:\/\/www.gossip.it\/news\/sfogo-alessia-marcuzzi\/\" \/>\n<meta property=\"og:locale\" content=\"it_IT\" \/>\n<meta property=\"og:type\" content=\"article\" \/>\n<meta property=\"og:title\" content=\"Alessia Marcuzzi ed Eva Henger, lo sfogo della conduttrice: &#039;Non mi \u00e8 piaciuto il modo di fare&#039; - Gossip.it | News sul Gossip e VIP\" \/>\n<meta property=\"og:description\" content=\"Le polemiche sul canna-gate all&#039;&quot;Isola dei Famosi&quot; non si placano. Sotto accusa stavolta Alessia Marcuzzi. Secondo alcuni utenti la conduttrice durante\" \/>\n<meta property=\"og:url\" content=\"https:\/\/www.gossip.it\/news\/sfogo-alessia-marcuzzi\/\" \/>\n<meta property=\"og:site_name\" content=\"Gossip.it | News sul Gossip e VIP\" \/>\n<meta property=\"article:publisher\" content=\"https:\/\/www.facebook.com\/GossipIT\" \/>\n<meta property=\"article:published_time\" content=\"2018-02-08T23:00:00+00:00\" \/>\n<meta property=\"og:image\" content=\"https:\/\/files.gossip.it\/immagini_news\/2018\/02\/1518170215_marcuzzi_2%20(1).jpg\" \/>\n<meta name=\"author\" content=\"La Redazione\" \/>\n<meta name=\"twitter:card\" content=\"summary_large_image\" \/>\n<meta name=\"twitter:image\" content=\"https:\/\/files.gossip.it\/immagini_news\/2018\/02\/1518170215_marcuzzi_2%20(1).jpg\" \/>\n<meta name=\"twitter:creator\" content=\"@gossinews_it\" \/>\n<meta name=\"twitter:site\" content=\"@gossinews_it\" \/>\n<meta name=\"twitter:label1\" content=\"Scritto da\" \/>\n\t<meta name=\"twitter:data1\" content=\"Francesca Romana Domenici\" \/>\n\t<meta name=\"twitter:label2\" content=\"Tempo di lettura stimato\" \/>\n\t<meta name=\"twitter:data2\" content=\"1 minuto\" \/>","yoast_head_json":{"title":"Alessia Marcuzzi ed Eva Henger, lo sfogo della conduttrice: 'Non mi \u00e8 piaciuto il modo di fare' - Gossip.it | News sul Gossip e VIP","description":"Le polemiche sul canna-gate all'\"Isola dei Famosi\" non si placano. Sotto accusa stavolta Alessia Marcuzzi. Secondo alcuni utenti la conduttrice durante","robots":{"index":"index","follow":"follow","max-snippet":"max-snippet:-1","max-image-preview":"max-image-preview:large","max-video-preview":"max-video-preview:-1"},"canonical":"https:\/\/www.gossip.it\/news\/sfogo-alessia-marcuzzi\/","og_locale":"it_IT","og_type":"article","og_title":"Alessia Marcuzzi ed Eva Henger, lo sfogo della conduttrice: 'Non mi \u00e8 piaciuto il modo di fare' - Gossip.it | News sul Gossip e VIP","og_description":"Le polemiche sul canna-gate all'\"Isola dei Famosi\" non si placano. Sotto accusa stavolta Alessia Marcuzzi. Secondo alcuni utenti la conduttrice durante","og_url":"https:\/\/www.gossip.it\/news\/sfogo-alessia-marcuzzi\/","og_site_name":"Gossip.it | News sul Gossip e VIP","article_publisher":"https:\/\/www.facebook.com\/GossipIT","article_published_time":"2018-02-08T23:00:00+00:00","og_image":[{"url":"https:\/\/files.gossip.it\/immagini_news\/2018\/02\/1518170215_marcuzzi_2 (1).jpg"}],"author":"La Redazione","twitter_card":"summary_large_image","twitter_image":"https:\/\/files.gossip.it\/immagini_news\/2018\/02\/1518170215_marcuzzi_2 (1).jpg","twitter_creator":"@gossinews_it","twitter_site":"@gossinews_it","twitter_misc":{"Scritto da":"Francesca Romana Domenici","Tempo di lettura stimato":"1 minuto"},"schema":{"@context":"https:\/\/schema.org","@graph":[{"@type":"Article","@id":"https:\/\/www.gossip.it\/news\/sfogo-alessia-marcuzzi\/#article","isPartOf":{"@id":"https:\/\/www.gossip.it\/news\/sfogo-alessia-marcuzzi\/"},"author":{"name":"La Redazione","@id":"https:\/\/www.gossip.it\/#\/schema\/person\/488896f75158bff1cc83c6c39d141110"},"headline":"Alessia Marcuzzi ed Eva Henger, lo sfogo della conduttrice: 'Non mi \u00e8 piaciuto il modo di fare'","datePublished":"2018-02-08T23:00:00+00:00","dateModified":"2018-02-08T23:00:00+00:00","mainEntityOfPage":{"@id":"https:\/\/www.gossip.it\/news\/sfogo-alessia-marcuzzi\/"},"wordCount":279,"publisher":{"@id":"https:\/\/www.gossip.it\/#organization"},"image":{"@id":"https:\/\/www.gossip.it\/news\/sfogo-alessia-marcuzzi\/#primaryimage"},"thumbnailUrl":"https:\/\/files.gossip.it\/immagini_news\/2018\/02\/1518170215_marcuzzi_2 (1).jpg","keywords":["francesco monte","isola 12","isola dei famosi","sfogo","social"],"articleSection":["News"],"inLanguage":"it-IT"},{"@type":"WebPage","@id":"https:\/\/www.gossip.it\/news\/sfogo-alessia-marcuzzi\/","url":"https:\/\/www.gossip.it\/news\/sfogo-alessia-marcuzzi\/","name":"Alessia Marcuzzi ed Eva Henger, lo sfogo della conduttrice: 'Non mi \u00e8 piaciuto il modo di fare' - Gossip.it | News sul Gossip e VIP","isPartOf":{"@id":"https:\/\/www.gossip.it\/#website"},"primaryImageOfPage":{"@id":"https:\/\/www.gossip.it\/news\/sfogo-alessia-marcuzzi\/#primaryimage"},"image":{"@id":"https:\/\/www.gossip.it\/news\/sfogo-alessia-marcuzzi\/#primaryimage"},"thumbnailUrl":"https:\/\/files.gossip.it\/immagini_news\/2018\/02\/1518170215_marcuzzi_2 (1).jpg","datePublished":"2018-02-08T23:00:00+00:00","dateModified":"2018-02-08T23:00:00+00:00","description":"Le polemiche sul canna-gate all'\"Isola dei Famosi\" non si placano. Sotto accusa stavolta Alessia Marcuzzi. Secondo alcuni utenti la conduttrice durante","breadcrumb":{"@id":"https:\/\/www.gossip.it\/news\/sfogo-alessia-marcuzzi\/#breadcrumb"},"inLanguage":"it-IT","potentialAction":[{"@type":"ReadAction","target":["https:\/\/www.gossip.it\/news\/sfogo-alessia-marcuzzi\/"]}]},{"@type":"ImageObject","inLanguage":"it-IT","@id":"https:\/\/www.gossip.it\/news\/sfogo-alessia-marcuzzi\/#primaryimage","url":"https:\/\/files.gossip.it\/immagini_news\/2018\/02\/1518170215_marcuzzi_2 (1).jpg","contentUrl":"https:\/\/files.gossip.it\/immagini_news\/2018\/02\/1518170215_marcuzzi_2 (1).jpg"},{"@type":"BreadcrumbList","@id":"https:\/\/www.gossip.it\/news\/sfogo-alessia-marcuzzi\/#breadcrumb","itemListElement":[{"@type":"ListItem","position":1,"name":"Home","item":"https:\/\/www.gossip.it\/"},{"@type":"ListItem","position":2,"name":"Alessia Marcuzzi ed Eva Henger, lo sfogo della conduttrice: 'Non mi \u00e8 piaciuto il modo di fare'"}]},{"@type":"WebSite","@id":"https:\/\/www.gossip.it\/#website","url":"https:\/\/www.gossip.it\/","name":"Gossip and VIP News","description":"Quotidiano di cronaca rosa, costume e societ\u00e0","publisher":{"@id":"https:\/\/www.gossip.it\/#organization"},"alternateName":"Gossip and VIP News","potentialAction":[{"@type":"SearchAction","target":{"@type":"EntryPoint","urlTemplate":"https:\/\/www.gossip.it\/?s={search_term_string}"},"query-input":{"@type":"PropertyValueSpecification","valueRequired":true,"valueName":"search_term_string"}}],"inLanguage":"it-IT"},{"@type":"Organization","@id":"https:\/\/www.gossip.it\/#organization","name":"Gossip and VIP News","alternateName":"Gossip News","url":"https:\/\/www.gossip.it\/","logo":{"@type":"ImageObject","inLanguage":"it-IT","@id":"https:\/\/www.gossip.it\/#\/schema\/logo\/image\/","url":"https:\/\/www.gossip.it\/wp-content\/uploads\/2022\/04\/cropped-corna-alta-tiny.png","contentUrl":"https:\/\/www.gossip.it\/wp-content\/uploads\/2022\/04\/cropped-corna-alta-tiny.png","width":512,"height":512,"caption":"Gossip and VIP News"},"image":{"@id":"https:\/\/www.gossip.it\/#\/schema\/logo\/image\/"},"sameAs":["https:\/\/www.facebook.com\/GossipIT","https:\/\/x.com\/gossinews_it","https:\/\/instagram.com\/gossip_it"]},{"@type":"Person","@id":"https:\/\/www.gossip.it\/#\/schema\/person\/488896f75158bff1cc83c6c39d141110","name":"La Redazione","image":{"@type":"ImageObject","inLanguage":"it-IT","@id":"https:\/\/www.gossip.it\/#\/schema\/person\/image\/","url":"https:\/\/secure.gravatar.com\/avatar\/5a5f5c6fa3e6700e4249abdad0263a1e94e927d9e0499b1cb09c1cd29c044d80?s=96&d=mm&r=g","contentUrl":"https:\/\/secure.gravatar.com\/avatar\/5a5f5c6fa3e6700e4249abdad0263a1e94e927d9e0499b1cb09c1cd29c044d80?s=96&d=mm&r=g","caption":"La Redazione"},"sameAs":["https:\/\/www.gossip.it"]}]}},"amp_enabled":true,"_links":{"self":[{"href":"https:\/\/www.gossip.it\/api\/wp\/v2\/posts\/60330","targetHints":{"allow":["GET"]}}],"collection":[{"href":"https:\/\/www.gossip.it\/api\/wp\/v2\/posts"}],"about":[{"href":"https:\/\/www.gossip.it\/api\/wp\/v2\/types\/post"}],"author":[{"embeddable":true,"href":"https:\/\/www.gossip.it\/api\/wp\/v2\/users\/1"}],"replies":[{"embeddable":true,"href":"https:\/\/www.gossip.it\/api\/wp\/v2\/comments?post=60330"}],"version-history":[{"count":0,"href":"https:\/\/www.gossip.it\/api\/wp\/v2\/posts\/60330\/revisions"}],"wp:featuredmedia":[{"embeddable":true,"href":"https:\/\/www.gossip.it\/api\/wp\/v2\/media\/116376"}],"wp:attachment":[{"href":"https:\/\/www.gossip.it\/api\/wp\/v2\/media?parent=60330"}],"wp:term":[{"taxonomy":"category","embeddable":true,"href":"https:\/\/www.gossip.it\/api\/wp\/v2\/categories?post=60330"},{"taxonomy":"post_tag","embeddable":true,"href":"https:\/\/www.gossip.it\/api\/wp\/v2\/tags?post=60330"},{"taxonomy":"vip","embeddable":true,"href":"https:\/\/www.gossip.it\/api\/wp\/v2\/vip?post=60330"}],"curies":[{"name":"wp","href":"https:\/\/api.w.org\/{rel}","templated":true}]}}