{"id":60576,"date":"2018-03-08T00:00:00","date_gmt":"2018-03-07T23:00:00","guid":{"rendered":"https:\/\/www.gossip.it\/senza-categoria\/francesca-fioretti-funerale-davide-astori\/"},"modified":"2018-03-08T00:00:00","modified_gmt":"2018-03-07T23:00:00","slug":"francesca-fioretti-funerale-davide-astori","status":"publish","type":"post","link":"https:\/\/www.gossip.it\/news\/francesca-fioretti-funerale-davide-astori\/","title":{"rendered":"Francesca Fioretti, dolore privatissimo al funerale di Davide Astori"},"content":{"rendered":"<p><a href=\"\/vip\/francesca-fioretti\/\">Francesca Fioretti<\/a> al <strong>funerale <\/strong>del compagno di <a href=\"\/vip\/davide-astori\/\">Davide Astori<\/a>, quando la commemorazione del <a href=\"\/vip\/calciatore\/\">calciatore<\/a> si \u00e8 conclusa, all\u2019uscita del feretro dalla Basilica di Santa Croce a Firenze, non si fa vedere. Vive il suo dolore in forma privatissima, lontano dalla folla che riempie la piazza.<\/p>\n<figure class=\"caption\"><img decoding=\"async\" alt=\"\" width=\"640\" height=\"360\" src=\"https:\/\/files.gossip.it\/immagini_news\/2018\/03\/1520512143_astori_1.jpg\" \/><figcaption>Francesca Fioretti all'uscita del feretro al funerale del compagno Davide Astori non c'\u00e8: rimane lontana dalla folla<\/figcaption><\/figure>\n<p>Il<strong> funerale<\/strong> di <strong>Davide Astori<\/strong> \u00e8 commovente, l\u2019abbraccio dei tifosi al capitano della Fiorentina morto a soli 31 anni domenica scorsa, 4 marzo, \u00e8 intenso. La famiglia versa lacrime infinite per la perdita di un ragazzo tanto amato, perch\u00e9, come sottolineato da <a href=\"\/vip\/gigi-buffon\/\">Gigi Buffon<\/a>,<em> \u201cuna grande persona perbene\u201d<\/em>.<\/p>\n<figure class=\"caption\"><img decoding=\"async\" alt=\"\" width=\"640\" height=\"426\" src=\"https:\/\/files.gossip.it\/immagini_news\/2018\/03\/1520519269_astori_5.jpg\" \/><figcaption>La famiglia Astori<\/figcaption><\/figure>\n<p><strong>Francesca Fioretti<\/strong> \u00e8 composta al suo arrivo, rinchiusa nella sua tragedia. Suo padre accusa un malore, tanto \u00e8 lo strazio che prova per la figlia e il suo adorato compagno che non c\u2019\u00e8 pi\u00f9. La nipotina, Vittoria, di soli 2 anni, non potr\u00e0 mai conoscere il pap\u00e0, un ragazzo eccezionale, come ripetono tutti.<\/p>\n<div class=\"video_integrato\" data-videoid=\"5121\" data-autostart=\"true\">\u00a0<\/div>\n<p>La piazza \u00e8 gremita, il silenzio \u00e8 surreale. La cerimonia al <strong>funerale<\/strong> di <strong>Davide Astori <\/strong>\u00e8 toccante. Il fratello Marco prende la parola, tra le lacrime, rivolgendo il pensiero proprio a <strong>Francesca Fioretti <\/strong>e alla piccola Vittoria: <em>\u201cGrazie a tutti. In questi giorni ci avete dimostrato quanto bene ci volete. Sar\u00f2 breve come lo eri tu. Un abbraccio alla Franci e a Vichi, a Bruno, a mamma e pap\u00e0. Grazie, Davide\u201d.<\/em>\u00a0<em>\u201cTi prometto che sar\u00f2 breve come piacerebbe a te<\/em> - dice il compagno di squadra Milan Badelj\u00a0- <em>Il tuo nome in ebraico significa amato, eletto, Davide tu sei semplice, diretto, pragmatico. Con il tuo sguardo profondo riesci a entrare nel cuore delle persone e rimanerci. Hai sempre parlato con il cuore tenendoci uniti. Per noi sei la luce\u201d.<\/em><\/p>\n<figure class=\"caption\"><img decoding=\"async\" alt=\"\" width=\"640\" height=\"352\" src=\"https:\/\/files.gossip.it\/immagini_news\/2018\/03\/1520512205_astori_2.jpg\" \/><figcaption>Tutti sono addolorati e profondamente commossi<\/figcaption><\/figure>\n<p>Ci sono tutti.\u00a0I giocatori e i dirigenti della Fiorentina, una delegazione dell\u2019Inter, Zanetti, Van Basten.<\/p>\n<figure class=\"caption\"><img decoding=\"async\" alt=\"\" width=\"640\" height=\"407\" src=\"https:\/\/files.gossip.it\/immagini_news\/2018\/03\/1520519347_astori_4.jpg\" \/><figcaption>La delegazione della Roma, ex squadra di Davide Astori: De Rossi e Nainggolan, che era suo compagno anche al Cagliari, non si danno pace per la sua morte<\/figcaption><\/figure>\n<p>E ancora:\u00a0<a href=\"\/vip\/francesco-totti\/\">Francesco Totti<\/a>, <a href=\"\/vip\/pippo-inzaghi\/\">Pippo Inzaghi<\/a>, <a href=\"\/vip\/daniele-de rossi\/\">Daniele De Rossi<\/a>, <a href=\"\/vip\/nainggolan\/\">Nainggolan<\/a>, il ministro dello Sport Luca Lotti, il presidente del Coni <a href=\"\/vip\/giovanni-malag\u00f2\/\">Giovanni Malag\u00f2<\/a>, il commissario straordinario della Figc Roberto Fabbricini e il suo vice Alessandro Costacurta e l\u2019ex commissario tecnico Gian Piero Ventura. A Santa Croce anche Matteo Renzi.<\/p>\n<figure class=\"caption\"><img decoding=\"async\" alt=\"\" width=\"640\" height=\"355\" src=\"https:\/\/files.gossip.it\/immagini_news\/2018\/03\/1520512235_astori_3.jpg\" \/><figcaption>E' presente una delegazione della Juventus: Buffon \u00e8 sconvolto dalla morte del calciatore, compagno di Nazionale<\/figcaption><\/figure>\n<p>E poi la Juventus: <a href=\"\/vip\/massimiliano-allegri\/\">Massimiliano Allegri<\/a>, <a href=\"\/vip\/giorgio-chiellini\/\">Giorgio Chiellini<\/a>, <a href=\"\/vip\/gigi-buffon\/\">Gigi Buffon<\/a> e altri della squadra arrivata a Firenze direttamente da Londra, dove ha giocato il match di Champions League. Il mondo dello sport celebra il giocatore. All\u2019uscita del feretro la gente, migliaia di persone, applaude e intona cori da stadio. La famiglia \u00e8 l\u00ec, <strong>Francesca Fioretti <\/strong>preferisce stare lontana: \u00e8 ancora sgomenta, sconvolta, attonita davanti alla morte del suo amore grande, quello con cui aveva deciso di mettere radici e formare la sua famiglia.<\/p>\n<p>\u00a0<\/p>\n","protected":false},"excerpt":{"rendered":"<p>Francesca Fioretti al funerale del compagno di Davide Astori, quando la commemorazione del calciatore si \u00e8 conclusa, all\u2019uscita del feretro dalla Basilica di Santa Croce a Firenze, non si fa vedere. Vive il suo dolore in forma privatissima, lontano dalla folla che riempie la piazza. Francesca Fioretti all'uscita del feretro al funerale del compagno Davide [&hellip;]<\/p>\n","protected":false},"author":1,"featured_media":116622,"comment_status":"closed","ping_status":"closed","sticky":false,"template":"","format":"standard","meta":{"footnotes":""},"categories":[54],"tags":[2218,11545,11737,1908,1905,8986,7658,10780,5379,6334,5064,24153,1997,8687,2891,57523,1967,12123,9489],"vip":[775],"class_list":["post-60576","post","type-post","status-publish","format-standard","has-post-thumbnail","hentry","category-news","tag-calciatore","tag-davide-astori","tag-dramma","tag-famiglia","tag-figlia","tag-fiorentina","tag-firenze","tag-funerale","tag-gf-9","tag-gieffina","tag-giocatore","tag-grande-fratello-6","tag-modella","tag-morte","tag-parenti","tag-santa-croce","tag-showgirl","tag-udine","tag-vittoria","vip-francesca_fioretti"],"yoast_head":"<title>Francesca Fioretti, dolore privatissimo al funerale di Davide Astori - Gossip.it | News sul Gossip e VIP<\/title>\n<meta name=\"description\" content=\"Francesca Fioretti al funerale del compagno di Davide Astori, quando la commemorazione del calciatore si \u00e8 conclusa, all\u2019uscita del feretro dalla Basilica\" \/>\n<meta name=\"robots\" content=\"index, follow, max-snippet:-1, max-image-preview:large, max-video-preview:-1\" \/>\n<link rel=\"canonical\" href=\"https:\/\/www.gossip.it\/news\/francesca-fioretti-funerale-davide-astori\/\" \/>\n<meta property=\"og:locale\" content=\"it_IT\" \/>\n<meta property=\"og:type\" content=\"article\" \/>\n<meta property=\"og:title\" content=\"Francesca Fioretti, dolore privatissimo al funerale di Davide Astori - Gossip.it | News sul Gossip e VIP\" \/>\n<meta property=\"og:description\" content=\"Francesca Fioretti al funerale del compagno di Davide Astori, quando la commemorazione del calciatore si \u00e8 conclusa, all\u2019uscita del feretro dalla Basilica\" \/>\n<meta property=\"og:url\" content=\"https:\/\/www.gossip.it\/news\/francesca-fioretti-funerale-davide-astori\/\" \/>\n<meta property=\"og:site_name\" content=\"Gossip.it | News sul Gossip e VIP\" \/>\n<meta property=\"article:publisher\" content=\"https:\/\/www.facebook.com\/GossipIT\" \/>\n<meta property=\"article:published_time\" content=\"2018-03-07T23:00:00+00:00\" \/>\n<meta property=\"og:image\" content=\"https:\/\/files.gossip.it\/immagini_news\/2018\/03\/1520512143_astori_1.jpg\" \/>\n<meta name=\"author\" content=\"La Redazione\" \/>\n<meta name=\"twitter:card\" content=\"summary_large_image\" \/>\n<meta name=\"twitter:image\" content=\"https:\/\/files.gossip.it\/immagini_news\/2018\/03\/1520512143_astori_1.jpg\" \/>\n<meta name=\"twitter:creator\" content=\"@gossinews_it\" \/>\n<meta name=\"twitter:site\" content=\"@gossinews_it\" \/>\n<meta name=\"twitter:label1\" content=\"Scritto da\" \/>\n\t<meta name=\"twitter:data1\" content=\"Annamaria Capozzi\" \/>\n\t<meta name=\"twitter:label2\" content=\"Tempo di lettura stimato\" \/>\n\t<meta name=\"twitter:data2\" content=\"2 minuti\" \/>","yoast_head_json":{"title":"Francesca Fioretti, dolore privatissimo al funerale di Davide Astori - Gossip.it | News sul Gossip e VIP","description":"Francesca Fioretti al funerale del compagno di Davide Astori, quando la commemorazione del calciatore si \u00e8 conclusa, all\u2019uscita del feretro dalla Basilica","robots":{"index":"index","follow":"follow","max-snippet":"max-snippet:-1","max-image-preview":"max-image-preview:large","max-video-preview":"max-video-preview:-1"},"canonical":"https:\/\/www.gossip.it\/news\/francesca-fioretti-funerale-davide-astori\/","og_locale":"it_IT","og_type":"article","og_title":"Francesca Fioretti, dolore privatissimo al funerale di Davide Astori - Gossip.it | News sul Gossip e VIP","og_description":"Francesca Fioretti al funerale del compagno di Davide Astori, quando la commemorazione del calciatore si \u00e8 conclusa, all\u2019uscita del feretro dalla Basilica","og_url":"https:\/\/www.gossip.it\/news\/francesca-fioretti-funerale-davide-astori\/","og_site_name":"Gossip.it | News sul Gossip e VIP","article_publisher":"https:\/\/www.facebook.com\/GossipIT","article_published_time":"2018-03-07T23:00:00+00:00","og_image":[{"url":"https:\/\/files.gossip.it\/immagini_news\/2018\/03\/1520512143_astori_1.jpg"}],"author":"La Redazione","twitter_card":"summary_large_image","twitter_image":"https:\/\/files.gossip.it\/immagini_news\/2018\/03\/1520512143_astori_1.jpg","twitter_creator":"@gossinews_it","twitter_site":"@gossinews_it","twitter_misc":{"Scritto da":"Annamaria Capozzi","Tempo di lettura stimato":"2 minuti"},"schema":{"@context":"https:\/\/schema.org","@graph":[{"@type":"Article","@id":"https:\/\/www.gossip.it\/news\/francesca-fioretti-funerale-davide-astori\/#article","isPartOf":{"@id":"https:\/\/www.gossip.it\/news\/francesca-fioretti-funerale-davide-astori\/"},"author":{"name":"La Redazione","@id":"https:\/\/www.gossip.it\/#\/schema\/person\/488896f75158bff1cc83c6c39d141110"},"headline":"Francesca Fioretti, dolore privatissimo al funerale di Davide Astori","datePublished":"2018-03-07T23:00:00+00:00","dateModified":"2018-03-07T23:00:00+00:00","mainEntityOfPage":{"@id":"https:\/\/www.gossip.it\/news\/francesca-fioretti-funerale-davide-astori\/"},"wordCount":494,"publisher":{"@id":"https:\/\/www.gossip.it\/#organization"},"image":{"@id":"https:\/\/www.gossip.it\/news\/francesca-fioretti-funerale-davide-astori\/#primaryimage"},"thumbnailUrl":"https:\/\/files.gossip.it\/immagini_news\/2018\/03\/1520512143_astori_1.jpg","keywords":["calciatore","davide astori","dramma","famiglia","figlia","fiorentina","firenze","funerale","gf 9","gieffina","giocatore","grande fratello 6","modella","morte","parenti","santa croce","showgirl","udine","vittoria"],"articleSection":["News"],"inLanguage":"it-IT"},{"@type":"WebPage","@id":"https:\/\/www.gossip.it\/news\/francesca-fioretti-funerale-davide-astori\/","url":"https:\/\/www.gossip.it\/news\/francesca-fioretti-funerale-davide-astori\/","name":"Francesca Fioretti, dolore privatissimo al funerale di Davide Astori - Gossip.it | News sul Gossip e VIP","isPartOf":{"@id":"https:\/\/www.gossip.it\/#website"},"primaryImageOfPage":{"@id":"https:\/\/www.gossip.it\/news\/francesca-fioretti-funerale-davide-astori\/#primaryimage"},"image":{"@id":"https:\/\/www.gossip.it\/news\/francesca-fioretti-funerale-davide-astori\/#primaryimage"},"thumbnailUrl":"https:\/\/files.gossip.it\/immagini_news\/2018\/03\/1520512143_astori_1.jpg","datePublished":"2018-03-07T23:00:00+00:00","dateModified":"2018-03-07T23:00:00+00:00","description":"Francesca Fioretti al funerale del compagno di Davide Astori, quando la commemorazione del calciatore si \u00e8 conclusa, all\u2019uscita del feretro dalla Basilica","breadcrumb":{"@id":"https:\/\/www.gossip.it\/news\/francesca-fioretti-funerale-davide-astori\/#breadcrumb"},"inLanguage":"it-IT","potentialAction":[{"@type":"ReadAction","target":["https:\/\/www.gossip.it\/news\/francesca-fioretti-funerale-davide-astori\/"]}]},{"@type":"ImageObject","inLanguage":"it-IT","@id":"https:\/\/www.gossip.it\/news\/francesca-fioretti-funerale-davide-astori\/#primaryimage","url":"https:\/\/files.gossip.it\/immagini_news\/2018\/03\/1520512143_astori_1.jpg","contentUrl":"https:\/\/files.gossip.it\/immagini_news\/2018\/03\/1520512143_astori_1.jpg"},{"@type":"BreadcrumbList","@id":"https:\/\/www.gossip.it\/news\/francesca-fioretti-funerale-davide-astori\/#breadcrumb","itemListElement":[{"@type":"ListItem","position":1,"name":"Home","item":"https:\/\/www.gossip.it\/"},{"@type":"ListItem","position":2,"name":"Francesca Fioretti, dolore privatissimo al funerale di Davide Astori"}]},{"@type":"WebSite","@id":"https:\/\/www.gossip.it\/#website","url":"https:\/\/www.gossip.it\/","name":"Gossip and VIP News","description":"Quotidiano di cronaca rosa, costume e societ\u00e0","publisher":{"@id":"https:\/\/www.gossip.it\/#organization"},"alternateName":"Gossip and VIP News","potentialAction":[{"@type":"SearchAction","target":{"@type":"EntryPoint","urlTemplate":"https:\/\/www.gossip.it\/?s={search_term_string}"},"query-input":{"@type":"PropertyValueSpecification","valueRequired":true,"valueName":"search_term_string"}}],"inLanguage":"it-IT"},{"@type":"Organization","@id":"https:\/\/www.gossip.it\/#organization","name":"Gossip and VIP News","alternateName":"Gossip News","url":"https:\/\/www.gossip.it\/","logo":{"@type":"ImageObject","inLanguage":"it-IT","@id":"https:\/\/www.gossip.it\/#\/schema\/logo\/image\/","url":"https:\/\/www.gossip.it\/wp-content\/uploads\/2022\/04\/cropped-corna-alta-tiny.png","contentUrl":"https:\/\/www.gossip.it\/wp-content\/uploads\/2022\/04\/cropped-corna-alta-tiny.png","width":512,"height":512,"caption":"Gossip and VIP News"},"image":{"@id":"https:\/\/www.gossip.it\/#\/schema\/logo\/image\/"},"sameAs":["https:\/\/www.facebook.com\/GossipIT","https:\/\/x.com\/gossinews_it","https:\/\/instagram.com\/gossip_it"]},{"@type":"Person","@id":"https:\/\/www.gossip.it\/#\/schema\/person\/488896f75158bff1cc83c6c39d141110","name":"La Redazione","image":{"@type":"ImageObject","inLanguage":"it-IT","@id":"https:\/\/www.gossip.it\/#\/schema\/person\/image\/","url":"https:\/\/secure.gravatar.com\/avatar\/5a5f5c6fa3e6700e4249abdad0263a1e94e927d9e0499b1cb09c1cd29c044d80?s=96&d=mm&r=g","contentUrl":"https:\/\/secure.gravatar.com\/avatar\/5a5f5c6fa3e6700e4249abdad0263a1e94e927d9e0499b1cb09c1cd29c044d80?s=96&d=mm&r=g","caption":"La Redazione"},"sameAs":["https:\/\/www.gossip.it"]}]}},"amp_enabled":true,"_links":{"self":[{"href":"https:\/\/www.gossip.it\/api\/wp\/v2\/posts\/60576","targetHints":{"allow":["GET"]}}],"collection":[{"href":"https:\/\/www.gossip.it\/api\/wp\/v2\/posts"}],"about":[{"href":"https:\/\/www.gossip.it\/api\/wp\/v2\/types\/post"}],"author":[{"embeddable":true,"href":"https:\/\/www.gossip.it\/api\/wp\/v2\/users\/1"}],"replies":[{"embeddable":true,"href":"https:\/\/www.gossip.it\/api\/wp\/v2\/comments?post=60576"}],"version-history":[{"count":0,"href":"https:\/\/www.gossip.it\/api\/wp\/v2\/posts\/60576\/revisions"}],"wp:featuredmedia":[{"embeddable":true,"href":"https:\/\/www.gossip.it\/api\/wp\/v2\/media\/116622"}],"wp:attachment":[{"href":"https:\/\/www.gossip.it\/api\/wp\/v2\/media?parent=60576"}],"wp:term":[{"taxonomy":"category","embeddable":true,"href":"https:\/\/www.gossip.it\/api\/wp\/v2\/categories?post=60576"},{"taxonomy":"post_tag","embeddable":true,"href":"https:\/\/www.gossip.it\/api\/wp\/v2\/tags?post=60576"},{"taxonomy":"vip","embeddable":true,"href":"https:\/\/www.gossip.it\/api\/wp\/v2\/vip?post=60576"}],"curies":[{"name":"wp","href":"https:\/\/api.w.org\/{rel}","templated":true}]}}