{"id":60616,"date":"2018-03-13T00:00:00","date_gmt":"2018-03-12T23:00:00","guid":{"rendered":"https:\/\/www.gossip.it\/senza-categoria\/giulia-de-lellis-andrea-damante-tornati-verona\/"},"modified":"2018-03-13T00:00:00","modified_gmt":"2018-03-12T23:00:00","slug":"giulia-de-lellis-andrea-damante-tornati-verona","status":"publish","type":"post","link":"https:\/\/www.gossip.it\/news\/giulia-de-lellis-andrea-damante-tornati-verona\/","title":{"rendered":"Giulia De Lellis e Andrea Damante sono tornati a Verona"},"content":{"rendered":"<p><a href=\"\/vip\/giulia-de lellis\/\">Giulia De Lellis<\/a> e <a href=\"\/vip\/andrea-damante\/\">Andrea Damante<\/a> sono<strong> tornati<\/strong> a <strong>Verona <\/strong>dopo il lungo viaggio, durato circa un mese e mezzo, in giro per Stati Uniti. La coppia, infatti, nelle ultime settimane \u00e8 stata a Los Angeles, in California, passando anche per Miami e Las Vegas. La vacanza per\u00f2 \u00e8 finita e <strong>Andrea<\/strong> si \u00e8 subito rimesso al lavoro: sul <a href=\"\/vip\/social\/\">social<\/a> pubblica uno scatto che lo ritrae in studio di registrazione. L'ex tronista di \"<a href=\"\/vip\/uomini-e donne\/\">Uomini e Donne<\/a>\" sta preparando un nuovo singolo.<\/p>\n<figure class=\"caption\"><img decoding=\"async\" alt=\"\" src=\"https:\/\/files.gossip.it\/immagini_news\/2018\/03\/1520943735_damellis_1.jpg\" \/><figcaption>Andrea e Giulia in macchina Verona\u00a0<\/figcaption><\/figure>\n<p>Sono <strong>tornati <\/strong>in Italia <strong>Giulia<\/strong> e <strong>Andrea<\/strong>. La <strong>De Lellis<\/strong> posta su <a href=\"\/vip\/instagram\/\">Instagram<\/a> una foto che li ritrae insieme\u00a0 in macchina a <strong>Verona<\/strong>: <em>\"Cos\u00ec felici di essere tornati in citt\u00e0\"<\/em>, si legge nella didascalia che accompagna lo scatto. L'ex gieffina vip usa anche l'hashtag <em>#niente\u00e8comecasa<\/em>. Insomma, gli Stati Uniti le sono piaciuti ma ora \u00e8 contenta di condividere di nuovo la quotidianit\u00e0 con il fidanzato.<\/p>\n<figure class=\"caption\"><img decoding=\"async\" alt=\"\" src=\"https:\/\/files.gossip.it\/immagini_news\/2018\/03\/1520943777_damellis_3.jpg\" \/><figcaption>Damante in studio di registrazione per preparare il nuovo singolo<\/figcaption><\/figure>\n<p>Lui appena atterrato nel Bel Paese ha trovato ad attenderlo un'agenda fitta di date per le sue serate da deejay. Non solo. si \u00e8 messo pure subito al lavoro per deliziare i fan con una nuova canzone.<\/p>\n<figure class=\"caption\"><img decoding=\"async\" alt=\"\" src=\"https:\/\/files.gossip.it\/immagini_news\/2018\/03\/1520943906_damellis_2.jpg\" \/><figcaption>La De Lellis a Verona con un look fashion prima di prendersi l'influenza\u00a0<\/figcaption><\/figure>\n<p>La <strong>De Lellis<\/strong>, invece , nelle ultime ore ha fatto sapere alle ammiratrici di essersi presa una brutta influenza. Costretta a letto si annoia ma dopo tanto girovagare un po' di riposo ci vuole, in attesa che torni a casa il suo principe azzurro <strong>Andrea Damante<\/strong>.<\/p>\n<div class=\"video_integrato\" data-videoid=\"5104\" data-autostart=\"true\">\u00a0<\/div>\n<p>\u00a0<\/p>\n","protected":false},"excerpt":{"rendered":"<p>Giulia De Lellis e Andrea Damante sono tornati a Verona dopo il lungo viaggio, durato circa un mese e mezzo, in giro per Stati Uniti. La coppia, infatti, nelle ultime settimane \u00e8 stata a Los Angeles, in California, passando anche per Miami e Las Vegas. La vacanza per\u00f2 \u00e8 finita e Andrea si \u00e8 subito [&hellip;]<\/p>\n","protected":false},"author":1,"featured_media":116662,"comment_status":"closed","ping_status":"closed","sticky":false,"template":"","format":"standard","meta":{"footnotes":""},"categories":[54],"tags":[10593,7326,2126,10592,7546,7325,6916,4198,2115,2978,3315],"vip":[],"class_list":["post-60616","post","type-post","status-publish","format-standard","has-post-thumbnail","hentry","category-news","tag-andrea-damante","tag-california","tag-gf-vip","tag-giulia-de-lellis","tag-las-vegas","tag-los-angeles","tag-miami","tag-stati-uniti","tag-uomini-e-donne","tag-vacanze","tag-verona"],"yoast_head":"<title>Giulia De Lellis e Andrea Damante sono tornati a Verona - Gossip.it | News sul Gossip e VIP<\/title>\n<meta name=\"description\" content=\"Giulia De Lellis e Andrea Damante sono tornati a Verona dopo il lungo viaggio, durato circa un mese e mezzo, in giro per Stati Uniti. La coppia, infatti,\" \/>\n<meta name=\"robots\" content=\"index, follow, max-snippet:-1, max-image-preview:large, max-video-preview:-1\" \/>\n<link rel=\"canonical\" href=\"https:\/\/www.gossip.it\/news\/giulia-de-lellis-andrea-damante-tornati-verona\/\" \/>\n<meta property=\"og:locale\" content=\"it_IT\" \/>\n<meta property=\"og:type\" content=\"article\" \/>\n<meta property=\"og:title\" content=\"Giulia De Lellis e Andrea Damante sono tornati a Verona - Gossip.it | News sul Gossip e VIP\" \/>\n<meta property=\"og:description\" content=\"Giulia De Lellis e Andrea Damante sono tornati a Verona dopo il lungo viaggio, durato circa un mese e mezzo, in giro per Stati Uniti. La coppia, infatti,\" \/>\n<meta property=\"og:url\" content=\"https:\/\/www.gossip.it\/news\/giulia-de-lellis-andrea-damante-tornati-verona\/\" \/>\n<meta property=\"og:site_name\" content=\"Gossip.it | News sul Gossip e VIP\" \/>\n<meta property=\"article:publisher\" content=\"https:\/\/www.facebook.com\/GossipIT\" \/>\n<meta property=\"article:published_time\" content=\"2018-03-12T23:00:00+00:00\" \/>\n<meta property=\"og:image\" content=\"https:\/\/files.gossip.it\/immagini_news\/2018\/03\/1520943735_damellis_1.jpg\" \/>\n<meta name=\"author\" content=\"La Redazione\" \/>\n<meta name=\"twitter:card\" content=\"summary_large_image\" \/>\n<meta name=\"twitter:image\" content=\"https:\/\/files.gossip.it\/immagini_news\/2018\/03\/1520943735_damellis_1.jpg\" \/>\n<meta name=\"twitter:creator\" content=\"@gossinews_it\" \/>\n<meta name=\"twitter:site\" content=\"@gossinews_it\" \/>\n<meta name=\"twitter:label1\" content=\"Scritto da\" \/>\n\t<meta name=\"twitter:data1\" content=\"Francesca Romana Domenici\" \/>\n\t<meta name=\"twitter:label2\" content=\"Tempo di lettura stimato\" \/>\n\t<meta name=\"twitter:data2\" content=\"1 minuto\" \/>","yoast_head_json":{"title":"Giulia De Lellis e Andrea Damante sono tornati a Verona - Gossip.it | News sul Gossip e VIP","description":"Giulia De Lellis e Andrea Damante sono tornati a Verona dopo il lungo viaggio, durato circa un mese e mezzo, in giro per Stati Uniti. La coppia, infatti,","robots":{"index":"index","follow":"follow","max-snippet":"max-snippet:-1","max-image-preview":"max-image-preview:large","max-video-preview":"max-video-preview:-1"},"canonical":"https:\/\/www.gossip.it\/news\/giulia-de-lellis-andrea-damante-tornati-verona\/","og_locale":"it_IT","og_type":"article","og_title":"Giulia De Lellis e Andrea Damante sono tornati a Verona - Gossip.it | News sul Gossip e VIP","og_description":"Giulia De Lellis e Andrea Damante sono tornati a Verona dopo il lungo viaggio, durato circa un mese e mezzo, in giro per Stati Uniti. La coppia, infatti,","og_url":"https:\/\/www.gossip.it\/news\/giulia-de-lellis-andrea-damante-tornati-verona\/","og_site_name":"Gossip.it | News sul Gossip e VIP","article_publisher":"https:\/\/www.facebook.com\/GossipIT","article_published_time":"2018-03-12T23:00:00+00:00","og_image":[{"url":"https:\/\/files.gossip.it\/immagini_news\/2018\/03\/1520943735_damellis_1.jpg"}],"author":"La Redazione","twitter_card":"summary_large_image","twitter_image":"https:\/\/files.gossip.it\/immagini_news\/2018\/03\/1520943735_damellis_1.jpg","twitter_creator":"@gossinews_it","twitter_site":"@gossinews_it","twitter_misc":{"Scritto da":"Francesca Romana Domenici","Tempo di lettura stimato":"1 minuto"},"schema":{"@context":"https:\/\/schema.org","@graph":[{"@type":"Article","@id":"https:\/\/www.gossip.it\/news\/giulia-de-lellis-andrea-damante-tornati-verona\/#article","isPartOf":{"@id":"https:\/\/www.gossip.it\/news\/giulia-de-lellis-andrea-damante-tornati-verona\/"},"author":{"name":"La Redazione","@id":"https:\/\/www.gossip.it\/#\/schema\/person\/488896f75158bff1cc83c6c39d141110"},"headline":"Giulia De Lellis e Andrea Damante sono tornati a Verona","datePublished":"2018-03-12T23:00:00+00:00","dateModified":"2018-03-12T23:00:00+00:00","mainEntityOfPage":{"@id":"https:\/\/www.gossip.it\/news\/giulia-de-lellis-andrea-damante-tornati-verona\/"},"wordCount":268,"publisher":{"@id":"https:\/\/www.gossip.it\/#organization"},"image":{"@id":"https:\/\/www.gossip.it\/news\/giulia-de-lellis-andrea-damante-tornati-verona\/#primaryimage"},"thumbnailUrl":"https:\/\/files.gossip.it\/immagini_news\/2018\/03\/1520943735_damellis_1.jpg","keywords":["andrea damante","california","gf vip","giulia de lellis","las vegas","los angeles","miami","stati uniti","uomini e donne","vacanze","verona"],"articleSection":["News"],"inLanguage":"it-IT"},{"@type":"WebPage","@id":"https:\/\/www.gossip.it\/news\/giulia-de-lellis-andrea-damante-tornati-verona\/","url":"https:\/\/www.gossip.it\/news\/giulia-de-lellis-andrea-damante-tornati-verona\/","name":"Giulia De Lellis e Andrea Damante sono tornati a Verona - Gossip.it | News sul Gossip e VIP","isPartOf":{"@id":"https:\/\/www.gossip.it\/#website"},"primaryImageOfPage":{"@id":"https:\/\/www.gossip.it\/news\/giulia-de-lellis-andrea-damante-tornati-verona\/#primaryimage"},"image":{"@id":"https:\/\/www.gossip.it\/news\/giulia-de-lellis-andrea-damante-tornati-verona\/#primaryimage"},"thumbnailUrl":"https:\/\/files.gossip.it\/immagini_news\/2018\/03\/1520943735_damellis_1.jpg","datePublished":"2018-03-12T23:00:00+00:00","dateModified":"2018-03-12T23:00:00+00:00","description":"Giulia De Lellis e Andrea Damante sono tornati a Verona dopo il lungo viaggio, durato circa un mese e mezzo, in giro per Stati Uniti. La coppia, infatti,","breadcrumb":{"@id":"https:\/\/www.gossip.it\/news\/giulia-de-lellis-andrea-damante-tornati-verona\/#breadcrumb"},"inLanguage":"it-IT","potentialAction":[{"@type":"ReadAction","target":["https:\/\/www.gossip.it\/news\/giulia-de-lellis-andrea-damante-tornati-verona\/"]}]},{"@type":"ImageObject","inLanguage":"it-IT","@id":"https:\/\/www.gossip.it\/news\/giulia-de-lellis-andrea-damante-tornati-verona\/#primaryimage","url":"https:\/\/files.gossip.it\/immagini_news\/2018\/03\/1520943735_damellis_1.jpg","contentUrl":"https:\/\/files.gossip.it\/immagini_news\/2018\/03\/1520943735_damellis_1.jpg"},{"@type":"BreadcrumbList","@id":"https:\/\/www.gossip.it\/news\/giulia-de-lellis-andrea-damante-tornati-verona\/#breadcrumb","itemListElement":[{"@type":"ListItem","position":1,"name":"Home","item":"https:\/\/www.gossip.it\/"},{"@type":"ListItem","position":2,"name":"Giulia De Lellis e Andrea Damante sono tornati a Verona"}]},{"@type":"WebSite","@id":"https:\/\/www.gossip.it\/#website","url":"https:\/\/www.gossip.it\/","name":"Gossip and VIP News","description":"Quotidiano di cronaca rosa, costume e societ\u00e0","publisher":{"@id":"https:\/\/www.gossip.it\/#organization"},"alternateName":"Gossip and VIP News","potentialAction":[{"@type":"SearchAction","target":{"@type":"EntryPoint","urlTemplate":"https:\/\/www.gossip.it\/?s={search_term_string}"},"query-input":{"@type":"PropertyValueSpecification","valueRequired":true,"valueName":"search_term_string"}}],"inLanguage":"it-IT"},{"@type":"Organization","@id":"https:\/\/www.gossip.it\/#organization","name":"Gossip and VIP News","alternateName":"Gossip News","url":"https:\/\/www.gossip.it\/","logo":{"@type":"ImageObject","inLanguage":"it-IT","@id":"https:\/\/www.gossip.it\/#\/schema\/logo\/image\/","url":"https:\/\/www.gossip.it\/wp-content\/uploads\/2022\/04\/cropped-corna-alta-tiny.png","contentUrl":"https:\/\/www.gossip.it\/wp-content\/uploads\/2022\/04\/cropped-corna-alta-tiny.png","width":512,"height":512,"caption":"Gossip and VIP News"},"image":{"@id":"https:\/\/www.gossip.it\/#\/schema\/logo\/image\/"},"sameAs":["https:\/\/www.facebook.com\/GossipIT","https:\/\/x.com\/gossinews_it","https:\/\/instagram.com\/gossip_it"]},{"@type":"Person","@id":"https:\/\/www.gossip.it\/#\/schema\/person\/488896f75158bff1cc83c6c39d141110","name":"La Redazione","image":{"@type":"ImageObject","inLanguage":"it-IT","@id":"https:\/\/www.gossip.it\/#\/schema\/person\/image\/","url":"https:\/\/secure.gravatar.com\/avatar\/5a5f5c6fa3e6700e4249abdad0263a1e94e927d9e0499b1cb09c1cd29c044d80?s=96&d=mm&r=g","contentUrl":"https:\/\/secure.gravatar.com\/avatar\/5a5f5c6fa3e6700e4249abdad0263a1e94e927d9e0499b1cb09c1cd29c044d80?s=96&d=mm&r=g","caption":"La Redazione"},"sameAs":["https:\/\/www.gossip.it"]}]}},"amp_enabled":true,"_links":{"self":[{"href":"https:\/\/www.gossip.it\/api\/wp\/v2\/posts\/60616","targetHints":{"allow":["GET"]}}],"collection":[{"href":"https:\/\/www.gossip.it\/api\/wp\/v2\/posts"}],"about":[{"href":"https:\/\/www.gossip.it\/api\/wp\/v2\/types\/post"}],"author":[{"embeddable":true,"href":"https:\/\/www.gossip.it\/api\/wp\/v2\/users\/1"}],"replies":[{"embeddable":true,"href":"https:\/\/www.gossip.it\/api\/wp\/v2\/comments?post=60616"}],"version-history":[{"count":0,"href":"https:\/\/www.gossip.it\/api\/wp\/v2\/posts\/60616\/revisions"}],"wp:featuredmedia":[{"embeddable":true,"href":"https:\/\/www.gossip.it\/api\/wp\/v2\/media\/116662"}],"wp:attachment":[{"href":"https:\/\/www.gossip.it\/api\/wp\/v2\/media?parent=60616"}],"wp:term":[{"taxonomy":"category","embeddable":true,"href":"https:\/\/www.gossip.it\/api\/wp\/v2\/categories?post=60616"},{"taxonomy":"post_tag","embeddable":true,"href":"https:\/\/www.gossip.it\/api\/wp\/v2\/tags?post=60616"},{"taxonomy":"vip","embeddable":true,"href":"https:\/\/www.gossip.it\/api\/wp\/v2\/vip?post=60616"}],"curies":[{"name":"wp","href":"https:\/\/api.w.org\/{rel}","templated":true}]}}